{"id":149691,"date":"2023-04-19T08:38:12","date_gmt":"2023-04-19T12:38:12","guid":{"rendered":"https:\/\/www.eldiario.net\/portal\/?p=149691"},"modified":"2023-04-19T08:38:12","modified_gmt":"2023-04-19T12:38:12","slug":"hoy-es-la-premiere-de-alma-soul-online","status":"publish","type":"post","link":"https:\/\/www.eldiario.net\/portal\/2023\/04\/19\/hoy-es-la-premiere-de-alma-soul-online\/","title":{"rendered":"Hoy es la premiere  de Alma Soul online"},"content":{"rendered":"<p><em>Alma Soul online<\/em> es la nueva producci\u00f3n del cineasta boliviano Diego Torres. La premiere se realizar\u00e1 este mi\u00e9rcoles 19 de abril, a horas 19:00, en el Teatro Do\u00f1a Albina de la Fundaci\u00f3n Pati\u00f1o.<\/p>\n<p>Seg\u00fan la sinopsis, Alma Soul es una joven que trabaja como camarera en un hotel de Copacabana y es contratada por su apariencia de modelo para viajar a La Paz y ser la imagen de un hotel en la zona sur de la ciudad.<\/p>\n<p>Junto con Super, que es la fot\u00f3grafa del hotel, viaja a La Paz y comienza a trabajar en una serie de fotos y videos promocionales. Los buenos resultados de esas im\u00e1genes permiten que Queen, la promotora de eventos del hotel, la proponga para hacer una serie de entrevistas. A pesar de que sufre el acoso de un \u201cadmirador\u201d an\u00f3nimo, Alma Soul tiene la oportunidad de incursionar en las redes sociales y convertirse en un personaje online.<\/p>\n<p>\u201cUna de mis principales pel\u00edculas ha sido <em>La Calle de los poetas<\/em>, luego realic\u00e9 una serie de mediometrajes sobre <em>La Rep\u00fablica<\/em> y el a\u00f1o pasado retom\u00e9 la ficci\u00f3n con el proyecto <em>Alma Soul<\/em>, que ahora se presenta. Estuve revisando mis anteriores producciones de largometraje y luego fui elaborando esta nueva historia. Todo el proceso de elaboraci\u00f3n de la nueva pel\u00edcula tom\u00f3 unos seis meses, desde tener la base del guion hasta filmar todas las escenas. Desde hace algunos a\u00f1os trabajo con un grupo de j\u00f3venes actrices y actores, que participaron en varios de mis cortometrajes. Sobre esa base eleg\u00ed las actrices que m\u00e1s se adecuaban a la historia.\u00a0 <em>Alma Soul<\/em> es una pel\u00edcula low cost, realmente de muy bajo presupuesto, filmada con una c\u00e1mara HD\u201d, cont\u00f3 Diego Torres.<\/p>\n<p><strong>FICHA T\u00c9CNICA<\/strong><\/p>\n<p>Alma Soul online (HD 60 minutos)<\/p>\n<p>Guion y Direcci\u00f3n: Diego Torres Pe\u00f1aloza<\/p>\n<p>Protagonistas: Daniela Borda (Alma Soul), Daniela Gandarillas (Super), Paloma Delaine (Queen), Jos\u00e9 Luis Si\u00f1ani (Due\u00f1o del Hotel).<\/p>\n<p>Otros personajes: Jessica Velarde, Ada La Ruta, Romy Monta\u00f1o, Ramiroi Sking, Gilda Prieto, Bernardina Su\u00e1rez, Coca Guerrero, Gabriela De Alencaar, Denisse Busch, J. P. Villalobos, Magal\u00ed Laure, Eve Mesili, Agatha Indadelaine.<\/p>\n<p>Fotograf\u00eda y Edici\u00f3n: Diego Torres<\/p>\n<p>C\u00e1mara: Daniela Gandarillas, Cannon T3i<\/p>\n<p>Iluminaci\u00f3n: Coca Guerrero.<\/p>\n<p>Vestuario de modelaje: Wendy Paola Valencia<\/p>\n<p>Banda Sonora: Canciones de 18 Horas y Ada La Ruta.<\/p>\n<p>Producci\u00f3n: Diegofilms 2023<\/p>\n","protected":false},"excerpt":{"rendered":"<p>Alma Soul online es la nueva producci\u00f3n del cineasta boliviano Diego Torres. La premiere se realizar\u00e1 este mi\u00e9rcoles 19 de abril, a horas 19:00, en el Teatro Do\u00f1a Albina de la Fundaci\u00f3n Pati\u00f1o. Seg\u00fan la sinopsis, Alma Soul es una joven que trabaja como camarera en un hotel de Copacabana y es contratada por su [&hellip;]<\/p>\n","protected":false},"author":1,"featured_media":149692,"comment_status":"closed","ping_status":"closed","sticky":false,"template":"","format":"standard","meta":{"_acf_changed":false,"footnotes":""},"categories":[41],"tags":[],"class_list":["post-149691","post","type-post","status-publish","format-standard","has-post-thumbnail","category-la-guia"],"acf":{"antetitulo":""},"yoast_head":"<!-- This site is optimized with the Yoast SEO plugin v28.4 - https:\/\/yoast.com\/product\/yoast-seo-wordpress\/ -->\n<title>Hoy es la premiere de Alma Soul online - El Diario - Bolivia<\/title>\n<meta name=\"robots\" content=\"index, follow, max-snippet:-1, max-image-preview:large, max-video-preview:-1\" \/>\n<link rel=\"canonical\" href=\"https:\/\/www.eldiario.net\/portal\/2023\/04\/19\/hoy-es-la-premiere-de-alma-soul-online\/\" \/>\n<meta property=\"og:locale\" content=\"es_ES\" \/>\n<meta property=\"og:type\" content=\"article\" \/>\n<meta property=\"og:title\" content=\"Hoy es la premiere de Alma Soul online - El Diario - Bolivia\" \/>\n<meta property=\"og:description\" content=\"Alma Soul online es la nueva producci\u00f3n del cineasta boliviano Diego Torres. La premiere se realizar\u00e1 este mi\u00e9rcoles 19 de abril, a horas 19:00, en el Teatro Do\u00f1a Albina de la Fundaci\u00f3n Pati\u00f1o. Seg\u00fan la sinopsis, Alma Soul es una joven que trabaja como camarera en un hotel de Copacabana y es contratada por su [&hellip;]\" \/>\n<meta property=\"og:url\" content=\"https:\/\/www.eldiario.net\/portal\/2023\/04\/19\/hoy-es-la-premiere-de-alma-soul-online\/\" \/>\n<meta property=\"og:site_name\" content=\"El Diario - Bolivia\" \/>\n<meta property=\"article:publisher\" content=\"https:\/\/www.facebook.com\/eldiario.bolivia\/\" \/>\n<meta property=\"article:published_time\" content=\"2023-04-19T12:38:12+00:00\" \/>\n<meta name=\"author\" content=\"Jeanette\" \/>\n<meta name=\"twitter:card\" content=\"summary_large_image\" \/>\n<meta name=\"twitter:creator\" content=\"@eldiario_net\" \/>\n<meta name=\"twitter:site\" content=\"@eldiario_net\" \/>\n<meta name=\"twitter:label1\" content=\"Escrito por\" \/>\n\t<meta name=\"twitter:data1\" content=\"Jeanette\" \/>\n\t<meta name=\"twitter:label2\" content=\"Tiempo de lectura\" \/>\n\t<meta name=\"twitter:data2\" content=\"2 minutos\" \/>\n<script type=\"application\/ld+json\" class=\"yoast-schema-graph\">{\"@context\":\"https:\\\/\\\/schema.org\",\"@graph\":[{\"@type\":\"Article\",\"@id\":\"https:\\\/\\\/www.eldiario.net\\\/portal\\\/2023\\\/04\\\/19\\\/hoy-es-la-premiere-de-alma-soul-online\\\/#article\",\"isPartOf\":{\"@id\":\"https:\\\/\\\/www.eldiario.net\\\/portal\\\/2023\\\/04\\\/19\\\/hoy-es-la-premiere-de-alma-soul-online\\\/\"},\"author\":{\"name\":\"Jeanette\",\"@id\":\"https:\\\/\\\/www.eldiario.net\\\/portal\\\/#\\\/schema\\\/person\\\/2c57cf2b7a7ae032e449e4c9b1019eac\"},\"headline\":\"Hoy es la premiere de Alma Soul online\",\"datePublished\":\"2023-04-19T12:38:12+00:00\",\"mainEntityOfPage\":{\"@id\":\"https:\\\/\\\/www.eldiario.net\\\/portal\\\/2023\\\/04\\\/19\\\/hoy-es-la-premiere-de-alma-soul-online\\\/\"},\"wordCount\":411,\"publisher\":{\"@id\":\"https:\\\/\\\/www.eldiario.net\\\/portal\\\/#organization\"},\"image\":{\"@id\":\"https:\\\/\\\/www.eldiario.net\\\/portal\\\/2023\\\/04\\\/19\\\/hoy-es-la-premiere-de-alma-soul-online\\\/#primaryimage\"},\"thumbnailUrl\":\"\",\"articleSection\":[\"La Gu\u00eda\"],\"inLanguage\":\"es\"},{\"@type\":\"WebPage\",\"@id\":\"https:\\\/\\\/www.eldiario.net\\\/portal\\\/2023\\\/04\\\/19\\\/hoy-es-la-premiere-de-alma-soul-online\\\/\",\"url\":\"https:\\\/\\\/www.eldiario.net\\\/portal\\\/2023\\\/04\\\/19\\\/hoy-es-la-premiere-de-alma-soul-online\\\/\",\"name\":\"Hoy es la premiere de Alma Soul online - El Diario - Bolivia\",\"isPartOf\":{\"@id\":\"https:\\\/\\\/www.eldiario.net\\\/portal\\\/#website\"},\"primaryImageOfPage\":{\"@id\":\"https:\\\/\\\/www.eldiario.net\\\/portal\\\/2023\\\/04\\\/19\\\/hoy-es-la-premiere-de-alma-soul-online\\\/#primaryimage\"},\"image\":{\"@id\":\"https:\\\/\\\/www.eldiario.net\\\/portal\\\/2023\\\/04\\\/19\\\/hoy-es-la-premiere-de-alma-soul-online\\\/#primaryimage\"},\"thumbnailUrl\":\"\",\"datePublished\":\"2023-04-19T12:38:12+00:00\",\"breadcrumb\":{\"@id\":\"https:\\\/\\\/www.eldiario.net\\\/portal\\\/2023\\\/04\\\/19\\\/hoy-es-la-premiere-de-alma-soul-online\\\/#breadcrumb\"},\"inLanguage\":\"es\",\"potentialAction\":[{\"@type\":\"ReadAction\",\"target\":[\"https:\\\/\\\/www.eldiario.net\\\/portal\\\/2023\\\/04\\\/19\\\/hoy-es-la-premiere-de-alma-soul-online\\\/\"]}]},{\"@type\":\"ImageObject\",\"inLanguage\":\"es\",\"@id\":\"https:\\\/\\\/www.eldiario.net\\\/portal\\\/2023\\\/04\\\/19\\\/hoy-es-la-premiere-de-alma-soul-online\\\/#primaryimage\",\"url\":\"\",\"contentUrl\":\"\"},{\"@type\":\"BreadcrumbList\",\"@id\":\"https:\\\/\\\/www.eldiario.net\\\/portal\\\/2023\\\/04\\\/19\\\/hoy-es-la-premiere-de-alma-soul-online\\\/#breadcrumb\",\"itemListElement\":[{\"@type\":\"ListItem\",\"position\":1,\"name\":\"Portada\",\"item\":\"https:\\\/\\\/www.eldiario.net\\\/portal\\\/\"},{\"@type\":\"ListItem\",\"position\":2,\"name\":\"Hoy es la premiere de Alma Soul online\"}]},{\"@type\":\"WebSite\",\"@id\":\"https:\\\/\\\/www.eldiario.net\\\/portal\\\/#website\",\"url\":\"https:\\\/\\\/www.eldiario.net\\\/portal\\\/\",\"name\":\"El Diario - Decano de la prensa nacional\",\"description\":\"El Diario - Decano de la prensa nacional\",\"publisher\":{\"@id\":\"https:\\\/\\\/www.eldiario.net\\\/portal\\\/#organization\"},\"potentialAction\":[{\"@type\":\"SearchAction\",\"target\":{\"@type\":\"EntryPoint\",\"urlTemplate\":\"https:\\\/\\\/www.eldiario.net\\\/portal\\\/?s={search_term_string}\"},\"query-input\":{\"@type\":\"PropertyValueSpecification\",\"valueRequired\":true,\"valueName\":\"search_term_string\"}}],\"inLanguage\":\"es\"},{\"@type\":\"Organization\",\"@id\":\"https:\\\/\\\/www.eldiario.net\\\/portal\\\/#organization\",\"name\":\"El Diario - Decano de la prensa nacional\",\"url\":\"https:\\\/\\\/www.eldiario.net\\\/portal\\\/\",\"logo\":{\"@type\":\"ImageObject\",\"inLanguage\":\"es\",\"@id\":\"https:\\\/\\\/www.eldiario.net\\\/portal\\\/#\\\/schema\\\/logo\\\/image\\\/\",\"url\":\"https:\\\/\\\/www.eldiario.net\\\/portal\\\/wp-content\\\/uploads\\\/2023\\\/07\\\/logo_ED.jpg\",\"contentUrl\":\"https:\\\/\\\/www.eldiario.net\\\/portal\\\/wp-content\\\/uploads\\\/2023\\\/07\\\/logo_ED.jpg\",\"width\":272,\"height\":52,\"caption\":\"El Diario - Decano de la prensa nacional\"},\"image\":{\"@id\":\"https:\\\/\\\/www.eldiario.net\\\/portal\\\/#\\\/schema\\\/logo\\\/image\\\/\"},\"sameAs\":[\"https:\\\/\\\/www.facebook.com\\\/eldiario.bolivia\\\/\",\"https:\\\/\\\/x.com\\\/eldiario_net\"]},{\"@type\":\"Person\",\"@id\":\"https:\\\/\\\/www.eldiario.net\\\/portal\\\/#\\\/schema\\\/person\\\/2c57cf2b7a7ae032e449e4c9b1019eac\",\"name\":\"Jeanette\",\"image\":{\"@type\":\"ImageObject\",\"inLanguage\":\"es\",\"@id\":\"https:\\\/\\\/secure.gravatar.com\\\/avatar\\\/3ea2118a5f7dad2b7138b1187a6b7ee55f160b9968b66013c3a3ef39dd7e5798?s=96&d=mm&r=g\",\"url\":\"https:\\\/\\\/secure.gravatar.com\\\/avatar\\\/3ea2118a5f7dad2b7138b1187a6b7ee55f160b9968b66013c3a3ef39dd7e5798?s=96&d=mm&r=g\",\"contentUrl\":\"https:\\\/\\\/secure.gravatar.com\\\/avatar\\\/3ea2118a5f7dad2b7138b1187a6b7ee55f160b9968b66013c3a3ef39dd7e5798?s=96&d=mm&r=g\",\"caption\":\"Jeanette\"},\"sameAs\":[\"https:\\\/\\\/www.eldiario.net\\\/portal\"],\"url\":\"https:\\\/\\\/www.eldiario.net\\\/portal\\\/author\\\/jeanette\\\/\"}]}<\/script>\n<!-- \/ Yoast SEO plugin. -->","yoast_head_json":{"title":"Hoy es la premiere de Alma Soul online - El Diario - Bolivia","robots":{"index":"index","follow":"follow","max-snippet":"max-snippet:-1","max-image-preview":"max-image-preview:large","max-video-preview":"max-video-preview:-1"},"canonical":"https:\/\/www.eldiario.net\/portal\/2023\/04\/19\/hoy-es-la-premiere-de-alma-soul-online\/","og_locale":"es_ES","og_type":"article","og_title":"Hoy es la premiere de Alma Soul online - El Diario - Bolivia","og_description":"Alma Soul online es la nueva producci\u00f3n del cineasta boliviano Diego Torres. La premiere se realizar\u00e1 este mi\u00e9rcoles 19 de abril, a horas 19:00, en el Teatro Do\u00f1a Albina de la Fundaci\u00f3n Pati\u00f1o. Seg\u00fan la sinopsis, Alma Soul es una joven que trabaja como camarera en un hotel de Copacabana y es contratada por su [&hellip;]","og_url":"https:\/\/www.eldiario.net\/portal\/2023\/04\/19\/hoy-es-la-premiere-de-alma-soul-online\/","og_site_name":"El Diario - Bolivia","article_publisher":"https:\/\/www.facebook.com\/eldiario.bolivia\/","article_published_time":"2023-04-19T12:38:12+00:00","author":"Jeanette","twitter_card":"summary_large_image","twitter_creator":"@eldiario_net","twitter_site":"@eldiario_net","twitter_misc":{"Escrito por":"Jeanette","Tiempo de lectura":"2 minutos"},"schema":{"@context":"https:\/\/schema.org","@graph":[{"@type":"Article","@id":"https:\/\/www.eldiario.net\/portal\/2023\/04\/19\/hoy-es-la-premiere-de-alma-soul-online\/#article","isPartOf":{"@id":"https:\/\/www.eldiario.net\/portal\/2023\/04\/19\/hoy-es-la-premiere-de-alma-soul-online\/"},"author":{"name":"Jeanette","@id":"https:\/\/www.eldiario.net\/portal\/#\/schema\/person\/2c57cf2b7a7ae032e449e4c9b1019eac"},"headline":"Hoy es la premiere de Alma Soul online","datePublished":"2023-04-19T12:38:12+00:00","mainEntityOfPage":{"@id":"https:\/\/www.eldiario.net\/portal\/2023\/04\/19\/hoy-es-la-premiere-de-alma-soul-online\/"},"wordCount":411,"publisher":{"@id":"https:\/\/www.eldiario.net\/portal\/#organization"},"image":{"@id":"https:\/\/www.eldiario.net\/portal\/2023\/04\/19\/hoy-es-la-premiere-de-alma-soul-online\/#primaryimage"},"thumbnailUrl":"","articleSection":["La Gu\u00eda"],"inLanguage":"es"},{"@type":"WebPage","@id":"https:\/\/www.eldiario.net\/portal\/2023\/04\/19\/hoy-es-la-premiere-de-alma-soul-online\/","url":"https:\/\/www.eldiario.net\/portal\/2023\/04\/19\/hoy-es-la-premiere-de-alma-soul-online\/","name":"Hoy es la premiere de Alma Soul online - El Diario - Bolivia","isPartOf":{"@id":"https:\/\/www.eldiario.net\/portal\/#website"},"primaryImageOfPage":{"@id":"https:\/\/www.eldiario.net\/portal\/2023\/04\/19\/hoy-es-la-premiere-de-alma-soul-online\/#primaryimage"},"image":{"@id":"https:\/\/www.eldiario.net\/portal\/2023\/04\/19\/hoy-es-la-premiere-de-alma-soul-online\/#primaryimage"},"thumbnailUrl":"","datePublished":"2023-04-19T12:38:12+00:00","breadcrumb":{"@id":"https:\/\/www.eldiario.net\/portal\/2023\/04\/19\/hoy-es-la-premiere-de-alma-soul-online\/#breadcrumb"},"inLanguage":"es","potentialAction":[{"@type":"ReadAction","target":["https:\/\/www.eldiario.net\/portal\/2023\/04\/19\/hoy-es-la-premiere-de-alma-soul-online\/"]}]},{"@type":"ImageObject","inLanguage":"es","@id":"https:\/\/www.eldiario.net\/portal\/2023\/04\/19\/hoy-es-la-premiere-de-alma-soul-online\/#primaryimage","url":"","contentUrl":""},{"@type":"BreadcrumbList","@id":"https:\/\/www.eldiario.net\/portal\/2023\/04\/19\/hoy-es-la-premiere-de-alma-soul-online\/#breadcrumb","itemListElement":[{"@type":"ListItem","position":1,"name":"Portada","item":"https:\/\/www.eldiario.net\/portal\/"},{"@type":"ListItem","position":2,"name":"Hoy es la premiere de Alma Soul online"}]},{"@type":"WebSite","@id":"https:\/\/www.eldiario.net\/portal\/#website","url":"https:\/\/www.eldiario.net\/portal\/","name":"El Diario - Decano de la prensa nacional","description":"El Diario - Decano de la prensa nacional","publisher":{"@id":"https:\/\/www.eldiario.net\/portal\/#organization"},"potentialAction":[{"@type":"SearchAction","target":{"@type":"EntryPoint","urlTemplate":"https:\/\/www.eldiario.net\/portal\/?s={search_term_string}"},"query-input":{"@type":"PropertyValueSpecification","valueRequired":true,"valueName":"search_term_string"}}],"inLanguage":"es"},{"@type":"Organization","@id":"https:\/\/www.eldiario.net\/portal\/#organization","name":"El Diario - Decano de la prensa nacional","url":"https:\/\/www.eldiario.net\/portal\/","logo":{"@type":"ImageObject","inLanguage":"es","@id":"https:\/\/www.eldiario.net\/portal\/#\/schema\/logo\/image\/","url":"https:\/\/www.eldiario.net\/portal\/wp-content\/uploads\/2023\/07\/logo_ED.jpg","contentUrl":"https:\/\/www.eldiario.net\/portal\/wp-content\/uploads\/2023\/07\/logo_ED.jpg","width":272,"height":52,"caption":"El Diario - Decano de la prensa nacional"},"image":{"@id":"https:\/\/www.eldiario.net\/portal\/#\/schema\/logo\/image\/"},"sameAs":["https:\/\/www.facebook.com\/eldiario.bolivia\/","https:\/\/x.com\/eldiario_net"]},{"@type":"Person","@id":"https:\/\/www.eldiario.net\/portal\/#\/schema\/person\/2c57cf2b7a7ae032e449e4c9b1019eac","name":"Jeanette","image":{"@type":"ImageObject","inLanguage":"es","@id":"https:\/\/secure.gravatar.com\/avatar\/3ea2118a5f7dad2b7138b1187a6b7ee55f160b9968b66013c3a3ef39dd7e5798?s=96&d=mm&r=g","url":"https:\/\/secure.gravatar.com\/avatar\/3ea2118a5f7dad2b7138b1187a6b7ee55f160b9968b66013c3a3ef39dd7e5798?s=96&d=mm&r=g","contentUrl":"https:\/\/secure.gravatar.com\/avatar\/3ea2118a5f7dad2b7138b1187a6b7ee55f160b9968b66013c3a3ef39dd7e5798?s=96&d=mm&r=g","caption":"Jeanette"},"sameAs":["https:\/\/www.eldiario.net\/portal"],"url":"https:\/\/www.eldiario.net\/portal\/author\/jeanette\/"}]}},"_links":{"self":[{"href":"https:\/\/www.eldiario.net\/portal\/wp-json\/wp\/v2\/posts\/149691","targetHints":{"allow":["GET"]}}],"collection":[{"href":"https:\/\/www.eldiario.net\/portal\/wp-json\/wp\/v2\/posts"}],"about":[{"href":"https:\/\/www.eldiario.net\/portal\/wp-json\/wp\/v2\/types\/post"}],"author":[{"embeddable":true,"href":"https:\/\/www.eldiario.net\/portal\/wp-json\/wp\/v2\/users\/1"}],"replies":[{"embeddable":true,"href":"https:\/\/www.eldiario.net\/portal\/wp-json\/wp\/v2\/comments?post=149691"}],"version-history":[{"count":0,"href":"https:\/\/www.eldiario.net\/portal\/wp-json\/wp\/v2\/posts\/149691\/revisions"}],"wp:attachment":[{"href":"https:\/\/www.eldiario.net\/portal\/wp-json\/wp\/v2\/media?parent=149691"}],"wp:term":[{"taxonomy":"category","embeddable":true,"href":"https:\/\/www.eldiario.net\/portal\/wp-json\/wp\/v2\/categories?post=149691"},{"taxonomy":"post_tag","embeddable":true,"href":"https:\/\/www.eldiario.net\/portal\/wp-json\/wp\/v2\/tags?post=149691"}],"curies":[{"name":"wp","href":"https:\/\/api.w.org\/{rel}","templated":true}]}}