{"id":149688,"date":"2023-04-19T06:35:03","date_gmt":"2023-04-19T10:35:03","guid":{"rendered":"https:\/\/www.eldiario.net\/portal\/?p=149688"},"modified":"2023-04-19T06:35:03","modified_gmt":"2023-04-19T10:35:03","slug":"pirai-vaca-comienza-en-la-paz-su-gira-bolivia-2023-lado-b-rock-en-la-sangre","status":"publish","type":"post","link":"https:\/\/www.eldiario.net\/portal\/2023\/04\/19\/pirai-vaca-comienza-en-la-paz-su-gira-bolivia-2023-lado-b-rock-en-la-sangre\/","title":{"rendered":"Pira\u00ed Vaca comienza en La Paz su gira  Bolivia 2023 Lado B Rock en la Sangre"},"content":{"rendered":"<p>Pira\u00ed Vaca tocar\u00e1 por primera vez una guitarra electroac\u00fastica con cuerdas de metal, de pie, en la Gira Bolivia 2023 denominada <em>Lado B Rock en la Sangre,<\/em> donde tambi\u00e9n alternar\u00e1 con la guitarra cl\u00e1sica en un interesante y novedoso contraste musical.<\/p>\n<p>El periplo del eximio concertista nacional comenzar\u00e1 en La Paz este jueves 20, a horas 20:00, en el Teatro Municipal \u201cAlberto Saavedra P\u00e9rez\u201d. Luego proseguir\u00e1 en el Teatro Nuna, escenario en el que mostrar\u00e1 su virtuosismo el viernes 21, s\u00e1bado 22 y domingo 23 de abril, a horas. 20:00.<\/p>\n<p>En la gira, el p\u00fablico escuchar\u00e1 m\u00fasica de Metallica, Led Zeppelin, Coldplay, Eagles, Queen y AC\/DC en una sola y sorprendente guitarra, con versiones para guitarra sola de Pira\u00ed y de otros grandes guitarristas de fingerstyle. Algunas de las obras que sonar\u00e1n en estas cuatro veladas en La Paz son \u201cYellow\u201d, \u201cHotel California\u201d, \u201cLove of my life\u201d, \u201cBohemian rhapsody\u201d y \u201cStairway to heaven\u201d.<\/p>\n<p>\u201cEl rock me alimenta desde hace much\u00edsimo tiempo. Yo creo que si mi trabajo ha trascendido de alguna manera tocando la m\u00fasica cl\u00e1sica es porque siempre llevaba en el coraz\u00f3n y pensaba como rock. Esa fuerza tan brutal que tiene el rock es algo que me seduce. Y ese tipo de energ\u00eda es lo que yo llevo hasta lo m\u00e1s sublime que toco. Creo que algunas cosas son sublimes porque tienen ese fuego intenso que yo lo alimento con el rock dentro m\u00ed\u201d, afirm\u00f3 Pira\u00ed (P) a La Gu\u00eda.<\/p>\n<p>LG: \u00bfQu\u00e9 te motiv\u00f3 a realizar la gira Bolivia 2023 Pira\u00ed Vaca Lado B Rock en la Sangre?<\/p>\n<p>P: En primera instancia ser m\u00fasico y tocar para los dem\u00e1s es mi misi\u00f3n. En segunda instancia, hacer de esta pasi\u00f3n con la que vine a este mundo, mi profesi\u00f3n, (es decir) vivir exclusivamente de tocar la guitarra. Y en tercera instancia hacer la gira y acercarme a la gente, poner mi trabajo al alcance de mi gente, es mi vida.\u00a0Entonces, esta gira es una manifestaci\u00f3n de lo que la vida y Dios me han encargado hacer y estamos, pues, cumpliendo a cabalidad.<\/p>\n<p>LG: \u00bfPor qu\u00e9 pusiste ese nombre a la gira?<\/p>\n<p>P: Siempre he sido un hombre de opuestos. Siempre he sentido la necesidad de vivir los opuestos que son complementarios. Desde mi m\u00e1s temprana juventud, yo ten\u00eda bien claro que si quer\u00eda ser sutil, si quer\u00eda ser sublime, ten\u00eda que ser fuerte. Es la \u00fanica manera en lo que lo sublime puede existir con vida, cuando va unido de la mano de su opuesto. Entonces es la m\u00fasica en general lo que me mueve. Y no solo la m\u00fasica cl\u00e1sica, que es una parte de m\u00ed, con Mozart, Beethoven, por decir algo. Mi inter\u00e9s y la m\u00fasica que he o\u00eddo y que me emociona han sido mucho m\u00e1s vastos que ese g\u00e9nero. Y en el otro lugar donde realmente me siento completamente identificado es con el rock (\u2026) A trav\u00e9s de los a\u00f1os, el rock, el rock pesado sobre todo, ha sido algo que me ha acompa\u00f1ado much\u00edsimo con Iron Maiden, Linkin Park, Met\u00e1llica y lo que es ahora mi paradigma, que es un grupo que se llama Dream Theater. Es un grupo de metal progresivo, muy complejo, con ritmos muy asim\u00e9tricos, armon\u00edas no muy usuales, entonces mi gran sue\u00f1o, que estoy m\u00e1s cerca de realizarlo, es fundar un grupo de metal progresivo, donde voy a componer la m\u00fasica. Con eso lo que te quiero decir es que el rock me alimenta desde hace much\u00edsimo tiempo.<\/p>\n<p>LG: \u00bfCu\u00e1l es el repertorio que presentar\u00e1s en estos conciertos?<\/p>\n<p>P: La gira del a\u00f1o pasado se llamaba <em>Rock en la sangre<\/em>. Ya fueron mis primeros arreglos, mis primeras versiones sobre el rock y el pop, pero quedaron varias (obras) pendientes. Entonces este a\u00f1o por eso la gira se llama <em>Lado B Rock en la Sangre<\/em> porque hay arreglos que hab\u00eda dejado a medias. Lo m\u00e1s notable para m\u00ed mismo y, por lo tanto, para la gira es que queriendo expresarme en un lenguaje m\u00e1s cercano al rock, la mitad del concierto la estoy tocando con una guitarra electroac\u00fastica, con cuerdas de metal y de pie. La otra mitad ser\u00e1 con la guitarra cl\u00e1sica, con cuerdas de nylon, como lo hac\u00eda siempre. Vamos a o\u00edr m\u00fasica de Metallica, AC\/DC, Queen,\u00a0 Led Zeppelin y Cold Play. Es un programa enteramente de rock (\u2026).<\/p>\n<p>&nbsp;<\/p>\n","protected":false},"excerpt":{"rendered":"<p>Pira\u00ed Vaca tocar\u00e1 por primera vez una guitarra electroac\u00fastica con cuerdas de metal, de pie, en la Gira Bolivia 2023 denominada Lado B Rock en la Sangre, donde tambi\u00e9n alternar\u00e1 con la guitarra cl\u00e1sica en un interesante y novedoso contraste musical. El periplo del eximio concertista nacional comenzar\u00e1 en La Paz este jueves 20, a [&hellip;]<\/p>\n","protected":false},"author":1,"featured_media":149689,"comment_status":"closed","ping_status":"closed","sticky":false,"template":"","format":"standard","meta":{"_acf_changed":false,"footnotes":""},"categories":[41],"tags":[],"class_list":["post-149688","post","type-post","status-publish","format-standard","has-post-thumbnail","category-la-guia"],"acf":{"antetitulo":""},"yoast_head":"<!-- This site is optimized with the Yoast SEO plugin v28.4 - https:\/\/yoast.com\/product\/yoast-seo-wordpress\/ -->\n<title>Pira\u00ed Vaca comienza en La Paz su gira Bolivia 2023 Lado B Rock en la Sangre - El Diario - Bolivia<\/title>\n<meta name=\"robots\" content=\"index, follow, max-snippet:-1, max-image-preview:large, max-video-preview:-1\" \/>\n<link rel=\"canonical\" href=\"https:\/\/www.eldiario.net\/portal\/2023\/04\/19\/pirai-vaca-comienza-en-la-paz-su-gira-bolivia-2023-lado-b-rock-en-la-sangre\/\" \/>\n<meta property=\"og:locale\" content=\"es_ES\" \/>\n<meta property=\"og:type\" content=\"article\" \/>\n<meta property=\"og:title\" content=\"Pira\u00ed Vaca comienza en La Paz su gira Bolivia 2023 Lado B Rock en la Sangre - El Diario - Bolivia\" \/>\n<meta property=\"og:description\" content=\"Pira\u00ed Vaca tocar\u00e1 por primera vez una guitarra electroac\u00fastica con cuerdas de metal, de pie, en la Gira Bolivia 2023 denominada Lado B Rock en la Sangre, donde tambi\u00e9n alternar\u00e1 con la guitarra cl\u00e1sica en un interesante y novedoso contraste musical. El periplo del eximio concertista nacional comenzar\u00e1 en La Paz este jueves 20, a [&hellip;]\" \/>\n<meta property=\"og:url\" content=\"https:\/\/www.eldiario.net\/portal\/2023\/04\/19\/pirai-vaca-comienza-en-la-paz-su-gira-bolivia-2023-lado-b-rock-en-la-sangre\/\" \/>\n<meta property=\"og:site_name\" content=\"El Diario - Bolivia\" \/>\n<meta property=\"article:publisher\" content=\"https:\/\/www.facebook.com\/eldiario.bolivia\/\" \/>\n<meta property=\"article:published_time\" content=\"2023-04-19T10:35:03+00:00\" \/>\n<meta name=\"author\" content=\"Jeanette\" \/>\n<meta name=\"twitter:card\" content=\"summary_large_image\" \/>\n<meta name=\"twitter:creator\" content=\"@eldiario_net\" \/>\n<meta name=\"twitter:site\" content=\"@eldiario_net\" \/>\n<meta name=\"twitter:label1\" content=\"Escrito por\" \/>\n\t<meta name=\"twitter:data1\" content=\"Jeanette\" \/>\n\t<meta name=\"twitter:label2\" content=\"Tiempo de lectura\" \/>\n\t<meta name=\"twitter:data2\" content=\"4 minutos\" \/>\n<script type=\"application\/ld+json\" class=\"yoast-schema-graph\">{\"@context\":\"https:\\\/\\\/schema.org\",\"@graph\":[{\"@type\":\"Article\",\"@id\":\"https:\\\/\\\/www.eldiario.net\\\/portal\\\/2023\\\/04\\\/19\\\/pirai-vaca-comienza-en-la-paz-su-gira-bolivia-2023-lado-b-rock-en-la-sangre\\\/#article\",\"isPartOf\":{\"@id\":\"https:\\\/\\\/www.eldiario.net\\\/portal\\\/2023\\\/04\\\/19\\\/pirai-vaca-comienza-en-la-paz-su-gira-bolivia-2023-lado-b-rock-en-la-sangre\\\/\"},\"author\":{\"name\":\"Jeanette\",\"@id\":\"https:\\\/\\\/www.eldiario.net\\\/portal\\\/#\\\/schema\\\/person\\\/2c57cf2b7a7ae032e449e4c9b1019eac\"},\"headline\":\"Pira\u00ed Vaca comienza en La Paz su gira Bolivia 2023 Lado B Rock en la Sangre\",\"datePublished\":\"2023-04-19T10:35:03+00:00\",\"mainEntityOfPage\":{\"@id\":\"https:\\\/\\\/www.eldiario.net\\\/portal\\\/2023\\\/04\\\/19\\\/pirai-vaca-comienza-en-la-paz-su-gira-bolivia-2023-lado-b-rock-en-la-sangre\\\/\"},\"wordCount\":786,\"publisher\":{\"@id\":\"https:\\\/\\\/www.eldiario.net\\\/portal\\\/#organization\"},\"image\":{\"@id\":\"https:\\\/\\\/www.eldiario.net\\\/portal\\\/2023\\\/04\\\/19\\\/pirai-vaca-comienza-en-la-paz-su-gira-bolivia-2023-lado-b-rock-en-la-sangre\\\/#primaryimage\"},\"thumbnailUrl\":\"\",\"articleSection\":[\"La Gu\u00eda\"],\"inLanguage\":\"es\"},{\"@type\":\"WebPage\",\"@id\":\"https:\\\/\\\/www.eldiario.net\\\/portal\\\/2023\\\/04\\\/19\\\/pirai-vaca-comienza-en-la-paz-su-gira-bolivia-2023-lado-b-rock-en-la-sangre\\\/\",\"url\":\"https:\\\/\\\/www.eldiario.net\\\/portal\\\/2023\\\/04\\\/19\\\/pirai-vaca-comienza-en-la-paz-su-gira-bolivia-2023-lado-b-rock-en-la-sangre\\\/\",\"name\":\"Pira\u00ed Vaca comienza en La Paz su gira Bolivia 2023 Lado B Rock en la Sangre - El Diario - Bolivia\",\"isPartOf\":{\"@id\":\"https:\\\/\\\/www.eldiario.net\\\/portal\\\/#website\"},\"primaryImageOfPage\":{\"@id\":\"https:\\\/\\\/www.eldiario.net\\\/portal\\\/2023\\\/04\\\/19\\\/pirai-vaca-comienza-en-la-paz-su-gira-bolivia-2023-lado-b-rock-en-la-sangre\\\/#primaryimage\"},\"image\":{\"@id\":\"https:\\\/\\\/www.eldiario.net\\\/portal\\\/2023\\\/04\\\/19\\\/pirai-vaca-comienza-en-la-paz-su-gira-bolivia-2023-lado-b-rock-en-la-sangre\\\/#primaryimage\"},\"thumbnailUrl\":\"\",\"datePublished\":\"2023-04-19T10:35:03+00:00\",\"breadcrumb\":{\"@id\":\"https:\\\/\\\/www.eldiario.net\\\/portal\\\/2023\\\/04\\\/19\\\/pirai-vaca-comienza-en-la-paz-su-gira-bolivia-2023-lado-b-rock-en-la-sangre\\\/#breadcrumb\"},\"inLanguage\":\"es\",\"potentialAction\":[{\"@type\":\"ReadAction\",\"target\":[\"https:\\\/\\\/www.eldiario.net\\\/portal\\\/2023\\\/04\\\/19\\\/pirai-vaca-comienza-en-la-paz-su-gira-bolivia-2023-lado-b-rock-en-la-sangre\\\/\"]}]},{\"@type\":\"ImageObject\",\"inLanguage\":\"es\",\"@id\":\"https:\\\/\\\/www.eldiario.net\\\/portal\\\/2023\\\/04\\\/19\\\/pirai-vaca-comienza-en-la-paz-su-gira-bolivia-2023-lado-b-rock-en-la-sangre\\\/#primaryimage\",\"url\":\"\",\"contentUrl\":\"\"},{\"@type\":\"BreadcrumbList\",\"@id\":\"https:\\\/\\\/www.eldiario.net\\\/portal\\\/2023\\\/04\\\/19\\\/pirai-vaca-comienza-en-la-paz-su-gira-bolivia-2023-lado-b-rock-en-la-sangre\\\/#breadcrumb\",\"itemListElement\":[{\"@type\":\"ListItem\",\"position\":1,\"name\":\"Portada\",\"item\":\"https:\\\/\\\/www.eldiario.net\\\/portal\\\/\"},{\"@type\":\"ListItem\",\"position\":2,\"name\":\"Pira\u00ed Vaca comienza en La Paz su gira Bolivia 2023 Lado B Rock en la Sangre\"}]},{\"@type\":\"WebSite\",\"@id\":\"https:\\\/\\\/www.eldiario.net\\\/portal\\\/#website\",\"url\":\"https:\\\/\\\/www.eldiario.net\\\/portal\\\/\",\"name\":\"El Diario - Decano de la prensa nacional\",\"description\":\"El Diario - Decano de la prensa nacional\",\"publisher\":{\"@id\":\"https:\\\/\\\/www.eldiario.net\\\/portal\\\/#organization\"},\"potentialAction\":[{\"@type\":\"SearchAction\",\"target\":{\"@type\":\"EntryPoint\",\"urlTemplate\":\"https:\\\/\\\/www.eldiario.net\\\/portal\\\/?s={search_term_string}\"},\"query-input\":{\"@type\":\"PropertyValueSpecification\",\"valueRequired\":true,\"valueName\":\"search_term_string\"}}],\"inLanguage\":\"es\"},{\"@type\":\"Organization\",\"@id\":\"https:\\\/\\\/www.eldiario.net\\\/portal\\\/#organization\",\"name\":\"El Diario - Decano de la prensa nacional\",\"url\":\"https:\\\/\\\/www.eldiario.net\\\/portal\\\/\",\"logo\":{\"@type\":\"ImageObject\",\"inLanguage\":\"es\",\"@id\":\"https:\\\/\\\/www.eldiario.net\\\/portal\\\/#\\\/schema\\\/logo\\\/image\\\/\",\"url\":\"https:\\\/\\\/www.eldiario.net\\\/portal\\\/wp-content\\\/uploads\\\/2023\\\/07\\\/logo_ED.jpg\",\"contentUrl\":\"https:\\\/\\\/www.eldiario.net\\\/portal\\\/wp-content\\\/uploads\\\/2023\\\/07\\\/logo_ED.jpg\",\"width\":272,\"height\":52,\"caption\":\"El Diario - Decano de la prensa nacional\"},\"image\":{\"@id\":\"https:\\\/\\\/www.eldiario.net\\\/portal\\\/#\\\/schema\\\/logo\\\/image\\\/\"},\"sameAs\":[\"https:\\\/\\\/www.facebook.com\\\/eldiario.bolivia\\\/\",\"https:\\\/\\\/x.com\\\/eldiario_net\"]},{\"@type\":\"Person\",\"@id\":\"https:\\\/\\\/www.eldiario.net\\\/portal\\\/#\\\/schema\\\/person\\\/2c57cf2b7a7ae032e449e4c9b1019eac\",\"name\":\"Jeanette\",\"image\":{\"@type\":\"ImageObject\",\"inLanguage\":\"es\",\"@id\":\"https:\\\/\\\/secure.gravatar.com\\\/avatar\\\/3ea2118a5f7dad2b7138b1187a6b7ee55f160b9968b66013c3a3ef39dd7e5798?s=96&d=mm&r=g\",\"url\":\"https:\\\/\\\/secure.gravatar.com\\\/avatar\\\/3ea2118a5f7dad2b7138b1187a6b7ee55f160b9968b66013c3a3ef39dd7e5798?s=96&d=mm&r=g\",\"contentUrl\":\"https:\\\/\\\/secure.gravatar.com\\\/avatar\\\/3ea2118a5f7dad2b7138b1187a6b7ee55f160b9968b66013c3a3ef39dd7e5798?s=96&d=mm&r=g\",\"caption\":\"Jeanette\"},\"sameAs\":[\"https:\\\/\\\/www.eldiario.net\\\/portal\"],\"url\":\"https:\\\/\\\/www.eldiario.net\\\/portal\\\/author\\\/jeanette\\\/\"}]}<\/script>\n<!-- \/ Yoast SEO plugin. -->","yoast_head_json":{"title":"Pira\u00ed Vaca comienza en La Paz su gira Bolivia 2023 Lado B Rock en la Sangre - El Diario - Bolivia","robots":{"index":"index","follow":"follow","max-snippet":"max-snippet:-1","max-image-preview":"max-image-preview:large","max-video-preview":"max-video-preview:-1"},"canonical":"https:\/\/www.eldiario.net\/portal\/2023\/04\/19\/pirai-vaca-comienza-en-la-paz-su-gira-bolivia-2023-lado-b-rock-en-la-sangre\/","og_locale":"es_ES","og_type":"article","og_title":"Pira\u00ed Vaca comienza en La Paz su gira Bolivia 2023 Lado B Rock en la Sangre - El Diario - Bolivia","og_description":"Pira\u00ed Vaca tocar\u00e1 por primera vez una guitarra electroac\u00fastica con cuerdas de metal, de pie, en la Gira Bolivia 2023 denominada Lado B Rock en la Sangre, donde tambi\u00e9n alternar\u00e1 con la guitarra cl\u00e1sica en un interesante y novedoso contraste musical. El periplo del eximio concertista nacional comenzar\u00e1 en La Paz este jueves 20, a [&hellip;]","og_url":"https:\/\/www.eldiario.net\/portal\/2023\/04\/19\/pirai-vaca-comienza-en-la-paz-su-gira-bolivia-2023-lado-b-rock-en-la-sangre\/","og_site_name":"El Diario - Bolivia","article_publisher":"https:\/\/www.facebook.com\/eldiario.bolivia\/","article_published_time":"2023-04-19T10:35:03+00:00","author":"Jeanette","twitter_card":"summary_large_image","twitter_creator":"@eldiario_net","twitter_site":"@eldiario_net","twitter_misc":{"Escrito por":"Jeanette","Tiempo de lectura":"4 minutos"},"schema":{"@context":"https:\/\/schema.org","@graph":[{"@type":"Article","@id":"https:\/\/www.eldiario.net\/portal\/2023\/04\/19\/pirai-vaca-comienza-en-la-paz-su-gira-bolivia-2023-lado-b-rock-en-la-sangre\/#article","isPartOf":{"@id":"https:\/\/www.eldiario.net\/portal\/2023\/04\/19\/pirai-vaca-comienza-en-la-paz-su-gira-bolivia-2023-lado-b-rock-en-la-sangre\/"},"author":{"name":"Jeanette","@id":"https:\/\/www.eldiario.net\/portal\/#\/schema\/person\/2c57cf2b7a7ae032e449e4c9b1019eac"},"headline":"Pira\u00ed Vaca comienza en La Paz su gira Bolivia 2023 Lado B Rock en la Sangre","datePublished":"2023-04-19T10:35:03+00:00","mainEntityOfPage":{"@id":"https:\/\/www.eldiario.net\/portal\/2023\/04\/19\/pirai-vaca-comienza-en-la-paz-su-gira-bolivia-2023-lado-b-rock-en-la-sangre\/"},"wordCount":786,"publisher":{"@id":"https:\/\/www.eldiario.net\/portal\/#organization"},"image":{"@id":"https:\/\/www.eldiario.net\/portal\/2023\/04\/19\/pirai-vaca-comienza-en-la-paz-su-gira-bolivia-2023-lado-b-rock-en-la-sangre\/#primaryimage"},"thumbnailUrl":"","articleSection":["La Gu\u00eda"],"inLanguage":"es"},{"@type":"WebPage","@id":"https:\/\/www.eldiario.net\/portal\/2023\/04\/19\/pirai-vaca-comienza-en-la-paz-su-gira-bolivia-2023-lado-b-rock-en-la-sangre\/","url":"https:\/\/www.eldiario.net\/portal\/2023\/04\/19\/pirai-vaca-comienza-en-la-paz-su-gira-bolivia-2023-lado-b-rock-en-la-sangre\/","name":"Pira\u00ed Vaca comienza en La Paz su gira Bolivia 2023 Lado B Rock en la Sangre - El Diario - Bolivia","isPartOf":{"@id":"https:\/\/www.eldiario.net\/portal\/#website"},"primaryImageOfPage":{"@id":"https:\/\/www.eldiario.net\/portal\/2023\/04\/19\/pirai-vaca-comienza-en-la-paz-su-gira-bolivia-2023-lado-b-rock-en-la-sangre\/#primaryimage"},"image":{"@id":"https:\/\/www.eldiario.net\/portal\/2023\/04\/19\/pirai-vaca-comienza-en-la-paz-su-gira-bolivia-2023-lado-b-rock-en-la-sangre\/#primaryimage"},"thumbnailUrl":"","datePublished":"2023-04-19T10:35:03+00:00","breadcrumb":{"@id":"https:\/\/www.eldiario.net\/portal\/2023\/04\/19\/pirai-vaca-comienza-en-la-paz-su-gira-bolivia-2023-lado-b-rock-en-la-sangre\/#breadcrumb"},"inLanguage":"es","potentialAction":[{"@type":"ReadAction","target":["https:\/\/www.eldiario.net\/portal\/2023\/04\/19\/pirai-vaca-comienza-en-la-paz-su-gira-bolivia-2023-lado-b-rock-en-la-sangre\/"]}]},{"@type":"ImageObject","inLanguage":"es","@id":"https:\/\/www.eldiario.net\/portal\/2023\/04\/19\/pirai-vaca-comienza-en-la-paz-su-gira-bolivia-2023-lado-b-rock-en-la-sangre\/#primaryimage","url":"","contentUrl":""},{"@type":"BreadcrumbList","@id":"https:\/\/www.eldiario.net\/portal\/2023\/04\/19\/pirai-vaca-comienza-en-la-paz-su-gira-bolivia-2023-lado-b-rock-en-la-sangre\/#breadcrumb","itemListElement":[{"@type":"ListItem","position":1,"name":"Portada","item":"https:\/\/www.eldiario.net\/portal\/"},{"@type":"ListItem","position":2,"name":"Pira\u00ed Vaca comienza en La Paz su gira Bolivia 2023 Lado B Rock en la Sangre"}]},{"@type":"WebSite","@id":"https:\/\/www.eldiario.net\/portal\/#website","url":"https:\/\/www.eldiario.net\/portal\/","name":"El Diario - Decano de la prensa nacional","description":"El Diario - Decano de la prensa nacional","publisher":{"@id":"https:\/\/www.eldiario.net\/portal\/#organization"},"potentialAction":[{"@type":"SearchAction","target":{"@type":"EntryPoint","urlTemplate":"https:\/\/www.eldiario.net\/portal\/?s={search_term_string}"},"query-input":{"@type":"PropertyValueSpecification","valueRequired":true,"valueName":"search_term_string"}}],"inLanguage":"es"},{"@type":"Organization","@id":"https:\/\/www.eldiario.net\/portal\/#organization","name":"El Diario - Decano de la prensa nacional","url":"https:\/\/www.eldiario.net\/portal\/","logo":{"@type":"ImageObject","inLanguage":"es","@id":"https:\/\/www.eldiario.net\/portal\/#\/schema\/logo\/image\/","url":"https:\/\/www.eldiario.net\/portal\/wp-content\/uploads\/2023\/07\/logo_ED.jpg","contentUrl":"https:\/\/www.eldiario.net\/portal\/wp-content\/uploads\/2023\/07\/logo_ED.jpg","width":272,"height":52,"caption":"El Diario - Decano de la prensa nacional"},"image":{"@id":"https:\/\/www.eldiario.net\/portal\/#\/schema\/logo\/image\/"},"sameAs":["https:\/\/www.facebook.com\/eldiario.bolivia\/","https:\/\/x.com\/eldiario_net"]},{"@type":"Person","@id":"https:\/\/www.eldiario.net\/portal\/#\/schema\/person\/2c57cf2b7a7ae032e449e4c9b1019eac","name":"Jeanette","image":{"@type":"ImageObject","inLanguage":"es","@id":"https:\/\/secure.gravatar.com\/avatar\/3ea2118a5f7dad2b7138b1187a6b7ee55f160b9968b66013c3a3ef39dd7e5798?s=96&d=mm&r=g","url":"https:\/\/secure.gravatar.com\/avatar\/3ea2118a5f7dad2b7138b1187a6b7ee55f160b9968b66013c3a3ef39dd7e5798?s=96&d=mm&r=g","contentUrl":"https:\/\/secure.gravatar.com\/avatar\/3ea2118a5f7dad2b7138b1187a6b7ee55f160b9968b66013c3a3ef39dd7e5798?s=96&d=mm&r=g","caption":"Jeanette"},"sameAs":["https:\/\/www.eldiario.net\/portal"],"url":"https:\/\/www.eldiario.net\/portal\/author\/jeanette\/"}]}},"_links":{"self":[{"href":"https:\/\/www.eldiario.net\/portal\/wp-json\/wp\/v2\/posts\/149688","targetHints":{"allow":["GET"]}}],"collection":[{"href":"https:\/\/www.eldiario.net\/portal\/wp-json\/wp\/v2\/posts"}],"about":[{"href":"https:\/\/www.eldiario.net\/portal\/wp-json\/wp\/v2\/types\/post"}],"author":[{"embeddable":true,"href":"https:\/\/www.eldiario.net\/portal\/wp-json\/wp\/v2\/users\/1"}],"replies":[{"embeddable":true,"href":"https:\/\/www.eldiario.net\/portal\/wp-json\/wp\/v2\/comments?post=149688"}],"version-history":[{"count":0,"href":"https:\/\/www.eldiario.net\/portal\/wp-json\/wp\/v2\/posts\/149688\/revisions"}],"wp:attachment":[{"href":"https:\/\/www.eldiario.net\/portal\/wp-json\/wp\/v2\/media?parent=149688"}],"wp:term":[{"taxonomy":"category","embeddable":true,"href":"https:\/\/www.eldiario.net\/portal\/wp-json\/wp\/v2\/categories?post=149688"},{"taxonomy":"post_tag","embeddable":true,"href":"https:\/\/www.eldiario.net\/portal\/wp-json\/wp\/v2\/tags?post=149688"}],"curies":[{"name":"wp","href":"https:\/\/api.w.org\/{rel}","templated":true}]}}