{"id":149173,"date":"2023-04-17T05:34:51","date_gmt":"2023-04-17T09:34:51","guid":{"rendered":"https:\/\/www.eldiario.net\/portal\/?p=149173"},"modified":"2023-04-17T05:34:51","modified_gmt":"2023-04-17T09:34:51","slug":"el-que-se-va-soy-yo-con","status":"publish","type":"post","link":"https:\/\/www.eldiario.net\/portal\/2023\/04\/17\/el-que-se-va-soy-yo-con\/","title":{"rendered":"\u201cEl que se va soy yo\u201d con Tupay"},"content":{"rendered":"<p>\u201cEl que se va soy yo\u201d, as\u00ed titula el nuevo sencillo que acaba de lanzar al mercado la agrupaci\u00f3n nacional Tupay.<\/p>\n<p>\u201cEs el tercer corte que estamos lanzando este a\u00f1o. Hemos empezado con la canci\u00f3n T\u00f3xica. Luego hemos hecho una regrabaci\u00f3n un poco m\u00e1s contempor\u00e1nea del tema Soy caporal, que es un tema emblem\u00e1tico en la historia de Tupay y en la historia del caporal boliviano. Ahora es una morenada que nos toca sacar. El tema se llama \u201cEl que se va soy yo\u201d, es una letra de desamor interesante, un poco diferente a las normales que tienen las morenadas\u201d, coment\u00f3 Edwin Castellanos, l\u00edder y voz del grupo boliviano.<\/p>\n<p>La canci\u00f3n es de autor\u00eda de C\u00e9sar Espada, \u201cque es uno de los compositores que m\u00e1s quiero en Bolivia. \u00c9l compuso \u201cNi\u00f1a camba\u201d, es un gran compositor. Y, bueno, esta vez en morenada hicimos un arreglo de su tema y estamos muy contentos del video, ya ha sido filmado con actores bolivianos, con locaciones de Cochabamba y con un buen director de video, que es Oscar Cuba, que ha radicado toda su vida en Australia y ahora viene a trabajar en Bolivia, as\u00ed que tenemos el gusto de trabajar con \u00e9l\u201d, manifest\u00f3 Edwin (E) en la charla que sostuvo con La Gu\u00eda.<\/p>\n<p>LG: \u00bfDesde cu\u00e1ndo vienen madurando la canci\u00f3n?<\/p>\n<p>E: La tenemos lista hace casi dos meses. Lo que pasa es que est\u00e1bamos promocionando el \u201cSoy caporal\u201d, la nueva versi\u00f3n, y \u201cLa t\u00f3xica\u201d tambi\u00e9n. \u201cEl que se va soy yo\u201d es una morenada distinta a lo que normalmente se conoce en el mercado de las morenadas. La canci\u00f3n es muy linda, muy bonita, muy bien compuesta. Se trata de C\u00e9sar Espada, que es un gran compositor y los arreglos son muy interesantes. El video es tambi\u00e9n distinto. As\u00ed que esperamos que la gente tenga una opci\u00f3n m\u00e1s y la empiece a disfrutar en todas las redes. La estrenamos el viernes en YouTube y en todas las plataformas digitales.<\/p>\n<p>LG: Los artistas acostumbran a afirmar que su \u00faltimo disco o corte es el mejor, \u00bfpasa eso con esta canci\u00f3n?<\/p>\n<p>E: Mira, debe ser lo que m\u00e1s nos emociona a los productores, a los compositores las nuevas canciones, y as\u00ed han pasado tantas. Yo creo que tratamos de mejorar, de buscar esa excelencia como compositores, como productores. Y tal vez por eso mencionamos que lo nuevo siempre es lo mejor, pero hay canciones que en la vida uno ha escrito, que son cl\u00e1sicos y que no se las puede desmerecer, as\u00ed que cada trabajo tiene su lugar.<\/p>\n<p>LG: \u00bfEste sencillo va a formar parte de un disco completo?<\/p>\n<p>E: La verdad es que hemos dejado de un lado los discos completos. Estamos dedicados a lanzar corte por corte, tema por tema, porque t\u00fa sabes que ya no existe la venta de CDs. Muy excepcionalmente hicimos la producci\u00f3n de \u201cCuecas con bandone\u00f3n\u201d, porque se trataba de cuecas cl\u00e1sicas y que todav\u00eda hemos podido venderla a trav\u00e9s de otros sistemas. Hoy ha desaparecido el tema del cd, as\u00ed que toda la gente escoge la canci\u00f3n que le gusta y la puede bajar de las plataformas y lo propio del YouTube si quiere ver los videos.<\/p>\n<p>LG: \u00bfC\u00f3mo recibi\u00f3 la gente la \u201cT\u00f3xica\u201d y la nueva versi\u00f3n de \u201cSoy caporal\u201d?<\/p>\n<p>E: Estamos muy contentos con la \u201cT\u00f3xica\u201d, es una canci\u00f3n que ha gustado en gran parte de Sudam\u00e9rica, en los pa\u00edses donde gusta nuestra m\u00fasica. Y \u201cSoy caporal\u201d es un cl\u00e1sico, debe ser una de las canciones m\u00e1s vistas en YouTube, ten\u00edamos m\u00e1s de 80 millones de la versi\u00f3n original. Y, bueno, quisimos hacerle una versi\u00f3n donde se vea juventud, mucha belleza, bailando el tema con un sonido un poco m\u00e1s contempor\u00e1neo, m\u00e1s urbano, as\u00ed que est\u00e1 avanzando, son m\u00e1s de 700.000 vistas que tiene en este momento en YouTube.<\/p>\n<p>LG: \u00bfPara hacer \u201cT\u00f3xica\u201d te inspiraste en alguien en especial?<\/p>\n<p>E: No, en ninguna persona, en realidad es una palabra que en los \u00faltimos a\u00f1os hemos sido conociendo en toda Latinoam\u00e9rica, en especial en pandemia, \u00bfno? Nunca hab\u00edamos escuchado la palabra una relaci\u00f3n t\u00f3xica. Y eso un poquito explica la desconfianza en las parejas, cuando (hay) los celos y a veces la infidelidad tambi\u00e9n. Y con la tecnolog\u00eda con la pandemia, los celulares, como siempre digo yo, si las cosas fueran claras no habr\u00eda que poner claves al celular. Entonces creo que esto ha ahondado, ha hecho que la gente empiece a desconfiar y est\u00e9 mirando el celular, buscando la clave, para encontrar alguna infidelidad, alguna cosa. Y un poco con este fen\u00f3meno de desconfianza aparece la palabra t\u00f3xica y quise hacer una versi\u00f3n. Claro, si bien es un tema delicado, porque a veces tiene consecuencias bastante feas, quise encontrar el lado divertido de una relaci\u00f3n t\u00f3xica y me sali\u00f3 interesante. Hemos hecho este tema en versi\u00f3n tinku, para la gente que le gusta el folklore, y tambi\u00e9n hemos hecho una versi\u00f3n del mismo tema en bachata, que ya est\u00e1 en YouTube tambi\u00e9n, as\u00ed que estamos muy contentos de esta producci\u00f3n.<\/p>\n<p>LG: \u00bfC\u00f3mo est\u00e1 la carrera art\u00edstica de Tupay?<\/p>\n<p>E: La hemos retomado con bastante fuerza, estamos preparando giras concentradas. En agosto tenemos 12 presentaciones en Europa. En septiembre nos vamos a Estados Unidos, en julio vamos a estar en Per\u00fa, as\u00ed estamos dedicando casi un mes a cada pa\u00eds y despu\u00e9s de esto haremos ya una gira nacional en Bolivia.<\/p>\n<p>LG: \u00bfCu\u00e1ndo llegar\u00e1n a La Paz?<\/p>\n<p>E: Mira, esperamos que despu\u00e9s del Ecuador podamos hacer una actuaci\u00f3n masiva que nos gustar\u00eda hacer en La Paz y luego una gira bastante extensa en toda Bolivia.<\/p>\n<p>LG: \u00bfSe vienen nuevas canciones?<\/p>\n<p>E: S\u00ed, vamos a ir lanzando cada dos meses un nuevo tema, es un ritmo bastante fuerte, pero hoy es necesario con la competencia, no solo con la m\u00fasica nacional sino con toda la m\u00fasica que est\u00e1 en las plataformas.<\/p>\n<p>LG: \u00bfC\u00f3mo invitas a la gente para que escuche \u201cEl que se va soy yo\u201d?<\/p>\n<p>E: Bueno, agradecer el apoyo que nos brinda la gente e invitarlos a que escuchen esta morenada, espero que les guste y que la disfruten.<\/p>\n\n","protected":false},"excerpt":{"rendered":"<p>\u201cEl que se va soy yo\u201d, as\u00ed titula el nuevo sencillo que acaba de lanzar al mercado la agrupaci\u00f3n nacional Tupay. \u201cEs el tercer corte que estamos lanzando este a\u00f1o. Hemos empezado con la canci\u00f3n T\u00f3xica. Luego hemos hecho una regrabaci\u00f3n un poco m\u00e1s contempor\u00e1nea del tema Soy caporal, que es un tema emblem\u00e1tico en [&hellip;]<\/p>\n","protected":false},"author":1,"featured_media":149348,"comment_status":"closed","ping_status":"closed","sticky":false,"template":"","format":"standard","meta":{"_acf_changed":false,"footnotes":""},"categories":[41],"tags":[],"class_list":["post-149173","post","type-post","status-publish","format-standard","has-post-thumbnail","category-la-guia"],"acf":{"antetitulo":""},"yoast_head":"<!-- This site is optimized with the Yoast SEO plugin v28.4 - https:\/\/yoast.com\/product\/yoast-seo-wordpress\/ -->\n<title>\u201cEl que se va soy yo\u201d con Tupay - El Diario - Bolivia<\/title>\n<meta name=\"robots\" content=\"index, follow, max-snippet:-1, max-image-preview:large, max-video-preview:-1\" \/>\n<link rel=\"canonical\" href=\"https:\/\/www.eldiario.net\/portal\/2023\/04\/17\/el-que-se-va-soy-yo-con\/\" \/>\n<meta property=\"og:locale\" content=\"es_ES\" \/>\n<meta property=\"og:type\" content=\"article\" \/>\n<meta property=\"og:title\" content=\"\u201cEl que se va soy yo\u201d con Tupay - El Diario - Bolivia\" \/>\n<meta property=\"og:description\" content=\"\u201cEl que se va soy yo\u201d, as\u00ed titula el nuevo sencillo que acaba de lanzar al mercado la agrupaci\u00f3n nacional Tupay. \u201cEs el tercer corte que estamos lanzando este a\u00f1o. Hemos empezado con la canci\u00f3n T\u00f3xica. Luego hemos hecho una regrabaci\u00f3n un poco m\u00e1s contempor\u00e1nea del tema Soy caporal, que es un tema emblem\u00e1tico en [&hellip;]\" \/>\n<meta property=\"og:url\" content=\"https:\/\/www.eldiario.net\/portal\/2023\/04\/17\/el-que-se-va-soy-yo-con\/\" \/>\n<meta property=\"og:site_name\" content=\"El Diario - Bolivia\" \/>\n<meta property=\"article:publisher\" content=\"https:\/\/www.facebook.com\/eldiario.bolivia\/\" \/>\n<meta property=\"article:published_time\" content=\"2023-04-17T09:34:51+00:00\" \/>\n<meta name=\"author\" content=\"Jeanette\" \/>\n<meta name=\"twitter:card\" content=\"summary_large_image\" \/>\n<meta name=\"twitter:creator\" content=\"@eldiario_net\" \/>\n<meta name=\"twitter:site\" content=\"@eldiario_net\" \/>\n<meta name=\"twitter:label1\" content=\"Escrito por\" \/>\n\t<meta name=\"twitter:data1\" content=\"Jeanette\" \/>\n\t<meta name=\"twitter:label2\" content=\"Tiempo de lectura\" \/>\n\t<meta name=\"twitter:data2\" content=\"5 minutos\" \/>\n<script type=\"application\/ld+json\" class=\"yoast-schema-graph\">{\"@context\":\"https:\\\/\\\/schema.org\",\"@graph\":[{\"@type\":\"Article\",\"@id\":\"https:\\\/\\\/www.eldiario.net\\\/portal\\\/2023\\\/04\\\/17\\\/el-que-se-va-soy-yo-con\\\/#article\",\"isPartOf\":{\"@id\":\"https:\\\/\\\/www.eldiario.net\\\/portal\\\/2023\\\/04\\\/17\\\/el-que-se-va-soy-yo-con\\\/\"},\"author\":{\"name\":\"Jeanette\",\"@id\":\"https:\\\/\\\/www.eldiario.net\\\/portal\\\/#\\\/schema\\\/person\\\/2c57cf2b7a7ae032e449e4c9b1019eac\"},\"headline\":\"\u201cEl que se va soy yo\u201d con Tupay\",\"datePublished\":\"2023-04-17T09:34:51+00:00\",\"mainEntityOfPage\":{\"@id\":\"https:\\\/\\\/www.eldiario.net\\\/portal\\\/2023\\\/04\\\/17\\\/el-que-se-va-soy-yo-con\\\/\"},\"wordCount\":1107,\"publisher\":{\"@id\":\"https:\\\/\\\/www.eldiario.net\\\/portal\\\/#organization\"},\"image\":{\"@id\":\"https:\\\/\\\/www.eldiario.net\\\/portal\\\/2023\\\/04\\\/17\\\/el-que-se-va-soy-yo-con\\\/#primaryimage\"},\"thumbnailUrl\":\"\",\"articleSection\":[\"La Gu\u00eda\"],\"inLanguage\":\"es\"},{\"@type\":\"WebPage\",\"@id\":\"https:\\\/\\\/www.eldiario.net\\\/portal\\\/2023\\\/04\\\/17\\\/el-que-se-va-soy-yo-con\\\/\",\"url\":\"https:\\\/\\\/www.eldiario.net\\\/portal\\\/2023\\\/04\\\/17\\\/el-que-se-va-soy-yo-con\\\/\",\"name\":\"\u201cEl que se va soy yo\u201d con Tupay - El Diario - Bolivia\",\"isPartOf\":{\"@id\":\"https:\\\/\\\/www.eldiario.net\\\/portal\\\/#website\"},\"primaryImageOfPage\":{\"@id\":\"https:\\\/\\\/www.eldiario.net\\\/portal\\\/2023\\\/04\\\/17\\\/el-que-se-va-soy-yo-con\\\/#primaryimage\"},\"image\":{\"@id\":\"https:\\\/\\\/www.eldiario.net\\\/portal\\\/2023\\\/04\\\/17\\\/el-que-se-va-soy-yo-con\\\/#primaryimage\"},\"thumbnailUrl\":\"\",\"datePublished\":\"2023-04-17T09:34:51+00:00\",\"breadcrumb\":{\"@id\":\"https:\\\/\\\/www.eldiario.net\\\/portal\\\/2023\\\/04\\\/17\\\/el-que-se-va-soy-yo-con\\\/#breadcrumb\"},\"inLanguage\":\"es\",\"potentialAction\":[{\"@type\":\"ReadAction\",\"target\":[\"https:\\\/\\\/www.eldiario.net\\\/portal\\\/2023\\\/04\\\/17\\\/el-que-se-va-soy-yo-con\\\/\"]}]},{\"@type\":\"ImageObject\",\"inLanguage\":\"es\",\"@id\":\"https:\\\/\\\/www.eldiario.net\\\/portal\\\/2023\\\/04\\\/17\\\/el-que-se-va-soy-yo-con\\\/#primaryimage\",\"url\":\"\",\"contentUrl\":\"\"},{\"@type\":\"BreadcrumbList\",\"@id\":\"https:\\\/\\\/www.eldiario.net\\\/portal\\\/2023\\\/04\\\/17\\\/el-que-se-va-soy-yo-con\\\/#breadcrumb\",\"itemListElement\":[{\"@type\":\"ListItem\",\"position\":1,\"name\":\"Portada\",\"item\":\"https:\\\/\\\/www.eldiario.net\\\/portal\\\/\"},{\"@type\":\"ListItem\",\"position\":2,\"name\":\"\u201cEl que se va soy yo\u201d con Tupay\"}]},{\"@type\":\"WebSite\",\"@id\":\"https:\\\/\\\/www.eldiario.net\\\/portal\\\/#website\",\"url\":\"https:\\\/\\\/www.eldiario.net\\\/portal\\\/\",\"name\":\"El Diario - Decano de la prensa nacional\",\"description\":\"El Diario - Decano de la prensa nacional\",\"publisher\":{\"@id\":\"https:\\\/\\\/www.eldiario.net\\\/portal\\\/#organization\"},\"potentialAction\":[{\"@type\":\"SearchAction\",\"target\":{\"@type\":\"EntryPoint\",\"urlTemplate\":\"https:\\\/\\\/www.eldiario.net\\\/portal\\\/?s={search_term_string}\"},\"query-input\":{\"@type\":\"PropertyValueSpecification\",\"valueRequired\":true,\"valueName\":\"search_term_string\"}}],\"inLanguage\":\"es\"},{\"@type\":\"Organization\",\"@id\":\"https:\\\/\\\/www.eldiario.net\\\/portal\\\/#organization\",\"name\":\"El Diario - Decano de la prensa nacional\",\"url\":\"https:\\\/\\\/www.eldiario.net\\\/portal\\\/\",\"logo\":{\"@type\":\"ImageObject\",\"inLanguage\":\"es\",\"@id\":\"https:\\\/\\\/www.eldiario.net\\\/portal\\\/#\\\/schema\\\/logo\\\/image\\\/\",\"url\":\"https:\\\/\\\/www.eldiario.net\\\/portal\\\/wp-content\\\/uploads\\\/2023\\\/07\\\/logo_ED.jpg\",\"contentUrl\":\"https:\\\/\\\/www.eldiario.net\\\/portal\\\/wp-content\\\/uploads\\\/2023\\\/07\\\/logo_ED.jpg\",\"width\":272,\"height\":52,\"caption\":\"El Diario - Decano de la prensa nacional\"},\"image\":{\"@id\":\"https:\\\/\\\/www.eldiario.net\\\/portal\\\/#\\\/schema\\\/logo\\\/image\\\/\"},\"sameAs\":[\"https:\\\/\\\/www.facebook.com\\\/eldiario.bolivia\\\/\",\"https:\\\/\\\/x.com\\\/eldiario_net\"]},{\"@type\":\"Person\",\"@id\":\"https:\\\/\\\/www.eldiario.net\\\/portal\\\/#\\\/schema\\\/person\\\/2c57cf2b7a7ae032e449e4c9b1019eac\",\"name\":\"Jeanette\",\"image\":{\"@type\":\"ImageObject\",\"inLanguage\":\"es\",\"@id\":\"https:\\\/\\\/secure.gravatar.com\\\/avatar\\\/3ea2118a5f7dad2b7138b1187a6b7ee55f160b9968b66013c3a3ef39dd7e5798?s=96&d=mm&r=g\",\"url\":\"https:\\\/\\\/secure.gravatar.com\\\/avatar\\\/3ea2118a5f7dad2b7138b1187a6b7ee55f160b9968b66013c3a3ef39dd7e5798?s=96&d=mm&r=g\",\"contentUrl\":\"https:\\\/\\\/secure.gravatar.com\\\/avatar\\\/3ea2118a5f7dad2b7138b1187a6b7ee55f160b9968b66013c3a3ef39dd7e5798?s=96&d=mm&r=g\",\"caption\":\"Jeanette\"},\"sameAs\":[\"https:\\\/\\\/www.eldiario.net\\\/portal\"],\"url\":\"https:\\\/\\\/www.eldiario.net\\\/portal\\\/author\\\/jeanette\\\/\"}]}<\/script>\n<!-- \/ Yoast SEO plugin. -->","yoast_head_json":{"title":"\u201cEl que se va soy yo\u201d con Tupay - El Diario - Bolivia","robots":{"index":"index","follow":"follow","max-snippet":"max-snippet:-1","max-image-preview":"max-image-preview:large","max-video-preview":"max-video-preview:-1"},"canonical":"https:\/\/www.eldiario.net\/portal\/2023\/04\/17\/el-que-se-va-soy-yo-con\/","og_locale":"es_ES","og_type":"article","og_title":"\u201cEl que se va soy yo\u201d con Tupay - El Diario - Bolivia","og_description":"\u201cEl que se va soy yo\u201d, as\u00ed titula el nuevo sencillo que acaba de lanzar al mercado la agrupaci\u00f3n nacional Tupay. \u201cEs el tercer corte que estamos lanzando este a\u00f1o. Hemos empezado con la canci\u00f3n T\u00f3xica. Luego hemos hecho una regrabaci\u00f3n un poco m\u00e1s contempor\u00e1nea del tema Soy caporal, que es un tema emblem\u00e1tico en [&hellip;]","og_url":"https:\/\/www.eldiario.net\/portal\/2023\/04\/17\/el-que-se-va-soy-yo-con\/","og_site_name":"El Diario - Bolivia","article_publisher":"https:\/\/www.facebook.com\/eldiario.bolivia\/","article_published_time":"2023-04-17T09:34:51+00:00","author":"Jeanette","twitter_card":"summary_large_image","twitter_creator":"@eldiario_net","twitter_site":"@eldiario_net","twitter_misc":{"Escrito por":"Jeanette","Tiempo de lectura":"5 minutos"},"schema":{"@context":"https:\/\/schema.org","@graph":[{"@type":"Article","@id":"https:\/\/www.eldiario.net\/portal\/2023\/04\/17\/el-que-se-va-soy-yo-con\/#article","isPartOf":{"@id":"https:\/\/www.eldiario.net\/portal\/2023\/04\/17\/el-que-se-va-soy-yo-con\/"},"author":{"name":"Jeanette","@id":"https:\/\/www.eldiario.net\/portal\/#\/schema\/person\/2c57cf2b7a7ae032e449e4c9b1019eac"},"headline":"\u201cEl que se va soy yo\u201d con Tupay","datePublished":"2023-04-17T09:34:51+00:00","mainEntityOfPage":{"@id":"https:\/\/www.eldiario.net\/portal\/2023\/04\/17\/el-que-se-va-soy-yo-con\/"},"wordCount":1107,"publisher":{"@id":"https:\/\/www.eldiario.net\/portal\/#organization"},"image":{"@id":"https:\/\/www.eldiario.net\/portal\/2023\/04\/17\/el-que-se-va-soy-yo-con\/#primaryimage"},"thumbnailUrl":"","articleSection":["La Gu\u00eda"],"inLanguage":"es"},{"@type":"WebPage","@id":"https:\/\/www.eldiario.net\/portal\/2023\/04\/17\/el-que-se-va-soy-yo-con\/","url":"https:\/\/www.eldiario.net\/portal\/2023\/04\/17\/el-que-se-va-soy-yo-con\/","name":"\u201cEl que se va soy yo\u201d con Tupay - El Diario - Bolivia","isPartOf":{"@id":"https:\/\/www.eldiario.net\/portal\/#website"},"primaryImageOfPage":{"@id":"https:\/\/www.eldiario.net\/portal\/2023\/04\/17\/el-que-se-va-soy-yo-con\/#primaryimage"},"image":{"@id":"https:\/\/www.eldiario.net\/portal\/2023\/04\/17\/el-que-se-va-soy-yo-con\/#primaryimage"},"thumbnailUrl":"","datePublished":"2023-04-17T09:34:51+00:00","breadcrumb":{"@id":"https:\/\/www.eldiario.net\/portal\/2023\/04\/17\/el-que-se-va-soy-yo-con\/#breadcrumb"},"inLanguage":"es","potentialAction":[{"@type":"ReadAction","target":["https:\/\/www.eldiario.net\/portal\/2023\/04\/17\/el-que-se-va-soy-yo-con\/"]}]},{"@type":"ImageObject","inLanguage":"es","@id":"https:\/\/www.eldiario.net\/portal\/2023\/04\/17\/el-que-se-va-soy-yo-con\/#primaryimage","url":"","contentUrl":""},{"@type":"BreadcrumbList","@id":"https:\/\/www.eldiario.net\/portal\/2023\/04\/17\/el-que-se-va-soy-yo-con\/#breadcrumb","itemListElement":[{"@type":"ListItem","position":1,"name":"Portada","item":"https:\/\/www.eldiario.net\/portal\/"},{"@type":"ListItem","position":2,"name":"\u201cEl que se va soy yo\u201d con Tupay"}]},{"@type":"WebSite","@id":"https:\/\/www.eldiario.net\/portal\/#website","url":"https:\/\/www.eldiario.net\/portal\/","name":"El Diario - Decano de la prensa nacional","description":"El Diario - Decano de la prensa nacional","publisher":{"@id":"https:\/\/www.eldiario.net\/portal\/#organization"},"potentialAction":[{"@type":"SearchAction","target":{"@type":"EntryPoint","urlTemplate":"https:\/\/www.eldiario.net\/portal\/?s={search_term_string}"},"query-input":{"@type":"PropertyValueSpecification","valueRequired":true,"valueName":"search_term_string"}}],"inLanguage":"es"},{"@type":"Organization","@id":"https:\/\/www.eldiario.net\/portal\/#organization","name":"El Diario - Decano de la prensa nacional","url":"https:\/\/www.eldiario.net\/portal\/","logo":{"@type":"ImageObject","inLanguage":"es","@id":"https:\/\/www.eldiario.net\/portal\/#\/schema\/logo\/image\/","url":"https:\/\/www.eldiario.net\/portal\/wp-content\/uploads\/2023\/07\/logo_ED.jpg","contentUrl":"https:\/\/www.eldiario.net\/portal\/wp-content\/uploads\/2023\/07\/logo_ED.jpg","width":272,"height":52,"caption":"El Diario - Decano de la prensa nacional"},"image":{"@id":"https:\/\/www.eldiario.net\/portal\/#\/schema\/logo\/image\/"},"sameAs":["https:\/\/www.facebook.com\/eldiario.bolivia\/","https:\/\/x.com\/eldiario_net"]},{"@type":"Person","@id":"https:\/\/www.eldiario.net\/portal\/#\/schema\/person\/2c57cf2b7a7ae032e449e4c9b1019eac","name":"Jeanette","image":{"@type":"ImageObject","inLanguage":"es","@id":"https:\/\/secure.gravatar.com\/avatar\/3ea2118a5f7dad2b7138b1187a6b7ee55f160b9968b66013c3a3ef39dd7e5798?s=96&d=mm&r=g","url":"https:\/\/secure.gravatar.com\/avatar\/3ea2118a5f7dad2b7138b1187a6b7ee55f160b9968b66013c3a3ef39dd7e5798?s=96&d=mm&r=g","contentUrl":"https:\/\/secure.gravatar.com\/avatar\/3ea2118a5f7dad2b7138b1187a6b7ee55f160b9968b66013c3a3ef39dd7e5798?s=96&d=mm&r=g","caption":"Jeanette"},"sameAs":["https:\/\/www.eldiario.net\/portal"],"url":"https:\/\/www.eldiario.net\/portal\/author\/jeanette\/"}]}},"_links":{"self":[{"href":"https:\/\/www.eldiario.net\/portal\/wp-json\/wp\/v2\/posts\/149173","targetHints":{"allow":["GET"]}}],"collection":[{"href":"https:\/\/www.eldiario.net\/portal\/wp-json\/wp\/v2\/posts"}],"about":[{"href":"https:\/\/www.eldiario.net\/portal\/wp-json\/wp\/v2\/types\/post"}],"author":[{"embeddable":true,"href":"https:\/\/www.eldiario.net\/portal\/wp-json\/wp\/v2\/users\/1"}],"replies":[{"embeddable":true,"href":"https:\/\/www.eldiario.net\/portal\/wp-json\/wp\/v2\/comments?post=149173"}],"version-history":[{"count":0,"href":"https:\/\/www.eldiario.net\/portal\/wp-json\/wp\/v2\/posts\/149173\/revisions"}],"wp:attachment":[{"href":"https:\/\/www.eldiario.net\/portal\/wp-json\/wp\/v2\/media?parent=149173"}],"wp:term":[{"taxonomy":"category","embeddable":true,"href":"https:\/\/www.eldiario.net\/portal\/wp-json\/wp\/v2\/categories?post=149173"},{"taxonomy":"post_tag","embeddable":true,"href":"https:\/\/www.eldiario.net\/portal\/wp-json\/wp\/v2\/tags?post=149173"}],"curies":[{"name":"wp","href":"https:\/\/api.w.org\/{rel}","templated":true}]}}