{"id":149170,"date":"2023-04-17T05:32:36","date_gmt":"2023-04-17T09:32:36","guid":{"rendered":"https:\/\/www.eldiario.net\/portal\/?p=149170"},"modified":"2023-04-17T05:32:36","modified_gmt":"2023-04-17T09:32:36","slug":"casa-nacional-de-moneda-abre-espacio-para-los-ninos","status":"publish","type":"post","link":"https:\/\/www.eldiario.net\/portal\/2023\/04\/17\/casa-nacional-de-moneda-abre-espacio-para-los-ninos\/","title":{"rendered":"Casa Nacional de Moneda abre espacio para los ni\u00f1os"},"content":{"rendered":"<p>La Casa Nacional de Moneda (CNM), repositorio dependiente de la Fundaci\u00f3n Cultural del Banco Central de Bolivia (FCBCB), inaugur\u00f3 un espacio dedicado al p\u00fablico infantil, en el mes dedicado a los ni\u00f1os<br \/>\n\u201cLa Peque\u00f1a Casa Nacional de Moneda es una sala especializada que cuenta con biblioteca infantil para ni\u00f1os de 4 a 12 a\u00f1os, adem\u00e1s de albergar r\u00e9plicas de pinturas emblem\u00e1ticas en miniatura y dioramas de distintas piezas muse\u00edsticas que se encuentran en las salas de ese repositorio\u201d, inform\u00f3 el director de la CNM Luis Arancibia Fern\u00e1ndez.<br \/>\n\u201cEn el mes de noviembre de la gesti\u00f3n pasada, la CNM se comprometi\u00f3 a tener un espacio adecuado para el p\u00fablico infantil. Hoy queremos cumplir con esa promesa, abrimos las puertas de la Peque\u00f1a Casa Nacional de Moneda\u201d, explic\u00f3 Arancibia.<br \/>\nEl director del repositorio agreg\u00f3 que la peque\u00f1a ceca estar\u00e1 disponible para la visita de unidades educativas, escuelas, colegios, asociaciones de madres, centros de acogida, juntas vecinales y p\u00fablico en general.<br \/>\nEl lugar cuenta adem\u00e1s con una sala habilitada para la consulta de libros, entre los textos disponibles para los m\u00e1s peque\u00f1os est\u00e1n; Un lugar seguro para un peque\u00f1o mono, Cu\u00e9ntame un cuento, Tito el bombero, La t\u00eda Dorotea, 10 patitos de goma, Oh, mi m\u00fasica, Mi primer gran Atlas del mundo animal, Qu\u00e9 locura por la lectura, Cindirela, El gato con botas, entre otros.<br \/>\nACTIVIDADES CONMEMORATIVAS POR LOS 250 A\u00d1OS<br \/>\nEste a\u00f1o el repositorio nacional m\u00e1s importante del pa\u00eds CNM cumplir\u00e1 250 a\u00f1os de inauguraci\u00f3n. Por ello, desde noviembre del a\u00f1o anterior se celebran actividades conmemorativas destinadas a resaltar el patrimonio cultural de la Ceca de la Villa Imperial.<br \/>\nEl Director del repositorio destac\u00f3 que las visitas a la CNM se incrementaron desde el primer mes de este a\u00f1o y se espera batir un r\u00e9cord de asistentes al finalizar la gesti\u00f3n.<br \/>\n\u201cEn el primer mes llegamos a quince mil ciento ochenta y cinco personas, esa cantidad es un aliciente y nos permite identificar el inter\u00e9s que tiene la poblaci\u00f3n boliviana en conocer su cultura. Potos\u00ed tiene dos corazones que le dan vida e importancia hist\u00f3rica, uno es nuestro Cerro Rico y el otro es la Casa Nacional de Moneda\u201d, manifest\u00f3 Arancibia.<br \/>\nLa autoridad detall\u00f3 que para celebrar los 250 a\u00f1os de Casa Nacional de Moneda, instituci\u00f3n que resguarda la historia de Bolivia, de Latinoam\u00e9rica y del mundo se planifican una serie de actividades destinadas, sobre todo, a recuperar la historia de Bolivia y su v\u00ednculo directo con la corona espa\u00f1ola.<br \/>\n\u201cEstamos hablando de una edificaci\u00f3n majestuosa que resguarda un patrimonio incalculable, pero adem\u00e1s conserva importantes documentos. Por ello trabajamos para ampliar nuestros espacios, todos nuestros bienes culturales tienen que estar abiertos al mundo\u201d, finaliz\u00f3 Arancibia.<br \/>\nPIE FOTO<\/p>\n","protected":false},"excerpt":{"rendered":"<p>La Casa Nacional de Moneda (CNM), repositorio dependiente de la Fundaci\u00f3n Cultural del Banco Central de Bolivia (FCBCB), inaugur\u00f3 un espacio dedicado al p\u00fablico infantil, en el mes dedicado a los ni\u00f1os \u201cLa Peque\u00f1a Casa Nacional de Moneda es una sala especializada que cuenta con biblioteca infantil para ni\u00f1os de 4 a 12 a\u00f1os, adem\u00e1s [&hellip;]<\/p>\n","protected":false},"author":1,"featured_media":149171,"comment_status":"closed","ping_status":"closed","sticky":false,"template":"","format":"standard","meta":{"_acf_changed":false,"footnotes":""},"categories":[8],"tags":[],"class_list":["post-149170","post","type-post","status-publish","format-standard","has-post-thumbnail","category-cultural"],"acf":{"antetitulo":""},"yoast_head":"<!-- This site is optimized with the Yoast SEO plugin v28.4 - https:\/\/yoast.com\/product\/yoast-seo-wordpress\/ -->\n<title>Casa Nacional de Moneda abre espacio para los ni\u00f1os - El Diario - Bolivia<\/title>\n<meta name=\"robots\" content=\"index, follow, max-snippet:-1, max-image-preview:large, max-video-preview:-1\" \/>\n<link rel=\"canonical\" href=\"https:\/\/www.eldiario.net\/portal\/2023\/04\/17\/casa-nacional-de-moneda-abre-espacio-para-los-ninos\/\" \/>\n<meta property=\"og:locale\" content=\"es_ES\" \/>\n<meta property=\"og:type\" content=\"article\" \/>\n<meta property=\"og:title\" content=\"Casa Nacional de Moneda abre espacio para los ni\u00f1os - El Diario - Bolivia\" \/>\n<meta property=\"og:description\" content=\"La Casa Nacional de Moneda (CNM), repositorio dependiente de la Fundaci\u00f3n Cultural del Banco Central de Bolivia (FCBCB), inaugur\u00f3 un espacio dedicado al p\u00fablico infantil, en el mes dedicado a los ni\u00f1os \u201cLa Peque\u00f1a Casa Nacional de Moneda es una sala especializada que cuenta con biblioteca infantil para ni\u00f1os de 4 a 12 a\u00f1os, adem\u00e1s [&hellip;]\" \/>\n<meta property=\"og:url\" content=\"https:\/\/www.eldiario.net\/portal\/2023\/04\/17\/casa-nacional-de-moneda-abre-espacio-para-los-ninos\/\" \/>\n<meta property=\"og:site_name\" content=\"El Diario - Bolivia\" \/>\n<meta property=\"article:publisher\" content=\"https:\/\/www.facebook.com\/eldiario.bolivia\/\" \/>\n<meta property=\"article:published_time\" content=\"2023-04-17T09:32:36+00:00\" \/>\n<meta name=\"author\" content=\"Jeanette\" \/>\n<meta name=\"twitter:card\" content=\"summary_large_image\" \/>\n<meta name=\"twitter:creator\" content=\"@eldiario_net\" \/>\n<meta name=\"twitter:site\" content=\"@eldiario_net\" \/>\n<meta name=\"twitter:label1\" content=\"Escrito por\" \/>\n\t<meta name=\"twitter:data1\" content=\"Jeanette\" \/>\n\t<meta name=\"twitter:label2\" content=\"Tiempo de lectura\" \/>\n\t<meta name=\"twitter:data2\" content=\"3 minutos\" \/>\n<script type=\"application\/ld+json\" class=\"yoast-schema-graph\">{\"@context\":\"https:\\\/\\\/schema.org\",\"@graph\":[{\"@type\":\"Article\",\"@id\":\"https:\\\/\\\/www.eldiario.net\\\/portal\\\/2023\\\/04\\\/17\\\/casa-nacional-de-moneda-abre-espacio-para-los-ninos\\\/#article\",\"isPartOf\":{\"@id\":\"https:\\\/\\\/www.eldiario.net\\\/portal\\\/2023\\\/04\\\/17\\\/casa-nacional-de-moneda-abre-espacio-para-los-ninos\\\/\"},\"author\":{\"name\":\"Jeanette\",\"@id\":\"https:\\\/\\\/www.eldiario.net\\\/portal\\\/#\\\/schema\\\/person\\\/2c57cf2b7a7ae032e449e4c9b1019eac\"},\"headline\":\"Casa Nacional de Moneda abre espacio para los ni\u00f1os\",\"datePublished\":\"2023-04-17T09:32:36+00:00\",\"mainEntityOfPage\":{\"@id\":\"https:\\\/\\\/www.eldiario.net\\\/portal\\\/2023\\\/04\\\/17\\\/casa-nacional-de-moneda-abre-espacio-para-los-ninos\\\/\"},\"wordCount\":493,\"publisher\":{\"@id\":\"https:\\\/\\\/www.eldiario.net\\\/portal\\\/#organization\"},\"image\":{\"@id\":\"https:\\\/\\\/www.eldiario.net\\\/portal\\\/2023\\\/04\\\/17\\\/casa-nacional-de-moneda-abre-espacio-para-los-ninos\\\/#primaryimage\"},\"thumbnailUrl\":\"\",\"articleSection\":[\"Cultural\"],\"inLanguage\":\"es\"},{\"@type\":\"WebPage\",\"@id\":\"https:\\\/\\\/www.eldiario.net\\\/portal\\\/2023\\\/04\\\/17\\\/casa-nacional-de-moneda-abre-espacio-para-los-ninos\\\/\",\"url\":\"https:\\\/\\\/www.eldiario.net\\\/portal\\\/2023\\\/04\\\/17\\\/casa-nacional-de-moneda-abre-espacio-para-los-ninos\\\/\",\"name\":\"Casa Nacional de Moneda abre espacio para los ni\u00f1os - El Diario - Bolivia\",\"isPartOf\":{\"@id\":\"https:\\\/\\\/www.eldiario.net\\\/portal\\\/#website\"},\"primaryImageOfPage\":{\"@id\":\"https:\\\/\\\/www.eldiario.net\\\/portal\\\/2023\\\/04\\\/17\\\/casa-nacional-de-moneda-abre-espacio-para-los-ninos\\\/#primaryimage\"},\"image\":{\"@id\":\"https:\\\/\\\/www.eldiario.net\\\/portal\\\/2023\\\/04\\\/17\\\/casa-nacional-de-moneda-abre-espacio-para-los-ninos\\\/#primaryimage\"},\"thumbnailUrl\":\"\",\"datePublished\":\"2023-04-17T09:32:36+00:00\",\"breadcrumb\":{\"@id\":\"https:\\\/\\\/www.eldiario.net\\\/portal\\\/2023\\\/04\\\/17\\\/casa-nacional-de-moneda-abre-espacio-para-los-ninos\\\/#breadcrumb\"},\"inLanguage\":\"es\",\"potentialAction\":[{\"@type\":\"ReadAction\",\"target\":[\"https:\\\/\\\/www.eldiario.net\\\/portal\\\/2023\\\/04\\\/17\\\/casa-nacional-de-moneda-abre-espacio-para-los-ninos\\\/\"]}]},{\"@type\":\"ImageObject\",\"inLanguage\":\"es\",\"@id\":\"https:\\\/\\\/www.eldiario.net\\\/portal\\\/2023\\\/04\\\/17\\\/casa-nacional-de-moneda-abre-espacio-para-los-ninos\\\/#primaryimage\",\"url\":\"\",\"contentUrl\":\"\"},{\"@type\":\"BreadcrumbList\",\"@id\":\"https:\\\/\\\/www.eldiario.net\\\/portal\\\/2023\\\/04\\\/17\\\/casa-nacional-de-moneda-abre-espacio-para-los-ninos\\\/#breadcrumb\",\"itemListElement\":[{\"@type\":\"ListItem\",\"position\":1,\"name\":\"Portada\",\"item\":\"https:\\\/\\\/www.eldiario.net\\\/portal\\\/\"},{\"@type\":\"ListItem\",\"position\":2,\"name\":\"Casa Nacional de Moneda abre espacio para los ni\u00f1os\"}]},{\"@type\":\"WebSite\",\"@id\":\"https:\\\/\\\/www.eldiario.net\\\/portal\\\/#website\",\"url\":\"https:\\\/\\\/www.eldiario.net\\\/portal\\\/\",\"name\":\"El Diario - Decano de la prensa nacional\",\"description\":\"El Diario - Decano de la prensa nacional\",\"publisher\":{\"@id\":\"https:\\\/\\\/www.eldiario.net\\\/portal\\\/#organization\"},\"potentialAction\":[{\"@type\":\"SearchAction\",\"target\":{\"@type\":\"EntryPoint\",\"urlTemplate\":\"https:\\\/\\\/www.eldiario.net\\\/portal\\\/?s={search_term_string}\"},\"query-input\":{\"@type\":\"PropertyValueSpecification\",\"valueRequired\":true,\"valueName\":\"search_term_string\"}}],\"inLanguage\":\"es\"},{\"@type\":\"Organization\",\"@id\":\"https:\\\/\\\/www.eldiario.net\\\/portal\\\/#organization\",\"name\":\"El Diario - Decano de la prensa nacional\",\"url\":\"https:\\\/\\\/www.eldiario.net\\\/portal\\\/\",\"logo\":{\"@type\":\"ImageObject\",\"inLanguage\":\"es\",\"@id\":\"https:\\\/\\\/www.eldiario.net\\\/portal\\\/#\\\/schema\\\/logo\\\/image\\\/\",\"url\":\"https:\\\/\\\/www.eldiario.net\\\/portal\\\/wp-content\\\/uploads\\\/2023\\\/07\\\/logo_ED.jpg\",\"contentUrl\":\"https:\\\/\\\/www.eldiario.net\\\/portal\\\/wp-content\\\/uploads\\\/2023\\\/07\\\/logo_ED.jpg\",\"width\":272,\"height\":52,\"caption\":\"El Diario - Decano de la prensa nacional\"},\"image\":{\"@id\":\"https:\\\/\\\/www.eldiario.net\\\/portal\\\/#\\\/schema\\\/logo\\\/image\\\/\"},\"sameAs\":[\"https:\\\/\\\/www.facebook.com\\\/eldiario.bolivia\\\/\",\"https:\\\/\\\/x.com\\\/eldiario_net\"]},{\"@type\":\"Person\",\"@id\":\"https:\\\/\\\/www.eldiario.net\\\/portal\\\/#\\\/schema\\\/person\\\/2c57cf2b7a7ae032e449e4c9b1019eac\",\"name\":\"Jeanette\",\"image\":{\"@type\":\"ImageObject\",\"inLanguage\":\"es\",\"@id\":\"https:\\\/\\\/secure.gravatar.com\\\/avatar\\\/3ea2118a5f7dad2b7138b1187a6b7ee55f160b9968b66013c3a3ef39dd7e5798?s=96&d=mm&r=g\",\"url\":\"https:\\\/\\\/secure.gravatar.com\\\/avatar\\\/3ea2118a5f7dad2b7138b1187a6b7ee55f160b9968b66013c3a3ef39dd7e5798?s=96&d=mm&r=g\",\"contentUrl\":\"https:\\\/\\\/secure.gravatar.com\\\/avatar\\\/3ea2118a5f7dad2b7138b1187a6b7ee55f160b9968b66013c3a3ef39dd7e5798?s=96&d=mm&r=g\",\"caption\":\"Jeanette\"},\"sameAs\":[\"https:\\\/\\\/www.eldiario.net\\\/portal\"],\"url\":\"https:\\\/\\\/www.eldiario.net\\\/portal\\\/author\\\/jeanette\\\/\"}]}<\/script>\n<!-- \/ Yoast SEO plugin. -->","yoast_head_json":{"title":"Casa Nacional de Moneda abre espacio para los ni\u00f1os - El Diario - Bolivia","robots":{"index":"index","follow":"follow","max-snippet":"max-snippet:-1","max-image-preview":"max-image-preview:large","max-video-preview":"max-video-preview:-1"},"canonical":"https:\/\/www.eldiario.net\/portal\/2023\/04\/17\/casa-nacional-de-moneda-abre-espacio-para-los-ninos\/","og_locale":"es_ES","og_type":"article","og_title":"Casa Nacional de Moneda abre espacio para los ni\u00f1os - El Diario - Bolivia","og_description":"La Casa Nacional de Moneda (CNM), repositorio dependiente de la Fundaci\u00f3n Cultural del Banco Central de Bolivia (FCBCB), inaugur\u00f3 un espacio dedicado al p\u00fablico infantil, en el mes dedicado a los ni\u00f1os \u201cLa Peque\u00f1a Casa Nacional de Moneda es una sala especializada que cuenta con biblioteca infantil para ni\u00f1os de 4 a 12 a\u00f1os, adem\u00e1s [&hellip;]","og_url":"https:\/\/www.eldiario.net\/portal\/2023\/04\/17\/casa-nacional-de-moneda-abre-espacio-para-los-ninos\/","og_site_name":"El Diario - Bolivia","article_publisher":"https:\/\/www.facebook.com\/eldiario.bolivia\/","article_published_time":"2023-04-17T09:32:36+00:00","author":"Jeanette","twitter_card":"summary_large_image","twitter_creator":"@eldiario_net","twitter_site":"@eldiario_net","twitter_misc":{"Escrito por":"Jeanette","Tiempo de lectura":"3 minutos"},"schema":{"@context":"https:\/\/schema.org","@graph":[{"@type":"Article","@id":"https:\/\/www.eldiario.net\/portal\/2023\/04\/17\/casa-nacional-de-moneda-abre-espacio-para-los-ninos\/#article","isPartOf":{"@id":"https:\/\/www.eldiario.net\/portal\/2023\/04\/17\/casa-nacional-de-moneda-abre-espacio-para-los-ninos\/"},"author":{"name":"Jeanette","@id":"https:\/\/www.eldiario.net\/portal\/#\/schema\/person\/2c57cf2b7a7ae032e449e4c9b1019eac"},"headline":"Casa Nacional de Moneda abre espacio para los ni\u00f1os","datePublished":"2023-04-17T09:32:36+00:00","mainEntityOfPage":{"@id":"https:\/\/www.eldiario.net\/portal\/2023\/04\/17\/casa-nacional-de-moneda-abre-espacio-para-los-ninos\/"},"wordCount":493,"publisher":{"@id":"https:\/\/www.eldiario.net\/portal\/#organization"},"image":{"@id":"https:\/\/www.eldiario.net\/portal\/2023\/04\/17\/casa-nacional-de-moneda-abre-espacio-para-los-ninos\/#primaryimage"},"thumbnailUrl":"","articleSection":["Cultural"],"inLanguage":"es"},{"@type":"WebPage","@id":"https:\/\/www.eldiario.net\/portal\/2023\/04\/17\/casa-nacional-de-moneda-abre-espacio-para-los-ninos\/","url":"https:\/\/www.eldiario.net\/portal\/2023\/04\/17\/casa-nacional-de-moneda-abre-espacio-para-los-ninos\/","name":"Casa Nacional de Moneda abre espacio para los ni\u00f1os - El Diario - Bolivia","isPartOf":{"@id":"https:\/\/www.eldiario.net\/portal\/#website"},"primaryImageOfPage":{"@id":"https:\/\/www.eldiario.net\/portal\/2023\/04\/17\/casa-nacional-de-moneda-abre-espacio-para-los-ninos\/#primaryimage"},"image":{"@id":"https:\/\/www.eldiario.net\/portal\/2023\/04\/17\/casa-nacional-de-moneda-abre-espacio-para-los-ninos\/#primaryimage"},"thumbnailUrl":"","datePublished":"2023-04-17T09:32:36+00:00","breadcrumb":{"@id":"https:\/\/www.eldiario.net\/portal\/2023\/04\/17\/casa-nacional-de-moneda-abre-espacio-para-los-ninos\/#breadcrumb"},"inLanguage":"es","potentialAction":[{"@type":"ReadAction","target":["https:\/\/www.eldiario.net\/portal\/2023\/04\/17\/casa-nacional-de-moneda-abre-espacio-para-los-ninos\/"]}]},{"@type":"ImageObject","inLanguage":"es","@id":"https:\/\/www.eldiario.net\/portal\/2023\/04\/17\/casa-nacional-de-moneda-abre-espacio-para-los-ninos\/#primaryimage","url":"","contentUrl":""},{"@type":"BreadcrumbList","@id":"https:\/\/www.eldiario.net\/portal\/2023\/04\/17\/casa-nacional-de-moneda-abre-espacio-para-los-ninos\/#breadcrumb","itemListElement":[{"@type":"ListItem","position":1,"name":"Portada","item":"https:\/\/www.eldiario.net\/portal\/"},{"@type":"ListItem","position":2,"name":"Casa Nacional de Moneda abre espacio para los ni\u00f1os"}]},{"@type":"WebSite","@id":"https:\/\/www.eldiario.net\/portal\/#website","url":"https:\/\/www.eldiario.net\/portal\/","name":"El Diario - Decano de la prensa nacional","description":"El Diario - Decano de la prensa nacional","publisher":{"@id":"https:\/\/www.eldiario.net\/portal\/#organization"},"potentialAction":[{"@type":"SearchAction","target":{"@type":"EntryPoint","urlTemplate":"https:\/\/www.eldiario.net\/portal\/?s={search_term_string}"},"query-input":{"@type":"PropertyValueSpecification","valueRequired":true,"valueName":"search_term_string"}}],"inLanguage":"es"},{"@type":"Organization","@id":"https:\/\/www.eldiario.net\/portal\/#organization","name":"El Diario - Decano de la prensa nacional","url":"https:\/\/www.eldiario.net\/portal\/","logo":{"@type":"ImageObject","inLanguage":"es","@id":"https:\/\/www.eldiario.net\/portal\/#\/schema\/logo\/image\/","url":"https:\/\/www.eldiario.net\/portal\/wp-content\/uploads\/2023\/07\/logo_ED.jpg","contentUrl":"https:\/\/www.eldiario.net\/portal\/wp-content\/uploads\/2023\/07\/logo_ED.jpg","width":272,"height":52,"caption":"El Diario - Decano de la prensa nacional"},"image":{"@id":"https:\/\/www.eldiario.net\/portal\/#\/schema\/logo\/image\/"},"sameAs":["https:\/\/www.facebook.com\/eldiario.bolivia\/","https:\/\/x.com\/eldiario_net"]},{"@type":"Person","@id":"https:\/\/www.eldiario.net\/portal\/#\/schema\/person\/2c57cf2b7a7ae032e449e4c9b1019eac","name":"Jeanette","image":{"@type":"ImageObject","inLanguage":"es","@id":"https:\/\/secure.gravatar.com\/avatar\/3ea2118a5f7dad2b7138b1187a6b7ee55f160b9968b66013c3a3ef39dd7e5798?s=96&d=mm&r=g","url":"https:\/\/secure.gravatar.com\/avatar\/3ea2118a5f7dad2b7138b1187a6b7ee55f160b9968b66013c3a3ef39dd7e5798?s=96&d=mm&r=g","contentUrl":"https:\/\/secure.gravatar.com\/avatar\/3ea2118a5f7dad2b7138b1187a6b7ee55f160b9968b66013c3a3ef39dd7e5798?s=96&d=mm&r=g","caption":"Jeanette"},"sameAs":["https:\/\/www.eldiario.net\/portal"],"url":"https:\/\/www.eldiario.net\/portal\/author\/jeanette\/"}]}},"_links":{"self":[{"href":"https:\/\/www.eldiario.net\/portal\/wp-json\/wp\/v2\/posts\/149170","targetHints":{"allow":["GET"]}}],"collection":[{"href":"https:\/\/www.eldiario.net\/portal\/wp-json\/wp\/v2\/posts"}],"about":[{"href":"https:\/\/www.eldiario.net\/portal\/wp-json\/wp\/v2\/types\/post"}],"author":[{"embeddable":true,"href":"https:\/\/www.eldiario.net\/portal\/wp-json\/wp\/v2\/users\/1"}],"replies":[{"embeddable":true,"href":"https:\/\/www.eldiario.net\/portal\/wp-json\/wp\/v2\/comments?post=149170"}],"version-history":[{"count":0,"href":"https:\/\/www.eldiario.net\/portal\/wp-json\/wp\/v2\/posts\/149170\/revisions"}],"wp:attachment":[{"href":"https:\/\/www.eldiario.net\/portal\/wp-json\/wp\/v2\/media?parent=149170"}],"wp:term":[{"taxonomy":"category","embeddable":true,"href":"https:\/\/www.eldiario.net\/portal\/wp-json\/wp\/v2\/categories?post=149170"},{"taxonomy":"post_tag","embeddable":true,"href":"https:\/\/www.eldiario.net\/portal\/wp-json\/wp\/v2\/tags?post=149170"}],"curies":[{"name":"wp","href":"https:\/\/api.w.org\/{rel}","templated":true}]}}