{"id":148795,"date":"2023-04-15T05:45:08","date_gmt":"2023-04-15T09:45:08","guid":{"rendered":"https:\/\/www.eldiario.net\/portal\/?p=148795"},"modified":"2023-04-15T05:45:08","modified_gmt":"2023-04-15T09:45:08","slug":"ivan-cornejo-revela-como-son-german-y-gabriela","status":"publish","type":"post","link":"https:\/\/www.eldiario.net\/portal\/2023\/04\/15\/ivan-cornejo-revela-como-son-german-y-gabriela\/","title":{"rendered":"Iv\u00e1n Cornejo revela c\u00f3mo son Germ\u00e1n y Gabriela"},"content":{"rendered":"<p>Germ\u00e1n y Gabriela est\u00e1n en Estados Unidos, a donde viajaron para presentar la exitosa comedia teatral \u201cCuando deje de doler, un largo camino al perd\u00f3n\u201d, que es la historia de una pareja que est\u00e1 luchando por recuperar la confianza mutua despu\u00e9s de una infidelidad.<\/p>\n<p>La pareja protagonizada por Iv\u00e1n Cornejo y Paola Belmonte, que arrasa en las tablas y en las redes sociales, actuar\u00e1 hoy y ma\u00f1ana en el Annandale Nova Campus de Virginia, en medio de una gran expectativa.<\/p>\n<p>Para Cornejo presentarse en el pa\u00eds del norte significa \u201ccrecer\u201d. \u201cCreo que como elenco de teatro es un logro s\u00faper importante\u201d, dijo a La Gu\u00eda el actor y tambi\u00e9n director del programa radial Con Todo Respeto.<\/p>\n<p>\u201cHa costado muelas conseguir este lugar fant\u00e1stico en Annandale\u2026 tiene un gustito aparte llevar una obra de teatro a un teatro, no a un restaurante, creo que la gente en EEUU lo ha entendido as\u00ed y dice: wow, qu\u00e9 lindo\u2026 ir a ver una obra boliviana en un teatro estadounidense, y por eso es que la expectativa es alt\u00edsima\u201d, afirm\u00f3.<\/p>\n<p>Desde que nacieron a la vida art\u00edstica, en el a\u00f1o 2019, Germ\u00e1n y Gabriela no han dejado de tener un \u201calcance brutal\u201d, destaca Iv\u00e1n y eso se debe tambi\u00e9n a la gran viralidad de sus videos.<\/p>\n<p>\u201cDe cualquier manera me sorprende, porque nosotros somos una parejita teatral que en TikTok tenemos casi 400.000 seguidores, que es nada comparado con alguna otra gente que tiene millones. Hay bolivianos que tienen 3, 4 ,5 millones de seguidores, entonces nosotros somos piojos tuertos, pero no contamos con la gran viralidad de nuestros videos, o sea aun teniendo solo 400 mil seguidores, tenemos videos que est\u00e1n llegando a los 5 millones de vistas y eso es bueno\u201d, aclar\u00f3.<\/p>\n<p>Hasta el momento, Germ\u00e1n y Gabriela han hecho alrededor de 100 presentaciones en el pa\u00eds y Argentina, bordeando las 80 mil personas (la cantidad de asistentes).<\/p>\n<p>En cuanto a los videos, \u00e9stos pasan f\u00e1cilmente de los 100, pero Iv\u00e1n no tiene idea de a cu\u00e1nta gente han llegado.<\/p>\n<p>\u201cLo que si digamos, vemos, es que los personajes han calado muy fuerte\u2026 la \u00faltima vez en Cochabamba,\u00a0 a la Paola no la dejaban ni siquiera entrenar en su gym, la gente se acercaba (y ped\u00eda) que foto, que foto, entonces digo: Wow. En Sucre fue una locura, no pod\u00edamos caminar una cuadra sin que la gente se nos acerque, nos gritaba\u2026 fue muy lindo\u201d, cont\u00f3.<\/p>\n<p>\u00bfA qu\u00e9 se debe el \u00e9xito que tiene esta pareja?, le consultamos a Iv\u00e1n, a lo que respondi\u00f3. \u201cA la tem\u00e1tica, humorizamos ciertas cosas que sin la dosis de humor, se ve feo\u2026 entre risa y risa denunciamos cosas muy fuertes, porque romantizamos mucho el tema del control, ay que rom\u00e1ntico, le importo, nada que ver\u2026 el control no es rom\u00e1ntico, \u00bfno?&#8230; me cela porque me quiere\u2026 habla de toxicidad, habla de un tipo\u00a0 o una mujer que te siente como su pertenencia, entonces creo que con humor prendemos luz a esos temas. Y generamos cierto debate. Y eso le gusta a la gente\u201d, explic\u00f3.<\/p>\n<p>\u00bfQu\u00e9 tiene Germ\u00e1n de Iv\u00e1n Cornejo? \u201cMucho, re\u201d, confiesa el actor y conductor. \u201cEn Cochabamba me dijeron: \u00bfT\u00fa eres as\u00ed como Germ\u00e1n? S\u00ed, posiblemente he tenido muchas de esas reacciones, y por eso es que nos resulta muy\u00a0 f\u00e1cil actuar. He recibido muchos piropos: Qu\u00e9 buen actor eres. Yo recibo el piropo y me alegro un poco. Pero a veces tengo ganas de decirle: En realidad no estoy actuando. Buen actor (es) Tom Hanks\u2026 lo pones de n\u00e1ufrago y te lo interpreta espectacularmente. Lo pones de ni\u00f1o y te lo hace tambi\u00e9n, eso es actuar. En cambio nosotros, lo \u00fanico que estamos haciendo, de alguna manera, yo en particular, es ser un poco yo\u2026 para cualquiera es f\u00e1cil actuar de uno mismo\u2026 est\u00e1s interpretando cosas que has vivido, que te han tocado vivir, entonces, mucho actuar no es, yo creo que es interpretar una vida muy cercana a la tuya, y as\u00ed se nos hace f\u00e1cil\u201d, manifest\u00f3.<\/p>\n<p>Seg\u00fan Iv\u00e1n, Germ\u00e1n y Gabriela representan a una pareja cualquiera que puede venir de distintos estratos socioecon\u00f3micos\u00a0 y de cualquier parte del mundo. \u201cLos problemas que reflejan los personajes en la obra de teatro y muchas veces en los cortitos que hacemos, lo sufre una pareja boliviana o en la China. La diferencia es que nosotros le ponemos la\u2026 salsita boliviana, y una llajuita con quirqui\u00f1a\u2026 Y ser\u00e1 por eso que a la gente le agrada. Tenemos mucha repercusi\u00f3n de Ecuador, Per\u00fa, Ecuador, Argentina, M\u00e9xico, (desde donde) nos escriben y nos dicen: Oigan, qu\u00e9 divertido porque son problemas de cualquier pareja\u201d, asevera.<\/p>\n<p>Respecto a Germ\u00e1n, mucha gente dice que es un hombre muy sometido, pero Iv\u00e1n considera que eso es un poco para la \u201chumorada\u201d y que la obra de teatro \u201cCuando deje de doler\u201d marca un poco la l\u00ednea de qui\u00e9n es realmente este personaje y por qu\u00e9 Gabriela tiene esos comportamientos tan obsesivos.<\/p>\n<p>\u201cGerm\u00e1n es un hombre cualquiera que tiene, digamos, un nivel de tolerancia mucho m\u00e1s amplia que otros hombres y que le pesa mucho la culpa y a trav\u00e9s de esa culpa, soporta muchas cosas\u201d, dice.<\/p>\n<p>\u00bfQu\u00e9 te gustar\u00eda preguntarle a Germ\u00e1n? Yo le preguntar\u00eda qu\u00e9 concepto tiene de vivir solo, porque Germ\u00e1n es un personaje que se resiste a la soledad o a dejar a su pareja, m\u00e1s all\u00e1 de que se la est\u00e1 poniendo de cuadritos. Germ\u00e1n sufre much\u00edsimo en los 4 actos de la obra y la gente se pregunta: \u00bfpor qu\u00e9 no la deja?, \u00bfpor qu\u00e9 insiste tanto?\u201d.<\/p>\n<p>Y \u00bfpor qu\u00e9 insistir\u00e1? \u201cYo creo que al personaje le asusta la soledad, tiene una sensaci\u00f3n posiblemente de abandono, y muchas cosas vienen de infancia, y por eso es que tolera much\u00edsimo y no se ve separado, se aferra aunque es una mujer que lo est\u00e1 maltratando, le est\u00e1 haciendo pagar con creces el error, y lo trata viendo con lupa cualquier errorcito y eso lo soporta, por lo que yo le preguntar\u00eda qu\u00e9 piensa realmente de la soledad, Y (le dir\u00eda)\u2026 busca un poquito en tu ni\u00f1o interno, de repente descubres por qu\u00e9 aguantas tanto y no soportas la idea de una separaci\u00f3n. La separaci\u00f3n no es un fracaso, a veces el fracaso es haberte casado, entonces la separaci\u00f3n viene a veces a solucionar errores\u201d, expresa.<\/p>\n<p>Y a Gabriela, \u00bfc\u00f3mo la definir\u00edas? \u201cGabriela es una mujer mal empoderada, que agarra el postulado de la mujer empoderada y lo interpreta muy mal. (Pero) tambi\u00e9n representa una mujer celotipica, obsesiva, producto de un fresco enga\u00f1o. Todo te remite a la obra de teatro porque nosotros hacemos esto para promocionar nuestras funciones teatrales\u2026, a eso nos dedicamos\u201d, sostiene.<\/p>\n<p><strong>Paola Belmonte es una genia<\/strong><\/p>\n<p>Iv\u00e1n Cornejo afirma que trabajar con Paola Belmonte es \u201clindo\u201d porque tiene \u201cdisciplina y compromiso con el personaje\u201d.<\/p>\n<p>\u201cY es fant\u00e1stico porque le dices que interprete algo y te entiende as\u00ed al delillo. Te lo interpreta con gestos y eso es maravilloso. Es una genia realmente&#8230; creo que en alg\u00fan momento ella misma va a reconocer que est\u00e1 viviendo una segunda carrera as\u00ed brutal. Ha tenido una carrera televisiva impresionante\u2026 pero ahora se est\u00e1 dando cuenta que como actriz ahora est\u00e1 viviendo un segundo momento incre\u00edble de su carrera. No sabes c\u00f3mo la gente la reconoce, se identifica con ella, es incre\u00edble\u2026\u201d, destaca Iv\u00e1n.<\/p>\n<p>El actor y conductor reafirm\u00f3 que Paola le da a la trama de esta obra una actuaci\u00f3n mucho m\u00e1s org\u00e1nica, \u201cpor todo lo que ha vivido en tantos a\u00f1os de un matrimonio tan fuerte como el que tiene\u201d.<\/p>\n<p>\u201cNadie que no haya pasado una cosa as\u00ed, digamos, va tener ese poder de transmitir eso\u2026 (ella) sabe perfectamente de lo que est\u00e1 hablando, eso le da una impronta totalmente diferente y la gente as\u00ed lo descubre, lo siente y la aplaude porque transmite sentimientos muy fuertes\u201d, resalta.<\/p>\n<p><strong>Las frases<\/strong><\/p>\n<p>&#8211; A Germ\u00e1n le asusta la soledad, Gabriela es una mujer celot\u00edpica, obsesiva.<\/p>\n<p>&#8211; Explorar la vida marital es hasta terap\u00e9utico, porque aprendes muchas cosas.<\/p>\n<p>&#8211; A veces te ves tentado a hacer una mofa o caricatura de un infiel, de un cornudo o una cornuda, y eso podr\u00eda tocar ciertas fibras sensibles en el p\u00fablico. Y lo que menos quieres es que el p\u00fablico se incomode\u2026<\/p>\n<p><img loading=\"lazy\" decoding=\"async\" class=\"aligncenter wp-image-148963 size-large\" src=\"https:\/\/www.eldiario.net\/portal\/wp-content\/uploads\/2023\/04\/gabriela-y-german-0-1024x760.jpg\" alt=\"\" width=\"1024\" height=\"760\" \/><\/p>\n<p><img loading=\"lazy\" decoding=\"async\" class=\"aligncenter wp-image-148964 size-large\" src=\"https:\/\/www.eldiario.net\/portal\/wp-content\/uploads\/2023\/04\/ivan-775x1024.jpg\" alt=\"\" width=\"775\" height=\"1024\" \/><\/p>\n<p><img loading=\"lazy\" decoding=\"async\" class=\"aligncenter wp-image-148965 size-full\" src=\"https:\/\/www.eldiario.net\/portal\/wp-content\/uploads\/2023\/04\/paola-belmonte-scaled.jpg\" alt=\"\" width=\"1853\" height=\"2560\" \/><\/p>\n","protected":false},"excerpt":{"rendered":"<p>Germ\u00e1n y Gabriela est\u00e1n en Estados Unidos, a donde viajaron para presentar la exitosa comedia teatral \u201cCuando deje de doler, un largo camino al perd\u00f3n\u201d, que es la historia de una pareja que est\u00e1 luchando por recuperar la confianza mutua despu\u00e9s de una infidelidad. La pareja protagonizada por Iv\u00e1n Cornejo y Paola Belmonte, que arrasa [&hellip;]<\/p>\n","protected":false},"author":1,"featured_media":148963,"comment_status":"closed","ping_status":"closed","sticky":false,"template":"","format":"standard","meta":{"_acf_changed":false,"footnotes":""},"categories":[41],"tags":[],"class_list":["post-148795","post","type-post","status-publish","format-standard","has-post-thumbnail","category-la-guia"],"acf":{"antetitulo":""},"yoast_head":"<!-- This site is optimized with the Yoast SEO plugin v28.4 - https:\/\/yoast.com\/product\/yoast-seo-wordpress\/ -->\n<title>Iv\u00e1n Cornejo revela c\u00f3mo son Germ\u00e1n y Gabriela - El Diario - Bolivia<\/title>\n<meta name=\"robots\" content=\"index, follow, max-snippet:-1, max-image-preview:large, max-video-preview:-1\" \/>\n<link rel=\"canonical\" href=\"https:\/\/www.eldiario.net\/portal\/2023\/04\/15\/ivan-cornejo-revela-como-son-german-y-gabriela\/\" \/>\n<meta property=\"og:locale\" content=\"es_ES\" \/>\n<meta property=\"og:type\" content=\"article\" \/>\n<meta property=\"og:title\" content=\"Iv\u00e1n Cornejo revela c\u00f3mo son Germ\u00e1n y Gabriela - El Diario - Bolivia\" \/>\n<meta property=\"og:description\" content=\"Germ\u00e1n y Gabriela est\u00e1n en Estados Unidos, a donde viajaron para presentar la exitosa comedia teatral \u201cCuando deje de doler, un largo camino al perd\u00f3n\u201d, que es la historia de una pareja que est\u00e1 luchando por recuperar la confianza mutua despu\u00e9s de una infidelidad. La pareja protagonizada por Iv\u00e1n Cornejo y Paola Belmonte, que arrasa [&hellip;]\" \/>\n<meta property=\"og:url\" content=\"https:\/\/www.eldiario.net\/portal\/2023\/04\/15\/ivan-cornejo-revela-como-son-german-y-gabriela\/\" \/>\n<meta property=\"og:site_name\" content=\"El Diario - Bolivia\" \/>\n<meta property=\"article:publisher\" content=\"https:\/\/www.facebook.com\/eldiario.bolivia\/\" \/>\n<meta property=\"article:published_time\" content=\"2023-04-15T09:45:08+00:00\" \/>\n<meta name=\"author\" content=\"Jeanette\" \/>\n<meta name=\"twitter:card\" content=\"summary_large_image\" \/>\n<meta name=\"twitter:creator\" content=\"@eldiario_net\" \/>\n<meta name=\"twitter:site\" content=\"@eldiario_net\" \/>\n<meta name=\"twitter:label1\" content=\"Escrito por\" \/>\n\t<meta name=\"twitter:data1\" content=\"Jeanette\" \/>\n\t<meta name=\"twitter:label2\" content=\"Tiempo de lectura\" \/>\n\t<meta name=\"twitter:data2\" content=\"7 minutos\" \/>\n<script type=\"application\/ld+json\" class=\"yoast-schema-graph\">{\"@context\":\"https:\\\/\\\/schema.org\",\"@graph\":[{\"@type\":\"Article\",\"@id\":\"https:\\\/\\\/www.eldiario.net\\\/portal\\\/2023\\\/04\\\/15\\\/ivan-cornejo-revela-como-son-german-y-gabriela\\\/#article\",\"isPartOf\":{\"@id\":\"https:\\\/\\\/www.eldiario.net\\\/portal\\\/2023\\\/04\\\/15\\\/ivan-cornejo-revela-como-son-german-y-gabriela\\\/\"},\"author\":{\"name\":\"Jeanette\",\"@id\":\"https:\\\/\\\/www.eldiario.net\\\/portal\\\/#\\\/schema\\\/person\\\/2c57cf2b7a7ae032e449e4c9b1019eac\"},\"headline\":\"Iv\u00e1n Cornejo revela c\u00f3mo son Germ\u00e1n y Gabriela\",\"datePublished\":\"2023-04-15T09:45:08+00:00\",\"mainEntityOfPage\":{\"@id\":\"https:\\\/\\\/www.eldiario.net\\\/portal\\\/2023\\\/04\\\/15\\\/ivan-cornejo-revela-como-son-german-y-gabriela\\\/\"},\"wordCount\":1461,\"publisher\":{\"@id\":\"https:\\\/\\\/www.eldiario.net\\\/portal\\\/#organization\"},\"image\":{\"@id\":\"https:\\\/\\\/www.eldiario.net\\\/portal\\\/2023\\\/04\\\/15\\\/ivan-cornejo-revela-como-son-german-y-gabriela\\\/#primaryimage\"},\"thumbnailUrl\":\"\",\"articleSection\":[\"La Gu\u00eda\"],\"inLanguage\":\"es\"},{\"@type\":\"WebPage\",\"@id\":\"https:\\\/\\\/www.eldiario.net\\\/portal\\\/2023\\\/04\\\/15\\\/ivan-cornejo-revela-como-son-german-y-gabriela\\\/\",\"url\":\"https:\\\/\\\/www.eldiario.net\\\/portal\\\/2023\\\/04\\\/15\\\/ivan-cornejo-revela-como-son-german-y-gabriela\\\/\",\"name\":\"Iv\u00e1n Cornejo revela c\u00f3mo son Germ\u00e1n y Gabriela - El Diario - Bolivia\",\"isPartOf\":{\"@id\":\"https:\\\/\\\/www.eldiario.net\\\/portal\\\/#website\"},\"primaryImageOfPage\":{\"@id\":\"https:\\\/\\\/www.eldiario.net\\\/portal\\\/2023\\\/04\\\/15\\\/ivan-cornejo-revela-como-son-german-y-gabriela\\\/#primaryimage\"},\"image\":{\"@id\":\"https:\\\/\\\/www.eldiario.net\\\/portal\\\/2023\\\/04\\\/15\\\/ivan-cornejo-revela-como-son-german-y-gabriela\\\/#primaryimage\"},\"thumbnailUrl\":\"\",\"datePublished\":\"2023-04-15T09:45:08+00:00\",\"breadcrumb\":{\"@id\":\"https:\\\/\\\/www.eldiario.net\\\/portal\\\/2023\\\/04\\\/15\\\/ivan-cornejo-revela-como-son-german-y-gabriela\\\/#breadcrumb\"},\"inLanguage\":\"es\",\"potentialAction\":[{\"@type\":\"ReadAction\",\"target\":[\"https:\\\/\\\/www.eldiario.net\\\/portal\\\/2023\\\/04\\\/15\\\/ivan-cornejo-revela-como-son-german-y-gabriela\\\/\"]}]},{\"@type\":\"ImageObject\",\"inLanguage\":\"es\",\"@id\":\"https:\\\/\\\/www.eldiario.net\\\/portal\\\/2023\\\/04\\\/15\\\/ivan-cornejo-revela-como-son-german-y-gabriela\\\/#primaryimage\",\"url\":\"\",\"contentUrl\":\"\"},{\"@type\":\"BreadcrumbList\",\"@id\":\"https:\\\/\\\/www.eldiario.net\\\/portal\\\/2023\\\/04\\\/15\\\/ivan-cornejo-revela-como-son-german-y-gabriela\\\/#breadcrumb\",\"itemListElement\":[{\"@type\":\"ListItem\",\"position\":1,\"name\":\"Portada\",\"item\":\"https:\\\/\\\/www.eldiario.net\\\/portal\\\/\"},{\"@type\":\"ListItem\",\"position\":2,\"name\":\"Iv\u00e1n Cornejo revela c\u00f3mo son Germ\u00e1n y Gabriela\"}]},{\"@type\":\"WebSite\",\"@id\":\"https:\\\/\\\/www.eldiario.net\\\/portal\\\/#website\",\"url\":\"https:\\\/\\\/www.eldiario.net\\\/portal\\\/\",\"name\":\"El Diario - Decano de la prensa nacional\",\"description\":\"El Diario - Decano de la prensa nacional\",\"publisher\":{\"@id\":\"https:\\\/\\\/www.eldiario.net\\\/portal\\\/#organization\"},\"potentialAction\":[{\"@type\":\"SearchAction\",\"target\":{\"@type\":\"EntryPoint\",\"urlTemplate\":\"https:\\\/\\\/www.eldiario.net\\\/portal\\\/?s={search_term_string}\"},\"query-input\":{\"@type\":\"PropertyValueSpecification\",\"valueRequired\":true,\"valueName\":\"search_term_string\"}}],\"inLanguage\":\"es\"},{\"@type\":\"Organization\",\"@id\":\"https:\\\/\\\/www.eldiario.net\\\/portal\\\/#organization\",\"name\":\"El Diario - Decano de la prensa nacional\",\"url\":\"https:\\\/\\\/www.eldiario.net\\\/portal\\\/\",\"logo\":{\"@type\":\"ImageObject\",\"inLanguage\":\"es\",\"@id\":\"https:\\\/\\\/www.eldiario.net\\\/portal\\\/#\\\/schema\\\/logo\\\/image\\\/\",\"url\":\"https:\\\/\\\/www.eldiario.net\\\/portal\\\/wp-content\\\/uploads\\\/2023\\\/07\\\/logo_ED.jpg\",\"contentUrl\":\"https:\\\/\\\/www.eldiario.net\\\/portal\\\/wp-content\\\/uploads\\\/2023\\\/07\\\/logo_ED.jpg\",\"width\":272,\"height\":52,\"caption\":\"El Diario - Decano de la prensa nacional\"},\"image\":{\"@id\":\"https:\\\/\\\/www.eldiario.net\\\/portal\\\/#\\\/schema\\\/logo\\\/image\\\/\"},\"sameAs\":[\"https:\\\/\\\/www.facebook.com\\\/eldiario.bolivia\\\/\",\"https:\\\/\\\/x.com\\\/eldiario_net\"]},{\"@type\":\"Person\",\"@id\":\"https:\\\/\\\/www.eldiario.net\\\/portal\\\/#\\\/schema\\\/person\\\/2c57cf2b7a7ae032e449e4c9b1019eac\",\"name\":\"Jeanette\",\"image\":{\"@type\":\"ImageObject\",\"inLanguage\":\"es\",\"@id\":\"https:\\\/\\\/secure.gravatar.com\\\/avatar\\\/3ea2118a5f7dad2b7138b1187a6b7ee55f160b9968b66013c3a3ef39dd7e5798?s=96&d=mm&r=g\",\"url\":\"https:\\\/\\\/secure.gravatar.com\\\/avatar\\\/3ea2118a5f7dad2b7138b1187a6b7ee55f160b9968b66013c3a3ef39dd7e5798?s=96&d=mm&r=g\",\"contentUrl\":\"https:\\\/\\\/secure.gravatar.com\\\/avatar\\\/3ea2118a5f7dad2b7138b1187a6b7ee55f160b9968b66013c3a3ef39dd7e5798?s=96&d=mm&r=g\",\"caption\":\"Jeanette\"},\"sameAs\":[\"https:\\\/\\\/www.eldiario.net\\\/portal\"],\"url\":\"https:\\\/\\\/www.eldiario.net\\\/portal\\\/author\\\/jeanette\\\/\"}]}<\/script>\n<!-- \/ Yoast SEO plugin. -->","yoast_head_json":{"title":"Iv\u00e1n Cornejo revela c\u00f3mo son Germ\u00e1n y Gabriela - El Diario - Bolivia","robots":{"index":"index","follow":"follow","max-snippet":"max-snippet:-1","max-image-preview":"max-image-preview:large","max-video-preview":"max-video-preview:-1"},"canonical":"https:\/\/www.eldiario.net\/portal\/2023\/04\/15\/ivan-cornejo-revela-como-son-german-y-gabriela\/","og_locale":"es_ES","og_type":"article","og_title":"Iv\u00e1n Cornejo revela c\u00f3mo son Germ\u00e1n y Gabriela - El Diario - Bolivia","og_description":"Germ\u00e1n y Gabriela est\u00e1n en Estados Unidos, a donde viajaron para presentar la exitosa comedia teatral \u201cCuando deje de doler, un largo camino al perd\u00f3n\u201d, que es la historia de una pareja que est\u00e1 luchando por recuperar la confianza mutua despu\u00e9s de una infidelidad. La pareja protagonizada por Iv\u00e1n Cornejo y Paola Belmonte, que arrasa [&hellip;]","og_url":"https:\/\/www.eldiario.net\/portal\/2023\/04\/15\/ivan-cornejo-revela-como-son-german-y-gabriela\/","og_site_name":"El Diario - Bolivia","article_publisher":"https:\/\/www.facebook.com\/eldiario.bolivia\/","article_published_time":"2023-04-15T09:45:08+00:00","author":"Jeanette","twitter_card":"summary_large_image","twitter_creator":"@eldiario_net","twitter_site":"@eldiario_net","twitter_misc":{"Escrito por":"Jeanette","Tiempo de lectura":"7 minutos"},"schema":{"@context":"https:\/\/schema.org","@graph":[{"@type":"Article","@id":"https:\/\/www.eldiario.net\/portal\/2023\/04\/15\/ivan-cornejo-revela-como-son-german-y-gabriela\/#article","isPartOf":{"@id":"https:\/\/www.eldiario.net\/portal\/2023\/04\/15\/ivan-cornejo-revela-como-son-german-y-gabriela\/"},"author":{"name":"Jeanette","@id":"https:\/\/www.eldiario.net\/portal\/#\/schema\/person\/2c57cf2b7a7ae032e449e4c9b1019eac"},"headline":"Iv\u00e1n Cornejo revela c\u00f3mo son Germ\u00e1n y Gabriela","datePublished":"2023-04-15T09:45:08+00:00","mainEntityOfPage":{"@id":"https:\/\/www.eldiario.net\/portal\/2023\/04\/15\/ivan-cornejo-revela-como-son-german-y-gabriela\/"},"wordCount":1461,"publisher":{"@id":"https:\/\/www.eldiario.net\/portal\/#organization"},"image":{"@id":"https:\/\/www.eldiario.net\/portal\/2023\/04\/15\/ivan-cornejo-revela-como-son-german-y-gabriela\/#primaryimage"},"thumbnailUrl":"","articleSection":["La Gu\u00eda"],"inLanguage":"es"},{"@type":"WebPage","@id":"https:\/\/www.eldiario.net\/portal\/2023\/04\/15\/ivan-cornejo-revela-como-son-german-y-gabriela\/","url":"https:\/\/www.eldiario.net\/portal\/2023\/04\/15\/ivan-cornejo-revela-como-son-german-y-gabriela\/","name":"Iv\u00e1n Cornejo revela c\u00f3mo son Germ\u00e1n y Gabriela - El Diario - Bolivia","isPartOf":{"@id":"https:\/\/www.eldiario.net\/portal\/#website"},"primaryImageOfPage":{"@id":"https:\/\/www.eldiario.net\/portal\/2023\/04\/15\/ivan-cornejo-revela-como-son-german-y-gabriela\/#primaryimage"},"image":{"@id":"https:\/\/www.eldiario.net\/portal\/2023\/04\/15\/ivan-cornejo-revela-como-son-german-y-gabriela\/#primaryimage"},"thumbnailUrl":"","datePublished":"2023-04-15T09:45:08+00:00","breadcrumb":{"@id":"https:\/\/www.eldiario.net\/portal\/2023\/04\/15\/ivan-cornejo-revela-como-son-german-y-gabriela\/#breadcrumb"},"inLanguage":"es","potentialAction":[{"@type":"ReadAction","target":["https:\/\/www.eldiario.net\/portal\/2023\/04\/15\/ivan-cornejo-revela-como-son-german-y-gabriela\/"]}]},{"@type":"ImageObject","inLanguage":"es","@id":"https:\/\/www.eldiario.net\/portal\/2023\/04\/15\/ivan-cornejo-revela-como-son-german-y-gabriela\/#primaryimage","url":"","contentUrl":""},{"@type":"BreadcrumbList","@id":"https:\/\/www.eldiario.net\/portal\/2023\/04\/15\/ivan-cornejo-revela-como-son-german-y-gabriela\/#breadcrumb","itemListElement":[{"@type":"ListItem","position":1,"name":"Portada","item":"https:\/\/www.eldiario.net\/portal\/"},{"@type":"ListItem","position":2,"name":"Iv\u00e1n Cornejo revela c\u00f3mo son Germ\u00e1n y Gabriela"}]},{"@type":"WebSite","@id":"https:\/\/www.eldiario.net\/portal\/#website","url":"https:\/\/www.eldiario.net\/portal\/","name":"El Diario - Decano de la prensa nacional","description":"El Diario - Decano de la prensa nacional","publisher":{"@id":"https:\/\/www.eldiario.net\/portal\/#organization"},"potentialAction":[{"@type":"SearchAction","target":{"@type":"EntryPoint","urlTemplate":"https:\/\/www.eldiario.net\/portal\/?s={search_term_string}"},"query-input":{"@type":"PropertyValueSpecification","valueRequired":true,"valueName":"search_term_string"}}],"inLanguage":"es"},{"@type":"Organization","@id":"https:\/\/www.eldiario.net\/portal\/#organization","name":"El Diario - Decano de la prensa nacional","url":"https:\/\/www.eldiario.net\/portal\/","logo":{"@type":"ImageObject","inLanguage":"es","@id":"https:\/\/www.eldiario.net\/portal\/#\/schema\/logo\/image\/","url":"https:\/\/www.eldiario.net\/portal\/wp-content\/uploads\/2023\/07\/logo_ED.jpg","contentUrl":"https:\/\/www.eldiario.net\/portal\/wp-content\/uploads\/2023\/07\/logo_ED.jpg","width":272,"height":52,"caption":"El Diario - Decano de la prensa nacional"},"image":{"@id":"https:\/\/www.eldiario.net\/portal\/#\/schema\/logo\/image\/"},"sameAs":["https:\/\/www.facebook.com\/eldiario.bolivia\/","https:\/\/x.com\/eldiario_net"]},{"@type":"Person","@id":"https:\/\/www.eldiario.net\/portal\/#\/schema\/person\/2c57cf2b7a7ae032e449e4c9b1019eac","name":"Jeanette","image":{"@type":"ImageObject","inLanguage":"es","@id":"https:\/\/secure.gravatar.com\/avatar\/3ea2118a5f7dad2b7138b1187a6b7ee55f160b9968b66013c3a3ef39dd7e5798?s=96&d=mm&r=g","url":"https:\/\/secure.gravatar.com\/avatar\/3ea2118a5f7dad2b7138b1187a6b7ee55f160b9968b66013c3a3ef39dd7e5798?s=96&d=mm&r=g","contentUrl":"https:\/\/secure.gravatar.com\/avatar\/3ea2118a5f7dad2b7138b1187a6b7ee55f160b9968b66013c3a3ef39dd7e5798?s=96&d=mm&r=g","caption":"Jeanette"},"sameAs":["https:\/\/www.eldiario.net\/portal"],"url":"https:\/\/www.eldiario.net\/portal\/author\/jeanette\/"}]}},"_links":{"self":[{"href":"https:\/\/www.eldiario.net\/portal\/wp-json\/wp\/v2\/posts\/148795","targetHints":{"allow":["GET"]}}],"collection":[{"href":"https:\/\/www.eldiario.net\/portal\/wp-json\/wp\/v2\/posts"}],"about":[{"href":"https:\/\/www.eldiario.net\/portal\/wp-json\/wp\/v2\/types\/post"}],"author":[{"embeddable":true,"href":"https:\/\/www.eldiario.net\/portal\/wp-json\/wp\/v2\/users\/1"}],"replies":[{"embeddable":true,"href":"https:\/\/www.eldiario.net\/portal\/wp-json\/wp\/v2\/comments?post=148795"}],"version-history":[{"count":0,"href":"https:\/\/www.eldiario.net\/portal\/wp-json\/wp\/v2\/posts\/148795\/revisions"}],"wp:attachment":[{"href":"https:\/\/www.eldiario.net\/portal\/wp-json\/wp\/v2\/media?parent=148795"}],"wp:term":[{"taxonomy":"category","embeddable":true,"href":"https:\/\/www.eldiario.net\/portal\/wp-json\/wp\/v2\/categories?post=148795"},{"taxonomy":"post_tag","embeddable":true,"href":"https:\/\/www.eldiario.net\/portal\/wp-json\/wp\/v2\/tags?post=148795"}],"curies":[{"name":"wp","href":"https:\/\/api.w.org\/{rel}","templated":true}]}}