{"id":148167,"date":"2023-04-11T06:19:11","date_gmt":"2023-04-11T10:19:11","guid":{"rendered":"https:\/\/www.eldiario.net\/portal\/?p=148167"},"modified":"2023-04-11T06:19:11","modified_gmt":"2023-04-11T10:19:11","slug":"convocan-al-dia-nacional-por-la-justicia-en-procura-de-firmas-que-posibiliten-reforma-judicial","status":"publish","type":"post","link":"https:\/\/www.eldiario.net\/portal\/2023\/04\/11\/convocan-al-dia-nacional-por-la-justicia-en-procura-de-firmas-que-posibiliten-reforma-judicial\/","title":{"rendered":"Convocan al \u00abD\u00eda Nacional por la Justicia\u00bb en  procura de firmas que posibiliten reforma judicial"},"content":{"rendered":"<p>El grupo de Juristas Independientes convoc\u00f3 al \u201cD\u00eda Nacional por la Justicia\u201d para que este pr\u00f3ximo domingo 16 de abril se logre completar el 1.500.000 firmas que posibilitar\u00e1n la reforma judicial mediante refer\u00e9ndum.<\/p>\n<p>\u201cDos cosas que le importan a la opini\u00f3n p\u00fablica. La primera es la convocatoria para este pr\u00f3ximo 16 de abril al d\u00eda nacional por la justicia de tal manera que este 16 de abril podamos realizar en todo el pa\u00eds una gran movilizaci\u00f3n y completar el mill\u00f3n y medio de firmas que nos permitan arribar a un refer\u00e9ndum, pero sobre todo nos permitan dar un ment\u00eds categ\u00f3rico ciudadano a estas trabas que se nos est\u00e1n presentando\u201d, indicaron los representantes.<\/p>\n<p>Agregaron que existe inter\u00e9s en desahuciar la reforma judicial porque est\u00e1n recibiendo trabas del Tribunal Supremo Electoral (TSE) y por eso presentaron un recurso de Amparo Constitucional para que se garantice el derecho de los ciudadanos.<\/p>\n<p>\u201cEn ese sentido hemos tenido que acudir a la justicia constitucional para impugnar resoluciones del \u00f3rgano electoral que nos est\u00e1n obligando a supuestas obligaciones de transcribir integra m\u00e1s 1.500.000 firmas en un medio inform\u00e1tico. Le hemos dicho al Tribunal Supremo Electoral que esto no es posible. Que eso nos demandar\u00eda entre 200 o 300 voluntarios, en tres turnos al d\u00eda y un mill\u00f3n de bolivianos o m\u00e1s para sustentar ese tipo de acci\u00f3n\u201d, sostuvo Juan Del Granado.<\/p>\n<p>El Amparo Constitucional contempla un petitorio con dos puntos: dejar sin efecto el rechazo a la solicitud de exoneraci\u00f3n de la transcripci\u00f3n de firmas y ordenar a las autoridades electorales accionadas resuelvan la solicitud que presentaron el 13 de febrero. (ANF)<\/p>\n","protected":false},"excerpt":{"rendered":"<p>El grupo de Juristas Independientes convoc\u00f3 al \u201cD\u00eda Nacional por la Justicia\u201d para que este pr\u00f3ximo domingo 16 de abril se logre completar el 1.500.000 firmas que posibilitar\u00e1n la reforma judicial mediante refer\u00e9ndum. \u201cDos cosas que le importan a la opini\u00f3n p\u00fablica. La primera es la convocatoria para este pr\u00f3ximo 16 de abril al d\u00eda [&hellip;]<\/p>\n","protected":false},"author":1,"featured_media":148168,"comment_status":"closed","ping_status":"closed","sticky":false,"template":"","format":"standard","meta":{"_acf_changed":false,"footnotes":""},"categories":[15],"tags":[],"class_list":["post-148167","post","type-post","status-publish","format-standard","has-post-thumbnail","category-portada"],"acf":{"antetitulo":""},"yoast_head":"<!-- This site is optimized with the Yoast SEO plugin v28.4 - https:\/\/yoast.com\/product\/yoast-seo-wordpress\/ -->\n<title>Convocan al &quot;D\u00eda Nacional por la Justicia&quot; en procura de firmas que posibiliten reforma judicial - El Diario - Bolivia<\/title>\n<meta name=\"robots\" content=\"index, follow, max-snippet:-1, max-image-preview:large, max-video-preview:-1\" \/>\n<link rel=\"canonical\" href=\"https:\/\/www.eldiario.net\/portal\/2023\/04\/11\/convocan-al-dia-nacional-por-la-justicia-en-procura-de-firmas-que-posibiliten-reforma-judicial\/\" \/>\n<meta property=\"og:locale\" content=\"es_ES\" \/>\n<meta property=\"og:type\" content=\"article\" \/>\n<meta property=\"og:title\" content=\"Convocan al &quot;D\u00eda Nacional por la Justicia&quot; en procura de firmas que posibiliten reforma judicial - El Diario - Bolivia\" \/>\n<meta property=\"og:description\" content=\"El grupo de Juristas Independientes convoc\u00f3 al \u201cD\u00eda Nacional por la Justicia\u201d para que este pr\u00f3ximo domingo 16 de abril se logre completar el 1.500.000 firmas que posibilitar\u00e1n la reforma judicial mediante refer\u00e9ndum. \u201cDos cosas que le importan a la opini\u00f3n p\u00fablica. La primera es la convocatoria para este pr\u00f3ximo 16 de abril al d\u00eda [&hellip;]\" \/>\n<meta property=\"og:url\" content=\"https:\/\/www.eldiario.net\/portal\/2023\/04\/11\/convocan-al-dia-nacional-por-la-justicia-en-procura-de-firmas-que-posibiliten-reforma-judicial\/\" \/>\n<meta property=\"og:site_name\" content=\"El Diario - Bolivia\" \/>\n<meta property=\"article:publisher\" content=\"https:\/\/www.facebook.com\/eldiario.bolivia\/\" \/>\n<meta property=\"article:published_time\" content=\"2023-04-11T10:19:11+00:00\" \/>\n<meta name=\"author\" content=\"Jeanette\" \/>\n<meta name=\"twitter:card\" content=\"summary_large_image\" \/>\n<meta name=\"twitter:creator\" content=\"@eldiario_net\" \/>\n<meta name=\"twitter:site\" content=\"@eldiario_net\" \/>\n<meta name=\"twitter:label1\" content=\"Escrito por\" \/>\n\t<meta name=\"twitter:data1\" content=\"Jeanette\" \/>\n\t<meta name=\"twitter:label2\" content=\"Tiempo de lectura\" \/>\n\t<meta name=\"twitter:data2\" content=\"2 minutos\" \/>\n<script type=\"application\/ld+json\" class=\"yoast-schema-graph\">{\"@context\":\"https:\\\/\\\/schema.org\",\"@graph\":[{\"@type\":\"Article\",\"@id\":\"https:\\\/\\\/www.eldiario.net\\\/portal\\\/2023\\\/04\\\/11\\\/convocan-al-dia-nacional-por-la-justicia-en-procura-de-firmas-que-posibiliten-reforma-judicial\\\/#article\",\"isPartOf\":{\"@id\":\"https:\\\/\\\/www.eldiario.net\\\/portal\\\/2023\\\/04\\\/11\\\/convocan-al-dia-nacional-por-la-justicia-en-procura-de-firmas-que-posibiliten-reforma-judicial\\\/\"},\"author\":{\"name\":\"Jeanette\",\"@id\":\"https:\\\/\\\/www.eldiario.net\\\/portal\\\/#\\\/schema\\\/person\\\/2c57cf2b7a7ae032e449e4c9b1019eac\"},\"headline\":\"Convocan al \u00abD\u00eda Nacional por la Justicia\u00bb en procura de firmas que posibiliten reforma judicial\",\"datePublished\":\"2023-04-11T10:19:11+00:00\",\"mainEntityOfPage\":{\"@id\":\"https:\\\/\\\/www.eldiario.net\\\/portal\\\/2023\\\/04\\\/11\\\/convocan-al-dia-nacional-por-la-justicia-en-procura-de-firmas-que-posibiliten-reforma-judicial\\\/\"},\"wordCount\":301,\"publisher\":{\"@id\":\"https:\\\/\\\/www.eldiario.net\\\/portal\\\/#organization\"},\"image\":{\"@id\":\"https:\\\/\\\/www.eldiario.net\\\/portal\\\/2023\\\/04\\\/11\\\/convocan-al-dia-nacional-por-la-justicia-en-procura-de-firmas-que-posibiliten-reforma-judicial\\\/#primaryimage\"},\"thumbnailUrl\":\"\",\"articleSection\":[\"Portada\"],\"inLanguage\":\"es\"},{\"@type\":\"WebPage\",\"@id\":\"https:\\\/\\\/www.eldiario.net\\\/portal\\\/2023\\\/04\\\/11\\\/convocan-al-dia-nacional-por-la-justicia-en-procura-de-firmas-que-posibiliten-reforma-judicial\\\/\",\"url\":\"https:\\\/\\\/www.eldiario.net\\\/portal\\\/2023\\\/04\\\/11\\\/convocan-al-dia-nacional-por-la-justicia-en-procura-de-firmas-que-posibiliten-reforma-judicial\\\/\",\"name\":\"Convocan al \\\"D\u00eda Nacional por la Justicia\\\" en procura de firmas que posibiliten reforma judicial - El Diario - Bolivia\",\"isPartOf\":{\"@id\":\"https:\\\/\\\/www.eldiario.net\\\/portal\\\/#website\"},\"primaryImageOfPage\":{\"@id\":\"https:\\\/\\\/www.eldiario.net\\\/portal\\\/2023\\\/04\\\/11\\\/convocan-al-dia-nacional-por-la-justicia-en-procura-de-firmas-que-posibiliten-reforma-judicial\\\/#primaryimage\"},\"image\":{\"@id\":\"https:\\\/\\\/www.eldiario.net\\\/portal\\\/2023\\\/04\\\/11\\\/convocan-al-dia-nacional-por-la-justicia-en-procura-de-firmas-que-posibiliten-reforma-judicial\\\/#primaryimage\"},\"thumbnailUrl\":\"\",\"datePublished\":\"2023-04-11T10:19:11+00:00\",\"breadcrumb\":{\"@id\":\"https:\\\/\\\/www.eldiario.net\\\/portal\\\/2023\\\/04\\\/11\\\/convocan-al-dia-nacional-por-la-justicia-en-procura-de-firmas-que-posibiliten-reforma-judicial\\\/#breadcrumb\"},\"inLanguage\":\"es\",\"potentialAction\":[{\"@type\":\"ReadAction\",\"target\":[\"https:\\\/\\\/www.eldiario.net\\\/portal\\\/2023\\\/04\\\/11\\\/convocan-al-dia-nacional-por-la-justicia-en-procura-de-firmas-que-posibiliten-reforma-judicial\\\/\"]}]},{\"@type\":\"ImageObject\",\"inLanguage\":\"es\",\"@id\":\"https:\\\/\\\/www.eldiario.net\\\/portal\\\/2023\\\/04\\\/11\\\/convocan-al-dia-nacional-por-la-justicia-en-procura-de-firmas-que-posibiliten-reforma-judicial\\\/#primaryimage\",\"url\":\"\",\"contentUrl\":\"\"},{\"@type\":\"BreadcrumbList\",\"@id\":\"https:\\\/\\\/www.eldiario.net\\\/portal\\\/2023\\\/04\\\/11\\\/convocan-al-dia-nacional-por-la-justicia-en-procura-de-firmas-que-posibiliten-reforma-judicial\\\/#breadcrumb\",\"itemListElement\":[{\"@type\":\"ListItem\",\"position\":1,\"name\":\"Portada\",\"item\":\"https:\\\/\\\/www.eldiario.net\\\/portal\\\/\"},{\"@type\":\"ListItem\",\"position\":2,\"name\":\"Convocan al \u00abD\u00eda Nacional por la Justicia\u00bb en procura de firmas que posibiliten reforma judicial\"}]},{\"@type\":\"WebSite\",\"@id\":\"https:\\\/\\\/www.eldiario.net\\\/portal\\\/#website\",\"url\":\"https:\\\/\\\/www.eldiario.net\\\/portal\\\/\",\"name\":\"El Diario - Decano de la prensa nacional\",\"description\":\"El Diario - Decano de la prensa nacional\",\"publisher\":{\"@id\":\"https:\\\/\\\/www.eldiario.net\\\/portal\\\/#organization\"},\"potentialAction\":[{\"@type\":\"SearchAction\",\"target\":{\"@type\":\"EntryPoint\",\"urlTemplate\":\"https:\\\/\\\/www.eldiario.net\\\/portal\\\/?s={search_term_string}\"},\"query-input\":{\"@type\":\"PropertyValueSpecification\",\"valueRequired\":true,\"valueName\":\"search_term_string\"}}],\"inLanguage\":\"es\"},{\"@type\":\"Organization\",\"@id\":\"https:\\\/\\\/www.eldiario.net\\\/portal\\\/#organization\",\"name\":\"El Diario - Decano de la prensa nacional\",\"url\":\"https:\\\/\\\/www.eldiario.net\\\/portal\\\/\",\"logo\":{\"@type\":\"ImageObject\",\"inLanguage\":\"es\",\"@id\":\"https:\\\/\\\/www.eldiario.net\\\/portal\\\/#\\\/schema\\\/logo\\\/image\\\/\",\"url\":\"https:\\\/\\\/www.eldiario.net\\\/portal\\\/wp-content\\\/uploads\\\/2023\\\/07\\\/logo_ED.jpg\",\"contentUrl\":\"https:\\\/\\\/www.eldiario.net\\\/portal\\\/wp-content\\\/uploads\\\/2023\\\/07\\\/logo_ED.jpg\",\"width\":272,\"height\":52,\"caption\":\"El Diario - Decano de la prensa nacional\"},\"image\":{\"@id\":\"https:\\\/\\\/www.eldiario.net\\\/portal\\\/#\\\/schema\\\/logo\\\/image\\\/\"},\"sameAs\":[\"https:\\\/\\\/www.facebook.com\\\/eldiario.bolivia\\\/\",\"https:\\\/\\\/x.com\\\/eldiario_net\"]},{\"@type\":\"Person\",\"@id\":\"https:\\\/\\\/www.eldiario.net\\\/portal\\\/#\\\/schema\\\/person\\\/2c57cf2b7a7ae032e449e4c9b1019eac\",\"name\":\"Jeanette\",\"image\":{\"@type\":\"ImageObject\",\"inLanguage\":\"es\",\"@id\":\"https:\\\/\\\/secure.gravatar.com\\\/avatar\\\/3ea2118a5f7dad2b7138b1187a6b7ee55f160b9968b66013c3a3ef39dd7e5798?s=96&d=mm&r=g\",\"url\":\"https:\\\/\\\/secure.gravatar.com\\\/avatar\\\/3ea2118a5f7dad2b7138b1187a6b7ee55f160b9968b66013c3a3ef39dd7e5798?s=96&d=mm&r=g\",\"contentUrl\":\"https:\\\/\\\/secure.gravatar.com\\\/avatar\\\/3ea2118a5f7dad2b7138b1187a6b7ee55f160b9968b66013c3a3ef39dd7e5798?s=96&d=mm&r=g\",\"caption\":\"Jeanette\"},\"sameAs\":[\"https:\\\/\\\/www.eldiario.net\\\/portal\"],\"url\":\"https:\\\/\\\/www.eldiario.net\\\/portal\\\/author\\\/jeanette\\\/\"}]}<\/script>\n<!-- \/ Yoast SEO plugin. -->","yoast_head_json":{"title":"Convocan al \"D\u00eda Nacional por la Justicia\" en procura de firmas que posibiliten reforma judicial - El Diario - Bolivia","robots":{"index":"index","follow":"follow","max-snippet":"max-snippet:-1","max-image-preview":"max-image-preview:large","max-video-preview":"max-video-preview:-1"},"canonical":"https:\/\/www.eldiario.net\/portal\/2023\/04\/11\/convocan-al-dia-nacional-por-la-justicia-en-procura-de-firmas-que-posibiliten-reforma-judicial\/","og_locale":"es_ES","og_type":"article","og_title":"Convocan al \"D\u00eda Nacional por la Justicia\" en procura de firmas que posibiliten reforma judicial - El Diario - Bolivia","og_description":"El grupo de Juristas Independientes convoc\u00f3 al \u201cD\u00eda Nacional por la Justicia\u201d para que este pr\u00f3ximo domingo 16 de abril se logre completar el 1.500.000 firmas que posibilitar\u00e1n la reforma judicial mediante refer\u00e9ndum. \u201cDos cosas que le importan a la opini\u00f3n p\u00fablica. La primera es la convocatoria para este pr\u00f3ximo 16 de abril al d\u00eda [&hellip;]","og_url":"https:\/\/www.eldiario.net\/portal\/2023\/04\/11\/convocan-al-dia-nacional-por-la-justicia-en-procura-de-firmas-que-posibiliten-reforma-judicial\/","og_site_name":"El Diario - Bolivia","article_publisher":"https:\/\/www.facebook.com\/eldiario.bolivia\/","article_published_time":"2023-04-11T10:19:11+00:00","author":"Jeanette","twitter_card":"summary_large_image","twitter_creator":"@eldiario_net","twitter_site":"@eldiario_net","twitter_misc":{"Escrito por":"Jeanette","Tiempo de lectura":"2 minutos"},"schema":{"@context":"https:\/\/schema.org","@graph":[{"@type":"Article","@id":"https:\/\/www.eldiario.net\/portal\/2023\/04\/11\/convocan-al-dia-nacional-por-la-justicia-en-procura-de-firmas-que-posibiliten-reforma-judicial\/#article","isPartOf":{"@id":"https:\/\/www.eldiario.net\/portal\/2023\/04\/11\/convocan-al-dia-nacional-por-la-justicia-en-procura-de-firmas-que-posibiliten-reforma-judicial\/"},"author":{"name":"Jeanette","@id":"https:\/\/www.eldiario.net\/portal\/#\/schema\/person\/2c57cf2b7a7ae032e449e4c9b1019eac"},"headline":"Convocan al \u00abD\u00eda Nacional por la Justicia\u00bb en procura de firmas que posibiliten reforma judicial","datePublished":"2023-04-11T10:19:11+00:00","mainEntityOfPage":{"@id":"https:\/\/www.eldiario.net\/portal\/2023\/04\/11\/convocan-al-dia-nacional-por-la-justicia-en-procura-de-firmas-que-posibiliten-reforma-judicial\/"},"wordCount":301,"publisher":{"@id":"https:\/\/www.eldiario.net\/portal\/#organization"},"image":{"@id":"https:\/\/www.eldiario.net\/portal\/2023\/04\/11\/convocan-al-dia-nacional-por-la-justicia-en-procura-de-firmas-que-posibiliten-reforma-judicial\/#primaryimage"},"thumbnailUrl":"","articleSection":["Portada"],"inLanguage":"es"},{"@type":"WebPage","@id":"https:\/\/www.eldiario.net\/portal\/2023\/04\/11\/convocan-al-dia-nacional-por-la-justicia-en-procura-de-firmas-que-posibiliten-reforma-judicial\/","url":"https:\/\/www.eldiario.net\/portal\/2023\/04\/11\/convocan-al-dia-nacional-por-la-justicia-en-procura-de-firmas-que-posibiliten-reforma-judicial\/","name":"Convocan al \"D\u00eda Nacional por la Justicia\" en procura de firmas que posibiliten reforma judicial - El Diario - Bolivia","isPartOf":{"@id":"https:\/\/www.eldiario.net\/portal\/#website"},"primaryImageOfPage":{"@id":"https:\/\/www.eldiario.net\/portal\/2023\/04\/11\/convocan-al-dia-nacional-por-la-justicia-en-procura-de-firmas-que-posibiliten-reforma-judicial\/#primaryimage"},"image":{"@id":"https:\/\/www.eldiario.net\/portal\/2023\/04\/11\/convocan-al-dia-nacional-por-la-justicia-en-procura-de-firmas-que-posibiliten-reforma-judicial\/#primaryimage"},"thumbnailUrl":"","datePublished":"2023-04-11T10:19:11+00:00","breadcrumb":{"@id":"https:\/\/www.eldiario.net\/portal\/2023\/04\/11\/convocan-al-dia-nacional-por-la-justicia-en-procura-de-firmas-que-posibiliten-reforma-judicial\/#breadcrumb"},"inLanguage":"es","potentialAction":[{"@type":"ReadAction","target":["https:\/\/www.eldiario.net\/portal\/2023\/04\/11\/convocan-al-dia-nacional-por-la-justicia-en-procura-de-firmas-que-posibiliten-reforma-judicial\/"]}]},{"@type":"ImageObject","inLanguage":"es","@id":"https:\/\/www.eldiario.net\/portal\/2023\/04\/11\/convocan-al-dia-nacional-por-la-justicia-en-procura-de-firmas-que-posibiliten-reforma-judicial\/#primaryimage","url":"","contentUrl":""},{"@type":"BreadcrumbList","@id":"https:\/\/www.eldiario.net\/portal\/2023\/04\/11\/convocan-al-dia-nacional-por-la-justicia-en-procura-de-firmas-que-posibiliten-reforma-judicial\/#breadcrumb","itemListElement":[{"@type":"ListItem","position":1,"name":"Portada","item":"https:\/\/www.eldiario.net\/portal\/"},{"@type":"ListItem","position":2,"name":"Convocan al \u00abD\u00eda Nacional por la Justicia\u00bb en procura de firmas que posibiliten reforma judicial"}]},{"@type":"WebSite","@id":"https:\/\/www.eldiario.net\/portal\/#website","url":"https:\/\/www.eldiario.net\/portal\/","name":"El Diario - Decano de la prensa nacional","description":"El Diario - Decano de la prensa nacional","publisher":{"@id":"https:\/\/www.eldiario.net\/portal\/#organization"},"potentialAction":[{"@type":"SearchAction","target":{"@type":"EntryPoint","urlTemplate":"https:\/\/www.eldiario.net\/portal\/?s={search_term_string}"},"query-input":{"@type":"PropertyValueSpecification","valueRequired":true,"valueName":"search_term_string"}}],"inLanguage":"es"},{"@type":"Organization","@id":"https:\/\/www.eldiario.net\/portal\/#organization","name":"El Diario - Decano de la prensa nacional","url":"https:\/\/www.eldiario.net\/portal\/","logo":{"@type":"ImageObject","inLanguage":"es","@id":"https:\/\/www.eldiario.net\/portal\/#\/schema\/logo\/image\/","url":"https:\/\/www.eldiario.net\/portal\/wp-content\/uploads\/2023\/07\/logo_ED.jpg","contentUrl":"https:\/\/www.eldiario.net\/portal\/wp-content\/uploads\/2023\/07\/logo_ED.jpg","width":272,"height":52,"caption":"El Diario - Decano de la prensa nacional"},"image":{"@id":"https:\/\/www.eldiario.net\/portal\/#\/schema\/logo\/image\/"},"sameAs":["https:\/\/www.facebook.com\/eldiario.bolivia\/","https:\/\/x.com\/eldiario_net"]},{"@type":"Person","@id":"https:\/\/www.eldiario.net\/portal\/#\/schema\/person\/2c57cf2b7a7ae032e449e4c9b1019eac","name":"Jeanette","image":{"@type":"ImageObject","inLanguage":"es","@id":"https:\/\/secure.gravatar.com\/avatar\/3ea2118a5f7dad2b7138b1187a6b7ee55f160b9968b66013c3a3ef39dd7e5798?s=96&d=mm&r=g","url":"https:\/\/secure.gravatar.com\/avatar\/3ea2118a5f7dad2b7138b1187a6b7ee55f160b9968b66013c3a3ef39dd7e5798?s=96&d=mm&r=g","contentUrl":"https:\/\/secure.gravatar.com\/avatar\/3ea2118a5f7dad2b7138b1187a6b7ee55f160b9968b66013c3a3ef39dd7e5798?s=96&d=mm&r=g","caption":"Jeanette"},"sameAs":["https:\/\/www.eldiario.net\/portal"],"url":"https:\/\/www.eldiario.net\/portal\/author\/jeanette\/"}]}},"_links":{"self":[{"href":"https:\/\/www.eldiario.net\/portal\/wp-json\/wp\/v2\/posts\/148167","targetHints":{"allow":["GET"]}}],"collection":[{"href":"https:\/\/www.eldiario.net\/portal\/wp-json\/wp\/v2\/posts"}],"about":[{"href":"https:\/\/www.eldiario.net\/portal\/wp-json\/wp\/v2\/types\/post"}],"author":[{"embeddable":true,"href":"https:\/\/www.eldiario.net\/portal\/wp-json\/wp\/v2\/users\/1"}],"replies":[{"embeddable":true,"href":"https:\/\/www.eldiario.net\/portal\/wp-json\/wp\/v2\/comments?post=148167"}],"version-history":[{"count":0,"href":"https:\/\/www.eldiario.net\/portal\/wp-json\/wp\/v2\/posts\/148167\/revisions"}],"wp:attachment":[{"href":"https:\/\/www.eldiario.net\/portal\/wp-json\/wp\/v2\/media?parent=148167"}],"wp:term":[{"taxonomy":"category","embeddable":true,"href":"https:\/\/www.eldiario.net\/portal\/wp-json\/wp\/v2\/categories?post=148167"},{"taxonomy":"post_tag","embeddable":true,"href":"https:\/\/www.eldiario.net\/portal\/wp-json\/wp\/v2\/tags?post=148167"}],"curies":[{"name":"wp","href":"https:\/\/api.w.org\/{rel}","templated":true}]}}