{"id":148161,"date":"2023-04-11T06:17:26","date_gmt":"2023-04-11T10:17:26","guid":{"rendered":"https:\/\/www.eldiario.net\/portal\/?p=148161"},"modified":"2023-04-11T06:17:26","modified_gmt":"2023-04-11T10:17:26","slug":"califican-de-criminal-incumplimiento-de-normas-sobre-uso-de-mercurio","status":"publish","type":"post","link":"https:\/\/www.eldiario.net\/portal\/2023\/04\/11\/califican-de-criminal-incumplimiento-de-normas-sobre-uso-de-mercurio\/","title":{"rendered":"Califican de criminal incumplimiento  de normas sobre uso de mercurio"},"content":{"rendered":"<p>La senadora de Comunidad Ciudadana (CC), Cecilia Requena, calific\u00f3 de criminal el incumplimiento de las normas sobre la importaci\u00f3n y comercializaci\u00f3n de mercurio, y que en cualquier pa\u00eds las autoridades, incluso el presidente Luis Arce, deber\u00edan ser procesadas.<\/p>\n<p>\u201cY en el caso del avasallamiento brutal, abusivo (a menudo con uso impune de armas) de #\u00c1reasProtegidas, #TerritoriosInd\u00edgenas, de #contaminaci\u00f3n irreversible de aguas y fauna acu\u00e1tica (alimentos) el incumplimiento de normas existentes es criminal e irreversible\u201d, afirm\u00f3 Requena en su cuenta de Twitter.<\/p>\n<p>La legisladora hizo menci\u00f3n a la problem\u00e1tica del mercurio en varios de sus mensajes, critic\u00f3 que las autoridades no respondan por los presuntos delitos en medio de la impunidad por el uso y comercializaci\u00f3n del mercurio en la miner\u00eda aur\u00edfera.<\/p>\n<p>\u201cEn cualquier pa\u00eds con un sistema judicial m\u00ednimamente funcional, estas autoridades, incluyendo al Pdte del Estado, estar\u00edan respondiendo ante la justicia por varios delitos. Aqu\u00ed, en la #Bolivia a\u00fan m\u00e1s ca\u00f3tica e impune que ha construido el #MAS, esta gente no responde por el horror\u201d, cuestion\u00f3.<\/p>\n<p>La legisladora cree que indigna este Estado y sus autoridades \u201cincapaces\u201d de cumplir con sus deberes m\u00e1s elementales. \u201cNo est\u00e1n en emergencia por creciente #etno y #ecocidio generado por ellos mismos v\u00eda ley 535. \u00a1Demorar\u00e1n a\u00f1os en proyectos en vez de controlar ahora ingreso, comercio y uso de mercurio!\u201d.<\/p>\n<p>Reaccion\u00f3 en esos t\u00e9rminos despu\u00e9s que el viceministro de Medio Ambiente, Magin Herrera, dijo que el plan nacional de acci\u00f3n ha comenzado a recoger sus primeras experiencias en la Cooperativa Minera Bolsa Negra, para dise\u00f1ar un programa nacional que vaya a reducir el uso del mercurio en la actividad minera.<\/p>\n<p>Desde que Bolivia ratific\u00f3 el Convenio de Minamata ha transcurrido ocho a\u00f1os, la Organizaci\u00f3n de Naciones Unidas conmin\u00f3 al Estado a presentar el plan en mayo del a\u00f1o pasado, pero ese plazo venci\u00f3 sin que se cumpla.<\/p>\n<p>La senadora Requena apunt\u00f3 a ese tema \u201cEstamos en grave retraso en el cumplimiento al #ConvenioDeMinamata q exige reducci\u00f3n\/eliminaci\u00f3n del #mercurio\u201d.<\/p>\n<p>La ANF hace dos semanas public\u00f3 un reportaje sobre la ruta de comercializaci\u00f3n del mercurio, la importaci\u00f3n es libre al igual que la venta al interior del pa\u00eds. Este medio intent\u00f3 hablar del tema con la Aduana Nacional, pero esta no acept\u00f3 una entrevista por asuntos de agenda.<\/p>\n<p>\u201cLa Aduana debe controlar \u00a1Ya mismo! su descomunal importaci\u00f3n. \u00a1Somos mayor importador del mundo de uno de los peores venenos para #salud humana y ambiental!\u201d, dijo Requena.<\/p>\n<p>A\u00f1adi\u00f3 que \u201cEs posible vender, comprar y fraccionar mercurio y hasta quemar amalgamas en las calles de nuestras ciudades, sin ninguna atenci\u00f3n al que el mercurio en estado gaseoso es tremendamente t\u00f3xico. Solo motivos inconfesables les impide controlar\u201d. (ANF)<\/p>\n","protected":false},"excerpt":{"rendered":"<p>La senadora de Comunidad Ciudadana (CC), Cecilia Requena, calific\u00f3 de criminal el incumplimiento de las normas sobre la importaci\u00f3n y comercializaci\u00f3n de mercurio, y que en cualquier pa\u00eds las autoridades, incluso el presidente Luis Arce, deber\u00edan ser procesadas. \u201cY en el caso del avasallamiento brutal, abusivo (a menudo con uso impune de armas) de #\u00c1reasProtegidas, [&hellip;]<\/p>\n","protected":false},"author":1,"featured_media":148162,"comment_status":"closed","ping_status":"closed","sticky":false,"template":"","format":"standard","meta":{"_acf_changed":false,"footnotes":""},"categories":[15],"tags":[],"class_list":["post-148161","post","type-post","status-publish","format-standard","has-post-thumbnail","category-portada"],"acf":{"antetitulo":""},"yoast_head":"<!-- This site is optimized with the Yoast SEO plugin v28.4 - https:\/\/yoast.com\/product\/yoast-seo-wordpress\/ -->\n<title>Califican de criminal incumplimiento de normas sobre uso de mercurio - El Diario - Bolivia<\/title>\n<meta name=\"robots\" content=\"index, follow, max-snippet:-1, max-image-preview:large, max-video-preview:-1\" \/>\n<link rel=\"canonical\" href=\"https:\/\/www.eldiario.net\/portal\/2023\/04\/11\/califican-de-criminal-incumplimiento-de-normas-sobre-uso-de-mercurio\/\" \/>\n<meta property=\"og:locale\" content=\"es_ES\" \/>\n<meta property=\"og:type\" content=\"article\" \/>\n<meta property=\"og:title\" content=\"Califican de criminal incumplimiento de normas sobre uso de mercurio - El Diario - Bolivia\" \/>\n<meta property=\"og:description\" content=\"La senadora de Comunidad Ciudadana (CC), Cecilia Requena, calific\u00f3 de criminal el incumplimiento de las normas sobre la importaci\u00f3n y comercializaci\u00f3n de mercurio, y que en cualquier pa\u00eds las autoridades, incluso el presidente Luis Arce, deber\u00edan ser procesadas. \u201cY en el caso del avasallamiento brutal, abusivo (a menudo con uso impune de armas) de #\u00c1reasProtegidas, [&hellip;]\" \/>\n<meta property=\"og:url\" content=\"https:\/\/www.eldiario.net\/portal\/2023\/04\/11\/califican-de-criminal-incumplimiento-de-normas-sobre-uso-de-mercurio\/\" \/>\n<meta property=\"og:site_name\" content=\"El Diario - Bolivia\" \/>\n<meta property=\"article:publisher\" content=\"https:\/\/www.facebook.com\/eldiario.bolivia\/\" \/>\n<meta property=\"article:published_time\" content=\"2023-04-11T10:17:26+00:00\" \/>\n<meta name=\"author\" content=\"Jeanette\" \/>\n<meta name=\"twitter:card\" content=\"summary_large_image\" \/>\n<meta name=\"twitter:creator\" content=\"@eldiario_net\" \/>\n<meta name=\"twitter:site\" content=\"@eldiario_net\" \/>\n<meta name=\"twitter:label1\" content=\"Escrito por\" \/>\n\t<meta name=\"twitter:data1\" content=\"Jeanette\" \/>\n\t<meta name=\"twitter:label2\" content=\"Tiempo de lectura\" \/>\n\t<meta name=\"twitter:data2\" content=\"3 minutos\" \/>\n<script type=\"application\/ld+json\" class=\"yoast-schema-graph\">{\"@context\":\"https:\\\/\\\/schema.org\",\"@graph\":[{\"@type\":\"Article\",\"@id\":\"https:\\\/\\\/www.eldiario.net\\\/portal\\\/2023\\\/04\\\/11\\\/califican-de-criminal-incumplimiento-de-normas-sobre-uso-de-mercurio\\\/#article\",\"isPartOf\":{\"@id\":\"https:\\\/\\\/www.eldiario.net\\\/portal\\\/2023\\\/04\\\/11\\\/califican-de-criminal-incumplimiento-de-normas-sobre-uso-de-mercurio\\\/\"},\"author\":{\"name\":\"Jeanette\",\"@id\":\"https:\\\/\\\/www.eldiario.net\\\/portal\\\/#\\\/schema\\\/person\\\/2c57cf2b7a7ae032e449e4c9b1019eac\"},\"headline\":\"Califican de criminal incumplimiento de normas sobre uso de mercurio\",\"datePublished\":\"2023-04-11T10:17:26+00:00\",\"mainEntityOfPage\":{\"@id\":\"https:\\\/\\\/www.eldiario.net\\\/portal\\\/2023\\\/04\\\/11\\\/califican-de-criminal-incumplimiento-de-normas-sobre-uso-de-mercurio\\\/\"},\"wordCount\":487,\"publisher\":{\"@id\":\"https:\\\/\\\/www.eldiario.net\\\/portal\\\/#organization\"},\"image\":{\"@id\":\"https:\\\/\\\/www.eldiario.net\\\/portal\\\/2023\\\/04\\\/11\\\/califican-de-criminal-incumplimiento-de-normas-sobre-uso-de-mercurio\\\/#primaryimage\"},\"thumbnailUrl\":\"\",\"articleSection\":[\"Portada\"],\"inLanguage\":\"es\"},{\"@type\":\"WebPage\",\"@id\":\"https:\\\/\\\/www.eldiario.net\\\/portal\\\/2023\\\/04\\\/11\\\/califican-de-criminal-incumplimiento-de-normas-sobre-uso-de-mercurio\\\/\",\"url\":\"https:\\\/\\\/www.eldiario.net\\\/portal\\\/2023\\\/04\\\/11\\\/califican-de-criminal-incumplimiento-de-normas-sobre-uso-de-mercurio\\\/\",\"name\":\"Califican de criminal incumplimiento de normas sobre uso de mercurio - El Diario - Bolivia\",\"isPartOf\":{\"@id\":\"https:\\\/\\\/www.eldiario.net\\\/portal\\\/#website\"},\"primaryImageOfPage\":{\"@id\":\"https:\\\/\\\/www.eldiario.net\\\/portal\\\/2023\\\/04\\\/11\\\/califican-de-criminal-incumplimiento-de-normas-sobre-uso-de-mercurio\\\/#primaryimage\"},\"image\":{\"@id\":\"https:\\\/\\\/www.eldiario.net\\\/portal\\\/2023\\\/04\\\/11\\\/califican-de-criminal-incumplimiento-de-normas-sobre-uso-de-mercurio\\\/#primaryimage\"},\"thumbnailUrl\":\"\",\"datePublished\":\"2023-04-11T10:17:26+00:00\",\"breadcrumb\":{\"@id\":\"https:\\\/\\\/www.eldiario.net\\\/portal\\\/2023\\\/04\\\/11\\\/califican-de-criminal-incumplimiento-de-normas-sobre-uso-de-mercurio\\\/#breadcrumb\"},\"inLanguage\":\"es\",\"potentialAction\":[{\"@type\":\"ReadAction\",\"target\":[\"https:\\\/\\\/www.eldiario.net\\\/portal\\\/2023\\\/04\\\/11\\\/califican-de-criminal-incumplimiento-de-normas-sobre-uso-de-mercurio\\\/\"]}]},{\"@type\":\"ImageObject\",\"inLanguage\":\"es\",\"@id\":\"https:\\\/\\\/www.eldiario.net\\\/portal\\\/2023\\\/04\\\/11\\\/califican-de-criminal-incumplimiento-de-normas-sobre-uso-de-mercurio\\\/#primaryimage\",\"url\":\"\",\"contentUrl\":\"\"},{\"@type\":\"BreadcrumbList\",\"@id\":\"https:\\\/\\\/www.eldiario.net\\\/portal\\\/2023\\\/04\\\/11\\\/califican-de-criminal-incumplimiento-de-normas-sobre-uso-de-mercurio\\\/#breadcrumb\",\"itemListElement\":[{\"@type\":\"ListItem\",\"position\":1,\"name\":\"Portada\",\"item\":\"https:\\\/\\\/www.eldiario.net\\\/portal\\\/\"},{\"@type\":\"ListItem\",\"position\":2,\"name\":\"Califican de criminal incumplimiento de normas sobre uso de mercurio\"}]},{\"@type\":\"WebSite\",\"@id\":\"https:\\\/\\\/www.eldiario.net\\\/portal\\\/#website\",\"url\":\"https:\\\/\\\/www.eldiario.net\\\/portal\\\/\",\"name\":\"El Diario - Decano de la prensa nacional\",\"description\":\"El Diario - Decano de la prensa nacional\",\"publisher\":{\"@id\":\"https:\\\/\\\/www.eldiario.net\\\/portal\\\/#organization\"},\"potentialAction\":[{\"@type\":\"SearchAction\",\"target\":{\"@type\":\"EntryPoint\",\"urlTemplate\":\"https:\\\/\\\/www.eldiario.net\\\/portal\\\/?s={search_term_string}\"},\"query-input\":{\"@type\":\"PropertyValueSpecification\",\"valueRequired\":true,\"valueName\":\"search_term_string\"}}],\"inLanguage\":\"es\"},{\"@type\":\"Organization\",\"@id\":\"https:\\\/\\\/www.eldiario.net\\\/portal\\\/#organization\",\"name\":\"El Diario - Decano de la prensa nacional\",\"url\":\"https:\\\/\\\/www.eldiario.net\\\/portal\\\/\",\"logo\":{\"@type\":\"ImageObject\",\"inLanguage\":\"es\",\"@id\":\"https:\\\/\\\/www.eldiario.net\\\/portal\\\/#\\\/schema\\\/logo\\\/image\\\/\",\"url\":\"https:\\\/\\\/www.eldiario.net\\\/portal\\\/wp-content\\\/uploads\\\/2023\\\/07\\\/logo_ED.jpg\",\"contentUrl\":\"https:\\\/\\\/www.eldiario.net\\\/portal\\\/wp-content\\\/uploads\\\/2023\\\/07\\\/logo_ED.jpg\",\"width\":272,\"height\":52,\"caption\":\"El Diario - Decano de la prensa nacional\"},\"image\":{\"@id\":\"https:\\\/\\\/www.eldiario.net\\\/portal\\\/#\\\/schema\\\/logo\\\/image\\\/\"},\"sameAs\":[\"https:\\\/\\\/www.facebook.com\\\/eldiario.bolivia\\\/\",\"https:\\\/\\\/x.com\\\/eldiario_net\"]},{\"@type\":\"Person\",\"@id\":\"https:\\\/\\\/www.eldiario.net\\\/portal\\\/#\\\/schema\\\/person\\\/2c57cf2b7a7ae032e449e4c9b1019eac\",\"name\":\"Jeanette\",\"image\":{\"@type\":\"ImageObject\",\"inLanguage\":\"es\",\"@id\":\"https:\\\/\\\/secure.gravatar.com\\\/avatar\\\/3ea2118a5f7dad2b7138b1187a6b7ee55f160b9968b66013c3a3ef39dd7e5798?s=96&d=mm&r=g\",\"url\":\"https:\\\/\\\/secure.gravatar.com\\\/avatar\\\/3ea2118a5f7dad2b7138b1187a6b7ee55f160b9968b66013c3a3ef39dd7e5798?s=96&d=mm&r=g\",\"contentUrl\":\"https:\\\/\\\/secure.gravatar.com\\\/avatar\\\/3ea2118a5f7dad2b7138b1187a6b7ee55f160b9968b66013c3a3ef39dd7e5798?s=96&d=mm&r=g\",\"caption\":\"Jeanette\"},\"sameAs\":[\"https:\\\/\\\/www.eldiario.net\\\/portal\"],\"url\":\"https:\\\/\\\/www.eldiario.net\\\/portal\\\/author\\\/jeanette\\\/\"}]}<\/script>\n<!-- \/ Yoast SEO plugin. -->","yoast_head_json":{"title":"Califican de criminal incumplimiento de normas sobre uso de mercurio - El Diario - Bolivia","robots":{"index":"index","follow":"follow","max-snippet":"max-snippet:-1","max-image-preview":"max-image-preview:large","max-video-preview":"max-video-preview:-1"},"canonical":"https:\/\/www.eldiario.net\/portal\/2023\/04\/11\/califican-de-criminal-incumplimiento-de-normas-sobre-uso-de-mercurio\/","og_locale":"es_ES","og_type":"article","og_title":"Califican de criminal incumplimiento de normas sobre uso de mercurio - El Diario - Bolivia","og_description":"La senadora de Comunidad Ciudadana (CC), Cecilia Requena, calific\u00f3 de criminal el incumplimiento de las normas sobre la importaci\u00f3n y comercializaci\u00f3n de mercurio, y que en cualquier pa\u00eds las autoridades, incluso el presidente Luis Arce, deber\u00edan ser procesadas. \u201cY en el caso del avasallamiento brutal, abusivo (a menudo con uso impune de armas) de #\u00c1reasProtegidas, [&hellip;]","og_url":"https:\/\/www.eldiario.net\/portal\/2023\/04\/11\/califican-de-criminal-incumplimiento-de-normas-sobre-uso-de-mercurio\/","og_site_name":"El Diario - Bolivia","article_publisher":"https:\/\/www.facebook.com\/eldiario.bolivia\/","article_published_time":"2023-04-11T10:17:26+00:00","author":"Jeanette","twitter_card":"summary_large_image","twitter_creator":"@eldiario_net","twitter_site":"@eldiario_net","twitter_misc":{"Escrito por":"Jeanette","Tiempo de lectura":"3 minutos"},"schema":{"@context":"https:\/\/schema.org","@graph":[{"@type":"Article","@id":"https:\/\/www.eldiario.net\/portal\/2023\/04\/11\/califican-de-criminal-incumplimiento-de-normas-sobre-uso-de-mercurio\/#article","isPartOf":{"@id":"https:\/\/www.eldiario.net\/portal\/2023\/04\/11\/califican-de-criminal-incumplimiento-de-normas-sobre-uso-de-mercurio\/"},"author":{"name":"Jeanette","@id":"https:\/\/www.eldiario.net\/portal\/#\/schema\/person\/2c57cf2b7a7ae032e449e4c9b1019eac"},"headline":"Califican de criminal incumplimiento de normas sobre uso de mercurio","datePublished":"2023-04-11T10:17:26+00:00","mainEntityOfPage":{"@id":"https:\/\/www.eldiario.net\/portal\/2023\/04\/11\/califican-de-criminal-incumplimiento-de-normas-sobre-uso-de-mercurio\/"},"wordCount":487,"publisher":{"@id":"https:\/\/www.eldiario.net\/portal\/#organization"},"image":{"@id":"https:\/\/www.eldiario.net\/portal\/2023\/04\/11\/califican-de-criminal-incumplimiento-de-normas-sobre-uso-de-mercurio\/#primaryimage"},"thumbnailUrl":"","articleSection":["Portada"],"inLanguage":"es"},{"@type":"WebPage","@id":"https:\/\/www.eldiario.net\/portal\/2023\/04\/11\/califican-de-criminal-incumplimiento-de-normas-sobre-uso-de-mercurio\/","url":"https:\/\/www.eldiario.net\/portal\/2023\/04\/11\/califican-de-criminal-incumplimiento-de-normas-sobre-uso-de-mercurio\/","name":"Califican de criminal incumplimiento de normas sobre uso de mercurio - El Diario - Bolivia","isPartOf":{"@id":"https:\/\/www.eldiario.net\/portal\/#website"},"primaryImageOfPage":{"@id":"https:\/\/www.eldiario.net\/portal\/2023\/04\/11\/califican-de-criminal-incumplimiento-de-normas-sobre-uso-de-mercurio\/#primaryimage"},"image":{"@id":"https:\/\/www.eldiario.net\/portal\/2023\/04\/11\/califican-de-criminal-incumplimiento-de-normas-sobre-uso-de-mercurio\/#primaryimage"},"thumbnailUrl":"","datePublished":"2023-04-11T10:17:26+00:00","breadcrumb":{"@id":"https:\/\/www.eldiario.net\/portal\/2023\/04\/11\/califican-de-criminal-incumplimiento-de-normas-sobre-uso-de-mercurio\/#breadcrumb"},"inLanguage":"es","potentialAction":[{"@type":"ReadAction","target":["https:\/\/www.eldiario.net\/portal\/2023\/04\/11\/califican-de-criminal-incumplimiento-de-normas-sobre-uso-de-mercurio\/"]}]},{"@type":"ImageObject","inLanguage":"es","@id":"https:\/\/www.eldiario.net\/portal\/2023\/04\/11\/califican-de-criminal-incumplimiento-de-normas-sobre-uso-de-mercurio\/#primaryimage","url":"","contentUrl":""},{"@type":"BreadcrumbList","@id":"https:\/\/www.eldiario.net\/portal\/2023\/04\/11\/califican-de-criminal-incumplimiento-de-normas-sobre-uso-de-mercurio\/#breadcrumb","itemListElement":[{"@type":"ListItem","position":1,"name":"Portada","item":"https:\/\/www.eldiario.net\/portal\/"},{"@type":"ListItem","position":2,"name":"Califican de criminal incumplimiento de normas sobre uso de mercurio"}]},{"@type":"WebSite","@id":"https:\/\/www.eldiario.net\/portal\/#website","url":"https:\/\/www.eldiario.net\/portal\/","name":"El Diario - Decano de la prensa nacional","description":"El Diario - Decano de la prensa nacional","publisher":{"@id":"https:\/\/www.eldiario.net\/portal\/#organization"},"potentialAction":[{"@type":"SearchAction","target":{"@type":"EntryPoint","urlTemplate":"https:\/\/www.eldiario.net\/portal\/?s={search_term_string}"},"query-input":{"@type":"PropertyValueSpecification","valueRequired":true,"valueName":"search_term_string"}}],"inLanguage":"es"},{"@type":"Organization","@id":"https:\/\/www.eldiario.net\/portal\/#organization","name":"El Diario - Decano de la prensa nacional","url":"https:\/\/www.eldiario.net\/portal\/","logo":{"@type":"ImageObject","inLanguage":"es","@id":"https:\/\/www.eldiario.net\/portal\/#\/schema\/logo\/image\/","url":"https:\/\/www.eldiario.net\/portal\/wp-content\/uploads\/2023\/07\/logo_ED.jpg","contentUrl":"https:\/\/www.eldiario.net\/portal\/wp-content\/uploads\/2023\/07\/logo_ED.jpg","width":272,"height":52,"caption":"El Diario - Decano de la prensa nacional"},"image":{"@id":"https:\/\/www.eldiario.net\/portal\/#\/schema\/logo\/image\/"},"sameAs":["https:\/\/www.facebook.com\/eldiario.bolivia\/","https:\/\/x.com\/eldiario_net"]},{"@type":"Person","@id":"https:\/\/www.eldiario.net\/portal\/#\/schema\/person\/2c57cf2b7a7ae032e449e4c9b1019eac","name":"Jeanette","image":{"@type":"ImageObject","inLanguage":"es","@id":"https:\/\/secure.gravatar.com\/avatar\/3ea2118a5f7dad2b7138b1187a6b7ee55f160b9968b66013c3a3ef39dd7e5798?s=96&d=mm&r=g","url":"https:\/\/secure.gravatar.com\/avatar\/3ea2118a5f7dad2b7138b1187a6b7ee55f160b9968b66013c3a3ef39dd7e5798?s=96&d=mm&r=g","contentUrl":"https:\/\/secure.gravatar.com\/avatar\/3ea2118a5f7dad2b7138b1187a6b7ee55f160b9968b66013c3a3ef39dd7e5798?s=96&d=mm&r=g","caption":"Jeanette"},"sameAs":["https:\/\/www.eldiario.net\/portal"],"url":"https:\/\/www.eldiario.net\/portal\/author\/jeanette\/"}]}},"_links":{"self":[{"href":"https:\/\/www.eldiario.net\/portal\/wp-json\/wp\/v2\/posts\/148161","targetHints":{"allow":["GET"]}}],"collection":[{"href":"https:\/\/www.eldiario.net\/portal\/wp-json\/wp\/v2\/posts"}],"about":[{"href":"https:\/\/www.eldiario.net\/portal\/wp-json\/wp\/v2\/types\/post"}],"author":[{"embeddable":true,"href":"https:\/\/www.eldiario.net\/portal\/wp-json\/wp\/v2\/users\/1"}],"replies":[{"embeddable":true,"href":"https:\/\/www.eldiario.net\/portal\/wp-json\/wp\/v2\/comments?post=148161"}],"version-history":[{"count":0,"href":"https:\/\/www.eldiario.net\/portal\/wp-json\/wp\/v2\/posts\/148161\/revisions"}],"wp:attachment":[{"href":"https:\/\/www.eldiario.net\/portal\/wp-json\/wp\/v2\/media?parent=148161"}],"wp:term":[{"taxonomy":"category","embeddable":true,"href":"https:\/\/www.eldiario.net\/portal\/wp-json\/wp\/v2\/categories?post=148161"},{"taxonomy":"post_tag","embeddable":true,"href":"https:\/\/www.eldiario.net\/portal\/wp-json\/wp\/v2\/tags?post=148161"}],"curies":[{"name":"wp","href":"https:\/\/api.w.org\/{rel}","templated":true}]}}