{"id":148157,"date":"2023-04-11T06:16:37","date_gmt":"2023-04-11T10:16:37","guid":{"rendered":"https:\/\/www.eldiario.net\/portal\/?p=148157"},"modified":"2023-04-11T06:16:37","modified_gmt":"2023-04-11T10:16:37","slug":"se-cumplen-dos-meses-desde-que-no-se-tienen-datos-de-las-reservas-internacionales","status":"publish","type":"post","link":"https:\/\/www.eldiario.net\/portal\/2023\/04\/11\/se-cumplen-dos-meses-desde-que-no-se-tienen-datos-de-las-reservas-internacionales\/","title":{"rendered":"Se cumplen dos meses desde que no se  tienen datos de las Reservas Internacionales"},"content":{"rendered":"<p>El Banco Central de Bolivia (BCB) no emite informaci\u00f3n de las Reservas Internacionales desde el 8 de febrero, pasaron dos meses sin que el ente emisor difunda nuevos datos en un clima de incertidumbre sobre la econom\u00eda boliviana que sufre una escasez de d\u00f3lares en el mercado nacional.<\/p>\n<p>Seg\u00fan el cronograma del propio BCB, la informaci\u00f3n de las Reservas Internacionales Netas deber\u00eda difundirse cada viernes; pero este reporte dej\u00f3 de difundirse desde el 17 de febrero, d\u00eda en que informaron que ten\u00edan datos al 8 de febrero.<\/p>\n<p>\u201cSe informa que al 8 de febrero de 2023 las Reservas Internacionales Netas (RIN) se mantienen estables y se ubican en $us3.538 millones, monto que cumple con los par\u00e1metros referenciales para la administraci\u00f3n de reservas determinados por organismos internacionales, cubriendo m\u00e1s de tres meses de importaciones de bienes y servicios, y m\u00e1s de dos veces el servicio de la deuda externa de corto plazo\u201d, dec\u00eda el comunicado del BCB el 17 de febrero.<\/p>\n<p>Seg\u00fan el analista y exdirectivo del BCB Jos\u00e9 Gabriel Espinoza, difundir los datos de las RIN podr\u00eda incomodar al Gobierno y debilitar su discurso de estabilidad econ\u00f3mica; sin embargo, advirti\u00f3 que los funcionarios del BCB estar\u00edan incumpliendo deberes y funciones que ya est\u00e1n establecidos en los manuales y reglamentos del ente emisor.<\/p>\n<p>El exdirectivo tambi\u00e9n resalt\u00f3, en una anterior entrevista, que tampoco se difunden datos de los balances y la deuda interna. (ANF)<\/p>\n","protected":false},"excerpt":{"rendered":"<p>El Banco Central de Bolivia (BCB) no emite informaci\u00f3n de las Reservas Internacionales desde el 8 de febrero, pasaron dos meses sin que el ente emisor difunda nuevos datos en un clima de incertidumbre sobre la econom\u00eda boliviana que sufre una escasez de d\u00f3lares en el mercado nacional. Seg\u00fan el cronograma del propio BCB, la [&hellip;]<\/p>\n","protected":false},"author":1,"featured_media":148158,"comment_status":"closed","ping_status":"closed","sticky":false,"template":"","format":"standard","meta":{"_acf_changed":false,"footnotes":""},"categories":[15],"tags":[],"class_list":["post-148157","post","type-post","status-publish","format-standard","has-post-thumbnail","category-portada"],"acf":{"antetitulo":""},"yoast_head":"<!-- This site is optimized with the Yoast SEO plugin v28.4 - https:\/\/yoast.com\/product\/yoast-seo-wordpress\/ -->\n<title>Se cumplen dos meses desde que no se tienen datos de las Reservas Internacionales - El Diario - Bolivia<\/title>\n<meta name=\"robots\" content=\"index, follow, max-snippet:-1, max-image-preview:large, max-video-preview:-1\" \/>\n<link rel=\"canonical\" href=\"https:\/\/www.eldiario.net\/portal\/2023\/04\/11\/se-cumplen-dos-meses-desde-que-no-se-tienen-datos-de-las-reservas-internacionales\/\" \/>\n<meta property=\"og:locale\" content=\"es_ES\" \/>\n<meta property=\"og:type\" content=\"article\" \/>\n<meta property=\"og:title\" content=\"Se cumplen dos meses desde que no se tienen datos de las Reservas Internacionales - El Diario - Bolivia\" \/>\n<meta property=\"og:description\" content=\"El Banco Central de Bolivia (BCB) no emite informaci\u00f3n de las Reservas Internacionales desde el 8 de febrero, pasaron dos meses sin que el ente emisor difunda nuevos datos en un clima de incertidumbre sobre la econom\u00eda boliviana que sufre una escasez de d\u00f3lares en el mercado nacional. Seg\u00fan el cronograma del propio BCB, la [&hellip;]\" \/>\n<meta property=\"og:url\" content=\"https:\/\/www.eldiario.net\/portal\/2023\/04\/11\/se-cumplen-dos-meses-desde-que-no-se-tienen-datos-de-las-reservas-internacionales\/\" \/>\n<meta property=\"og:site_name\" content=\"El Diario - Bolivia\" \/>\n<meta property=\"article:publisher\" content=\"https:\/\/www.facebook.com\/eldiario.bolivia\/\" \/>\n<meta property=\"article:published_time\" content=\"2023-04-11T10:16:37+00:00\" \/>\n<meta name=\"author\" content=\"Jeanette\" \/>\n<meta name=\"twitter:card\" content=\"summary_large_image\" \/>\n<meta name=\"twitter:creator\" content=\"@eldiario_net\" \/>\n<meta name=\"twitter:site\" content=\"@eldiario_net\" \/>\n<meta name=\"twitter:label1\" content=\"Escrito por\" \/>\n\t<meta name=\"twitter:data1\" content=\"Jeanette\" \/>\n\t<meta name=\"twitter:label2\" content=\"Tiempo de lectura\" \/>\n\t<meta name=\"twitter:data2\" content=\"2 minutos\" \/>\n<script type=\"application\/ld+json\" class=\"yoast-schema-graph\">{\"@context\":\"https:\\\/\\\/schema.org\",\"@graph\":[{\"@type\":\"Article\",\"@id\":\"https:\\\/\\\/www.eldiario.net\\\/portal\\\/2023\\\/04\\\/11\\\/se-cumplen-dos-meses-desde-que-no-se-tienen-datos-de-las-reservas-internacionales\\\/#article\",\"isPartOf\":{\"@id\":\"https:\\\/\\\/www.eldiario.net\\\/portal\\\/2023\\\/04\\\/11\\\/se-cumplen-dos-meses-desde-que-no-se-tienen-datos-de-las-reservas-internacionales\\\/\"},\"author\":{\"name\":\"Jeanette\",\"@id\":\"https:\\\/\\\/www.eldiario.net\\\/portal\\\/#\\\/schema\\\/person\\\/2c57cf2b7a7ae032e449e4c9b1019eac\"},\"headline\":\"Se cumplen dos meses desde que no se tienen datos de las Reservas Internacionales\",\"datePublished\":\"2023-04-11T10:16:37+00:00\",\"mainEntityOfPage\":{\"@id\":\"https:\\\/\\\/www.eldiario.net\\\/portal\\\/2023\\\/04\\\/11\\\/se-cumplen-dos-meses-desde-que-no-se-tienen-datos-de-las-reservas-internacionales\\\/\"},\"wordCount\":260,\"publisher\":{\"@id\":\"https:\\\/\\\/www.eldiario.net\\\/portal\\\/#organization\"},\"image\":{\"@id\":\"https:\\\/\\\/www.eldiario.net\\\/portal\\\/2023\\\/04\\\/11\\\/se-cumplen-dos-meses-desde-que-no-se-tienen-datos-de-las-reservas-internacionales\\\/#primaryimage\"},\"thumbnailUrl\":\"\",\"articleSection\":[\"Portada\"],\"inLanguage\":\"es\"},{\"@type\":\"WebPage\",\"@id\":\"https:\\\/\\\/www.eldiario.net\\\/portal\\\/2023\\\/04\\\/11\\\/se-cumplen-dos-meses-desde-que-no-se-tienen-datos-de-las-reservas-internacionales\\\/\",\"url\":\"https:\\\/\\\/www.eldiario.net\\\/portal\\\/2023\\\/04\\\/11\\\/se-cumplen-dos-meses-desde-que-no-se-tienen-datos-de-las-reservas-internacionales\\\/\",\"name\":\"Se cumplen dos meses desde que no se tienen datos de las Reservas Internacionales - El Diario - Bolivia\",\"isPartOf\":{\"@id\":\"https:\\\/\\\/www.eldiario.net\\\/portal\\\/#website\"},\"primaryImageOfPage\":{\"@id\":\"https:\\\/\\\/www.eldiario.net\\\/portal\\\/2023\\\/04\\\/11\\\/se-cumplen-dos-meses-desde-que-no-se-tienen-datos-de-las-reservas-internacionales\\\/#primaryimage\"},\"image\":{\"@id\":\"https:\\\/\\\/www.eldiario.net\\\/portal\\\/2023\\\/04\\\/11\\\/se-cumplen-dos-meses-desde-que-no-se-tienen-datos-de-las-reservas-internacionales\\\/#primaryimage\"},\"thumbnailUrl\":\"\",\"datePublished\":\"2023-04-11T10:16:37+00:00\",\"breadcrumb\":{\"@id\":\"https:\\\/\\\/www.eldiario.net\\\/portal\\\/2023\\\/04\\\/11\\\/se-cumplen-dos-meses-desde-que-no-se-tienen-datos-de-las-reservas-internacionales\\\/#breadcrumb\"},\"inLanguage\":\"es\",\"potentialAction\":[{\"@type\":\"ReadAction\",\"target\":[\"https:\\\/\\\/www.eldiario.net\\\/portal\\\/2023\\\/04\\\/11\\\/se-cumplen-dos-meses-desde-que-no-se-tienen-datos-de-las-reservas-internacionales\\\/\"]}]},{\"@type\":\"ImageObject\",\"inLanguage\":\"es\",\"@id\":\"https:\\\/\\\/www.eldiario.net\\\/portal\\\/2023\\\/04\\\/11\\\/se-cumplen-dos-meses-desde-que-no-se-tienen-datos-de-las-reservas-internacionales\\\/#primaryimage\",\"url\":\"\",\"contentUrl\":\"\"},{\"@type\":\"BreadcrumbList\",\"@id\":\"https:\\\/\\\/www.eldiario.net\\\/portal\\\/2023\\\/04\\\/11\\\/se-cumplen-dos-meses-desde-que-no-se-tienen-datos-de-las-reservas-internacionales\\\/#breadcrumb\",\"itemListElement\":[{\"@type\":\"ListItem\",\"position\":1,\"name\":\"Portada\",\"item\":\"https:\\\/\\\/www.eldiario.net\\\/portal\\\/\"},{\"@type\":\"ListItem\",\"position\":2,\"name\":\"Se cumplen dos meses desde que no se tienen datos de las Reservas Internacionales\"}]},{\"@type\":\"WebSite\",\"@id\":\"https:\\\/\\\/www.eldiario.net\\\/portal\\\/#website\",\"url\":\"https:\\\/\\\/www.eldiario.net\\\/portal\\\/\",\"name\":\"El Diario - Decano de la prensa nacional\",\"description\":\"El Diario - Decano de la prensa nacional\",\"publisher\":{\"@id\":\"https:\\\/\\\/www.eldiario.net\\\/portal\\\/#organization\"},\"potentialAction\":[{\"@type\":\"SearchAction\",\"target\":{\"@type\":\"EntryPoint\",\"urlTemplate\":\"https:\\\/\\\/www.eldiario.net\\\/portal\\\/?s={search_term_string}\"},\"query-input\":{\"@type\":\"PropertyValueSpecification\",\"valueRequired\":true,\"valueName\":\"search_term_string\"}}],\"inLanguage\":\"es\"},{\"@type\":\"Organization\",\"@id\":\"https:\\\/\\\/www.eldiario.net\\\/portal\\\/#organization\",\"name\":\"El Diario - Decano de la prensa nacional\",\"url\":\"https:\\\/\\\/www.eldiario.net\\\/portal\\\/\",\"logo\":{\"@type\":\"ImageObject\",\"inLanguage\":\"es\",\"@id\":\"https:\\\/\\\/www.eldiario.net\\\/portal\\\/#\\\/schema\\\/logo\\\/image\\\/\",\"url\":\"https:\\\/\\\/www.eldiario.net\\\/portal\\\/wp-content\\\/uploads\\\/2023\\\/07\\\/logo_ED.jpg\",\"contentUrl\":\"https:\\\/\\\/www.eldiario.net\\\/portal\\\/wp-content\\\/uploads\\\/2023\\\/07\\\/logo_ED.jpg\",\"width\":272,\"height\":52,\"caption\":\"El Diario - Decano de la prensa nacional\"},\"image\":{\"@id\":\"https:\\\/\\\/www.eldiario.net\\\/portal\\\/#\\\/schema\\\/logo\\\/image\\\/\"},\"sameAs\":[\"https:\\\/\\\/www.facebook.com\\\/eldiario.bolivia\\\/\",\"https:\\\/\\\/x.com\\\/eldiario_net\"]},{\"@type\":\"Person\",\"@id\":\"https:\\\/\\\/www.eldiario.net\\\/portal\\\/#\\\/schema\\\/person\\\/2c57cf2b7a7ae032e449e4c9b1019eac\",\"name\":\"Jeanette\",\"image\":{\"@type\":\"ImageObject\",\"inLanguage\":\"es\",\"@id\":\"https:\\\/\\\/secure.gravatar.com\\\/avatar\\\/3ea2118a5f7dad2b7138b1187a6b7ee55f160b9968b66013c3a3ef39dd7e5798?s=96&d=mm&r=g\",\"url\":\"https:\\\/\\\/secure.gravatar.com\\\/avatar\\\/3ea2118a5f7dad2b7138b1187a6b7ee55f160b9968b66013c3a3ef39dd7e5798?s=96&d=mm&r=g\",\"contentUrl\":\"https:\\\/\\\/secure.gravatar.com\\\/avatar\\\/3ea2118a5f7dad2b7138b1187a6b7ee55f160b9968b66013c3a3ef39dd7e5798?s=96&d=mm&r=g\",\"caption\":\"Jeanette\"},\"sameAs\":[\"https:\\\/\\\/www.eldiario.net\\\/portal\"],\"url\":\"https:\\\/\\\/www.eldiario.net\\\/portal\\\/author\\\/jeanette\\\/\"}]}<\/script>\n<!-- \/ Yoast SEO plugin. -->","yoast_head_json":{"title":"Se cumplen dos meses desde que no se tienen datos de las Reservas Internacionales - El Diario - Bolivia","robots":{"index":"index","follow":"follow","max-snippet":"max-snippet:-1","max-image-preview":"max-image-preview:large","max-video-preview":"max-video-preview:-1"},"canonical":"https:\/\/www.eldiario.net\/portal\/2023\/04\/11\/se-cumplen-dos-meses-desde-que-no-se-tienen-datos-de-las-reservas-internacionales\/","og_locale":"es_ES","og_type":"article","og_title":"Se cumplen dos meses desde que no se tienen datos de las Reservas Internacionales - El Diario - Bolivia","og_description":"El Banco Central de Bolivia (BCB) no emite informaci\u00f3n de las Reservas Internacionales desde el 8 de febrero, pasaron dos meses sin que el ente emisor difunda nuevos datos en un clima de incertidumbre sobre la econom\u00eda boliviana que sufre una escasez de d\u00f3lares en el mercado nacional. Seg\u00fan el cronograma del propio BCB, la [&hellip;]","og_url":"https:\/\/www.eldiario.net\/portal\/2023\/04\/11\/se-cumplen-dos-meses-desde-que-no-se-tienen-datos-de-las-reservas-internacionales\/","og_site_name":"El Diario - Bolivia","article_publisher":"https:\/\/www.facebook.com\/eldiario.bolivia\/","article_published_time":"2023-04-11T10:16:37+00:00","author":"Jeanette","twitter_card":"summary_large_image","twitter_creator":"@eldiario_net","twitter_site":"@eldiario_net","twitter_misc":{"Escrito por":"Jeanette","Tiempo de lectura":"2 minutos"},"schema":{"@context":"https:\/\/schema.org","@graph":[{"@type":"Article","@id":"https:\/\/www.eldiario.net\/portal\/2023\/04\/11\/se-cumplen-dos-meses-desde-que-no-se-tienen-datos-de-las-reservas-internacionales\/#article","isPartOf":{"@id":"https:\/\/www.eldiario.net\/portal\/2023\/04\/11\/se-cumplen-dos-meses-desde-que-no-se-tienen-datos-de-las-reservas-internacionales\/"},"author":{"name":"Jeanette","@id":"https:\/\/www.eldiario.net\/portal\/#\/schema\/person\/2c57cf2b7a7ae032e449e4c9b1019eac"},"headline":"Se cumplen dos meses desde que no se tienen datos de las Reservas Internacionales","datePublished":"2023-04-11T10:16:37+00:00","mainEntityOfPage":{"@id":"https:\/\/www.eldiario.net\/portal\/2023\/04\/11\/se-cumplen-dos-meses-desde-que-no-se-tienen-datos-de-las-reservas-internacionales\/"},"wordCount":260,"publisher":{"@id":"https:\/\/www.eldiario.net\/portal\/#organization"},"image":{"@id":"https:\/\/www.eldiario.net\/portal\/2023\/04\/11\/se-cumplen-dos-meses-desde-que-no-se-tienen-datos-de-las-reservas-internacionales\/#primaryimage"},"thumbnailUrl":"","articleSection":["Portada"],"inLanguage":"es"},{"@type":"WebPage","@id":"https:\/\/www.eldiario.net\/portal\/2023\/04\/11\/se-cumplen-dos-meses-desde-que-no-se-tienen-datos-de-las-reservas-internacionales\/","url":"https:\/\/www.eldiario.net\/portal\/2023\/04\/11\/se-cumplen-dos-meses-desde-que-no-se-tienen-datos-de-las-reservas-internacionales\/","name":"Se cumplen dos meses desde que no se tienen datos de las Reservas Internacionales - El Diario - Bolivia","isPartOf":{"@id":"https:\/\/www.eldiario.net\/portal\/#website"},"primaryImageOfPage":{"@id":"https:\/\/www.eldiario.net\/portal\/2023\/04\/11\/se-cumplen-dos-meses-desde-que-no-se-tienen-datos-de-las-reservas-internacionales\/#primaryimage"},"image":{"@id":"https:\/\/www.eldiario.net\/portal\/2023\/04\/11\/se-cumplen-dos-meses-desde-que-no-se-tienen-datos-de-las-reservas-internacionales\/#primaryimage"},"thumbnailUrl":"","datePublished":"2023-04-11T10:16:37+00:00","breadcrumb":{"@id":"https:\/\/www.eldiario.net\/portal\/2023\/04\/11\/se-cumplen-dos-meses-desde-que-no-se-tienen-datos-de-las-reservas-internacionales\/#breadcrumb"},"inLanguage":"es","potentialAction":[{"@type":"ReadAction","target":["https:\/\/www.eldiario.net\/portal\/2023\/04\/11\/se-cumplen-dos-meses-desde-que-no-se-tienen-datos-de-las-reservas-internacionales\/"]}]},{"@type":"ImageObject","inLanguage":"es","@id":"https:\/\/www.eldiario.net\/portal\/2023\/04\/11\/se-cumplen-dos-meses-desde-que-no-se-tienen-datos-de-las-reservas-internacionales\/#primaryimage","url":"","contentUrl":""},{"@type":"BreadcrumbList","@id":"https:\/\/www.eldiario.net\/portal\/2023\/04\/11\/se-cumplen-dos-meses-desde-que-no-se-tienen-datos-de-las-reservas-internacionales\/#breadcrumb","itemListElement":[{"@type":"ListItem","position":1,"name":"Portada","item":"https:\/\/www.eldiario.net\/portal\/"},{"@type":"ListItem","position":2,"name":"Se cumplen dos meses desde que no se tienen datos de las Reservas Internacionales"}]},{"@type":"WebSite","@id":"https:\/\/www.eldiario.net\/portal\/#website","url":"https:\/\/www.eldiario.net\/portal\/","name":"El Diario - Decano de la prensa nacional","description":"El Diario - Decano de la prensa nacional","publisher":{"@id":"https:\/\/www.eldiario.net\/portal\/#organization"},"potentialAction":[{"@type":"SearchAction","target":{"@type":"EntryPoint","urlTemplate":"https:\/\/www.eldiario.net\/portal\/?s={search_term_string}"},"query-input":{"@type":"PropertyValueSpecification","valueRequired":true,"valueName":"search_term_string"}}],"inLanguage":"es"},{"@type":"Organization","@id":"https:\/\/www.eldiario.net\/portal\/#organization","name":"El Diario - Decano de la prensa nacional","url":"https:\/\/www.eldiario.net\/portal\/","logo":{"@type":"ImageObject","inLanguage":"es","@id":"https:\/\/www.eldiario.net\/portal\/#\/schema\/logo\/image\/","url":"https:\/\/www.eldiario.net\/portal\/wp-content\/uploads\/2023\/07\/logo_ED.jpg","contentUrl":"https:\/\/www.eldiario.net\/portal\/wp-content\/uploads\/2023\/07\/logo_ED.jpg","width":272,"height":52,"caption":"El Diario - Decano de la prensa nacional"},"image":{"@id":"https:\/\/www.eldiario.net\/portal\/#\/schema\/logo\/image\/"},"sameAs":["https:\/\/www.facebook.com\/eldiario.bolivia\/","https:\/\/x.com\/eldiario_net"]},{"@type":"Person","@id":"https:\/\/www.eldiario.net\/portal\/#\/schema\/person\/2c57cf2b7a7ae032e449e4c9b1019eac","name":"Jeanette","image":{"@type":"ImageObject","inLanguage":"es","@id":"https:\/\/secure.gravatar.com\/avatar\/3ea2118a5f7dad2b7138b1187a6b7ee55f160b9968b66013c3a3ef39dd7e5798?s=96&d=mm&r=g","url":"https:\/\/secure.gravatar.com\/avatar\/3ea2118a5f7dad2b7138b1187a6b7ee55f160b9968b66013c3a3ef39dd7e5798?s=96&d=mm&r=g","contentUrl":"https:\/\/secure.gravatar.com\/avatar\/3ea2118a5f7dad2b7138b1187a6b7ee55f160b9968b66013c3a3ef39dd7e5798?s=96&d=mm&r=g","caption":"Jeanette"},"sameAs":["https:\/\/www.eldiario.net\/portal"],"url":"https:\/\/www.eldiario.net\/portal\/author\/jeanette\/"}]}},"_links":{"self":[{"href":"https:\/\/www.eldiario.net\/portal\/wp-json\/wp\/v2\/posts\/148157","targetHints":{"allow":["GET"]}}],"collection":[{"href":"https:\/\/www.eldiario.net\/portal\/wp-json\/wp\/v2\/posts"}],"about":[{"href":"https:\/\/www.eldiario.net\/portal\/wp-json\/wp\/v2\/types\/post"}],"author":[{"embeddable":true,"href":"https:\/\/www.eldiario.net\/portal\/wp-json\/wp\/v2\/users\/1"}],"replies":[{"embeddable":true,"href":"https:\/\/www.eldiario.net\/portal\/wp-json\/wp\/v2\/comments?post=148157"}],"version-history":[{"count":0,"href":"https:\/\/www.eldiario.net\/portal\/wp-json\/wp\/v2\/posts\/148157\/revisions"}],"wp:attachment":[{"href":"https:\/\/www.eldiario.net\/portal\/wp-json\/wp\/v2\/media?parent=148157"}],"wp:term":[{"taxonomy":"category","embeddable":true,"href":"https:\/\/www.eldiario.net\/portal\/wp-json\/wp\/v2\/categories?post=148157"},{"taxonomy":"post_tag","embeddable":true,"href":"https:\/\/www.eldiario.net\/portal\/wp-json\/wp\/v2\/tags?post=148157"}],"curies":[{"name":"wp","href":"https:\/\/api.w.org\/{rel}","templated":true}]}}