{"id":148150,"date":"2023-04-11T06:12:22","date_gmt":"2023-04-11T10:12:22","guid":{"rendered":"https:\/\/www.eldiario.net\/portal\/?p=148150"},"modified":"2023-04-11T06:12:22","modified_gmt":"2023-04-11T10:12:22","slug":"gobierno-es-abusivo-con-los-yungas-y-debil-con-el-chapare","status":"publish","type":"post","link":"https:\/\/www.eldiario.net\/portal\/2023\/04\/11\/gobierno-es-abusivo-con-los-yungas-y-debil-con-el-chapare\/","title":{"rendered":"Gobierno es abusivo con los  Yungas y d\u00e9bil con el Chapare"},"content":{"rendered":"<p>Pidiendo una intervenci\u00f3n de las fuerzas del Estado en la regi\u00f3n del Chapare, el diputado por Comunidad Ciudadana (CC), Alberto Astorga, cuestion\u00f3 el trato desigual que el gobierno del Movimiento al Socialismo (MAS) tiene con zonas productores de coca como el Chapare y los Yungas, se\u00f1alando que la regi\u00f3n del tr\u00f3pico cochabambino se va convirtiendo en \u201ctierra de nadie\u201d.<\/p>\n<p>En declaraciones a medios de prensa, el legislador pace\u00f1o compar\u00f3 a la zona del Chapare con la poblaci\u00f3n de Sinaloa en M\u00e9xico, se\u00f1alando que ambas localidades est\u00e1n controladas por el crimen organizado y el no existe presencia del Estado.<\/p>\n<p>\u201cEs casi una nueva republiqueta la que se est\u00e1 instalando, Evo Morales pr\u00e1cticamente es el presidente de esta zona, est\u00e1 teniendo todo el control y no permite el ingreso del Estado, ni siquiera a autoridades electas por el voto ciudadano, como el vicepresidente\u201d, dijo.<\/p>\n<p>Astorga asegur\u00f3 que las intenciones del Morales y su entorno son la de evitar controles en la regi\u00f3n para continuar beneficiando se de actividades ilegales como el tr\u00e1fico de drogas, la comercializaci\u00f3n de veh\u00edculos indocumentados y otros delitos relacionados con estas actividades.<\/p>\n<p>En este sentido, cuestion\u00f3 que el poder proceda de forma abusiva con los cocaleros de los Yungas, mientras es \u201cd\u00e9bil y blando\u201d con sus pares del Chapare<\/p>\n<p>\u201cEl Gobierno debe iniciar procesos penales por no dejar ingresar a nadie al lugar, intervenir y demostrar los il\u00edcitos que se cometen\u201d, indic\u00f3 el legislador, reiterando que el Chapare se va convirtiendo en \u201ctierra de nadie, otra Sinaloa\u201d.<\/p>\n<p>El fin de semana, Morales anunci\u00f3 que planea conformar grupos de \u201cronderos\u201d en el Chapare, esto para\u00a0 evitar la presencia de extranjeros en el tr\u00f3pico de Cochabamba. \u201cSi no hay presencia del Ministerio de Gobierno, nos vamos a organizar como nuestros hermanos campesinos en Per\u00fa\u201d, dijo.<\/p>\n","protected":false},"excerpt":{"rendered":"<p>Pidiendo una intervenci\u00f3n de las fuerzas del Estado en la regi\u00f3n del Chapare, el diputado por Comunidad Ciudadana (CC), Alberto Astorga, cuestion\u00f3 el trato desigual que el gobierno del Movimiento al Socialismo (MAS) tiene con zonas productores de coca como el Chapare y los Yungas, se\u00f1alando que la regi\u00f3n del tr\u00f3pico cochabambino se va convirtiendo [&hellip;]<\/p>\n","protected":false},"author":1,"featured_media":148151,"comment_status":"closed","ping_status":"closed","sticky":false,"template":"","format":"standard","meta":{"_acf_changed":false,"footnotes":""},"categories":[14],"tags":[],"class_list":["post-148150","post","type-post","status-publish","format-standard","has-post-thumbnail","category-politica"],"acf":{"antetitulo":""},"yoast_head":"<!-- This site is optimized with the Yoast SEO plugin v28.4 - https:\/\/yoast.com\/product\/yoast-seo-wordpress\/ -->\n<title>Gobierno es abusivo con los Yungas y d\u00e9bil con el Chapare - El Diario - Bolivia<\/title>\n<meta name=\"robots\" content=\"index, follow, max-snippet:-1, max-image-preview:large, max-video-preview:-1\" \/>\n<link rel=\"canonical\" href=\"https:\/\/www.eldiario.net\/portal\/2023\/04\/11\/gobierno-es-abusivo-con-los-yungas-y-debil-con-el-chapare\/\" \/>\n<meta property=\"og:locale\" content=\"es_ES\" \/>\n<meta property=\"og:type\" content=\"article\" \/>\n<meta property=\"og:title\" content=\"Gobierno es abusivo con los Yungas y d\u00e9bil con el Chapare - El Diario - Bolivia\" \/>\n<meta property=\"og:description\" content=\"Pidiendo una intervenci\u00f3n de las fuerzas del Estado en la regi\u00f3n del Chapare, el diputado por Comunidad Ciudadana (CC), Alberto Astorga, cuestion\u00f3 el trato desigual que el gobierno del Movimiento al Socialismo (MAS) tiene con zonas productores de coca como el Chapare y los Yungas, se\u00f1alando que la regi\u00f3n del tr\u00f3pico cochabambino se va convirtiendo [&hellip;]\" \/>\n<meta property=\"og:url\" content=\"https:\/\/www.eldiario.net\/portal\/2023\/04\/11\/gobierno-es-abusivo-con-los-yungas-y-debil-con-el-chapare\/\" \/>\n<meta property=\"og:site_name\" content=\"El Diario - Bolivia\" \/>\n<meta property=\"article:publisher\" content=\"https:\/\/www.facebook.com\/eldiario.bolivia\/\" \/>\n<meta property=\"article:published_time\" content=\"2023-04-11T10:12:22+00:00\" \/>\n<meta name=\"author\" content=\"Jeanette\" \/>\n<meta name=\"twitter:card\" content=\"summary_large_image\" \/>\n<meta name=\"twitter:creator\" content=\"@eldiario_net\" \/>\n<meta name=\"twitter:site\" content=\"@eldiario_net\" \/>\n<meta name=\"twitter:label1\" content=\"Escrito por\" \/>\n\t<meta name=\"twitter:data1\" content=\"Jeanette\" \/>\n\t<meta name=\"twitter:label2\" content=\"Tiempo de lectura\" \/>\n\t<meta name=\"twitter:data2\" content=\"2 minutos\" \/>\n<script type=\"application\/ld+json\" class=\"yoast-schema-graph\">{\"@context\":\"https:\\\/\\\/schema.org\",\"@graph\":[{\"@type\":\"Article\",\"@id\":\"https:\\\/\\\/www.eldiario.net\\\/portal\\\/2023\\\/04\\\/11\\\/gobierno-es-abusivo-con-los-yungas-y-debil-con-el-chapare\\\/#article\",\"isPartOf\":{\"@id\":\"https:\\\/\\\/www.eldiario.net\\\/portal\\\/2023\\\/04\\\/11\\\/gobierno-es-abusivo-con-los-yungas-y-debil-con-el-chapare\\\/\"},\"author\":{\"name\":\"Jeanette\",\"@id\":\"https:\\\/\\\/www.eldiario.net\\\/portal\\\/#\\\/schema\\\/person\\\/2c57cf2b7a7ae032e449e4c9b1019eac\"},\"headline\":\"Gobierno es abusivo con los Yungas y d\u00e9bil con el Chapare\",\"datePublished\":\"2023-04-11T10:12:22+00:00\",\"mainEntityOfPage\":{\"@id\":\"https:\\\/\\\/www.eldiario.net\\\/portal\\\/2023\\\/04\\\/11\\\/gobierno-es-abusivo-con-los-yungas-y-debil-con-el-chapare\\\/\"},\"wordCount\":325,\"publisher\":{\"@id\":\"https:\\\/\\\/www.eldiario.net\\\/portal\\\/#organization\"},\"image\":{\"@id\":\"https:\\\/\\\/www.eldiario.net\\\/portal\\\/2023\\\/04\\\/11\\\/gobierno-es-abusivo-con-los-yungas-y-debil-con-el-chapare\\\/#primaryimage\"},\"thumbnailUrl\":\"\",\"articleSection\":[\"Pol\u00edtica\"],\"inLanguage\":\"es\"},{\"@type\":\"WebPage\",\"@id\":\"https:\\\/\\\/www.eldiario.net\\\/portal\\\/2023\\\/04\\\/11\\\/gobierno-es-abusivo-con-los-yungas-y-debil-con-el-chapare\\\/\",\"url\":\"https:\\\/\\\/www.eldiario.net\\\/portal\\\/2023\\\/04\\\/11\\\/gobierno-es-abusivo-con-los-yungas-y-debil-con-el-chapare\\\/\",\"name\":\"Gobierno es abusivo con los Yungas y d\u00e9bil con el Chapare - El Diario - Bolivia\",\"isPartOf\":{\"@id\":\"https:\\\/\\\/www.eldiario.net\\\/portal\\\/#website\"},\"primaryImageOfPage\":{\"@id\":\"https:\\\/\\\/www.eldiario.net\\\/portal\\\/2023\\\/04\\\/11\\\/gobierno-es-abusivo-con-los-yungas-y-debil-con-el-chapare\\\/#primaryimage\"},\"image\":{\"@id\":\"https:\\\/\\\/www.eldiario.net\\\/portal\\\/2023\\\/04\\\/11\\\/gobierno-es-abusivo-con-los-yungas-y-debil-con-el-chapare\\\/#primaryimage\"},\"thumbnailUrl\":\"\",\"datePublished\":\"2023-04-11T10:12:22+00:00\",\"breadcrumb\":{\"@id\":\"https:\\\/\\\/www.eldiario.net\\\/portal\\\/2023\\\/04\\\/11\\\/gobierno-es-abusivo-con-los-yungas-y-debil-con-el-chapare\\\/#breadcrumb\"},\"inLanguage\":\"es\",\"potentialAction\":[{\"@type\":\"ReadAction\",\"target\":[\"https:\\\/\\\/www.eldiario.net\\\/portal\\\/2023\\\/04\\\/11\\\/gobierno-es-abusivo-con-los-yungas-y-debil-con-el-chapare\\\/\"]}]},{\"@type\":\"ImageObject\",\"inLanguage\":\"es\",\"@id\":\"https:\\\/\\\/www.eldiario.net\\\/portal\\\/2023\\\/04\\\/11\\\/gobierno-es-abusivo-con-los-yungas-y-debil-con-el-chapare\\\/#primaryimage\",\"url\":\"\",\"contentUrl\":\"\"},{\"@type\":\"BreadcrumbList\",\"@id\":\"https:\\\/\\\/www.eldiario.net\\\/portal\\\/2023\\\/04\\\/11\\\/gobierno-es-abusivo-con-los-yungas-y-debil-con-el-chapare\\\/#breadcrumb\",\"itemListElement\":[{\"@type\":\"ListItem\",\"position\":1,\"name\":\"Portada\",\"item\":\"https:\\\/\\\/www.eldiario.net\\\/portal\\\/\"},{\"@type\":\"ListItem\",\"position\":2,\"name\":\"Gobierno es abusivo con los Yungas y d\u00e9bil con el Chapare\"}]},{\"@type\":\"WebSite\",\"@id\":\"https:\\\/\\\/www.eldiario.net\\\/portal\\\/#website\",\"url\":\"https:\\\/\\\/www.eldiario.net\\\/portal\\\/\",\"name\":\"El Diario - Decano de la prensa nacional\",\"description\":\"El Diario - Decano de la prensa nacional\",\"publisher\":{\"@id\":\"https:\\\/\\\/www.eldiario.net\\\/portal\\\/#organization\"},\"potentialAction\":[{\"@type\":\"SearchAction\",\"target\":{\"@type\":\"EntryPoint\",\"urlTemplate\":\"https:\\\/\\\/www.eldiario.net\\\/portal\\\/?s={search_term_string}\"},\"query-input\":{\"@type\":\"PropertyValueSpecification\",\"valueRequired\":true,\"valueName\":\"search_term_string\"}}],\"inLanguage\":\"es\"},{\"@type\":\"Organization\",\"@id\":\"https:\\\/\\\/www.eldiario.net\\\/portal\\\/#organization\",\"name\":\"El Diario - Decano de la prensa nacional\",\"url\":\"https:\\\/\\\/www.eldiario.net\\\/portal\\\/\",\"logo\":{\"@type\":\"ImageObject\",\"inLanguage\":\"es\",\"@id\":\"https:\\\/\\\/www.eldiario.net\\\/portal\\\/#\\\/schema\\\/logo\\\/image\\\/\",\"url\":\"https:\\\/\\\/www.eldiario.net\\\/portal\\\/wp-content\\\/uploads\\\/2023\\\/07\\\/logo_ED.jpg\",\"contentUrl\":\"https:\\\/\\\/www.eldiario.net\\\/portal\\\/wp-content\\\/uploads\\\/2023\\\/07\\\/logo_ED.jpg\",\"width\":272,\"height\":52,\"caption\":\"El Diario - Decano de la prensa nacional\"},\"image\":{\"@id\":\"https:\\\/\\\/www.eldiario.net\\\/portal\\\/#\\\/schema\\\/logo\\\/image\\\/\"},\"sameAs\":[\"https:\\\/\\\/www.facebook.com\\\/eldiario.bolivia\\\/\",\"https:\\\/\\\/x.com\\\/eldiario_net\"]},{\"@type\":\"Person\",\"@id\":\"https:\\\/\\\/www.eldiario.net\\\/portal\\\/#\\\/schema\\\/person\\\/2c57cf2b7a7ae032e449e4c9b1019eac\",\"name\":\"Jeanette\",\"image\":{\"@type\":\"ImageObject\",\"inLanguage\":\"es\",\"@id\":\"https:\\\/\\\/secure.gravatar.com\\\/avatar\\\/3ea2118a5f7dad2b7138b1187a6b7ee55f160b9968b66013c3a3ef39dd7e5798?s=96&d=mm&r=g\",\"url\":\"https:\\\/\\\/secure.gravatar.com\\\/avatar\\\/3ea2118a5f7dad2b7138b1187a6b7ee55f160b9968b66013c3a3ef39dd7e5798?s=96&d=mm&r=g\",\"contentUrl\":\"https:\\\/\\\/secure.gravatar.com\\\/avatar\\\/3ea2118a5f7dad2b7138b1187a6b7ee55f160b9968b66013c3a3ef39dd7e5798?s=96&d=mm&r=g\",\"caption\":\"Jeanette\"},\"sameAs\":[\"https:\\\/\\\/www.eldiario.net\\\/portal\"],\"url\":\"https:\\\/\\\/www.eldiario.net\\\/portal\\\/author\\\/jeanette\\\/\"}]}<\/script>\n<!-- \/ Yoast SEO plugin. -->","yoast_head_json":{"title":"Gobierno es abusivo con los Yungas y d\u00e9bil con el Chapare - El Diario - Bolivia","robots":{"index":"index","follow":"follow","max-snippet":"max-snippet:-1","max-image-preview":"max-image-preview:large","max-video-preview":"max-video-preview:-1"},"canonical":"https:\/\/www.eldiario.net\/portal\/2023\/04\/11\/gobierno-es-abusivo-con-los-yungas-y-debil-con-el-chapare\/","og_locale":"es_ES","og_type":"article","og_title":"Gobierno es abusivo con los Yungas y d\u00e9bil con el Chapare - El Diario - Bolivia","og_description":"Pidiendo una intervenci\u00f3n de las fuerzas del Estado en la regi\u00f3n del Chapare, el diputado por Comunidad Ciudadana (CC), Alberto Astorga, cuestion\u00f3 el trato desigual que el gobierno del Movimiento al Socialismo (MAS) tiene con zonas productores de coca como el Chapare y los Yungas, se\u00f1alando que la regi\u00f3n del tr\u00f3pico cochabambino se va convirtiendo [&hellip;]","og_url":"https:\/\/www.eldiario.net\/portal\/2023\/04\/11\/gobierno-es-abusivo-con-los-yungas-y-debil-con-el-chapare\/","og_site_name":"El Diario - Bolivia","article_publisher":"https:\/\/www.facebook.com\/eldiario.bolivia\/","article_published_time":"2023-04-11T10:12:22+00:00","author":"Jeanette","twitter_card":"summary_large_image","twitter_creator":"@eldiario_net","twitter_site":"@eldiario_net","twitter_misc":{"Escrito por":"Jeanette","Tiempo de lectura":"2 minutos"},"schema":{"@context":"https:\/\/schema.org","@graph":[{"@type":"Article","@id":"https:\/\/www.eldiario.net\/portal\/2023\/04\/11\/gobierno-es-abusivo-con-los-yungas-y-debil-con-el-chapare\/#article","isPartOf":{"@id":"https:\/\/www.eldiario.net\/portal\/2023\/04\/11\/gobierno-es-abusivo-con-los-yungas-y-debil-con-el-chapare\/"},"author":{"name":"Jeanette","@id":"https:\/\/www.eldiario.net\/portal\/#\/schema\/person\/2c57cf2b7a7ae032e449e4c9b1019eac"},"headline":"Gobierno es abusivo con los Yungas y d\u00e9bil con el Chapare","datePublished":"2023-04-11T10:12:22+00:00","mainEntityOfPage":{"@id":"https:\/\/www.eldiario.net\/portal\/2023\/04\/11\/gobierno-es-abusivo-con-los-yungas-y-debil-con-el-chapare\/"},"wordCount":325,"publisher":{"@id":"https:\/\/www.eldiario.net\/portal\/#organization"},"image":{"@id":"https:\/\/www.eldiario.net\/portal\/2023\/04\/11\/gobierno-es-abusivo-con-los-yungas-y-debil-con-el-chapare\/#primaryimage"},"thumbnailUrl":"","articleSection":["Pol\u00edtica"],"inLanguage":"es"},{"@type":"WebPage","@id":"https:\/\/www.eldiario.net\/portal\/2023\/04\/11\/gobierno-es-abusivo-con-los-yungas-y-debil-con-el-chapare\/","url":"https:\/\/www.eldiario.net\/portal\/2023\/04\/11\/gobierno-es-abusivo-con-los-yungas-y-debil-con-el-chapare\/","name":"Gobierno es abusivo con los Yungas y d\u00e9bil con el Chapare - El Diario - Bolivia","isPartOf":{"@id":"https:\/\/www.eldiario.net\/portal\/#website"},"primaryImageOfPage":{"@id":"https:\/\/www.eldiario.net\/portal\/2023\/04\/11\/gobierno-es-abusivo-con-los-yungas-y-debil-con-el-chapare\/#primaryimage"},"image":{"@id":"https:\/\/www.eldiario.net\/portal\/2023\/04\/11\/gobierno-es-abusivo-con-los-yungas-y-debil-con-el-chapare\/#primaryimage"},"thumbnailUrl":"","datePublished":"2023-04-11T10:12:22+00:00","breadcrumb":{"@id":"https:\/\/www.eldiario.net\/portal\/2023\/04\/11\/gobierno-es-abusivo-con-los-yungas-y-debil-con-el-chapare\/#breadcrumb"},"inLanguage":"es","potentialAction":[{"@type":"ReadAction","target":["https:\/\/www.eldiario.net\/portal\/2023\/04\/11\/gobierno-es-abusivo-con-los-yungas-y-debil-con-el-chapare\/"]}]},{"@type":"ImageObject","inLanguage":"es","@id":"https:\/\/www.eldiario.net\/portal\/2023\/04\/11\/gobierno-es-abusivo-con-los-yungas-y-debil-con-el-chapare\/#primaryimage","url":"","contentUrl":""},{"@type":"BreadcrumbList","@id":"https:\/\/www.eldiario.net\/portal\/2023\/04\/11\/gobierno-es-abusivo-con-los-yungas-y-debil-con-el-chapare\/#breadcrumb","itemListElement":[{"@type":"ListItem","position":1,"name":"Portada","item":"https:\/\/www.eldiario.net\/portal\/"},{"@type":"ListItem","position":2,"name":"Gobierno es abusivo con los Yungas y d\u00e9bil con el Chapare"}]},{"@type":"WebSite","@id":"https:\/\/www.eldiario.net\/portal\/#website","url":"https:\/\/www.eldiario.net\/portal\/","name":"El Diario - Decano de la prensa nacional","description":"El Diario - Decano de la prensa nacional","publisher":{"@id":"https:\/\/www.eldiario.net\/portal\/#organization"},"potentialAction":[{"@type":"SearchAction","target":{"@type":"EntryPoint","urlTemplate":"https:\/\/www.eldiario.net\/portal\/?s={search_term_string}"},"query-input":{"@type":"PropertyValueSpecification","valueRequired":true,"valueName":"search_term_string"}}],"inLanguage":"es"},{"@type":"Organization","@id":"https:\/\/www.eldiario.net\/portal\/#organization","name":"El Diario - Decano de la prensa nacional","url":"https:\/\/www.eldiario.net\/portal\/","logo":{"@type":"ImageObject","inLanguage":"es","@id":"https:\/\/www.eldiario.net\/portal\/#\/schema\/logo\/image\/","url":"https:\/\/www.eldiario.net\/portal\/wp-content\/uploads\/2023\/07\/logo_ED.jpg","contentUrl":"https:\/\/www.eldiario.net\/portal\/wp-content\/uploads\/2023\/07\/logo_ED.jpg","width":272,"height":52,"caption":"El Diario - Decano de la prensa nacional"},"image":{"@id":"https:\/\/www.eldiario.net\/portal\/#\/schema\/logo\/image\/"},"sameAs":["https:\/\/www.facebook.com\/eldiario.bolivia\/","https:\/\/x.com\/eldiario_net"]},{"@type":"Person","@id":"https:\/\/www.eldiario.net\/portal\/#\/schema\/person\/2c57cf2b7a7ae032e449e4c9b1019eac","name":"Jeanette","image":{"@type":"ImageObject","inLanguage":"es","@id":"https:\/\/secure.gravatar.com\/avatar\/3ea2118a5f7dad2b7138b1187a6b7ee55f160b9968b66013c3a3ef39dd7e5798?s=96&d=mm&r=g","url":"https:\/\/secure.gravatar.com\/avatar\/3ea2118a5f7dad2b7138b1187a6b7ee55f160b9968b66013c3a3ef39dd7e5798?s=96&d=mm&r=g","contentUrl":"https:\/\/secure.gravatar.com\/avatar\/3ea2118a5f7dad2b7138b1187a6b7ee55f160b9968b66013c3a3ef39dd7e5798?s=96&d=mm&r=g","caption":"Jeanette"},"sameAs":["https:\/\/www.eldiario.net\/portal"],"url":"https:\/\/www.eldiario.net\/portal\/author\/jeanette\/"}]}},"_links":{"self":[{"href":"https:\/\/www.eldiario.net\/portal\/wp-json\/wp\/v2\/posts\/148150","targetHints":{"allow":["GET"]}}],"collection":[{"href":"https:\/\/www.eldiario.net\/portal\/wp-json\/wp\/v2\/posts"}],"about":[{"href":"https:\/\/www.eldiario.net\/portal\/wp-json\/wp\/v2\/types\/post"}],"author":[{"embeddable":true,"href":"https:\/\/www.eldiario.net\/portal\/wp-json\/wp\/v2\/users\/1"}],"replies":[{"embeddable":true,"href":"https:\/\/www.eldiario.net\/portal\/wp-json\/wp\/v2\/comments?post=148150"}],"version-history":[{"count":0,"href":"https:\/\/www.eldiario.net\/portal\/wp-json\/wp\/v2\/posts\/148150\/revisions"}],"wp:attachment":[{"href":"https:\/\/www.eldiario.net\/portal\/wp-json\/wp\/v2\/media?parent=148150"}],"wp:term":[{"taxonomy":"category","embeddable":true,"href":"https:\/\/www.eldiario.net\/portal\/wp-json\/wp\/v2\/categories?post=148150"},{"taxonomy":"post_tag","embeddable":true,"href":"https:\/\/www.eldiario.net\/portal\/wp-json\/wp\/v2\/tags?post=148150"}],"curies":[{"name":"wp","href":"https:\/\/api.w.org\/{rel}","templated":true}]}}