{"id":147479,"date":"2023-04-08T05:40:34","date_gmt":"2023-04-08T09:40:34","guid":{"rendered":"https:\/\/www.eldiario.net\/portal\/?p=147479"},"modified":"2023-04-08T05:40:34","modified_gmt":"2023-04-08T09:40:34","slug":"miles-de-musulmanes-rezaron-en-el-monte-del-templo-de-jerusalen","status":"publish","type":"post","link":"https:\/\/www.eldiario.net\/portal\/2023\/04\/08\/miles-de-musulmanes-rezaron-en-el-monte-del-templo-de-jerusalen\/","title":{"rendered":"Miles de musulmanes rezaron en  el Monte del Templo de Jerusal\u00e9n"},"content":{"rendered":"<p>M\u00e1s de 130.000 musulmanes realizaron las oraciones del mediod\u00eda en la Mezquita Al Aqsa en el Monte del Templo de Jerusal\u00e9n y regresando a casa luego de una jornada llena de tensiones por el ataque palestino en el que murieron dos mujeres en Cisjordania.<br \/>\nSin embargo, a medida que conclu\u00eda la jornada de oraci\u00f3n, cientos de personas se re\u00fanen y ondean banderas palestinas y de Hamas, perturbando la paz y apoyando el ataque terrorista en el Valle del Jord\u00e1n.<br \/>\nTambi\u00e9n hubo elogios al L\u00edbano, desde donde se lanzaron decenas de cohetes contra Israel en uno de los peores actos de violencia transfronteriza desde 2006.<br \/>\nEl n\u00famero de fieles fue mucho menor que los dos viernes de Ramad\u00e1n anteriores, e Israel limit\u00f3 significativamente a qui\u00e9n permiti\u00f3 entrar esta semana en medio de la escalada de tensi\u00f3n.<br \/>\nEl portavoz internacional de las Fuerzas de Defensa de Israel (FDI), el Teniente Coronel Richard Hecht, asegur\u00f3 que sus tropas se comprometieron a defender a los fieles de todas las religiones durante el Ramad\u00e1n, P\u00e9saj y Pascuas y as\u00ed garantizar la libertad de culto.<br \/>\nEn un mensaje publicado en las redes sociales de las FDI, Hecht hizo un repaso de los eventos operativos durante las \u00faltimas 48 horas. \u201cCiviles en el norte y el sur de Israel fue blanco de agresivos ataques con cohetes lanzados por la organizaci\u00f3n terrorista Ham\u00e1s\u201d, explic\u00f3 el portavoz.<br \/>\nEn respuesta, Hecht precis\u00f3 que las FDI alcanzaron objetivos terroristas de Ham\u00e1s en Gaza y en el Sur del L\u00edbano, a tiempo que destac\u00f3 que el sistema de defensa a\u00e9rea (C\u00fapula de Hierro) intercept\u00f3 cohetes, salvando innumerables vidas y evitando da\u00f1os a gran escala en el frente interno.<br \/>\n\u201cLas FDI est\u00e1n buscando activamente reducir la situaci\u00f3n para garantizar la libertad de culto y la seguridad de los civiles de todas las religiones mientras celebran P\u00e9saj, Ramad\u00e1n y la Pascua\u201d, concluy\u00f3.<br \/>\nMilicias palestinas de la Franja de Gaza dispararon 44 cohetes hacia Israel, en una nueva jornada de violencia marcada adem\u00e1s por bombardeos de represalia israel\u00edes tanto en el enclave palestino como contra objetivos del movimiento islamista Ham\u00e1s en el sur de L\u00edbano.<br \/>\nDel total de proyectiles lanzados, nueve fueron disparos fallidos, 12 impactaron en el mar Mediterr\u00e1neo y 23 cruzaron a territorio israel\u00ed. Entre los que cruzaron, 14 cayeron en \u00e1reas despobladas, ocho fueron interceptados por los sistemas de defensa antia\u00e9rea israel\u00edes y uno impact\u00f3 en una residencia de la comunidad de Sderot, ocasionando da\u00f1os, pero no heridos.<br \/>\nPor otro lado, dos mujeres israel\u00edes fueron asesinadas a tiros y otra qued\u00f3 gravemente herida tras un ataque en Cisjordania.<br \/>\nEl servicio de rescate Magen David Adom de Israel dijo que ambas, de unos 20 a\u00f1os, murieron y otra mujer de unos 40 result\u00f3 gravemente herida cerca del asentamiento de Hamra en el Valle del Jord\u00e1n.<br \/>\nLos m\u00e9dicos dijeron que sacaron a las tres mujeres inconscientes de su autom\u00f3vil, que aparentemente se estrell\u00f3 luego de que un palestino supuestamente abri\u00f3 fuego contra \u00e9l desde un veh\u00edculo cercano. El ej\u00e9rcito israel\u00ed afirm\u00f3 que las fuerzas de seguridad estaban buscando al atacante. (Infobae).<\/p>\n","protected":false},"excerpt":{"rendered":"<p>M\u00e1s de 130.000 musulmanes realizaron las oraciones del mediod\u00eda en la Mezquita Al Aqsa en el Monte del Templo de Jerusal\u00e9n y regresando a casa luego de una jornada llena de tensiones por el ataque palestino en el que murieron dos mujeres en Cisjordania. Sin embargo, a medida que conclu\u00eda la jornada de oraci\u00f3n, cientos [&hellip;]<\/p>\n","protected":false},"author":1,"featured_media":147480,"comment_status":"closed","ping_status":"closed","sticky":false,"template":"","format":"standard","meta":{"_acf_changed":false,"footnotes":""},"categories":[3],"tags":[],"class_list":["post-147479","post","type-post","status-publish","format-standard","has-post-thumbnail","category-internacional"],"acf":{"antetitulo":""},"yoast_head":"<!-- This site is optimized with the Yoast SEO plugin v28.3 - https:\/\/yoast.com\/product\/yoast-seo-wordpress\/ -->\n<title>Miles de musulmanes rezaron en el Monte del Templo de Jerusal\u00e9n - El Diario - Bolivia<\/title>\n<meta name=\"robots\" content=\"index, follow, max-snippet:-1, max-image-preview:large, max-video-preview:-1\" \/>\n<link rel=\"canonical\" href=\"https:\/\/www.eldiario.net\/portal\/2023\/04\/08\/miles-de-musulmanes-rezaron-en-el-monte-del-templo-de-jerusalen\/\" \/>\n<meta property=\"og:locale\" content=\"es_ES\" \/>\n<meta property=\"og:type\" content=\"article\" \/>\n<meta property=\"og:title\" content=\"Miles de musulmanes rezaron en el Monte del Templo de Jerusal\u00e9n - El Diario - Bolivia\" \/>\n<meta property=\"og:description\" content=\"M\u00e1s de 130.000 musulmanes realizaron las oraciones del mediod\u00eda en la Mezquita Al Aqsa en el Monte del Templo de Jerusal\u00e9n y regresando a casa luego de una jornada llena de tensiones por el ataque palestino en el que murieron dos mujeres en Cisjordania. Sin embargo, a medida que conclu\u00eda la jornada de oraci\u00f3n, cientos [&hellip;]\" \/>\n<meta property=\"og:url\" content=\"https:\/\/www.eldiario.net\/portal\/2023\/04\/08\/miles-de-musulmanes-rezaron-en-el-monte-del-templo-de-jerusalen\/\" \/>\n<meta property=\"og:site_name\" content=\"El Diario - Bolivia\" \/>\n<meta property=\"article:publisher\" content=\"https:\/\/www.facebook.com\/eldiario.bolivia\/\" \/>\n<meta property=\"article:published_time\" content=\"2023-04-08T09:40:34+00:00\" \/>\n<meta name=\"author\" content=\"Jeanette\" \/>\n<meta name=\"twitter:card\" content=\"summary_large_image\" \/>\n<meta name=\"twitter:creator\" content=\"@eldiario_net\" \/>\n<meta name=\"twitter:site\" content=\"@eldiario_net\" \/>\n<meta name=\"twitter:label1\" content=\"Escrito por\" \/>\n\t<meta name=\"twitter:data1\" content=\"Jeanette\" \/>\n\t<meta name=\"twitter:label2\" content=\"Tiempo de lectura\" \/>\n\t<meta name=\"twitter:data2\" content=\"3 minutos\" \/>\n<script type=\"application\/ld+json\" class=\"yoast-schema-graph\">{\"@context\":\"https:\\\/\\\/schema.org\",\"@graph\":[{\"@type\":\"Article\",\"@id\":\"https:\\\/\\\/www.eldiario.net\\\/portal\\\/2023\\\/04\\\/08\\\/miles-de-musulmanes-rezaron-en-el-monte-del-templo-de-jerusalen\\\/#article\",\"isPartOf\":{\"@id\":\"https:\\\/\\\/www.eldiario.net\\\/portal\\\/2023\\\/04\\\/08\\\/miles-de-musulmanes-rezaron-en-el-monte-del-templo-de-jerusalen\\\/\"},\"author\":{\"name\":\"Jeanette\",\"@id\":\"https:\\\/\\\/www.eldiario.net\\\/portal\\\/#\\\/schema\\\/person\\\/f46445640444750d7d753ccd04ae01b7\"},\"headline\":\"Miles de musulmanes rezaron en el Monte del Templo de Jerusal\u00e9n\",\"datePublished\":\"2023-04-08T09:40:34+00:00\",\"mainEntityOfPage\":{\"@id\":\"https:\\\/\\\/www.eldiario.net\\\/portal\\\/2023\\\/04\\\/08\\\/miles-de-musulmanes-rezaron-en-el-monte-del-templo-de-jerusalen\\\/\"},\"wordCount\":551,\"publisher\":{\"@id\":\"https:\\\/\\\/www.eldiario.net\\\/portal\\\/#organization\"},\"image\":{\"@id\":\"https:\\\/\\\/www.eldiario.net\\\/portal\\\/2023\\\/04\\\/08\\\/miles-de-musulmanes-rezaron-en-el-monte-del-templo-de-jerusalen\\\/#primaryimage\"},\"thumbnailUrl\":\"\",\"articleSection\":[\"Internacional\"],\"inLanguage\":\"es\"},{\"@type\":\"WebPage\",\"@id\":\"https:\\\/\\\/www.eldiario.net\\\/portal\\\/2023\\\/04\\\/08\\\/miles-de-musulmanes-rezaron-en-el-monte-del-templo-de-jerusalen\\\/\",\"url\":\"https:\\\/\\\/www.eldiario.net\\\/portal\\\/2023\\\/04\\\/08\\\/miles-de-musulmanes-rezaron-en-el-monte-del-templo-de-jerusalen\\\/\",\"name\":\"Miles de musulmanes rezaron en el Monte del Templo de Jerusal\u00e9n - El Diario - Bolivia\",\"isPartOf\":{\"@id\":\"https:\\\/\\\/www.eldiario.net\\\/portal\\\/#website\"},\"primaryImageOfPage\":{\"@id\":\"https:\\\/\\\/www.eldiario.net\\\/portal\\\/2023\\\/04\\\/08\\\/miles-de-musulmanes-rezaron-en-el-monte-del-templo-de-jerusalen\\\/#primaryimage\"},\"image\":{\"@id\":\"https:\\\/\\\/www.eldiario.net\\\/portal\\\/2023\\\/04\\\/08\\\/miles-de-musulmanes-rezaron-en-el-monte-del-templo-de-jerusalen\\\/#primaryimage\"},\"thumbnailUrl\":\"\",\"datePublished\":\"2023-04-08T09:40:34+00:00\",\"breadcrumb\":{\"@id\":\"https:\\\/\\\/www.eldiario.net\\\/portal\\\/2023\\\/04\\\/08\\\/miles-de-musulmanes-rezaron-en-el-monte-del-templo-de-jerusalen\\\/#breadcrumb\"},\"inLanguage\":\"es\",\"potentialAction\":[{\"@type\":\"ReadAction\",\"target\":[\"https:\\\/\\\/www.eldiario.net\\\/portal\\\/2023\\\/04\\\/08\\\/miles-de-musulmanes-rezaron-en-el-monte-del-templo-de-jerusalen\\\/\"]}]},{\"@type\":\"ImageObject\",\"inLanguage\":\"es\",\"@id\":\"https:\\\/\\\/www.eldiario.net\\\/portal\\\/2023\\\/04\\\/08\\\/miles-de-musulmanes-rezaron-en-el-monte-del-templo-de-jerusalen\\\/#primaryimage\",\"url\":\"\",\"contentUrl\":\"\"},{\"@type\":\"BreadcrumbList\",\"@id\":\"https:\\\/\\\/www.eldiario.net\\\/portal\\\/2023\\\/04\\\/08\\\/miles-de-musulmanes-rezaron-en-el-monte-del-templo-de-jerusalen\\\/#breadcrumb\",\"itemListElement\":[{\"@type\":\"ListItem\",\"position\":1,\"name\":\"Portada\",\"item\":\"https:\\\/\\\/www.eldiario.net\\\/portal\\\/\"},{\"@type\":\"ListItem\",\"position\":2,\"name\":\"Miles de musulmanes rezaron en el Monte del Templo de Jerusal\u00e9n\"}]},{\"@type\":\"WebSite\",\"@id\":\"https:\\\/\\\/www.eldiario.net\\\/portal\\\/#website\",\"url\":\"https:\\\/\\\/www.eldiario.net\\\/portal\\\/\",\"name\":\"El Diario - Decano de la prensa nacional\",\"description\":\"El Diario - Decano de la prensa nacional\",\"publisher\":{\"@id\":\"https:\\\/\\\/www.eldiario.net\\\/portal\\\/#organization\"},\"potentialAction\":[{\"@type\":\"SearchAction\",\"target\":{\"@type\":\"EntryPoint\",\"urlTemplate\":\"https:\\\/\\\/www.eldiario.net\\\/portal\\\/?s={search_term_string}\"},\"query-input\":{\"@type\":\"PropertyValueSpecification\",\"valueRequired\":true,\"valueName\":\"search_term_string\"}}],\"inLanguage\":\"es\"},{\"@type\":\"Organization\",\"@id\":\"https:\\\/\\\/www.eldiario.net\\\/portal\\\/#organization\",\"name\":\"El Diario - Decano de la prensa nacional\",\"url\":\"https:\\\/\\\/www.eldiario.net\\\/portal\\\/\",\"logo\":{\"@type\":\"ImageObject\",\"inLanguage\":\"es\",\"@id\":\"https:\\\/\\\/www.eldiario.net\\\/portal\\\/#\\\/schema\\\/logo\\\/image\\\/\",\"url\":\"https:\\\/\\\/www.eldiario.net\\\/portal\\\/wp-content\\\/uploads\\\/2023\\\/07\\\/logo_ED.jpg\",\"contentUrl\":\"https:\\\/\\\/www.eldiario.net\\\/portal\\\/wp-content\\\/uploads\\\/2023\\\/07\\\/logo_ED.jpg\",\"width\":272,\"height\":52,\"caption\":\"El Diario - Decano de la prensa nacional\"},\"image\":{\"@id\":\"https:\\\/\\\/www.eldiario.net\\\/portal\\\/#\\\/schema\\\/logo\\\/image\\\/\"},\"sameAs\":[\"https:\\\/\\\/www.facebook.com\\\/eldiario.bolivia\\\/\",\"https:\\\/\\\/x.com\\\/eldiario_net\"]},{\"@type\":\"Person\",\"@id\":\"https:\\\/\\\/www.eldiario.net\\\/portal\\\/#\\\/schema\\\/person\\\/f46445640444750d7d753ccd04ae01b7\",\"name\":\"Jeanette\",\"image\":{\"@type\":\"ImageObject\",\"inLanguage\":\"es\",\"@id\":\"https:\\\/\\\/secure.gravatar.com\\\/avatar\\\/3ea2118a5f7dad2b7138b1187a6b7ee55f160b9968b66013c3a3ef39dd7e5798?s=96&d=mm&r=g\",\"url\":\"https:\\\/\\\/secure.gravatar.com\\\/avatar\\\/3ea2118a5f7dad2b7138b1187a6b7ee55f160b9968b66013c3a3ef39dd7e5798?s=96&d=mm&r=g\",\"contentUrl\":\"https:\\\/\\\/secure.gravatar.com\\\/avatar\\\/3ea2118a5f7dad2b7138b1187a6b7ee55f160b9968b66013c3a3ef39dd7e5798?s=96&d=mm&r=g\",\"caption\":\"Jeanette\"},\"sameAs\":[\"https:\\\/\\\/www.eldiario.net\\\/portal\"],\"url\":\"https:\\\/\\\/www.eldiario.net\\\/portal\\\/author\\\/jeanette\\\/\"}]}<\/script>\n<!-- \/ Yoast SEO plugin. -->","yoast_head_json":{"title":"Miles de musulmanes rezaron en el Monte del Templo de Jerusal\u00e9n - El Diario - Bolivia","robots":{"index":"index","follow":"follow","max-snippet":"max-snippet:-1","max-image-preview":"max-image-preview:large","max-video-preview":"max-video-preview:-1"},"canonical":"https:\/\/www.eldiario.net\/portal\/2023\/04\/08\/miles-de-musulmanes-rezaron-en-el-monte-del-templo-de-jerusalen\/","og_locale":"es_ES","og_type":"article","og_title":"Miles de musulmanes rezaron en el Monte del Templo de Jerusal\u00e9n - El Diario - Bolivia","og_description":"M\u00e1s de 130.000 musulmanes realizaron las oraciones del mediod\u00eda en la Mezquita Al Aqsa en el Monte del Templo de Jerusal\u00e9n y regresando a casa luego de una jornada llena de tensiones por el ataque palestino en el que murieron dos mujeres en Cisjordania. Sin embargo, a medida que conclu\u00eda la jornada de oraci\u00f3n, cientos [&hellip;]","og_url":"https:\/\/www.eldiario.net\/portal\/2023\/04\/08\/miles-de-musulmanes-rezaron-en-el-monte-del-templo-de-jerusalen\/","og_site_name":"El Diario - Bolivia","article_publisher":"https:\/\/www.facebook.com\/eldiario.bolivia\/","article_published_time":"2023-04-08T09:40:34+00:00","author":"Jeanette","twitter_card":"summary_large_image","twitter_creator":"@eldiario_net","twitter_site":"@eldiario_net","twitter_misc":{"Escrito por":"Jeanette","Tiempo de lectura":"3 minutos"},"schema":{"@context":"https:\/\/schema.org","@graph":[{"@type":"Article","@id":"https:\/\/www.eldiario.net\/portal\/2023\/04\/08\/miles-de-musulmanes-rezaron-en-el-monte-del-templo-de-jerusalen\/#article","isPartOf":{"@id":"https:\/\/www.eldiario.net\/portal\/2023\/04\/08\/miles-de-musulmanes-rezaron-en-el-monte-del-templo-de-jerusalen\/"},"author":{"name":"Jeanette","@id":"https:\/\/www.eldiario.net\/portal\/#\/schema\/person\/f46445640444750d7d753ccd04ae01b7"},"headline":"Miles de musulmanes rezaron en el Monte del Templo de Jerusal\u00e9n","datePublished":"2023-04-08T09:40:34+00:00","mainEntityOfPage":{"@id":"https:\/\/www.eldiario.net\/portal\/2023\/04\/08\/miles-de-musulmanes-rezaron-en-el-monte-del-templo-de-jerusalen\/"},"wordCount":551,"publisher":{"@id":"https:\/\/www.eldiario.net\/portal\/#organization"},"image":{"@id":"https:\/\/www.eldiario.net\/portal\/2023\/04\/08\/miles-de-musulmanes-rezaron-en-el-monte-del-templo-de-jerusalen\/#primaryimage"},"thumbnailUrl":"","articleSection":["Internacional"],"inLanguage":"es"},{"@type":"WebPage","@id":"https:\/\/www.eldiario.net\/portal\/2023\/04\/08\/miles-de-musulmanes-rezaron-en-el-monte-del-templo-de-jerusalen\/","url":"https:\/\/www.eldiario.net\/portal\/2023\/04\/08\/miles-de-musulmanes-rezaron-en-el-monte-del-templo-de-jerusalen\/","name":"Miles de musulmanes rezaron en el Monte del Templo de Jerusal\u00e9n - El Diario - Bolivia","isPartOf":{"@id":"https:\/\/www.eldiario.net\/portal\/#website"},"primaryImageOfPage":{"@id":"https:\/\/www.eldiario.net\/portal\/2023\/04\/08\/miles-de-musulmanes-rezaron-en-el-monte-del-templo-de-jerusalen\/#primaryimage"},"image":{"@id":"https:\/\/www.eldiario.net\/portal\/2023\/04\/08\/miles-de-musulmanes-rezaron-en-el-monte-del-templo-de-jerusalen\/#primaryimage"},"thumbnailUrl":"","datePublished":"2023-04-08T09:40:34+00:00","breadcrumb":{"@id":"https:\/\/www.eldiario.net\/portal\/2023\/04\/08\/miles-de-musulmanes-rezaron-en-el-monte-del-templo-de-jerusalen\/#breadcrumb"},"inLanguage":"es","potentialAction":[{"@type":"ReadAction","target":["https:\/\/www.eldiario.net\/portal\/2023\/04\/08\/miles-de-musulmanes-rezaron-en-el-monte-del-templo-de-jerusalen\/"]}]},{"@type":"ImageObject","inLanguage":"es","@id":"https:\/\/www.eldiario.net\/portal\/2023\/04\/08\/miles-de-musulmanes-rezaron-en-el-monte-del-templo-de-jerusalen\/#primaryimage","url":"","contentUrl":""},{"@type":"BreadcrumbList","@id":"https:\/\/www.eldiario.net\/portal\/2023\/04\/08\/miles-de-musulmanes-rezaron-en-el-monte-del-templo-de-jerusalen\/#breadcrumb","itemListElement":[{"@type":"ListItem","position":1,"name":"Portada","item":"https:\/\/www.eldiario.net\/portal\/"},{"@type":"ListItem","position":2,"name":"Miles de musulmanes rezaron en el Monte del Templo de Jerusal\u00e9n"}]},{"@type":"WebSite","@id":"https:\/\/www.eldiario.net\/portal\/#website","url":"https:\/\/www.eldiario.net\/portal\/","name":"El Diario - Decano de la prensa nacional","description":"El Diario - Decano de la prensa nacional","publisher":{"@id":"https:\/\/www.eldiario.net\/portal\/#organization"},"potentialAction":[{"@type":"SearchAction","target":{"@type":"EntryPoint","urlTemplate":"https:\/\/www.eldiario.net\/portal\/?s={search_term_string}"},"query-input":{"@type":"PropertyValueSpecification","valueRequired":true,"valueName":"search_term_string"}}],"inLanguage":"es"},{"@type":"Organization","@id":"https:\/\/www.eldiario.net\/portal\/#organization","name":"El Diario - Decano de la prensa nacional","url":"https:\/\/www.eldiario.net\/portal\/","logo":{"@type":"ImageObject","inLanguage":"es","@id":"https:\/\/www.eldiario.net\/portal\/#\/schema\/logo\/image\/","url":"https:\/\/www.eldiario.net\/portal\/wp-content\/uploads\/2023\/07\/logo_ED.jpg","contentUrl":"https:\/\/www.eldiario.net\/portal\/wp-content\/uploads\/2023\/07\/logo_ED.jpg","width":272,"height":52,"caption":"El Diario - Decano de la prensa nacional"},"image":{"@id":"https:\/\/www.eldiario.net\/portal\/#\/schema\/logo\/image\/"},"sameAs":["https:\/\/www.facebook.com\/eldiario.bolivia\/","https:\/\/x.com\/eldiario_net"]},{"@type":"Person","@id":"https:\/\/www.eldiario.net\/portal\/#\/schema\/person\/f46445640444750d7d753ccd04ae01b7","name":"Jeanette","image":{"@type":"ImageObject","inLanguage":"es","@id":"https:\/\/secure.gravatar.com\/avatar\/3ea2118a5f7dad2b7138b1187a6b7ee55f160b9968b66013c3a3ef39dd7e5798?s=96&d=mm&r=g","url":"https:\/\/secure.gravatar.com\/avatar\/3ea2118a5f7dad2b7138b1187a6b7ee55f160b9968b66013c3a3ef39dd7e5798?s=96&d=mm&r=g","contentUrl":"https:\/\/secure.gravatar.com\/avatar\/3ea2118a5f7dad2b7138b1187a6b7ee55f160b9968b66013c3a3ef39dd7e5798?s=96&d=mm&r=g","caption":"Jeanette"},"sameAs":["https:\/\/www.eldiario.net\/portal"],"url":"https:\/\/www.eldiario.net\/portal\/author\/jeanette\/"}]}},"_links":{"self":[{"href":"https:\/\/www.eldiario.net\/portal\/wp-json\/wp\/v2\/posts\/147479","targetHints":{"allow":["GET"]}}],"collection":[{"href":"https:\/\/www.eldiario.net\/portal\/wp-json\/wp\/v2\/posts"}],"about":[{"href":"https:\/\/www.eldiario.net\/portal\/wp-json\/wp\/v2\/types\/post"}],"author":[{"embeddable":true,"href":"https:\/\/www.eldiario.net\/portal\/wp-json\/wp\/v2\/users\/1"}],"replies":[{"embeddable":true,"href":"https:\/\/www.eldiario.net\/portal\/wp-json\/wp\/v2\/comments?post=147479"}],"version-history":[{"count":0,"href":"https:\/\/www.eldiario.net\/portal\/wp-json\/wp\/v2\/posts\/147479\/revisions"}],"wp:attachment":[{"href":"https:\/\/www.eldiario.net\/portal\/wp-json\/wp\/v2\/media?parent=147479"}],"wp:term":[{"taxonomy":"category","embeddable":true,"href":"https:\/\/www.eldiario.net\/portal\/wp-json\/wp\/v2\/categories?post=147479"},{"taxonomy":"post_tag","embeddable":true,"href":"https:\/\/www.eldiario.net\/portal\/wp-json\/wp\/v2\/tags?post=147479"}],"curies":[{"name":"wp","href":"https:\/\/api.w.org\/{rel}","templated":true}]}}