{"id":147476,"date":"2023-04-08T05:39:09","date_gmt":"2023-04-08T09:39:09","guid":{"rendered":"https:\/\/www.eldiario.net\/portal\/?p=147476"},"modified":"2023-04-08T05:39:09","modified_gmt":"2023-04-08T09:39:09","slug":"star-wars-busca-su-identidad-con-el-regreso-de-la-ultima-heroina-jedi","status":"publish","type":"post","link":"https:\/\/www.eldiario.net\/portal\/2023\/04\/08\/star-wars-busca-su-identidad-con-el-regreso-de-la-ultima-heroina-jedi\/","title":{"rendered":"\u2018Star Wars\u2019 busca su identidad con  el regreso de la \u00faltima hero\u00edna jedi"},"content":{"rendered":"<p>La actriz Daisy Ridley es, probablemente, el rostro que est\u00e1 dominando la Celebraci\u00f3n Star Wars, la convenci\u00f3n oficial de la franquicia, que tiene lugar en la ciudad de Londres y que va del 7 al 10 de abril. \u00bfLa raz\u00f3n? El retorno de la artista inglesa en el papel de Rey Skywalker en una de las tres pel\u00edculas anunciadas hoy.<br \/>\nEn la exhibici\u00f3n de Lucasfilm Studio se confirm\u00f3 que la actriz protagonizar\u00e1 la pel\u00edcula dirigida por Sharmeen Obaid-Chinoy, por estrenarse el 19 de diciembre de 2025, y en la que se ver\u00e1 el surgimiento de una nueva orden jedi.<br \/>\nRidley subi\u00f3 al escenario para ser parte de la noticia del filme, que tendr\u00e1 lugar quince a\u00f1os despu\u00e9s de los sucesos de The Rise of Skywalker.<br \/>\nEsto da origen a una nueva l\u00ednea de tiempo de Star Wars, a la que se suman dos nuevas eras, para un total de nueve. La presidenta de Lucasfilm, Kathleen Kennedy, explic\u00f3 que los tiempos develados son:<br \/>\nDawn of the Jedi (Amanecer de los jedi), la m\u00e1s antigua, que data m\u00e1s de 25.000 a\u00f1os antes de los eventos de La amenaza fantasma, y narra el descubrimiento de la Fuerza y la formaci\u00f3n del primer jedi en utilizarla. Para esto tambi\u00e9n habr\u00e1 una pel\u00edcula, dirigida por James Mangold (Logan). Mangold dijo en la Celebraci\u00f3n que lo suyo ser\u00e1 una especie de \u201c\u00e9pica b\u00edblica\u201d, al estilo de Los diez mandamientos (1956). \u00bfDe d\u00f3nde vino la Fuerza, cu\u00e1ndo la descubrimos, cu\u00e1ndo supimos c\u00f3mo usarla?\u201d.<br \/>\nA esta le acompa\u00f1a la \u00faltima era en la l\u00ednea del tiempo, New Jedi Order, y de ella se sabe que habr\u00e1 una nueva trilog\u00eda, el primero de cuyos t\u00edtulos ser\u00e1 dirigido por la pakistan\u00ed Sharmeen Obaid-Chinoy. \u201cHe pasado la mayor parte de mi vida conociendo h\u00e9roes de la vida real que est\u00e1n batallando contra reg\u00edmenes opresivos y yendo contra pron\u00f3sticos imposibles, y creo que \u00e9se es el coraz\u00f3n de Star Wars\u201d, dijo la directora, y solt\u00f3 unas cuantas pistas de su trabajo. \u201cPor eso, estoy atra\u00edda por la promesa de una nueva Orden Jedi, de sumergirme en una academia jedi con un poderoso maestro jedi\u201d. \u00bfY qui\u00e9n est\u00e1 reconstruyendo a los jedi? Ella invit\u00f3 a subir al escenario a la responsable, Daisy Ridley, quien ha recibido comentarios mixtos, de amor y de rechazo, por asumir este nuevo desaf\u00edo, pero opt\u00f3 por declararse encantada de ser llamada de vuelta por Lucasfillms.<br \/>\nPIE FOTO<\/p>\n","protected":false},"excerpt":{"rendered":"<p>La actriz Daisy Ridley es, probablemente, el rostro que est\u00e1 dominando la Celebraci\u00f3n Star Wars, la convenci\u00f3n oficial de la franquicia, que tiene lugar en la ciudad de Londres y que va del 7 al 10 de abril. \u00bfLa raz\u00f3n? El retorno de la artista inglesa en el papel de Rey Skywalker en una de [&hellip;]<\/p>\n","protected":false},"author":1,"featured_media":147477,"comment_status":"closed","ping_status":"closed","sticky":false,"template":"","format":"standard","meta":{"_acf_changed":false,"footnotes":""},"categories":[8],"tags":[],"class_list":["post-147476","post","type-post","status-publish","format-standard","has-post-thumbnail","category-cultural"],"acf":{"antetitulo":""},"yoast_head":"<!-- This site is optimized with the Yoast SEO plugin v28.3 - https:\/\/yoast.com\/product\/yoast-seo-wordpress\/ -->\n<title>\u2018Star Wars\u2019 busca su identidad con el regreso de la \u00faltima hero\u00edna jedi - El Diario - Bolivia<\/title>\n<meta name=\"robots\" content=\"index, follow, max-snippet:-1, max-image-preview:large, max-video-preview:-1\" \/>\n<link rel=\"canonical\" href=\"https:\/\/www.eldiario.net\/portal\/2023\/04\/08\/star-wars-busca-su-identidad-con-el-regreso-de-la-ultima-heroina-jedi\/\" \/>\n<meta property=\"og:locale\" content=\"es_ES\" \/>\n<meta property=\"og:type\" content=\"article\" \/>\n<meta property=\"og:title\" content=\"\u2018Star Wars\u2019 busca su identidad con el regreso de la \u00faltima hero\u00edna jedi - El Diario - Bolivia\" \/>\n<meta property=\"og:description\" content=\"La actriz Daisy Ridley es, probablemente, el rostro que est\u00e1 dominando la Celebraci\u00f3n Star Wars, la convenci\u00f3n oficial de la franquicia, que tiene lugar en la ciudad de Londres y que va del 7 al 10 de abril. \u00bfLa raz\u00f3n? El retorno de la artista inglesa en el papel de Rey Skywalker en una de [&hellip;]\" \/>\n<meta property=\"og:url\" content=\"https:\/\/www.eldiario.net\/portal\/2023\/04\/08\/star-wars-busca-su-identidad-con-el-regreso-de-la-ultima-heroina-jedi\/\" \/>\n<meta property=\"og:site_name\" content=\"El Diario - Bolivia\" \/>\n<meta property=\"article:publisher\" content=\"https:\/\/www.facebook.com\/eldiario.bolivia\/\" \/>\n<meta property=\"article:published_time\" content=\"2023-04-08T09:39:09+00:00\" \/>\n<meta name=\"author\" content=\"Jeanette\" \/>\n<meta name=\"twitter:card\" content=\"summary_large_image\" \/>\n<meta name=\"twitter:creator\" content=\"@eldiario_net\" \/>\n<meta name=\"twitter:site\" content=\"@eldiario_net\" \/>\n<meta name=\"twitter:label1\" content=\"Escrito por\" \/>\n\t<meta name=\"twitter:data1\" content=\"Jeanette\" \/>\n\t<meta name=\"twitter:label2\" content=\"Tiempo de lectura\" \/>\n\t<meta name=\"twitter:data2\" content=\"2 minutos\" \/>\n<script type=\"application\/ld+json\" class=\"yoast-schema-graph\">{\"@context\":\"https:\\\/\\\/schema.org\",\"@graph\":[{\"@type\":\"Article\",\"@id\":\"https:\\\/\\\/www.eldiario.net\\\/portal\\\/2023\\\/04\\\/08\\\/star-wars-busca-su-identidad-con-el-regreso-de-la-ultima-heroina-jedi\\\/#article\",\"isPartOf\":{\"@id\":\"https:\\\/\\\/www.eldiario.net\\\/portal\\\/2023\\\/04\\\/08\\\/star-wars-busca-su-identidad-con-el-regreso-de-la-ultima-heroina-jedi\\\/\"},\"author\":{\"name\":\"Jeanette\",\"@id\":\"https:\\\/\\\/www.eldiario.net\\\/portal\\\/#\\\/schema\\\/person\\\/f46445640444750d7d753ccd04ae01b7\"},\"headline\":\"\u2018Star Wars\u2019 busca su identidad con el regreso de la \u00faltima hero\u00edna jedi\",\"datePublished\":\"2023-04-08T09:39:09+00:00\",\"mainEntityOfPage\":{\"@id\":\"https:\\\/\\\/www.eldiario.net\\\/portal\\\/2023\\\/04\\\/08\\\/star-wars-busca-su-identidad-con-el-regreso-de-la-ultima-heroina-jedi\\\/\"},\"wordCount\":440,\"publisher\":{\"@id\":\"https:\\\/\\\/www.eldiario.net\\\/portal\\\/#organization\"},\"image\":{\"@id\":\"https:\\\/\\\/www.eldiario.net\\\/portal\\\/2023\\\/04\\\/08\\\/star-wars-busca-su-identidad-con-el-regreso-de-la-ultima-heroina-jedi\\\/#primaryimage\"},\"thumbnailUrl\":\"\",\"articleSection\":[\"Cultural\"],\"inLanguage\":\"es\"},{\"@type\":\"WebPage\",\"@id\":\"https:\\\/\\\/www.eldiario.net\\\/portal\\\/2023\\\/04\\\/08\\\/star-wars-busca-su-identidad-con-el-regreso-de-la-ultima-heroina-jedi\\\/\",\"url\":\"https:\\\/\\\/www.eldiario.net\\\/portal\\\/2023\\\/04\\\/08\\\/star-wars-busca-su-identidad-con-el-regreso-de-la-ultima-heroina-jedi\\\/\",\"name\":\"\u2018Star Wars\u2019 busca su identidad con el regreso de la \u00faltima hero\u00edna jedi - El Diario - Bolivia\",\"isPartOf\":{\"@id\":\"https:\\\/\\\/www.eldiario.net\\\/portal\\\/#website\"},\"primaryImageOfPage\":{\"@id\":\"https:\\\/\\\/www.eldiario.net\\\/portal\\\/2023\\\/04\\\/08\\\/star-wars-busca-su-identidad-con-el-regreso-de-la-ultima-heroina-jedi\\\/#primaryimage\"},\"image\":{\"@id\":\"https:\\\/\\\/www.eldiario.net\\\/portal\\\/2023\\\/04\\\/08\\\/star-wars-busca-su-identidad-con-el-regreso-de-la-ultima-heroina-jedi\\\/#primaryimage\"},\"thumbnailUrl\":\"\",\"datePublished\":\"2023-04-08T09:39:09+00:00\",\"breadcrumb\":{\"@id\":\"https:\\\/\\\/www.eldiario.net\\\/portal\\\/2023\\\/04\\\/08\\\/star-wars-busca-su-identidad-con-el-regreso-de-la-ultima-heroina-jedi\\\/#breadcrumb\"},\"inLanguage\":\"es\",\"potentialAction\":[{\"@type\":\"ReadAction\",\"target\":[\"https:\\\/\\\/www.eldiario.net\\\/portal\\\/2023\\\/04\\\/08\\\/star-wars-busca-su-identidad-con-el-regreso-de-la-ultima-heroina-jedi\\\/\"]}]},{\"@type\":\"ImageObject\",\"inLanguage\":\"es\",\"@id\":\"https:\\\/\\\/www.eldiario.net\\\/portal\\\/2023\\\/04\\\/08\\\/star-wars-busca-su-identidad-con-el-regreso-de-la-ultima-heroina-jedi\\\/#primaryimage\",\"url\":\"\",\"contentUrl\":\"\"},{\"@type\":\"BreadcrumbList\",\"@id\":\"https:\\\/\\\/www.eldiario.net\\\/portal\\\/2023\\\/04\\\/08\\\/star-wars-busca-su-identidad-con-el-regreso-de-la-ultima-heroina-jedi\\\/#breadcrumb\",\"itemListElement\":[{\"@type\":\"ListItem\",\"position\":1,\"name\":\"Portada\",\"item\":\"https:\\\/\\\/www.eldiario.net\\\/portal\\\/\"},{\"@type\":\"ListItem\",\"position\":2,\"name\":\"\u2018Star Wars\u2019 busca su identidad con el regreso de la \u00faltima hero\u00edna jedi\"}]},{\"@type\":\"WebSite\",\"@id\":\"https:\\\/\\\/www.eldiario.net\\\/portal\\\/#website\",\"url\":\"https:\\\/\\\/www.eldiario.net\\\/portal\\\/\",\"name\":\"El Diario - Decano de la prensa nacional\",\"description\":\"El Diario - Decano de la prensa nacional\",\"publisher\":{\"@id\":\"https:\\\/\\\/www.eldiario.net\\\/portal\\\/#organization\"},\"potentialAction\":[{\"@type\":\"SearchAction\",\"target\":{\"@type\":\"EntryPoint\",\"urlTemplate\":\"https:\\\/\\\/www.eldiario.net\\\/portal\\\/?s={search_term_string}\"},\"query-input\":{\"@type\":\"PropertyValueSpecification\",\"valueRequired\":true,\"valueName\":\"search_term_string\"}}],\"inLanguage\":\"es\"},{\"@type\":\"Organization\",\"@id\":\"https:\\\/\\\/www.eldiario.net\\\/portal\\\/#organization\",\"name\":\"El Diario - Decano de la prensa nacional\",\"url\":\"https:\\\/\\\/www.eldiario.net\\\/portal\\\/\",\"logo\":{\"@type\":\"ImageObject\",\"inLanguage\":\"es\",\"@id\":\"https:\\\/\\\/www.eldiario.net\\\/portal\\\/#\\\/schema\\\/logo\\\/image\\\/\",\"url\":\"https:\\\/\\\/www.eldiario.net\\\/portal\\\/wp-content\\\/uploads\\\/2023\\\/07\\\/logo_ED.jpg\",\"contentUrl\":\"https:\\\/\\\/www.eldiario.net\\\/portal\\\/wp-content\\\/uploads\\\/2023\\\/07\\\/logo_ED.jpg\",\"width\":272,\"height\":52,\"caption\":\"El Diario - Decano de la prensa nacional\"},\"image\":{\"@id\":\"https:\\\/\\\/www.eldiario.net\\\/portal\\\/#\\\/schema\\\/logo\\\/image\\\/\"},\"sameAs\":[\"https:\\\/\\\/www.facebook.com\\\/eldiario.bolivia\\\/\",\"https:\\\/\\\/x.com\\\/eldiario_net\"]},{\"@type\":\"Person\",\"@id\":\"https:\\\/\\\/www.eldiario.net\\\/portal\\\/#\\\/schema\\\/person\\\/f46445640444750d7d753ccd04ae01b7\",\"name\":\"Jeanette\",\"image\":{\"@type\":\"ImageObject\",\"inLanguage\":\"es\",\"@id\":\"https:\\\/\\\/secure.gravatar.com\\\/avatar\\\/3ea2118a5f7dad2b7138b1187a6b7ee55f160b9968b66013c3a3ef39dd7e5798?s=96&d=mm&r=g\",\"url\":\"https:\\\/\\\/secure.gravatar.com\\\/avatar\\\/3ea2118a5f7dad2b7138b1187a6b7ee55f160b9968b66013c3a3ef39dd7e5798?s=96&d=mm&r=g\",\"contentUrl\":\"https:\\\/\\\/secure.gravatar.com\\\/avatar\\\/3ea2118a5f7dad2b7138b1187a6b7ee55f160b9968b66013c3a3ef39dd7e5798?s=96&d=mm&r=g\",\"caption\":\"Jeanette\"},\"sameAs\":[\"https:\\\/\\\/www.eldiario.net\\\/portal\"],\"url\":\"https:\\\/\\\/www.eldiario.net\\\/portal\\\/author\\\/jeanette\\\/\"}]}<\/script>\n<!-- \/ Yoast SEO plugin. -->","yoast_head_json":{"title":"\u2018Star Wars\u2019 busca su identidad con el regreso de la \u00faltima hero\u00edna jedi - El Diario - Bolivia","robots":{"index":"index","follow":"follow","max-snippet":"max-snippet:-1","max-image-preview":"max-image-preview:large","max-video-preview":"max-video-preview:-1"},"canonical":"https:\/\/www.eldiario.net\/portal\/2023\/04\/08\/star-wars-busca-su-identidad-con-el-regreso-de-la-ultima-heroina-jedi\/","og_locale":"es_ES","og_type":"article","og_title":"\u2018Star Wars\u2019 busca su identidad con el regreso de la \u00faltima hero\u00edna jedi - El Diario - Bolivia","og_description":"La actriz Daisy Ridley es, probablemente, el rostro que est\u00e1 dominando la Celebraci\u00f3n Star Wars, la convenci\u00f3n oficial de la franquicia, que tiene lugar en la ciudad de Londres y que va del 7 al 10 de abril. \u00bfLa raz\u00f3n? El retorno de la artista inglesa en el papel de Rey Skywalker en una de [&hellip;]","og_url":"https:\/\/www.eldiario.net\/portal\/2023\/04\/08\/star-wars-busca-su-identidad-con-el-regreso-de-la-ultima-heroina-jedi\/","og_site_name":"El Diario - Bolivia","article_publisher":"https:\/\/www.facebook.com\/eldiario.bolivia\/","article_published_time":"2023-04-08T09:39:09+00:00","author":"Jeanette","twitter_card":"summary_large_image","twitter_creator":"@eldiario_net","twitter_site":"@eldiario_net","twitter_misc":{"Escrito por":"Jeanette","Tiempo de lectura":"2 minutos"},"schema":{"@context":"https:\/\/schema.org","@graph":[{"@type":"Article","@id":"https:\/\/www.eldiario.net\/portal\/2023\/04\/08\/star-wars-busca-su-identidad-con-el-regreso-de-la-ultima-heroina-jedi\/#article","isPartOf":{"@id":"https:\/\/www.eldiario.net\/portal\/2023\/04\/08\/star-wars-busca-su-identidad-con-el-regreso-de-la-ultima-heroina-jedi\/"},"author":{"name":"Jeanette","@id":"https:\/\/www.eldiario.net\/portal\/#\/schema\/person\/f46445640444750d7d753ccd04ae01b7"},"headline":"\u2018Star Wars\u2019 busca su identidad con el regreso de la \u00faltima hero\u00edna jedi","datePublished":"2023-04-08T09:39:09+00:00","mainEntityOfPage":{"@id":"https:\/\/www.eldiario.net\/portal\/2023\/04\/08\/star-wars-busca-su-identidad-con-el-regreso-de-la-ultima-heroina-jedi\/"},"wordCount":440,"publisher":{"@id":"https:\/\/www.eldiario.net\/portal\/#organization"},"image":{"@id":"https:\/\/www.eldiario.net\/portal\/2023\/04\/08\/star-wars-busca-su-identidad-con-el-regreso-de-la-ultima-heroina-jedi\/#primaryimage"},"thumbnailUrl":"","articleSection":["Cultural"],"inLanguage":"es"},{"@type":"WebPage","@id":"https:\/\/www.eldiario.net\/portal\/2023\/04\/08\/star-wars-busca-su-identidad-con-el-regreso-de-la-ultima-heroina-jedi\/","url":"https:\/\/www.eldiario.net\/portal\/2023\/04\/08\/star-wars-busca-su-identidad-con-el-regreso-de-la-ultima-heroina-jedi\/","name":"\u2018Star Wars\u2019 busca su identidad con el regreso de la \u00faltima hero\u00edna jedi - El Diario - Bolivia","isPartOf":{"@id":"https:\/\/www.eldiario.net\/portal\/#website"},"primaryImageOfPage":{"@id":"https:\/\/www.eldiario.net\/portal\/2023\/04\/08\/star-wars-busca-su-identidad-con-el-regreso-de-la-ultima-heroina-jedi\/#primaryimage"},"image":{"@id":"https:\/\/www.eldiario.net\/portal\/2023\/04\/08\/star-wars-busca-su-identidad-con-el-regreso-de-la-ultima-heroina-jedi\/#primaryimage"},"thumbnailUrl":"","datePublished":"2023-04-08T09:39:09+00:00","breadcrumb":{"@id":"https:\/\/www.eldiario.net\/portal\/2023\/04\/08\/star-wars-busca-su-identidad-con-el-regreso-de-la-ultima-heroina-jedi\/#breadcrumb"},"inLanguage":"es","potentialAction":[{"@type":"ReadAction","target":["https:\/\/www.eldiario.net\/portal\/2023\/04\/08\/star-wars-busca-su-identidad-con-el-regreso-de-la-ultima-heroina-jedi\/"]}]},{"@type":"ImageObject","inLanguage":"es","@id":"https:\/\/www.eldiario.net\/portal\/2023\/04\/08\/star-wars-busca-su-identidad-con-el-regreso-de-la-ultima-heroina-jedi\/#primaryimage","url":"","contentUrl":""},{"@type":"BreadcrumbList","@id":"https:\/\/www.eldiario.net\/portal\/2023\/04\/08\/star-wars-busca-su-identidad-con-el-regreso-de-la-ultima-heroina-jedi\/#breadcrumb","itemListElement":[{"@type":"ListItem","position":1,"name":"Portada","item":"https:\/\/www.eldiario.net\/portal\/"},{"@type":"ListItem","position":2,"name":"\u2018Star Wars\u2019 busca su identidad con el regreso de la \u00faltima hero\u00edna jedi"}]},{"@type":"WebSite","@id":"https:\/\/www.eldiario.net\/portal\/#website","url":"https:\/\/www.eldiario.net\/portal\/","name":"El Diario - Decano de la prensa nacional","description":"El Diario - Decano de la prensa nacional","publisher":{"@id":"https:\/\/www.eldiario.net\/portal\/#organization"},"potentialAction":[{"@type":"SearchAction","target":{"@type":"EntryPoint","urlTemplate":"https:\/\/www.eldiario.net\/portal\/?s={search_term_string}"},"query-input":{"@type":"PropertyValueSpecification","valueRequired":true,"valueName":"search_term_string"}}],"inLanguage":"es"},{"@type":"Organization","@id":"https:\/\/www.eldiario.net\/portal\/#organization","name":"El Diario - Decano de la prensa nacional","url":"https:\/\/www.eldiario.net\/portal\/","logo":{"@type":"ImageObject","inLanguage":"es","@id":"https:\/\/www.eldiario.net\/portal\/#\/schema\/logo\/image\/","url":"https:\/\/www.eldiario.net\/portal\/wp-content\/uploads\/2023\/07\/logo_ED.jpg","contentUrl":"https:\/\/www.eldiario.net\/portal\/wp-content\/uploads\/2023\/07\/logo_ED.jpg","width":272,"height":52,"caption":"El Diario - Decano de la prensa nacional"},"image":{"@id":"https:\/\/www.eldiario.net\/portal\/#\/schema\/logo\/image\/"},"sameAs":["https:\/\/www.facebook.com\/eldiario.bolivia\/","https:\/\/x.com\/eldiario_net"]},{"@type":"Person","@id":"https:\/\/www.eldiario.net\/portal\/#\/schema\/person\/f46445640444750d7d753ccd04ae01b7","name":"Jeanette","image":{"@type":"ImageObject","inLanguage":"es","@id":"https:\/\/secure.gravatar.com\/avatar\/3ea2118a5f7dad2b7138b1187a6b7ee55f160b9968b66013c3a3ef39dd7e5798?s=96&d=mm&r=g","url":"https:\/\/secure.gravatar.com\/avatar\/3ea2118a5f7dad2b7138b1187a6b7ee55f160b9968b66013c3a3ef39dd7e5798?s=96&d=mm&r=g","contentUrl":"https:\/\/secure.gravatar.com\/avatar\/3ea2118a5f7dad2b7138b1187a6b7ee55f160b9968b66013c3a3ef39dd7e5798?s=96&d=mm&r=g","caption":"Jeanette"},"sameAs":["https:\/\/www.eldiario.net\/portal"],"url":"https:\/\/www.eldiario.net\/portal\/author\/jeanette\/"}]}},"_links":{"self":[{"href":"https:\/\/www.eldiario.net\/portal\/wp-json\/wp\/v2\/posts\/147476","targetHints":{"allow":["GET"]}}],"collection":[{"href":"https:\/\/www.eldiario.net\/portal\/wp-json\/wp\/v2\/posts"}],"about":[{"href":"https:\/\/www.eldiario.net\/portal\/wp-json\/wp\/v2\/types\/post"}],"author":[{"embeddable":true,"href":"https:\/\/www.eldiario.net\/portal\/wp-json\/wp\/v2\/users\/1"}],"replies":[{"embeddable":true,"href":"https:\/\/www.eldiario.net\/portal\/wp-json\/wp\/v2\/comments?post=147476"}],"version-history":[{"count":0,"href":"https:\/\/www.eldiario.net\/portal\/wp-json\/wp\/v2\/posts\/147476\/revisions"}],"wp:attachment":[{"href":"https:\/\/www.eldiario.net\/portal\/wp-json\/wp\/v2\/media?parent=147476"}],"wp:term":[{"taxonomy":"category","embeddable":true,"href":"https:\/\/www.eldiario.net\/portal\/wp-json\/wp\/v2\/categories?post=147476"},{"taxonomy":"post_tag","embeddable":true,"href":"https:\/\/www.eldiario.net\/portal\/wp-json\/wp\/v2\/tags?post=147476"}],"curies":[{"name":"wp","href":"https:\/\/api.w.org\/{rel}","templated":true}]}}