{"id":147469,"date":"2023-04-08T05:36:01","date_gmt":"2023-04-08T09:36:01","guid":{"rendered":"https:\/\/www.eldiario.net\/portal\/?p=147469"},"modified":"2023-04-08T05:36:01","modified_gmt":"2023-04-08T09:36:01","slug":"economia-boliviana-bajo-observacion-a-pesar-de-datos-financieros-del-gobierno","status":"publish","type":"post","link":"https:\/\/www.eldiario.net\/portal\/2023\/04\/08\/economia-boliviana-bajo-observacion-a-pesar-de-datos-financieros-del-gobierno\/","title":{"rendered":"Econom\u00eda boliviana bajo observaci\u00f3n a  pesar de datos financieros del Gobierno"},"content":{"rendered":"<p>Los d\u00f3lares siguen faltando en el pa\u00eds, mientras el Banco Central de Bolivia (BCB) aplica la compra on line para agilizar la venta, el Fondo Monetario Internacional (FMI) informa sobre el estado del pa\u00eds a ra\u00edz del uso de los Derechos de Giro y las tasas que debe pagar, una reducci\u00f3n de los Derechos Especiales de Giro (DEG). Mientras el Gobierno asegura que la reconstrucci\u00f3n avanza, con un alza de recaudaciones, desocupaci\u00f3n baja y reactivaci\u00f3n del sector de servicios.<br \/>\nEn una charla sobre la coyuntura econ\u00f3mica de Bolivia, el analista econ\u00f3mico y financiero, Jaime Dunn, dijo que el modelo econ\u00f3mico lleg\u00f3 a su fin luego de la ca\u00edda de los ingresos del sector de hidrocarburos, a partir de 2014, y ahora van por el litio.<br \/>\nEsa afirmaci\u00f3n lo realiza debido a que el modelo del Gobierno se basa en una de sus pilares el aprovechamiento de los recursos naturales, y como cae la producci\u00f3n de gas los ingresos se reducen y el crecimiento va en esta direcci\u00f3n.<br \/>\nEn el caso de la inflaci\u00f3n, Dunn asegura que para mantener una cifra baja el Gobierno eroga alrededor de 2.000 millones de d\u00f3lares en subsidios a los combustibles, el mayor, a los alimentos y servicios.<br \/>\nEl economista Mauricio R\u00edos escribi\u00f3 en su @riosmauricio se\u00f1ala que \u201ccon un tipo de cambio flexible, que implica devaluaci\u00f3n, no existe incentivos para recortar el gasto como con un tipo de cambio fijo, adem\u00e1s de que el problema no ser\u00eda tan evidente y el titular de Hacienda no quedar\u00eda igualmente expuesto\u201d.<br \/>\nEl economista Ernesto Bernal, en su momento se\u00f1al\u00f3 que el modelo caduc\u00f3 y se deber\u00eda realizar ajustes y paralelamente bajar el gasto p\u00fablico, de lo contrario la situaci\u00f3n empeorar\u00eda.<br \/>\nDatos<br \/>\nLos economistas y pol\u00edticos observan sobre la transparencia de los datos econ\u00f3micos. El Banco Central de Bolivia (BCB) mantiene desinformada a la poblaci\u00f3n sobre el estado de las Reservas Internacionales Netas, la \u00faltima publicaci\u00f3n del 8 de febrero se\u00f1alaba una cifra de 3.500 millones de d\u00f3lares, divisas, oro y DEGs.<br \/>\nCon respecto a las DEGs, el ex presidente Jorge \u00abTuto\u00bb Quiroga escribi\u00f3 en su @tutoquiroga escribi\u00f3 que @IMFNews inform\u00f3 que Arce quem\u00f3 $us 480 Millones de DEG, ahora #Bolivia debe intereses de 3,5%, todo ante silencio c\u00f3mplice del Congreso. Hoy Bloomberg lo ratifica, mientras BCB esconde datos. MAS dilapid\u00f3 divisas, despu\u00e9s DEG, ahora no hay d\u00f3lares y solo queda el oro\u00bb.<br \/>\n\u201cCaja chica\u201d<br \/>\nAsimismo, el presidente del Colegio de Economistas de Tarija, Fernando Romero, inform\u00f3 que el FMI se\u00f1ala que Bolivia tiene menos del 10% de sus DEGs asignados.<br \/>\n\u00abDe acuerdo a un estudio propio, en base a datos del Fondo Monetario Internacional (FMI), de los 538 millones de d\u00f3lares que ten\u00eda el BCB en DEG, seg\u00fan su \u00faltimo reporte, ya utiliz\u00f3 un 90% de los mismos, actualmente s\u00f3lo nos queda 39,09 millones de DEG, es decir 52,77 millones de d\u00f3lares\u00bb, apunt\u00f3.<br \/>\nAl 31 de marzo de 2023, Bolivia ten\u00eda 394,26 millones en DEG, sin embargo el 90% de estos fueron monetizados, por lo tanto solo tenemos ahora 10% de los que nos asign\u00f3 el FMI, reiter\u00f3.<br \/>\nEn simples palabras, ya casi nos gastamos todo nuestro dinero guardado de la \u00abcaja chica\u00bb que ten\u00edamos en el FMI, estos 497,47 millones de d\u00f3lares, seguramente fueron usados en parte para cubrir el gasto p\u00fablico y dar liquidez al (Sistema Financiero Nacional) SFN con d\u00f3lares americanos, sostiene.<br \/>\nAdem\u00e1s este uso de los DEG se convierte en un pasivo para el pa\u00eds, mismo que si no se devuelve, el 2023 le significar\u00e1 un costo en intereses cerca de 11 millones de d\u00f3lares.<br \/>\n\u201cYa son 2 meses que no se actualizan los datos de las RIN, teniendo que enteramos de c\u00f3mo esta nuestra econom\u00eda mediante informes de organismos internacionales; se observa que las pol\u00edticas implementadas hasta ahora por el BCB y el Ministerio de Econom\u00eda y Finanzas P\u00fablicas (MEFP) no tuvieron resultados \u00f3ptimos, estamos recurriendo a opciones riesgosas para nuestra estabilidad macroecon\u00f3mica como incrementar nuestra deuda externa, usar nuestros DEG al extremo, mantener un elevado gasto en importaciones, sin a\u00fan solucionar todav\u00eda la iliquidez de d\u00f3lares en el mercado interno y menos fortalecer nuestras RIN, ahora mucho m\u00e1s alica\u00eddas\u00bb, lament\u00f3.<br \/>\nEmpresas<br \/>\nY a pesar de ese contexto negativo para la econom\u00eda nacional, el Gobierno anuncia la creaci\u00f3n de nuevas empresas en la presente gesti\u00f3n alrededor de 33, con una inversi\u00f3n de 500 millones de d\u00f3lares, explic\u00f3 Dunn y acot\u00f3 que ya se dieron 6.000 millones de d\u00f3lares en cr\u00e9dito a las empresas p\u00fablicas.<br \/>\nEl gasto corriente va en aumento, ya que al crear empresas estatales, se tendr\u00e1 que contratar personal, exclusivamente del partido de gobierno para cumplir con su militancia.<br \/>\nEl especialista se\u00f1ala que el \u00e9xito del modelo fue el aumento de la informalidad y el contrabando, que mueve alrededor de 3.800 millones de d\u00f3lares al a\u00f1o, cifra superior a lo que genera la industria nacional que est\u00e1 alrededor de los 3.000 millones.<br \/>\nRESERVAS INTERNACIONALES NETAS<br \/>\nPor otra parte, Romero explic\u00f3 que el ingreso de divisas a las Reservas Internacionales viene de las exportaciones, deuda externa, remesas e inversi\u00f3n extranjera directa, y no recomienda ingresar a la era de los pr\u00e9stamos.<br \/>\nInform\u00f3 que la balanza comercial va por mal camino desde agosto de 2022, mes en el que ingres\u00f3 en d\u00e9ficit, y aun no se recupera.<br \/>\nIntereses<br \/>\nMientras tanto, las personas que accedieron a cr\u00e9dito en la banca, se sorprendieron en el pago del seguro de desgravamen en el sistema financiero. Al respecto, el director de la Autoridad de Supervisi\u00f3n del Sistema Financiero (ASFI), Reynaldo Yujra, escribi\u00f3 en @asfibolivia sobre el pago del seguro de desgravamen en la banca: \u201cVamos a revisar la normativa para que no se cometan excesos o efectos desproporcionados sobre las operaciones crediticias\u201d.<br \/>\nPero los analistas indican que esa decisi\u00f3n ser\u00eda una medida necesaria para las aseguradoras debido a la situaci\u00f3n de la econom\u00eda nacional.<br \/>\nOficial<br \/>\nA febrero de 2023, el sector de servicios tribut\u00f3 407 millones de bolivianos, 21% m\u00e1s que en 2021, cuando pag\u00f3 impuestos por 335 millones. En 2022, esta recaudaci\u00f3n lleg\u00f3 a 374 millones. Este sector agrupa a servicios de arquitectos, ingenieros, alquileres, servicios inform\u00e1ticos, marketing, entre otros, se\u00f1ala una nota del MEyFP.<br \/>\nEl sector de la construcci\u00f3n creci\u00f3 dos a\u00f1os consecutivos. A febrero de 2021, tribut\u00f3 162 millones de bolivianos y a febrero de 2023, 228 millones, creciendo 41%.<br \/>\nEn el caso del empleo, seg\u00fan el \u00faltimo reporte del Instituto Nacional de Estad\u00edstica Bolivia, este indicador en el sector de la construcci\u00f3n lleg\u00f3 a m\u00e1s de 378 mil personas al 4to. trimestre de 2022, se\u00f1ala la nota.<br \/>\nEl empleo creci\u00f3 0,31% respecto al 4to. trimestre de 2021, cuando se registraron 377 mil ocupados en el sector, destaca.<br \/>\nEn febrero, el Servicio de Impuestos Nacionales recaud\u00f3 8,3% m\u00e1s que febrero 2022, llegando a Bs2.815 millones<br \/>\nAsimismo, la informaci\u00f3n del MEyFP se\u00f1ala que pese al contexto internacional que afecta la producci\u00f3n, el empleo y el poder adquisitivo de la gente, la econom\u00eda boliviana contin\u00faa demostrando estar preparada para enfrentar estos embates, gracias al Modelo Econ\u00f3mico Social Comunitario Productivo.<br \/>\nEn ese contexto, sostiene que la recaudaci\u00f3n total del primer bimestre de 2023 lleg\u00f3 a 7.175 millones de bolivianos, creciendo 3,8% m\u00e1s que en 2022, cuando se recaud\u00f3 6.890 millones en los dos primeros meses.<\/p>\n\n","protected":false},"excerpt":{"rendered":"<p>Los d\u00f3lares siguen faltando en el pa\u00eds, mientras el Banco Central de Bolivia (BCB) aplica la compra on line para agilizar la venta, el Fondo Monetario Internacional (FMI) informa sobre el estado del pa\u00eds a ra\u00edz del uso de los Derechos de Giro y las tasas que debe pagar, una reducci\u00f3n de los Derechos Especiales [&hellip;]<\/p>\n","protected":false},"author":1,"featured_media":147470,"comment_status":"closed","ping_status":"closed","sticky":false,"template":"","format":"standard","meta":{"_acf_changed":false,"footnotes":""},"categories":[7],"tags":[],"class_list":["post-147469","post","type-post","status-publish","format-standard","has-post-thumbnail","category-economia"],"acf":{"antetitulo":""},"yoast_head":"<!-- This site is optimized with the Yoast SEO plugin v28.3 - https:\/\/yoast.com\/product\/yoast-seo-wordpress\/ -->\n<title>Econom\u00eda boliviana bajo observaci\u00f3n a pesar de datos financieros del Gobierno - El Diario - Bolivia<\/title>\n<meta name=\"robots\" content=\"index, follow, max-snippet:-1, max-image-preview:large, max-video-preview:-1\" \/>\n<link rel=\"canonical\" href=\"https:\/\/www.eldiario.net\/portal\/2023\/04\/08\/economia-boliviana-bajo-observacion-a-pesar-de-datos-financieros-del-gobierno\/\" \/>\n<meta property=\"og:locale\" content=\"es_ES\" \/>\n<meta property=\"og:type\" content=\"article\" \/>\n<meta property=\"og:title\" content=\"Econom\u00eda boliviana bajo observaci\u00f3n a pesar de datos financieros del Gobierno - El Diario - Bolivia\" \/>\n<meta property=\"og:description\" content=\"Los d\u00f3lares siguen faltando en el pa\u00eds, mientras el Banco Central de Bolivia (BCB) aplica la compra on line para agilizar la venta, el Fondo Monetario Internacional (FMI) informa sobre el estado del pa\u00eds a ra\u00edz del uso de los Derechos de Giro y las tasas que debe pagar, una reducci\u00f3n de los Derechos Especiales [&hellip;]\" \/>\n<meta property=\"og:url\" content=\"https:\/\/www.eldiario.net\/portal\/2023\/04\/08\/economia-boliviana-bajo-observacion-a-pesar-de-datos-financieros-del-gobierno\/\" \/>\n<meta property=\"og:site_name\" content=\"El Diario - Bolivia\" \/>\n<meta property=\"article:publisher\" content=\"https:\/\/www.facebook.com\/eldiario.bolivia\/\" \/>\n<meta property=\"article:published_time\" content=\"2023-04-08T09:36:01+00:00\" \/>\n<meta name=\"author\" content=\"Jeanette\" \/>\n<meta name=\"twitter:card\" content=\"summary_large_image\" \/>\n<meta name=\"twitter:creator\" content=\"@eldiario_net\" \/>\n<meta name=\"twitter:site\" content=\"@eldiario_net\" \/>\n<meta name=\"twitter:label1\" content=\"Escrito por\" \/>\n\t<meta name=\"twitter:data1\" content=\"Jeanette\" \/>\n\t<meta name=\"twitter:label2\" content=\"Tiempo de lectura\" \/>\n\t<meta name=\"twitter:data2\" content=\"6 minutos\" \/>\n<script type=\"application\/ld+json\" class=\"yoast-schema-graph\">{\"@context\":\"https:\\\/\\\/schema.org\",\"@graph\":[{\"@type\":\"Article\",\"@id\":\"https:\\\/\\\/www.eldiario.net\\\/portal\\\/2023\\\/04\\\/08\\\/economia-boliviana-bajo-observacion-a-pesar-de-datos-financieros-del-gobierno\\\/#article\",\"isPartOf\":{\"@id\":\"https:\\\/\\\/www.eldiario.net\\\/portal\\\/2023\\\/04\\\/08\\\/economia-boliviana-bajo-observacion-a-pesar-de-datos-financieros-del-gobierno\\\/\"},\"author\":{\"name\":\"Jeanette\",\"@id\":\"https:\\\/\\\/www.eldiario.net\\\/portal\\\/#\\\/schema\\\/person\\\/f46445640444750d7d753ccd04ae01b7\"},\"headline\":\"Econom\u00eda boliviana bajo observaci\u00f3n a pesar de datos financieros del Gobierno\",\"datePublished\":\"2023-04-08T09:36:01+00:00\",\"mainEntityOfPage\":{\"@id\":\"https:\\\/\\\/www.eldiario.net\\\/portal\\\/2023\\\/04\\\/08\\\/economia-boliviana-bajo-observacion-a-pesar-de-datos-financieros-del-gobierno\\\/\"},\"wordCount\":1267,\"publisher\":{\"@id\":\"https:\\\/\\\/www.eldiario.net\\\/portal\\\/#organization\"},\"image\":{\"@id\":\"https:\\\/\\\/www.eldiario.net\\\/portal\\\/2023\\\/04\\\/08\\\/economia-boliviana-bajo-observacion-a-pesar-de-datos-financieros-del-gobierno\\\/#primaryimage\"},\"thumbnailUrl\":\"\",\"articleSection\":[\"Econom\u00eda\"],\"inLanguage\":\"es\"},{\"@type\":\"WebPage\",\"@id\":\"https:\\\/\\\/www.eldiario.net\\\/portal\\\/2023\\\/04\\\/08\\\/economia-boliviana-bajo-observacion-a-pesar-de-datos-financieros-del-gobierno\\\/\",\"url\":\"https:\\\/\\\/www.eldiario.net\\\/portal\\\/2023\\\/04\\\/08\\\/economia-boliviana-bajo-observacion-a-pesar-de-datos-financieros-del-gobierno\\\/\",\"name\":\"Econom\u00eda boliviana bajo observaci\u00f3n a pesar de datos financieros del Gobierno - El Diario - Bolivia\",\"isPartOf\":{\"@id\":\"https:\\\/\\\/www.eldiario.net\\\/portal\\\/#website\"},\"primaryImageOfPage\":{\"@id\":\"https:\\\/\\\/www.eldiario.net\\\/portal\\\/2023\\\/04\\\/08\\\/economia-boliviana-bajo-observacion-a-pesar-de-datos-financieros-del-gobierno\\\/#primaryimage\"},\"image\":{\"@id\":\"https:\\\/\\\/www.eldiario.net\\\/portal\\\/2023\\\/04\\\/08\\\/economia-boliviana-bajo-observacion-a-pesar-de-datos-financieros-del-gobierno\\\/#primaryimage\"},\"thumbnailUrl\":\"\",\"datePublished\":\"2023-04-08T09:36:01+00:00\",\"breadcrumb\":{\"@id\":\"https:\\\/\\\/www.eldiario.net\\\/portal\\\/2023\\\/04\\\/08\\\/economia-boliviana-bajo-observacion-a-pesar-de-datos-financieros-del-gobierno\\\/#breadcrumb\"},\"inLanguage\":\"es\",\"potentialAction\":[{\"@type\":\"ReadAction\",\"target\":[\"https:\\\/\\\/www.eldiario.net\\\/portal\\\/2023\\\/04\\\/08\\\/economia-boliviana-bajo-observacion-a-pesar-de-datos-financieros-del-gobierno\\\/\"]}]},{\"@type\":\"ImageObject\",\"inLanguage\":\"es\",\"@id\":\"https:\\\/\\\/www.eldiario.net\\\/portal\\\/2023\\\/04\\\/08\\\/economia-boliviana-bajo-observacion-a-pesar-de-datos-financieros-del-gobierno\\\/#primaryimage\",\"url\":\"\",\"contentUrl\":\"\"},{\"@type\":\"BreadcrumbList\",\"@id\":\"https:\\\/\\\/www.eldiario.net\\\/portal\\\/2023\\\/04\\\/08\\\/economia-boliviana-bajo-observacion-a-pesar-de-datos-financieros-del-gobierno\\\/#breadcrumb\",\"itemListElement\":[{\"@type\":\"ListItem\",\"position\":1,\"name\":\"Portada\",\"item\":\"https:\\\/\\\/www.eldiario.net\\\/portal\\\/\"},{\"@type\":\"ListItem\",\"position\":2,\"name\":\"Econom\u00eda boliviana bajo observaci\u00f3n a pesar de datos financieros del Gobierno\"}]},{\"@type\":\"WebSite\",\"@id\":\"https:\\\/\\\/www.eldiario.net\\\/portal\\\/#website\",\"url\":\"https:\\\/\\\/www.eldiario.net\\\/portal\\\/\",\"name\":\"El Diario - Decano de la prensa nacional\",\"description\":\"El Diario - Decano de la prensa nacional\",\"publisher\":{\"@id\":\"https:\\\/\\\/www.eldiario.net\\\/portal\\\/#organization\"},\"potentialAction\":[{\"@type\":\"SearchAction\",\"target\":{\"@type\":\"EntryPoint\",\"urlTemplate\":\"https:\\\/\\\/www.eldiario.net\\\/portal\\\/?s={search_term_string}\"},\"query-input\":{\"@type\":\"PropertyValueSpecification\",\"valueRequired\":true,\"valueName\":\"search_term_string\"}}],\"inLanguage\":\"es\"},{\"@type\":\"Organization\",\"@id\":\"https:\\\/\\\/www.eldiario.net\\\/portal\\\/#organization\",\"name\":\"El Diario - Decano de la prensa nacional\",\"url\":\"https:\\\/\\\/www.eldiario.net\\\/portal\\\/\",\"logo\":{\"@type\":\"ImageObject\",\"inLanguage\":\"es\",\"@id\":\"https:\\\/\\\/www.eldiario.net\\\/portal\\\/#\\\/schema\\\/logo\\\/image\\\/\",\"url\":\"https:\\\/\\\/www.eldiario.net\\\/portal\\\/wp-content\\\/uploads\\\/2023\\\/07\\\/logo_ED.jpg\",\"contentUrl\":\"https:\\\/\\\/www.eldiario.net\\\/portal\\\/wp-content\\\/uploads\\\/2023\\\/07\\\/logo_ED.jpg\",\"width\":272,\"height\":52,\"caption\":\"El Diario - Decano de la prensa nacional\"},\"image\":{\"@id\":\"https:\\\/\\\/www.eldiario.net\\\/portal\\\/#\\\/schema\\\/logo\\\/image\\\/\"},\"sameAs\":[\"https:\\\/\\\/www.facebook.com\\\/eldiario.bolivia\\\/\",\"https:\\\/\\\/x.com\\\/eldiario_net\"]},{\"@type\":\"Person\",\"@id\":\"https:\\\/\\\/www.eldiario.net\\\/portal\\\/#\\\/schema\\\/person\\\/f46445640444750d7d753ccd04ae01b7\",\"name\":\"Jeanette\",\"image\":{\"@type\":\"ImageObject\",\"inLanguage\":\"es\",\"@id\":\"https:\\\/\\\/secure.gravatar.com\\\/avatar\\\/3ea2118a5f7dad2b7138b1187a6b7ee55f160b9968b66013c3a3ef39dd7e5798?s=96&d=mm&r=g\",\"url\":\"https:\\\/\\\/secure.gravatar.com\\\/avatar\\\/3ea2118a5f7dad2b7138b1187a6b7ee55f160b9968b66013c3a3ef39dd7e5798?s=96&d=mm&r=g\",\"contentUrl\":\"https:\\\/\\\/secure.gravatar.com\\\/avatar\\\/3ea2118a5f7dad2b7138b1187a6b7ee55f160b9968b66013c3a3ef39dd7e5798?s=96&d=mm&r=g\",\"caption\":\"Jeanette\"},\"sameAs\":[\"https:\\\/\\\/www.eldiario.net\\\/portal\"],\"url\":\"https:\\\/\\\/www.eldiario.net\\\/portal\\\/author\\\/jeanette\\\/\"}]}<\/script>\n<!-- \/ Yoast SEO plugin. -->","yoast_head_json":{"title":"Econom\u00eda boliviana bajo observaci\u00f3n a pesar de datos financieros del Gobierno - El Diario - Bolivia","robots":{"index":"index","follow":"follow","max-snippet":"max-snippet:-1","max-image-preview":"max-image-preview:large","max-video-preview":"max-video-preview:-1"},"canonical":"https:\/\/www.eldiario.net\/portal\/2023\/04\/08\/economia-boliviana-bajo-observacion-a-pesar-de-datos-financieros-del-gobierno\/","og_locale":"es_ES","og_type":"article","og_title":"Econom\u00eda boliviana bajo observaci\u00f3n a pesar de datos financieros del Gobierno - El Diario - Bolivia","og_description":"Los d\u00f3lares siguen faltando en el pa\u00eds, mientras el Banco Central de Bolivia (BCB) aplica la compra on line para agilizar la venta, el Fondo Monetario Internacional (FMI) informa sobre el estado del pa\u00eds a ra\u00edz del uso de los Derechos de Giro y las tasas que debe pagar, una reducci\u00f3n de los Derechos Especiales [&hellip;]","og_url":"https:\/\/www.eldiario.net\/portal\/2023\/04\/08\/economia-boliviana-bajo-observacion-a-pesar-de-datos-financieros-del-gobierno\/","og_site_name":"El Diario - Bolivia","article_publisher":"https:\/\/www.facebook.com\/eldiario.bolivia\/","article_published_time":"2023-04-08T09:36:01+00:00","author":"Jeanette","twitter_card":"summary_large_image","twitter_creator":"@eldiario_net","twitter_site":"@eldiario_net","twitter_misc":{"Escrito por":"Jeanette","Tiempo de lectura":"6 minutos"},"schema":{"@context":"https:\/\/schema.org","@graph":[{"@type":"Article","@id":"https:\/\/www.eldiario.net\/portal\/2023\/04\/08\/economia-boliviana-bajo-observacion-a-pesar-de-datos-financieros-del-gobierno\/#article","isPartOf":{"@id":"https:\/\/www.eldiario.net\/portal\/2023\/04\/08\/economia-boliviana-bajo-observacion-a-pesar-de-datos-financieros-del-gobierno\/"},"author":{"name":"Jeanette","@id":"https:\/\/www.eldiario.net\/portal\/#\/schema\/person\/f46445640444750d7d753ccd04ae01b7"},"headline":"Econom\u00eda boliviana bajo observaci\u00f3n a pesar de datos financieros del Gobierno","datePublished":"2023-04-08T09:36:01+00:00","mainEntityOfPage":{"@id":"https:\/\/www.eldiario.net\/portal\/2023\/04\/08\/economia-boliviana-bajo-observacion-a-pesar-de-datos-financieros-del-gobierno\/"},"wordCount":1267,"publisher":{"@id":"https:\/\/www.eldiario.net\/portal\/#organization"},"image":{"@id":"https:\/\/www.eldiario.net\/portal\/2023\/04\/08\/economia-boliviana-bajo-observacion-a-pesar-de-datos-financieros-del-gobierno\/#primaryimage"},"thumbnailUrl":"","articleSection":["Econom\u00eda"],"inLanguage":"es"},{"@type":"WebPage","@id":"https:\/\/www.eldiario.net\/portal\/2023\/04\/08\/economia-boliviana-bajo-observacion-a-pesar-de-datos-financieros-del-gobierno\/","url":"https:\/\/www.eldiario.net\/portal\/2023\/04\/08\/economia-boliviana-bajo-observacion-a-pesar-de-datos-financieros-del-gobierno\/","name":"Econom\u00eda boliviana bajo observaci\u00f3n a pesar de datos financieros del Gobierno - El Diario - Bolivia","isPartOf":{"@id":"https:\/\/www.eldiario.net\/portal\/#website"},"primaryImageOfPage":{"@id":"https:\/\/www.eldiario.net\/portal\/2023\/04\/08\/economia-boliviana-bajo-observacion-a-pesar-de-datos-financieros-del-gobierno\/#primaryimage"},"image":{"@id":"https:\/\/www.eldiario.net\/portal\/2023\/04\/08\/economia-boliviana-bajo-observacion-a-pesar-de-datos-financieros-del-gobierno\/#primaryimage"},"thumbnailUrl":"","datePublished":"2023-04-08T09:36:01+00:00","breadcrumb":{"@id":"https:\/\/www.eldiario.net\/portal\/2023\/04\/08\/economia-boliviana-bajo-observacion-a-pesar-de-datos-financieros-del-gobierno\/#breadcrumb"},"inLanguage":"es","potentialAction":[{"@type":"ReadAction","target":["https:\/\/www.eldiario.net\/portal\/2023\/04\/08\/economia-boliviana-bajo-observacion-a-pesar-de-datos-financieros-del-gobierno\/"]}]},{"@type":"ImageObject","inLanguage":"es","@id":"https:\/\/www.eldiario.net\/portal\/2023\/04\/08\/economia-boliviana-bajo-observacion-a-pesar-de-datos-financieros-del-gobierno\/#primaryimage","url":"","contentUrl":""},{"@type":"BreadcrumbList","@id":"https:\/\/www.eldiario.net\/portal\/2023\/04\/08\/economia-boliviana-bajo-observacion-a-pesar-de-datos-financieros-del-gobierno\/#breadcrumb","itemListElement":[{"@type":"ListItem","position":1,"name":"Portada","item":"https:\/\/www.eldiario.net\/portal\/"},{"@type":"ListItem","position":2,"name":"Econom\u00eda boliviana bajo observaci\u00f3n a pesar de datos financieros del Gobierno"}]},{"@type":"WebSite","@id":"https:\/\/www.eldiario.net\/portal\/#website","url":"https:\/\/www.eldiario.net\/portal\/","name":"El Diario - Decano de la prensa nacional","description":"El Diario - Decano de la prensa nacional","publisher":{"@id":"https:\/\/www.eldiario.net\/portal\/#organization"},"potentialAction":[{"@type":"SearchAction","target":{"@type":"EntryPoint","urlTemplate":"https:\/\/www.eldiario.net\/portal\/?s={search_term_string}"},"query-input":{"@type":"PropertyValueSpecification","valueRequired":true,"valueName":"search_term_string"}}],"inLanguage":"es"},{"@type":"Organization","@id":"https:\/\/www.eldiario.net\/portal\/#organization","name":"El Diario - Decano de la prensa nacional","url":"https:\/\/www.eldiario.net\/portal\/","logo":{"@type":"ImageObject","inLanguage":"es","@id":"https:\/\/www.eldiario.net\/portal\/#\/schema\/logo\/image\/","url":"https:\/\/www.eldiario.net\/portal\/wp-content\/uploads\/2023\/07\/logo_ED.jpg","contentUrl":"https:\/\/www.eldiario.net\/portal\/wp-content\/uploads\/2023\/07\/logo_ED.jpg","width":272,"height":52,"caption":"El Diario - Decano de la prensa nacional"},"image":{"@id":"https:\/\/www.eldiario.net\/portal\/#\/schema\/logo\/image\/"},"sameAs":["https:\/\/www.facebook.com\/eldiario.bolivia\/","https:\/\/x.com\/eldiario_net"]},{"@type":"Person","@id":"https:\/\/www.eldiario.net\/portal\/#\/schema\/person\/f46445640444750d7d753ccd04ae01b7","name":"Jeanette","image":{"@type":"ImageObject","inLanguage":"es","@id":"https:\/\/secure.gravatar.com\/avatar\/3ea2118a5f7dad2b7138b1187a6b7ee55f160b9968b66013c3a3ef39dd7e5798?s=96&d=mm&r=g","url":"https:\/\/secure.gravatar.com\/avatar\/3ea2118a5f7dad2b7138b1187a6b7ee55f160b9968b66013c3a3ef39dd7e5798?s=96&d=mm&r=g","contentUrl":"https:\/\/secure.gravatar.com\/avatar\/3ea2118a5f7dad2b7138b1187a6b7ee55f160b9968b66013c3a3ef39dd7e5798?s=96&d=mm&r=g","caption":"Jeanette"},"sameAs":["https:\/\/www.eldiario.net\/portal"],"url":"https:\/\/www.eldiario.net\/portal\/author\/jeanette\/"}]}},"_links":{"self":[{"href":"https:\/\/www.eldiario.net\/portal\/wp-json\/wp\/v2\/posts\/147469","targetHints":{"allow":["GET"]}}],"collection":[{"href":"https:\/\/www.eldiario.net\/portal\/wp-json\/wp\/v2\/posts"}],"about":[{"href":"https:\/\/www.eldiario.net\/portal\/wp-json\/wp\/v2\/types\/post"}],"author":[{"embeddable":true,"href":"https:\/\/www.eldiario.net\/portal\/wp-json\/wp\/v2\/users\/1"}],"replies":[{"embeddable":true,"href":"https:\/\/www.eldiario.net\/portal\/wp-json\/wp\/v2\/comments?post=147469"}],"version-history":[{"count":0,"href":"https:\/\/www.eldiario.net\/portal\/wp-json\/wp\/v2\/posts\/147469\/revisions"}],"wp:attachment":[{"href":"https:\/\/www.eldiario.net\/portal\/wp-json\/wp\/v2\/media?parent=147469"}],"wp:term":[{"taxonomy":"category","embeddable":true,"href":"https:\/\/www.eldiario.net\/portal\/wp-json\/wp\/v2\/categories?post=147469"},{"taxonomy":"post_tag","embeddable":true,"href":"https:\/\/www.eldiario.net\/portal\/wp-json\/wp\/v2\/tags?post=147469"}],"curies":[{"name":"wp","href":"https:\/\/api.w.org\/{rel}","templated":true}]}}