{"id":146848,"date":"2023-04-04T06:21:57","date_gmt":"2023-04-04T10:21:57","guid":{"rendered":"https:\/\/www.eldiario.net\/portal\/?p=146848"},"modified":"2023-04-04T06:21:57","modified_gmt":"2023-04-04T10:21:57","slug":"mantener-tipo-de-cambio-y-estabilidad-economica-demandara-elevar-exportaciones","status":"publish","type":"post","link":"https:\/\/www.eldiario.net\/portal\/2023\/04\/04\/mantener-tipo-de-cambio-y-estabilidad-economica-demandara-elevar-exportaciones\/","title":{"rendered":"Mantener tipo de cambio y estabilidad  econ\u00f3mica demandar\u00e1 elevar exportaciones"},"content":{"rendered":"<p>S\u00ed se pretende mantener el tipo de cambio del boliviano respecto al d\u00f3lar y la estabilidad macroecon\u00f3mica, no queda otra posibilidad que armar una agenda publico privada para promover la inversi\u00f3n y generar una sobre producci\u00f3n por encima de las necesidades del mercado interno y haya m\u00e1s exportaciones, apunt\u00f3 el gerente General del Instituto Boliviano de Comercio Exterior (IBCE), Gary Rodr\u00edguez.<\/p>\n<p>Asegur\u00f3 que esa es la forma de salir adelante, en un entorno mundial econ\u00f3mico que est\u00e1 plagado de incertidumbre, con pron\u00f3sticos reservados de parte de las agencias internacionales, ante las medidas que aplican varios pa\u00edses para frenar la inflaci\u00f3n.<\/p>\n<p>\u201cSi queremos que Bolivia crezca con estabilidad, debemos, por ejemplo, mejorar la productividad y competitividad,\u00a0 y para ello no queda otra\u00a0 posibilidad de trabajar juntos, sector estatal y privado\u201d, plante\u00f3.<\/p>\n<p>Lujo<\/p>\n<p>Rodr\u00edguez se\u00f1al\u00f3 que el pa\u00eds no se puede dar el lujo de retroceder en los indicadores sociales ni econ\u00f3micos, que se registr\u00f3 durante la \u00e9poca de bonanza, y ahora de vacas flacas debemos unirnos para alcanzar ese ansiado desarrollo, que buscamos.<\/p>\n<p>El Gerente del Ibce sostiene que se debe combatir la pobreza moderada y cr\u00edtica a trav\u00e9s de la creaci\u00f3n de empleos dignos sostenibles en el tiempo y con una alta tasa de crecimiento del Producto Interno Bruto (PIB)<\/p>\n<p>Tarea que se debe encomendar al sector privado, sin que ello signifique mayor endeudamiento para el Estado, adem\u00e1s las condiciones para acceder a cr\u00e9ditos externos son cada vez m\u00e1s dif\u00edciles.<\/p>\n<p>A eso se debe sumar la reducci\u00f3n en la calificaci\u00f3n de riesgo pa\u00eds otorgado por Moody\u00b4s y Fitch Ratings, as\u00ed como un incremento en el puntaje por J Morgan, que se reflej\u00f3 en la ca\u00edda de los valores de los bonos soberanos de Bolivia en el mercado externo.<\/p>\n<p>Por ello Rodr\u00edguez recomienda que hay que mejorar las condiciones del pa\u00eds para atraer capitales externos e inviertan en sectores potenciales, como el agr\u00edcola, forestal, maderero y en la industria liviana para generar mayores exportaciones y empleo.<\/p>\n<p>Pero tambi\u00e9n se debe trabajar en Fortalecer labor del Estado para que promueva la formalizaci\u00f3n de la econom\u00eda y combata el contrabando, para que de esta manera aumente sus ingresos y pueda encarar los d\u00e9ficit que viene registrando, y con este a\u00f1o se presenta la d\u00e9cima gesti\u00f3n que presentar\u00e1 un desbalance en las finanzas p\u00fablicas.<\/p>\n<p>Reiter\u00f3 que es vital una agenda p\u00fablico privada de corto, mediano y largo plazo, con visiones compartidas en el tema econ\u00f3mico y el desarrollo, no hay otra forma.<\/p>\n","protected":false},"excerpt":{"rendered":"<p>S\u00ed se pretende mantener el tipo de cambio del boliviano respecto al d\u00f3lar y la estabilidad macroecon\u00f3mica, no queda otra posibilidad que armar una agenda publico privada para promover la inversi\u00f3n y generar una sobre producci\u00f3n por encima de las necesidades del mercado interno y haya m\u00e1s exportaciones, apunt\u00f3 el gerente General del Instituto Boliviano [&hellip;]<\/p>\n","protected":false},"author":1,"featured_media":146849,"comment_status":"closed","ping_status":"closed","sticky":false,"template":"","format":"standard","meta":{"_acf_changed":false,"footnotes":""},"categories":[7],"tags":[],"class_list":["post-146848","post","type-post","status-publish","format-standard","has-post-thumbnail","category-economia"],"acf":{"antetitulo":""},"yoast_head":"<!-- This site is optimized with the Yoast SEO plugin v28.3 - https:\/\/yoast.com\/product\/yoast-seo-wordpress\/ -->\n<title>Mantener tipo de cambio y estabilidad econ\u00f3mica demandar\u00e1 elevar exportaciones - El Diario - Bolivia<\/title>\n<meta name=\"robots\" content=\"index, follow, max-snippet:-1, max-image-preview:large, max-video-preview:-1\" \/>\n<link rel=\"canonical\" href=\"https:\/\/www.eldiario.net\/portal\/2023\/04\/04\/mantener-tipo-de-cambio-y-estabilidad-economica-demandara-elevar-exportaciones\/\" \/>\n<meta property=\"og:locale\" content=\"es_ES\" \/>\n<meta property=\"og:type\" content=\"article\" \/>\n<meta property=\"og:title\" content=\"Mantener tipo de cambio y estabilidad econ\u00f3mica demandar\u00e1 elevar exportaciones - El Diario - Bolivia\" \/>\n<meta property=\"og:description\" content=\"S\u00ed se pretende mantener el tipo de cambio del boliviano respecto al d\u00f3lar y la estabilidad macroecon\u00f3mica, no queda otra posibilidad que armar una agenda publico privada para promover la inversi\u00f3n y generar una sobre producci\u00f3n por encima de las necesidades del mercado interno y haya m\u00e1s exportaciones, apunt\u00f3 el gerente General del Instituto Boliviano [&hellip;]\" \/>\n<meta property=\"og:url\" content=\"https:\/\/www.eldiario.net\/portal\/2023\/04\/04\/mantener-tipo-de-cambio-y-estabilidad-economica-demandara-elevar-exportaciones\/\" \/>\n<meta property=\"og:site_name\" content=\"El Diario - Bolivia\" \/>\n<meta property=\"article:publisher\" content=\"https:\/\/www.facebook.com\/eldiario.bolivia\/\" \/>\n<meta property=\"article:published_time\" content=\"2023-04-04T10:21:57+00:00\" \/>\n<meta name=\"author\" content=\"Jeanette\" \/>\n<meta name=\"twitter:card\" content=\"summary_large_image\" \/>\n<meta name=\"twitter:creator\" content=\"@eldiario_net\" \/>\n<meta name=\"twitter:site\" content=\"@eldiario_net\" \/>\n<meta name=\"twitter:label1\" content=\"Escrito por\" \/>\n\t<meta name=\"twitter:data1\" content=\"Jeanette\" \/>\n\t<meta name=\"twitter:label2\" content=\"Tiempo de lectura\" \/>\n\t<meta name=\"twitter:data2\" content=\"2 minutos\" \/>\n<script type=\"application\/ld+json\" class=\"yoast-schema-graph\">{\"@context\":\"https:\\\/\\\/schema.org\",\"@graph\":[{\"@type\":\"Article\",\"@id\":\"https:\\\/\\\/www.eldiario.net\\\/portal\\\/2023\\\/04\\\/04\\\/mantener-tipo-de-cambio-y-estabilidad-economica-demandara-elevar-exportaciones\\\/#article\",\"isPartOf\":{\"@id\":\"https:\\\/\\\/www.eldiario.net\\\/portal\\\/2023\\\/04\\\/04\\\/mantener-tipo-de-cambio-y-estabilidad-economica-demandara-elevar-exportaciones\\\/\"},\"author\":{\"name\":\"Jeanette\",\"@id\":\"https:\\\/\\\/www.eldiario.net\\\/portal\\\/#\\\/schema\\\/person\\\/f46445640444750d7d753ccd04ae01b7\"},\"headline\":\"Mantener tipo de cambio y estabilidad econ\u00f3mica demandar\u00e1 elevar exportaciones\",\"datePublished\":\"2023-04-04T10:21:57+00:00\",\"mainEntityOfPage\":{\"@id\":\"https:\\\/\\\/www.eldiario.net\\\/portal\\\/2023\\\/04\\\/04\\\/mantener-tipo-de-cambio-y-estabilidad-economica-demandara-elevar-exportaciones\\\/\"},\"wordCount\":458,\"publisher\":{\"@id\":\"https:\\\/\\\/www.eldiario.net\\\/portal\\\/#organization\"},\"image\":{\"@id\":\"https:\\\/\\\/www.eldiario.net\\\/portal\\\/2023\\\/04\\\/04\\\/mantener-tipo-de-cambio-y-estabilidad-economica-demandara-elevar-exportaciones\\\/#primaryimage\"},\"thumbnailUrl\":\"\",\"articleSection\":[\"Econom\u00eda\"],\"inLanguage\":\"es\"},{\"@type\":\"WebPage\",\"@id\":\"https:\\\/\\\/www.eldiario.net\\\/portal\\\/2023\\\/04\\\/04\\\/mantener-tipo-de-cambio-y-estabilidad-economica-demandara-elevar-exportaciones\\\/\",\"url\":\"https:\\\/\\\/www.eldiario.net\\\/portal\\\/2023\\\/04\\\/04\\\/mantener-tipo-de-cambio-y-estabilidad-economica-demandara-elevar-exportaciones\\\/\",\"name\":\"Mantener tipo de cambio y estabilidad econ\u00f3mica demandar\u00e1 elevar exportaciones - El Diario - Bolivia\",\"isPartOf\":{\"@id\":\"https:\\\/\\\/www.eldiario.net\\\/portal\\\/#website\"},\"primaryImageOfPage\":{\"@id\":\"https:\\\/\\\/www.eldiario.net\\\/portal\\\/2023\\\/04\\\/04\\\/mantener-tipo-de-cambio-y-estabilidad-economica-demandara-elevar-exportaciones\\\/#primaryimage\"},\"image\":{\"@id\":\"https:\\\/\\\/www.eldiario.net\\\/portal\\\/2023\\\/04\\\/04\\\/mantener-tipo-de-cambio-y-estabilidad-economica-demandara-elevar-exportaciones\\\/#primaryimage\"},\"thumbnailUrl\":\"\",\"datePublished\":\"2023-04-04T10:21:57+00:00\",\"breadcrumb\":{\"@id\":\"https:\\\/\\\/www.eldiario.net\\\/portal\\\/2023\\\/04\\\/04\\\/mantener-tipo-de-cambio-y-estabilidad-economica-demandara-elevar-exportaciones\\\/#breadcrumb\"},\"inLanguage\":\"es\",\"potentialAction\":[{\"@type\":\"ReadAction\",\"target\":[\"https:\\\/\\\/www.eldiario.net\\\/portal\\\/2023\\\/04\\\/04\\\/mantener-tipo-de-cambio-y-estabilidad-economica-demandara-elevar-exportaciones\\\/\"]}]},{\"@type\":\"ImageObject\",\"inLanguage\":\"es\",\"@id\":\"https:\\\/\\\/www.eldiario.net\\\/portal\\\/2023\\\/04\\\/04\\\/mantener-tipo-de-cambio-y-estabilidad-economica-demandara-elevar-exportaciones\\\/#primaryimage\",\"url\":\"\",\"contentUrl\":\"\"},{\"@type\":\"BreadcrumbList\",\"@id\":\"https:\\\/\\\/www.eldiario.net\\\/portal\\\/2023\\\/04\\\/04\\\/mantener-tipo-de-cambio-y-estabilidad-economica-demandara-elevar-exportaciones\\\/#breadcrumb\",\"itemListElement\":[{\"@type\":\"ListItem\",\"position\":1,\"name\":\"Portada\",\"item\":\"https:\\\/\\\/www.eldiario.net\\\/portal\\\/\"},{\"@type\":\"ListItem\",\"position\":2,\"name\":\"Mantener tipo de cambio y estabilidad econ\u00f3mica demandar\u00e1 elevar exportaciones\"}]},{\"@type\":\"WebSite\",\"@id\":\"https:\\\/\\\/www.eldiario.net\\\/portal\\\/#website\",\"url\":\"https:\\\/\\\/www.eldiario.net\\\/portal\\\/\",\"name\":\"El Diario - Decano de la prensa nacional\",\"description\":\"El Diario - Decano de la prensa nacional\",\"publisher\":{\"@id\":\"https:\\\/\\\/www.eldiario.net\\\/portal\\\/#organization\"},\"potentialAction\":[{\"@type\":\"SearchAction\",\"target\":{\"@type\":\"EntryPoint\",\"urlTemplate\":\"https:\\\/\\\/www.eldiario.net\\\/portal\\\/?s={search_term_string}\"},\"query-input\":{\"@type\":\"PropertyValueSpecification\",\"valueRequired\":true,\"valueName\":\"search_term_string\"}}],\"inLanguage\":\"es\"},{\"@type\":\"Organization\",\"@id\":\"https:\\\/\\\/www.eldiario.net\\\/portal\\\/#organization\",\"name\":\"El Diario - Decano de la prensa nacional\",\"url\":\"https:\\\/\\\/www.eldiario.net\\\/portal\\\/\",\"logo\":{\"@type\":\"ImageObject\",\"inLanguage\":\"es\",\"@id\":\"https:\\\/\\\/www.eldiario.net\\\/portal\\\/#\\\/schema\\\/logo\\\/image\\\/\",\"url\":\"https:\\\/\\\/www.eldiario.net\\\/portal\\\/wp-content\\\/uploads\\\/2023\\\/07\\\/logo_ED.jpg\",\"contentUrl\":\"https:\\\/\\\/www.eldiario.net\\\/portal\\\/wp-content\\\/uploads\\\/2023\\\/07\\\/logo_ED.jpg\",\"width\":272,\"height\":52,\"caption\":\"El Diario - Decano de la prensa nacional\"},\"image\":{\"@id\":\"https:\\\/\\\/www.eldiario.net\\\/portal\\\/#\\\/schema\\\/logo\\\/image\\\/\"},\"sameAs\":[\"https:\\\/\\\/www.facebook.com\\\/eldiario.bolivia\\\/\",\"https:\\\/\\\/x.com\\\/eldiario_net\"]},{\"@type\":\"Person\",\"@id\":\"https:\\\/\\\/www.eldiario.net\\\/portal\\\/#\\\/schema\\\/person\\\/f46445640444750d7d753ccd04ae01b7\",\"name\":\"Jeanette\",\"image\":{\"@type\":\"ImageObject\",\"inLanguage\":\"es\",\"@id\":\"https:\\\/\\\/secure.gravatar.com\\\/avatar\\\/3ea2118a5f7dad2b7138b1187a6b7ee55f160b9968b66013c3a3ef39dd7e5798?s=96&d=mm&r=g\",\"url\":\"https:\\\/\\\/secure.gravatar.com\\\/avatar\\\/3ea2118a5f7dad2b7138b1187a6b7ee55f160b9968b66013c3a3ef39dd7e5798?s=96&d=mm&r=g\",\"contentUrl\":\"https:\\\/\\\/secure.gravatar.com\\\/avatar\\\/3ea2118a5f7dad2b7138b1187a6b7ee55f160b9968b66013c3a3ef39dd7e5798?s=96&d=mm&r=g\",\"caption\":\"Jeanette\"},\"sameAs\":[\"https:\\\/\\\/www.eldiario.net\\\/portal\"],\"url\":\"https:\\\/\\\/www.eldiario.net\\\/portal\\\/author\\\/jeanette\\\/\"}]}<\/script>\n<!-- \/ Yoast SEO plugin. -->","yoast_head_json":{"title":"Mantener tipo de cambio y estabilidad econ\u00f3mica demandar\u00e1 elevar exportaciones - El Diario - Bolivia","robots":{"index":"index","follow":"follow","max-snippet":"max-snippet:-1","max-image-preview":"max-image-preview:large","max-video-preview":"max-video-preview:-1"},"canonical":"https:\/\/www.eldiario.net\/portal\/2023\/04\/04\/mantener-tipo-de-cambio-y-estabilidad-economica-demandara-elevar-exportaciones\/","og_locale":"es_ES","og_type":"article","og_title":"Mantener tipo de cambio y estabilidad econ\u00f3mica demandar\u00e1 elevar exportaciones - El Diario - Bolivia","og_description":"S\u00ed se pretende mantener el tipo de cambio del boliviano respecto al d\u00f3lar y la estabilidad macroecon\u00f3mica, no queda otra posibilidad que armar una agenda publico privada para promover la inversi\u00f3n y generar una sobre producci\u00f3n por encima de las necesidades del mercado interno y haya m\u00e1s exportaciones, apunt\u00f3 el gerente General del Instituto Boliviano [&hellip;]","og_url":"https:\/\/www.eldiario.net\/portal\/2023\/04\/04\/mantener-tipo-de-cambio-y-estabilidad-economica-demandara-elevar-exportaciones\/","og_site_name":"El Diario - Bolivia","article_publisher":"https:\/\/www.facebook.com\/eldiario.bolivia\/","article_published_time":"2023-04-04T10:21:57+00:00","author":"Jeanette","twitter_card":"summary_large_image","twitter_creator":"@eldiario_net","twitter_site":"@eldiario_net","twitter_misc":{"Escrito por":"Jeanette","Tiempo de lectura":"2 minutos"},"schema":{"@context":"https:\/\/schema.org","@graph":[{"@type":"Article","@id":"https:\/\/www.eldiario.net\/portal\/2023\/04\/04\/mantener-tipo-de-cambio-y-estabilidad-economica-demandara-elevar-exportaciones\/#article","isPartOf":{"@id":"https:\/\/www.eldiario.net\/portal\/2023\/04\/04\/mantener-tipo-de-cambio-y-estabilidad-economica-demandara-elevar-exportaciones\/"},"author":{"name":"Jeanette","@id":"https:\/\/www.eldiario.net\/portal\/#\/schema\/person\/f46445640444750d7d753ccd04ae01b7"},"headline":"Mantener tipo de cambio y estabilidad econ\u00f3mica demandar\u00e1 elevar exportaciones","datePublished":"2023-04-04T10:21:57+00:00","mainEntityOfPage":{"@id":"https:\/\/www.eldiario.net\/portal\/2023\/04\/04\/mantener-tipo-de-cambio-y-estabilidad-economica-demandara-elevar-exportaciones\/"},"wordCount":458,"publisher":{"@id":"https:\/\/www.eldiario.net\/portal\/#organization"},"image":{"@id":"https:\/\/www.eldiario.net\/portal\/2023\/04\/04\/mantener-tipo-de-cambio-y-estabilidad-economica-demandara-elevar-exportaciones\/#primaryimage"},"thumbnailUrl":"","articleSection":["Econom\u00eda"],"inLanguage":"es"},{"@type":"WebPage","@id":"https:\/\/www.eldiario.net\/portal\/2023\/04\/04\/mantener-tipo-de-cambio-y-estabilidad-economica-demandara-elevar-exportaciones\/","url":"https:\/\/www.eldiario.net\/portal\/2023\/04\/04\/mantener-tipo-de-cambio-y-estabilidad-economica-demandara-elevar-exportaciones\/","name":"Mantener tipo de cambio y estabilidad econ\u00f3mica demandar\u00e1 elevar exportaciones - El Diario - Bolivia","isPartOf":{"@id":"https:\/\/www.eldiario.net\/portal\/#website"},"primaryImageOfPage":{"@id":"https:\/\/www.eldiario.net\/portal\/2023\/04\/04\/mantener-tipo-de-cambio-y-estabilidad-economica-demandara-elevar-exportaciones\/#primaryimage"},"image":{"@id":"https:\/\/www.eldiario.net\/portal\/2023\/04\/04\/mantener-tipo-de-cambio-y-estabilidad-economica-demandara-elevar-exportaciones\/#primaryimage"},"thumbnailUrl":"","datePublished":"2023-04-04T10:21:57+00:00","breadcrumb":{"@id":"https:\/\/www.eldiario.net\/portal\/2023\/04\/04\/mantener-tipo-de-cambio-y-estabilidad-economica-demandara-elevar-exportaciones\/#breadcrumb"},"inLanguage":"es","potentialAction":[{"@type":"ReadAction","target":["https:\/\/www.eldiario.net\/portal\/2023\/04\/04\/mantener-tipo-de-cambio-y-estabilidad-economica-demandara-elevar-exportaciones\/"]}]},{"@type":"ImageObject","inLanguage":"es","@id":"https:\/\/www.eldiario.net\/portal\/2023\/04\/04\/mantener-tipo-de-cambio-y-estabilidad-economica-demandara-elevar-exportaciones\/#primaryimage","url":"","contentUrl":""},{"@type":"BreadcrumbList","@id":"https:\/\/www.eldiario.net\/portal\/2023\/04\/04\/mantener-tipo-de-cambio-y-estabilidad-economica-demandara-elevar-exportaciones\/#breadcrumb","itemListElement":[{"@type":"ListItem","position":1,"name":"Portada","item":"https:\/\/www.eldiario.net\/portal\/"},{"@type":"ListItem","position":2,"name":"Mantener tipo de cambio y estabilidad econ\u00f3mica demandar\u00e1 elevar exportaciones"}]},{"@type":"WebSite","@id":"https:\/\/www.eldiario.net\/portal\/#website","url":"https:\/\/www.eldiario.net\/portal\/","name":"El Diario - Decano de la prensa nacional","description":"El Diario - Decano de la prensa nacional","publisher":{"@id":"https:\/\/www.eldiario.net\/portal\/#organization"},"potentialAction":[{"@type":"SearchAction","target":{"@type":"EntryPoint","urlTemplate":"https:\/\/www.eldiario.net\/portal\/?s={search_term_string}"},"query-input":{"@type":"PropertyValueSpecification","valueRequired":true,"valueName":"search_term_string"}}],"inLanguage":"es"},{"@type":"Organization","@id":"https:\/\/www.eldiario.net\/portal\/#organization","name":"El Diario - Decano de la prensa nacional","url":"https:\/\/www.eldiario.net\/portal\/","logo":{"@type":"ImageObject","inLanguage":"es","@id":"https:\/\/www.eldiario.net\/portal\/#\/schema\/logo\/image\/","url":"https:\/\/www.eldiario.net\/portal\/wp-content\/uploads\/2023\/07\/logo_ED.jpg","contentUrl":"https:\/\/www.eldiario.net\/portal\/wp-content\/uploads\/2023\/07\/logo_ED.jpg","width":272,"height":52,"caption":"El Diario - Decano de la prensa nacional"},"image":{"@id":"https:\/\/www.eldiario.net\/portal\/#\/schema\/logo\/image\/"},"sameAs":["https:\/\/www.facebook.com\/eldiario.bolivia\/","https:\/\/x.com\/eldiario_net"]},{"@type":"Person","@id":"https:\/\/www.eldiario.net\/portal\/#\/schema\/person\/f46445640444750d7d753ccd04ae01b7","name":"Jeanette","image":{"@type":"ImageObject","inLanguage":"es","@id":"https:\/\/secure.gravatar.com\/avatar\/3ea2118a5f7dad2b7138b1187a6b7ee55f160b9968b66013c3a3ef39dd7e5798?s=96&d=mm&r=g","url":"https:\/\/secure.gravatar.com\/avatar\/3ea2118a5f7dad2b7138b1187a6b7ee55f160b9968b66013c3a3ef39dd7e5798?s=96&d=mm&r=g","contentUrl":"https:\/\/secure.gravatar.com\/avatar\/3ea2118a5f7dad2b7138b1187a6b7ee55f160b9968b66013c3a3ef39dd7e5798?s=96&d=mm&r=g","caption":"Jeanette"},"sameAs":["https:\/\/www.eldiario.net\/portal"],"url":"https:\/\/www.eldiario.net\/portal\/author\/jeanette\/"}]}},"_links":{"self":[{"href":"https:\/\/www.eldiario.net\/portal\/wp-json\/wp\/v2\/posts\/146848","targetHints":{"allow":["GET"]}}],"collection":[{"href":"https:\/\/www.eldiario.net\/portal\/wp-json\/wp\/v2\/posts"}],"about":[{"href":"https:\/\/www.eldiario.net\/portal\/wp-json\/wp\/v2\/types\/post"}],"author":[{"embeddable":true,"href":"https:\/\/www.eldiario.net\/portal\/wp-json\/wp\/v2\/users\/1"}],"replies":[{"embeddable":true,"href":"https:\/\/www.eldiario.net\/portal\/wp-json\/wp\/v2\/comments?post=146848"}],"version-history":[{"count":0,"href":"https:\/\/www.eldiario.net\/portal\/wp-json\/wp\/v2\/posts\/146848\/revisions"}],"wp:attachment":[{"href":"https:\/\/www.eldiario.net\/portal\/wp-json\/wp\/v2\/media?parent=146848"}],"wp:term":[{"taxonomy":"category","embeddable":true,"href":"https:\/\/www.eldiario.net\/portal\/wp-json\/wp\/v2\/categories?post=146848"},{"taxonomy":"post_tag","embeddable":true,"href":"https:\/\/www.eldiario.net\/portal\/wp-json\/wp\/v2\/tags?post=146848"}],"curies":[{"name":"wp","href":"https:\/\/api.w.org\/{rel}","templated":true}]}}