{"id":146845,"date":"2023-04-04T06:21:10","date_gmt":"2023-04-04T10:21:10","guid":{"rendered":"https:\/\/www.eldiario.net\/portal\/?p=146845"},"modified":"2023-04-04T06:21:10","modified_gmt":"2023-04-04T10:21:10","slug":"empresarios-de-bolivia-y-peru-acuerdan-impulsar-una-plataforma-comercial","status":"publish","type":"post","link":"https:\/\/www.eldiario.net\/portal\/2023\/04\/04\/empresarios-de-bolivia-y-peru-acuerdan-impulsar-una-plataforma-comercial\/","title":{"rendered":"Empresarios de Bolivia y Per\u00fa acuerdan impulsar una plataforma comercial"},"content":{"rendered":"<p>La C\u00e1mara Nacional de Industrias (CNI), C\u00e1mara Nacional de Comercio (CNC), C\u00e1mara de Comercio e Industria Peruano Boliviana (Camcipeb) y el grupo GTrade-Ferias en Per\u00fa, impulsar\u00e1n una plataforma de exhibici\u00f3n comercial e industrial entre ambos.<\/p>\n<p>El presidente de la CNC, Mario Paredes, dijo que el convenio privado busca estrechar relaciones comerciales, as\u00ed como construir redes industriales y comerciales de libre mercado, RSE, comercio Exterior e inversi\u00f3n extranjera directa entre ambos pa\u00edses.<\/p>\n<p>El acuerdo fue suscrito ayer por los presidentes de la C\u00e1mara Nacional de Industrias (CNI), Pablo Camacho, y la C\u00e1mara Nacional de Comercio de Bolivia (CNC), Mario Paredes, con los representantes de la C\u00e1mara de Comercio e Industria Peruano Boliviana CAMCIPEB, y el Grupo GTrade \u2013 Ferias en Per\u00fa.<\/p>\n<p>Una de las acciones inmediatas de esta complementariedad comercial que se potencia a partir del convenio es la participaci\u00f3n en las ocho ferias m\u00e1s grandes del Per\u00fa y la realizaci\u00f3n de la caravana a la ciudad de Arequipa entre el 18 y el 21 de mayo pr\u00f3ximos para que los emprendimientos bolivianos formen parte de la Feria Expo Sur Industrial.<\/p>\n<p>El presidente de la C\u00e1mara Nacional de Industrias destac\u00f3 el alcance del acuerdo porque abrir\u00e1 una gran ventana de oportunidades para los industriales bolivianos.<\/p>\n<p>Nuestro pa\u00eds demanda de industrializaci\u00f3n, de comercio, asegur\u00f3 el presidente de los industriales. \u201cHoy estamos comprometidos en mostrarle al mundo lo que podemos producir. La soluci\u00f3n para una Bolivia m\u00e1s grande y m\u00e1s fuerte es la exportaci\u00f3n, estamos comprometidos en trabajar en la sustituci\u00f3n de importaciones, pero ah\u00ed requerimos de un trabajo conjunto entre todos\u201d, a\u00f1adi\u00f3 Camacho.<\/p>\n<p>Por su parte, Sergio Caro, presidente de la C\u00e1mara de Comercio e Industria Peruano Boliviana, promotora de la alianza, dijo que el acuerdo busca la generaci\u00f3n de redes comerciales e industriales entre Bolivia y Per\u00fa y mejorar \u201cel estado incipiente y precario del intercambio comercial entre los dos pa\u00edses\u201d, tal como lo demuestran las estad\u00edsticas y los permanentes conflictos a ambos lados de la frontera.<\/p>\n<p>\u201cEste intercambio de larga data, no demuestra estar impulsando la industria boliviana ni permitiendo que el conocimiento y experiencia de los m\u00e1s de 20 tratados de Libre Comercio del Per\u00fa le contagie de vocaci\u00f3n exportadora y producci\u00f3n con alto valor agregado\u201d, dijo al destacar el potencial para profundizar la complementariedad y afinidad hist\u00f3rica entre ambos pa\u00edses.<\/p>\n<p>Paredes celebr\u00f3 la posibilidad de tener puertas abiertas en las principales ferias del pa\u00eds vecino y poner al alcance de los empresarios bolivianos un medio efectivo de encuentro de su oferta y demanda.<\/p>\n<p>La Alianza con el Grupo GTrade, organizador de los principales eventos de exposici\u00f3n y comercializaci\u00f3n del Per\u00fa, permite tener acceso permanente y en condiciones favorables a todo su calendario de actividades sectoriales y multisectoriales, como es el caso de la Feria Industrial del Sur.<\/p>\n","protected":false},"excerpt":{"rendered":"<p>La C\u00e1mara Nacional de Industrias (CNI), C\u00e1mara Nacional de Comercio (CNC), C\u00e1mara de Comercio e Industria Peruano Boliviana (Camcipeb) y el grupo GTrade-Ferias en Per\u00fa, impulsar\u00e1n una plataforma de exhibici\u00f3n comercial e industrial entre ambos. El presidente de la CNC, Mario Paredes, dijo que el convenio privado busca estrechar relaciones comerciales, as\u00ed como construir redes [&hellip;]<\/p>\n","protected":false},"author":1,"featured_media":146846,"comment_status":"closed","ping_status":"closed","sticky":false,"template":"","format":"standard","meta":{"_acf_changed":false,"footnotes":""},"categories":[7],"tags":[],"class_list":["post-146845","post","type-post","status-publish","format-standard","has-post-thumbnail","category-economia"],"acf":{"antetitulo":""},"yoast_head":"<!-- This site is optimized with the Yoast SEO plugin v28.3 - https:\/\/yoast.com\/product\/yoast-seo-wordpress\/ -->\n<title>Empresarios de Bolivia y Per\u00fa acuerdan impulsar una plataforma comercial - El Diario - Bolivia<\/title>\n<meta name=\"robots\" content=\"index, follow, max-snippet:-1, max-image-preview:large, max-video-preview:-1\" \/>\n<link rel=\"canonical\" href=\"https:\/\/www.eldiario.net\/portal\/2023\/04\/04\/empresarios-de-bolivia-y-peru-acuerdan-impulsar-una-plataforma-comercial\/\" \/>\n<meta property=\"og:locale\" content=\"es_ES\" \/>\n<meta property=\"og:type\" content=\"article\" \/>\n<meta property=\"og:title\" content=\"Empresarios de Bolivia y Per\u00fa acuerdan impulsar una plataforma comercial - El Diario - Bolivia\" \/>\n<meta property=\"og:description\" content=\"La C\u00e1mara Nacional de Industrias (CNI), C\u00e1mara Nacional de Comercio (CNC), C\u00e1mara de Comercio e Industria Peruano Boliviana (Camcipeb) y el grupo GTrade-Ferias en Per\u00fa, impulsar\u00e1n una plataforma de exhibici\u00f3n comercial e industrial entre ambos. El presidente de la CNC, Mario Paredes, dijo que el convenio privado busca estrechar relaciones comerciales, as\u00ed como construir redes [&hellip;]\" \/>\n<meta property=\"og:url\" content=\"https:\/\/www.eldiario.net\/portal\/2023\/04\/04\/empresarios-de-bolivia-y-peru-acuerdan-impulsar-una-plataforma-comercial\/\" \/>\n<meta property=\"og:site_name\" content=\"El Diario - Bolivia\" \/>\n<meta property=\"article:publisher\" content=\"https:\/\/www.facebook.com\/eldiario.bolivia\/\" \/>\n<meta property=\"article:published_time\" content=\"2023-04-04T10:21:10+00:00\" \/>\n<meta name=\"author\" content=\"Jeanette\" \/>\n<meta name=\"twitter:card\" content=\"summary_large_image\" \/>\n<meta name=\"twitter:creator\" content=\"@eldiario_net\" \/>\n<meta name=\"twitter:site\" content=\"@eldiario_net\" \/>\n<meta name=\"twitter:label1\" content=\"Escrito por\" \/>\n\t<meta name=\"twitter:data1\" content=\"Jeanette\" \/>\n\t<meta name=\"twitter:label2\" content=\"Tiempo de lectura\" \/>\n\t<meta name=\"twitter:data2\" content=\"3 minutos\" \/>\n<script type=\"application\/ld+json\" class=\"yoast-schema-graph\">{\"@context\":\"https:\\\/\\\/schema.org\",\"@graph\":[{\"@type\":\"Article\",\"@id\":\"https:\\\/\\\/www.eldiario.net\\\/portal\\\/2023\\\/04\\\/04\\\/empresarios-de-bolivia-y-peru-acuerdan-impulsar-una-plataforma-comercial\\\/#article\",\"isPartOf\":{\"@id\":\"https:\\\/\\\/www.eldiario.net\\\/portal\\\/2023\\\/04\\\/04\\\/empresarios-de-bolivia-y-peru-acuerdan-impulsar-una-plataforma-comercial\\\/\"},\"author\":{\"name\":\"Jeanette\",\"@id\":\"https:\\\/\\\/www.eldiario.net\\\/portal\\\/#\\\/schema\\\/person\\\/f46445640444750d7d753ccd04ae01b7\"},\"headline\":\"Empresarios de Bolivia y Per\u00fa acuerdan impulsar una plataforma comercial\",\"datePublished\":\"2023-04-04T10:21:10+00:00\",\"mainEntityOfPage\":{\"@id\":\"https:\\\/\\\/www.eldiario.net\\\/portal\\\/2023\\\/04\\\/04\\\/empresarios-de-bolivia-y-peru-acuerdan-impulsar-una-plataforma-comercial\\\/\"},\"wordCount\":500,\"publisher\":{\"@id\":\"https:\\\/\\\/www.eldiario.net\\\/portal\\\/#organization\"},\"image\":{\"@id\":\"https:\\\/\\\/www.eldiario.net\\\/portal\\\/2023\\\/04\\\/04\\\/empresarios-de-bolivia-y-peru-acuerdan-impulsar-una-plataforma-comercial\\\/#primaryimage\"},\"thumbnailUrl\":\"\",\"articleSection\":[\"Econom\u00eda\"],\"inLanguage\":\"es\"},{\"@type\":\"WebPage\",\"@id\":\"https:\\\/\\\/www.eldiario.net\\\/portal\\\/2023\\\/04\\\/04\\\/empresarios-de-bolivia-y-peru-acuerdan-impulsar-una-plataforma-comercial\\\/\",\"url\":\"https:\\\/\\\/www.eldiario.net\\\/portal\\\/2023\\\/04\\\/04\\\/empresarios-de-bolivia-y-peru-acuerdan-impulsar-una-plataforma-comercial\\\/\",\"name\":\"Empresarios de Bolivia y Per\u00fa acuerdan impulsar una plataforma comercial - El Diario - Bolivia\",\"isPartOf\":{\"@id\":\"https:\\\/\\\/www.eldiario.net\\\/portal\\\/#website\"},\"primaryImageOfPage\":{\"@id\":\"https:\\\/\\\/www.eldiario.net\\\/portal\\\/2023\\\/04\\\/04\\\/empresarios-de-bolivia-y-peru-acuerdan-impulsar-una-plataforma-comercial\\\/#primaryimage\"},\"image\":{\"@id\":\"https:\\\/\\\/www.eldiario.net\\\/portal\\\/2023\\\/04\\\/04\\\/empresarios-de-bolivia-y-peru-acuerdan-impulsar-una-plataforma-comercial\\\/#primaryimage\"},\"thumbnailUrl\":\"\",\"datePublished\":\"2023-04-04T10:21:10+00:00\",\"breadcrumb\":{\"@id\":\"https:\\\/\\\/www.eldiario.net\\\/portal\\\/2023\\\/04\\\/04\\\/empresarios-de-bolivia-y-peru-acuerdan-impulsar-una-plataforma-comercial\\\/#breadcrumb\"},\"inLanguage\":\"es\",\"potentialAction\":[{\"@type\":\"ReadAction\",\"target\":[\"https:\\\/\\\/www.eldiario.net\\\/portal\\\/2023\\\/04\\\/04\\\/empresarios-de-bolivia-y-peru-acuerdan-impulsar-una-plataforma-comercial\\\/\"]}]},{\"@type\":\"ImageObject\",\"inLanguage\":\"es\",\"@id\":\"https:\\\/\\\/www.eldiario.net\\\/portal\\\/2023\\\/04\\\/04\\\/empresarios-de-bolivia-y-peru-acuerdan-impulsar-una-plataforma-comercial\\\/#primaryimage\",\"url\":\"\",\"contentUrl\":\"\"},{\"@type\":\"BreadcrumbList\",\"@id\":\"https:\\\/\\\/www.eldiario.net\\\/portal\\\/2023\\\/04\\\/04\\\/empresarios-de-bolivia-y-peru-acuerdan-impulsar-una-plataforma-comercial\\\/#breadcrumb\",\"itemListElement\":[{\"@type\":\"ListItem\",\"position\":1,\"name\":\"Portada\",\"item\":\"https:\\\/\\\/www.eldiario.net\\\/portal\\\/\"},{\"@type\":\"ListItem\",\"position\":2,\"name\":\"Empresarios de Bolivia y Per\u00fa acuerdan impulsar una plataforma comercial\"}]},{\"@type\":\"WebSite\",\"@id\":\"https:\\\/\\\/www.eldiario.net\\\/portal\\\/#website\",\"url\":\"https:\\\/\\\/www.eldiario.net\\\/portal\\\/\",\"name\":\"El Diario - Decano de la prensa nacional\",\"description\":\"El Diario - Decano de la prensa nacional\",\"publisher\":{\"@id\":\"https:\\\/\\\/www.eldiario.net\\\/portal\\\/#organization\"},\"potentialAction\":[{\"@type\":\"SearchAction\",\"target\":{\"@type\":\"EntryPoint\",\"urlTemplate\":\"https:\\\/\\\/www.eldiario.net\\\/portal\\\/?s={search_term_string}\"},\"query-input\":{\"@type\":\"PropertyValueSpecification\",\"valueRequired\":true,\"valueName\":\"search_term_string\"}}],\"inLanguage\":\"es\"},{\"@type\":\"Organization\",\"@id\":\"https:\\\/\\\/www.eldiario.net\\\/portal\\\/#organization\",\"name\":\"El Diario - Decano de la prensa nacional\",\"url\":\"https:\\\/\\\/www.eldiario.net\\\/portal\\\/\",\"logo\":{\"@type\":\"ImageObject\",\"inLanguage\":\"es\",\"@id\":\"https:\\\/\\\/www.eldiario.net\\\/portal\\\/#\\\/schema\\\/logo\\\/image\\\/\",\"url\":\"https:\\\/\\\/www.eldiario.net\\\/portal\\\/wp-content\\\/uploads\\\/2023\\\/07\\\/logo_ED.jpg\",\"contentUrl\":\"https:\\\/\\\/www.eldiario.net\\\/portal\\\/wp-content\\\/uploads\\\/2023\\\/07\\\/logo_ED.jpg\",\"width\":272,\"height\":52,\"caption\":\"El Diario - Decano de la prensa nacional\"},\"image\":{\"@id\":\"https:\\\/\\\/www.eldiario.net\\\/portal\\\/#\\\/schema\\\/logo\\\/image\\\/\"},\"sameAs\":[\"https:\\\/\\\/www.facebook.com\\\/eldiario.bolivia\\\/\",\"https:\\\/\\\/x.com\\\/eldiario_net\"]},{\"@type\":\"Person\",\"@id\":\"https:\\\/\\\/www.eldiario.net\\\/portal\\\/#\\\/schema\\\/person\\\/f46445640444750d7d753ccd04ae01b7\",\"name\":\"Jeanette\",\"image\":{\"@type\":\"ImageObject\",\"inLanguage\":\"es\",\"@id\":\"https:\\\/\\\/secure.gravatar.com\\\/avatar\\\/3ea2118a5f7dad2b7138b1187a6b7ee55f160b9968b66013c3a3ef39dd7e5798?s=96&d=mm&r=g\",\"url\":\"https:\\\/\\\/secure.gravatar.com\\\/avatar\\\/3ea2118a5f7dad2b7138b1187a6b7ee55f160b9968b66013c3a3ef39dd7e5798?s=96&d=mm&r=g\",\"contentUrl\":\"https:\\\/\\\/secure.gravatar.com\\\/avatar\\\/3ea2118a5f7dad2b7138b1187a6b7ee55f160b9968b66013c3a3ef39dd7e5798?s=96&d=mm&r=g\",\"caption\":\"Jeanette\"},\"sameAs\":[\"https:\\\/\\\/www.eldiario.net\\\/portal\"],\"url\":\"https:\\\/\\\/www.eldiario.net\\\/portal\\\/author\\\/jeanette\\\/\"}]}<\/script>\n<!-- \/ Yoast SEO plugin. -->","yoast_head_json":{"title":"Empresarios de Bolivia y Per\u00fa acuerdan impulsar una plataforma comercial - El Diario - Bolivia","robots":{"index":"index","follow":"follow","max-snippet":"max-snippet:-1","max-image-preview":"max-image-preview:large","max-video-preview":"max-video-preview:-1"},"canonical":"https:\/\/www.eldiario.net\/portal\/2023\/04\/04\/empresarios-de-bolivia-y-peru-acuerdan-impulsar-una-plataforma-comercial\/","og_locale":"es_ES","og_type":"article","og_title":"Empresarios de Bolivia y Per\u00fa acuerdan impulsar una plataforma comercial - El Diario - Bolivia","og_description":"La C\u00e1mara Nacional de Industrias (CNI), C\u00e1mara Nacional de Comercio (CNC), C\u00e1mara de Comercio e Industria Peruano Boliviana (Camcipeb) y el grupo GTrade-Ferias en Per\u00fa, impulsar\u00e1n una plataforma de exhibici\u00f3n comercial e industrial entre ambos. El presidente de la CNC, Mario Paredes, dijo que el convenio privado busca estrechar relaciones comerciales, as\u00ed como construir redes [&hellip;]","og_url":"https:\/\/www.eldiario.net\/portal\/2023\/04\/04\/empresarios-de-bolivia-y-peru-acuerdan-impulsar-una-plataforma-comercial\/","og_site_name":"El Diario - Bolivia","article_publisher":"https:\/\/www.facebook.com\/eldiario.bolivia\/","article_published_time":"2023-04-04T10:21:10+00:00","author":"Jeanette","twitter_card":"summary_large_image","twitter_creator":"@eldiario_net","twitter_site":"@eldiario_net","twitter_misc":{"Escrito por":"Jeanette","Tiempo de lectura":"3 minutos"},"schema":{"@context":"https:\/\/schema.org","@graph":[{"@type":"Article","@id":"https:\/\/www.eldiario.net\/portal\/2023\/04\/04\/empresarios-de-bolivia-y-peru-acuerdan-impulsar-una-plataforma-comercial\/#article","isPartOf":{"@id":"https:\/\/www.eldiario.net\/portal\/2023\/04\/04\/empresarios-de-bolivia-y-peru-acuerdan-impulsar-una-plataforma-comercial\/"},"author":{"name":"Jeanette","@id":"https:\/\/www.eldiario.net\/portal\/#\/schema\/person\/f46445640444750d7d753ccd04ae01b7"},"headline":"Empresarios de Bolivia y Per\u00fa acuerdan impulsar una plataforma comercial","datePublished":"2023-04-04T10:21:10+00:00","mainEntityOfPage":{"@id":"https:\/\/www.eldiario.net\/portal\/2023\/04\/04\/empresarios-de-bolivia-y-peru-acuerdan-impulsar-una-plataforma-comercial\/"},"wordCount":500,"publisher":{"@id":"https:\/\/www.eldiario.net\/portal\/#organization"},"image":{"@id":"https:\/\/www.eldiario.net\/portal\/2023\/04\/04\/empresarios-de-bolivia-y-peru-acuerdan-impulsar-una-plataforma-comercial\/#primaryimage"},"thumbnailUrl":"","articleSection":["Econom\u00eda"],"inLanguage":"es"},{"@type":"WebPage","@id":"https:\/\/www.eldiario.net\/portal\/2023\/04\/04\/empresarios-de-bolivia-y-peru-acuerdan-impulsar-una-plataforma-comercial\/","url":"https:\/\/www.eldiario.net\/portal\/2023\/04\/04\/empresarios-de-bolivia-y-peru-acuerdan-impulsar-una-plataforma-comercial\/","name":"Empresarios de Bolivia y Per\u00fa acuerdan impulsar una plataforma comercial - El Diario - Bolivia","isPartOf":{"@id":"https:\/\/www.eldiario.net\/portal\/#website"},"primaryImageOfPage":{"@id":"https:\/\/www.eldiario.net\/portal\/2023\/04\/04\/empresarios-de-bolivia-y-peru-acuerdan-impulsar-una-plataforma-comercial\/#primaryimage"},"image":{"@id":"https:\/\/www.eldiario.net\/portal\/2023\/04\/04\/empresarios-de-bolivia-y-peru-acuerdan-impulsar-una-plataforma-comercial\/#primaryimage"},"thumbnailUrl":"","datePublished":"2023-04-04T10:21:10+00:00","breadcrumb":{"@id":"https:\/\/www.eldiario.net\/portal\/2023\/04\/04\/empresarios-de-bolivia-y-peru-acuerdan-impulsar-una-plataforma-comercial\/#breadcrumb"},"inLanguage":"es","potentialAction":[{"@type":"ReadAction","target":["https:\/\/www.eldiario.net\/portal\/2023\/04\/04\/empresarios-de-bolivia-y-peru-acuerdan-impulsar-una-plataforma-comercial\/"]}]},{"@type":"ImageObject","inLanguage":"es","@id":"https:\/\/www.eldiario.net\/portal\/2023\/04\/04\/empresarios-de-bolivia-y-peru-acuerdan-impulsar-una-plataforma-comercial\/#primaryimage","url":"","contentUrl":""},{"@type":"BreadcrumbList","@id":"https:\/\/www.eldiario.net\/portal\/2023\/04\/04\/empresarios-de-bolivia-y-peru-acuerdan-impulsar-una-plataforma-comercial\/#breadcrumb","itemListElement":[{"@type":"ListItem","position":1,"name":"Portada","item":"https:\/\/www.eldiario.net\/portal\/"},{"@type":"ListItem","position":2,"name":"Empresarios de Bolivia y Per\u00fa acuerdan impulsar una plataforma comercial"}]},{"@type":"WebSite","@id":"https:\/\/www.eldiario.net\/portal\/#website","url":"https:\/\/www.eldiario.net\/portal\/","name":"El Diario - Decano de la prensa nacional","description":"El Diario - Decano de la prensa nacional","publisher":{"@id":"https:\/\/www.eldiario.net\/portal\/#organization"},"potentialAction":[{"@type":"SearchAction","target":{"@type":"EntryPoint","urlTemplate":"https:\/\/www.eldiario.net\/portal\/?s={search_term_string}"},"query-input":{"@type":"PropertyValueSpecification","valueRequired":true,"valueName":"search_term_string"}}],"inLanguage":"es"},{"@type":"Organization","@id":"https:\/\/www.eldiario.net\/portal\/#organization","name":"El Diario - Decano de la prensa nacional","url":"https:\/\/www.eldiario.net\/portal\/","logo":{"@type":"ImageObject","inLanguage":"es","@id":"https:\/\/www.eldiario.net\/portal\/#\/schema\/logo\/image\/","url":"https:\/\/www.eldiario.net\/portal\/wp-content\/uploads\/2023\/07\/logo_ED.jpg","contentUrl":"https:\/\/www.eldiario.net\/portal\/wp-content\/uploads\/2023\/07\/logo_ED.jpg","width":272,"height":52,"caption":"El Diario - Decano de la prensa nacional"},"image":{"@id":"https:\/\/www.eldiario.net\/portal\/#\/schema\/logo\/image\/"},"sameAs":["https:\/\/www.facebook.com\/eldiario.bolivia\/","https:\/\/x.com\/eldiario_net"]},{"@type":"Person","@id":"https:\/\/www.eldiario.net\/portal\/#\/schema\/person\/f46445640444750d7d753ccd04ae01b7","name":"Jeanette","image":{"@type":"ImageObject","inLanguage":"es","@id":"https:\/\/secure.gravatar.com\/avatar\/3ea2118a5f7dad2b7138b1187a6b7ee55f160b9968b66013c3a3ef39dd7e5798?s=96&d=mm&r=g","url":"https:\/\/secure.gravatar.com\/avatar\/3ea2118a5f7dad2b7138b1187a6b7ee55f160b9968b66013c3a3ef39dd7e5798?s=96&d=mm&r=g","contentUrl":"https:\/\/secure.gravatar.com\/avatar\/3ea2118a5f7dad2b7138b1187a6b7ee55f160b9968b66013c3a3ef39dd7e5798?s=96&d=mm&r=g","caption":"Jeanette"},"sameAs":["https:\/\/www.eldiario.net\/portal"],"url":"https:\/\/www.eldiario.net\/portal\/author\/jeanette\/"}]}},"_links":{"self":[{"href":"https:\/\/www.eldiario.net\/portal\/wp-json\/wp\/v2\/posts\/146845","targetHints":{"allow":["GET"]}}],"collection":[{"href":"https:\/\/www.eldiario.net\/portal\/wp-json\/wp\/v2\/posts"}],"about":[{"href":"https:\/\/www.eldiario.net\/portal\/wp-json\/wp\/v2\/types\/post"}],"author":[{"embeddable":true,"href":"https:\/\/www.eldiario.net\/portal\/wp-json\/wp\/v2\/users\/1"}],"replies":[{"embeddable":true,"href":"https:\/\/www.eldiario.net\/portal\/wp-json\/wp\/v2\/comments?post=146845"}],"version-history":[{"count":0,"href":"https:\/\/www.eldiario.net\/portal\/wp-json\/wp\/v2\/posts\/146845\/revisions"}],"wp:attachment":[{"href":"https:\/\/www.eldiario.net\/portal\/wp-json\/wp\/v2\/media?parent=146845"}],"wp:term":[{"taxonomy":"category","embeddable":true,"href":"https:\/\/www.eldiario.net\/portal\/wp-json\/wp\/v2\/categories?post=146845"},{"taxonomy":"post_tag","embeddable":true,"href":"https:\/\/www.eldiario.net\/portal\/wp-json\/wp\/v2\/tags?post=146845"}],"curies":[{"name":"wp","href":"https:\/\/api.w.org\/{rel}","templated":true}]}}