{"id":143219,"date":"2023-03-15T06:14:45","date_gmt":"2023-03-15T10:14:45","guid":{"rendered":"https:\/\/www.eldiario.net\/portal\/?p=143219"},"modified":"2023-03-15T06:14:45","modified_gmt":"2023-03-15T10:14:45","slug":"paz-el-mercado-esta-seco-tanto-en-dolares-como-en-bolivianos","status":"publish","type":"post","link":"https:\/\/www.eldiario.net\/portal\/2023\/03\/15\/paz-el-mercado-esta-seco-tanto-en-dolares-como-en-bolivianos\/","title":{"rendered":"Paz: \u201cEl mercado est\u00e1 seco tanto en d\u00f3lares como en bolivianos\u201d"},"content":{"rendered":"<p>Advirtiendo que las pr\u00f3ximas semanas ser\u00e1n claves para definir la situaci\u00f3n econ\u00f3mica del pa\u00eds, el senador por Comunidad Ciudadana (CC), Rodrigo Paz Pereira, asegur\u00f3 que el mercado financiero requiere de una inyecci\u00f3n de liquidez ya que existe un problema de fondo tambi\u00e9n con la moneda nacional.<br \/>\n\u201cEl mercado est\u00e1 seco tanto en d\u00f3lares como en bolivianos y se requiere de una inyecci\u00f3n de liquidez al sistema financiero\u201d, sostuvo el legislador de oposici\u00f3n en declaraciones a la prensa.<br \/>\nEn criterio de Paz, las largas filas de gente intentando comprar la divisa norteamericana para diferentes actividades, no se ve reflejada en una mayor circulaci\u00f3n de esta moneda en el mercado, por el contrario, estos recursos se van al ahorro de cada ciudadano ante la preocupaci\u00f3n generalizada por el estado de la econom\u00eda nacional.<br \/>\n\u201cHoy d\u00eda estamos viendo que, si bien la gente est\u00e1 comprando d\u00f3lares, hay grandes filas, pero esos d\u00f3lares no est\u00e1n llegando al mercado, se est\u00e1n quedando bajo el colch\u00f3n y estamos teniendo un problema de fondo tambi\u00e9n con la moneda nacional\u201d, indic\u00f3.<br \/>\nAnte este panorama, el parlamentario representante de Tarija llam\u00f3 a las autoridades del \u00e1rea a extremar esfuerzos para garantizar la estabilidad en t\u00e9rminos econ\u00f3micos, ya que este es un derecho de todos los ciudadanos, garantizado por la Carta Magna y leyes vigentes.<br \/>\n\u201cEl momento es muy complicado y el derecho a la estabilidad macroecon\u00f3mica es un derecho de todos los bolivianos, mismo que est\u00e1 estipulado en la Constituci\u00f3n\u201d, record\u00f3 Paz.<br \/>\nAsimismo, advirti\u00f3 que personas y entidades dedicadas a la compra venta de d\u00f3lares, en estos momentos prefieren guardar la divisa bajo el colch\u00f3n y esperar a que esta moneda suba el precio.<br \/>\n\u201cSi el Gobierno no trabaja de forma conjunta para resolver este problema evidentemente que los pr\u00f3ximos meses ser\u00e1n muy duros para Bolivia\u201d, finaliz\u00f3.<\/p>\n","protected":false},"excerpt":{"rendered":"<p>Advirtiendo que las pr\u00f3ximas semanas ser\u00e1n claves para definir la situaci\u00f3n econ\u00f3mica del pa\u00eds, el senador por Comunidad Ciudadana (CC), Rodrigo Paz Pereira, asegur\u00f3 que el mercado financiero requiere de una inyecci\u00f3n de liquidez ya que existe un problema de fondo tambi\u00e9n con la moneda nacional. \u201cEl mercado est\u00e1 seco tanto en d\u00f3lares como en [&hellip;]<\/p>\n","protected":false},"author":1,"featured_media":143220,"comment_status":"closed","ping_status":"closed","sticky":false,"template":"","format":"standard","meta":{"_acf_changed":false,"footnotes":""},"categories":[14],"tags":[],"class_list":["post-143219","post","type-post","status-publish","format-standard","has-post-thumbnail","category-politica"],"acf":{"antetitulo":""},"yoast_head":"<!-- This site is optimized with the Yoast SEO plugin v28.3 - https:\/\/yoast.com\/product\/yoast-seo-wordpress\/ -->\n<title>Paz: \u201cEl mercado est\u00e1 seco tanto en d\u00f3lares como en bolivianos\u201d - El Diario - Bolivia<\/title>\n<meta name=\"robots\" content=\"index, follow, max-snippet:-1, max-image-preview:large, max-video-preview:-1\" \/>\n<link rel=\"canonical\" href=\"https:\/\/www.eldiario.net\/portal\/2023\/03\/15\/paz-el-mercado-esta-seco-tanto-en-dolares-como-en-bolivianos\/\" \/>\n<meta property=\"og:locale\" content=\"es_ES\" \/>\n<meta property=\"og:type\" content=\"article\" \/>\n<meta property=\"og:title\" content=\"Paz: \u201cEl mercado est\u00e1 seco tanto en d\u00f3lares como en bolivianos\u201d - El Diario - Bolivia\" \/>\n<meta property=\"og:description\" content=\"Advirtiendo que las pr\u00f3ximas semanas ser\u00e1n claves para definir la situaci\u00f3n econ\u00f3mica del pa\u00eds, el senador por Comunidad Ciudadana (CC), Rodrigo Paz Pereira, asegur\u00f3 que el mercado financiero requiere de una inyecci\u00f3n de liquidez ya que existe un problema de fondo tambi\u00e9n con la moneda nacional. \u201cEl mercado est\u00e1 seco tanto en d\u00f3lares como en [&hellip;]\" \/>\n<meta property=\"og:url\" content=\"https:\/\/www.eldiario.net\/portal\/2023\/03\/15\/paz-el-mercado-esta-seco-tanto-en-dolares-como-en-bolivianos\/\" \/>\n<meta property=\"og:site_name\" content=\"El Diario - Bolivia\" \/>\n<meta property=\"article:publisher\" content=\"https:\/\/www.facebook.com\/eldiario.bolivia\/\" \/>\n<meta property=\"article:published_time\" content=\"2023-03-15T10:14:45+00:00\" \/>\n<meta property=\"og:image\" content=\"https:\/\/www.eldiario.net\/portal\/wp-content\/uploads\/2023\/03\/41-POL-6.jpg\" \/>\n\t<meta property=\"og:image:width\" content=\"1\" \/>\n\t<meta property=\"og:image:height\" content=\"1\" \/>\n\t<meta property=\"og:image:type\" content=\"image\/jpeg\" \/>\n<meta name=\"author\" content=\"Jeanette\" \/>\n<meta name=\"twitter:card\" content=\"summary_large_image\" \/>\n<meta name=\"twitter:creator\" content=\"@eldiario_net\" \/>\n<meta name=\"twitter:site\" content=\"@eldiario_net\" \/>\n<meta name=\"twitter:label1\" content=\"Escrito por\" \/>\n\t<meta name=\"twitter:data1\" content=\"Jeanette\" \/>\n\t<meta name=\"twitter:label2\" content=\"Tiempo de lectura\" \/>\n\t<meta name=\"twitter:data2\" content=\"2 minutos\" \/>\n<script type=\"application\/ld+json\" class=\"yoast-schema-graph\">{\"@context\":\"https:\\\/\\\/schema.org\",\"@graph\":[{\"@type\":\"Article\",\"@id\":\"https:\\\/\\\/www.eldiario.net\\\/portal\\\/2023\\\/03\\\/15\\\/paz-el-mercado-esta-seco-tanto-en-dolares-como-en-bolivianos\\\/#article\",\"isPartOf\":{\"@id\":\"https:\\\/\\\/www.eldiario.net\\\/portal\\\/2023\\\/03\\\/15\\\/paz-el-mercado-esta-seco-tanto-en-dolares-como-en-bolivianos\\\/\"},\"author\":{\"name\":\"Jeanette\",\"@id\":\"https:\\\/\\\/www.eldiario.net\\\/portal\\\/#\\\/schema\\\/person\\\/f46445640444750d7d753ccd04ae01b7\"},\"headline\":\"Paz: \u201cEl mercado est\u00e1 seco tanto en d\u00f3lares como en bolivianos\u201d\",\"datePublished\":\"2023-03-15T10:14:45+00:00\",\"mainEntityOfPage\":{\"@id\":\"https:\\\/\\\/www.eldiario.net\\\/portal\\\/2023\\\/03\\\/15\\\/paz-el-mercado-esta-seco-tanto-en-dolares-como-en-bolivianos\\\/\"},\"wordCount\":338,\"publisher\":{\"@id\":\"https:\\\/\\\/www.eldiario.net\\\/portal\\\/#organization\"},\"image\":{\"@id\":\"https:\\\/\\\/www.eldiario.net\\\/portal\\\/2023\\\/03\\\/15\\\/paz-el-mercado-esta-seco-tanto-en-dolares-como-en-bolivianos\\\/#primaryimage\"},\"thumbnailUrl\":\"https:\\\/\\\/www.eldiario.net\\\/portal\\\/wp-content\\\/uploads\\\/2023\\\/03\\\/41-POL-6.jpg\",\"articleSection\":[\"Pol\u00edtica\"],\"inLanguage\":\"es\"},{\"@type\":\"WebPage\",\"@id\":\"https:\\\/\\\/www.eldiario.net\\\/portal\\\/2023\\\/03\\\/15\\\/paz-el-mercado-esta-seco-tanto-en-dolares-como-en-bolivianos\\\/\",\"url\":\"https:\\\/\\\/www.eldiario.net\\\/portal\\\/2023\\\/03\\\/15\\\/paz-el-mercado-esta-seco-tanto-en-dolares-como-en-bolivianos\\\/\",\"name\":\"Paz: \u201cEl mercado est\u00e1 seco tanto en d\u00f3lares como en bolivianos\u201d - El Diario - Bolivia\",\"isPartOf\":{\"@id\":\"https:\\\/\\\/www.eldiario.net\\\/portal\\\/#website\"},\"primaryImageOfPage\":{\"@id\":\"https:\\\/\\\/www.eldiario.net\\\/portal\\\/2023\\\/03\\\/15\\\/paz-el-mercado-esta-seco-tanto-en-dolares-como-en-bolivianos\\\/#primaryimage\"},\"image\":{\"@id\":\"https:\\\/\\\/www.eldiario.net\\\/portal\\\/2023\\\/03\\\/15\\\/paz-el-mercado-esta-seco-tanto-en-dolares-como-en-bolivianos\\\/#primaryimage\"},\"thumbnailUrl\":\"https:\\\/\\\/www.eldiario.net\\\/portal\\\/wp-content\\\/uploads\\\/2023\\\/03\\\/41-POL-6.jpg\",\"datePublished\":\"2023-03-15T10:14:45+00:00\",\"breadcrumb\":{\"@id\":\"https:\\\/\\\/www.eldiario.net\\\/portal\\\/2023\\\/03\\\/15\\\/paz-el-mercado-esta-seco-tanto-en-dolares-como-en-bolivianos\\\/#breadcrumb\"},\"inLanguage\":\"es\",\"potentialAction\":[{\"@type\":\"ReadAction\",\"target\":[\"https:\\\/\\\/www.eldiario.net\\\/portal\\\/2023\\\/03\\\/15\\\/paz-el-mercado-esta-seco-tanto-en-dolares-como-en-bolivianos\\\/\"]}]},{\"@type\":\"ImageObject\",\"inLanguage\":\"es\",\"@id\":\"https:\\\/\\\/www.eldiario.net\\\/portal\\\/2023\\\/03\\\/15\\\/paz-el-mercado-esta-seco-tanto-en-dolares-como-en-bolivianos\\\/#primaryimage\",\"url\":\"https:\\\/\\\/www.eldiario.net\\\/portal\\\/wp-content\\\/uploads\\\/2023\\\/03\\\/41-POL-6.jpg\",\"contentUrl\":\"https:\\\/\\\/www.eldiario.net\\\/portal\\\/wp-content\\\/uploads\\\/2023\\\/03\\\/41-POL-6.jpg\",\"caption\":\"El senador Rodrigo Paz Pereira. (CC).\"},{\"@type\":\"BreadcrumbList\",\"@id\":\"https:\\\/\\\/www.eldiario.net\\\/portal\\\/2023\\\/03\\\/15\\\/paz-el-mercado-esta-seco-tanto-en-dolares-como-en-bolivianos\\\/#breadcrumb\",\"itemListElement\":[{\"@type\":\"ListItem\",\"position\":1,\"name\":\"Portada\",\"item\":\"https:\\\/\\\/www.eldiario.net\\\/portal\\\/\"},{\"@type\":\"ListItem\",\"position\":2,\"name\":\"Paz: \u201cEl mercado est\u00e1 seco tanto en d\u00f3lares como en bolivianos\u201d\"}]},{\"@type\":\"WebSite\",\"@id\":\"https:\\\/\\\/www.eldiario.net\\\/portal\\\/#website\",\"url\":\"https:\\\/\\\/www.eldiario.net\\\/portal\\\/\",\"name\":\"El Diario - Decano de la prensa nacional\",\"description\":\"El Diario - Decano de la prensa nacional\",\"publisher\":{\"@id\":\"https:\\\/\\\/www.eldiario.net\\\/portal\\\/#organization\"},\"potentialAction\":[{\"@type\":\"SearchAction\",\"target\":{\"@type\":\"EntryPoint\",\"urlTemplate\":\"https:\\\/\\\/www.eldiario.net\\\/portal\\\/?s={search_term_string}\"},\"query-input\":{\"@type\":\"PropertyValueSpecification\",\"valueRequired\":true,\"valueName\":\"search_term_string\"}}],\"inLanguage\":\"es\"},{\"@type\":\"Organization\",\"@id\":\"https:\\\/\\\/www.eldiario.net\\\/portal\\\/#organization\",\"name\":\"El Diario - Decano de la prensa nacional\",\"url\":\"https:\\\/\\\/www.eldiario.net\\\/portal\\\/\",\"logo\":{\"@type\":\"ImageObject\",\"inLanguage\":\"es\",\"@id\":\"https:\\\/\\\/www.eldiario.net\\\/portal\\\/#\\\/schema\\\/logo\\\/image\\\/\",\"url\":\"https:\\\/\\\/www.eldiario.net\\\/portal\\\/wp-content\\\/uploads\\\/2023\\\/07\\\/logo_ED.jpg\",\"contentUrl\":\"https:\\\/\\\/www.eldiario.net\\\/portal\\\/wp-content\\\/uploads\\\/2023\\\/07\\\/logo_ED.jpg\",\"width\":272,\"height\":52,\"caption\":\"El Diario - Decano de la prensa nacional\"},\"image\":{\"@id\":\"https:\\\/\\\/www.eldiario.net\\\/portal\\\/#\\\/schema\\\/logo\\\/image\\\/\"},\"sameAs\":[\"https:\\\/\\\/www.facebook.com\\\/eldiario.bolivia\\\/\",\"https:\\\/\\\/x.com\\\/eldiario_net\"]},{\"@type\":\"Person\",\"@id\":\"https:\\\/\\\/www.eldiario.net\\\/portal\\\/#\\\/schema\\\/person\\\/f46445640444750d7d753ccd04ae01b7\",\"name\":\"Jeanette\",\"image\":{\"@type\":\"ImageObject\",\"inLanguage\":\"es\",\"@id\":\"https:\\\/\\\/secure.gravatar.com\\\/avatar\\\/3ea2118a5f7dad2b7138b1187a6b7ee55f160b9968b66013c3a3ef39dd7e5798?s=96&d=mm&r=g\",\"url\":\"https:\\\/\\\/secure.gravatar.com\\\/avatar\\\/3ea2118a5f7dad2b7138b1187a6b7ee55f160b9968b66013c3a3ef39dd7e5798?s=96&d=mm&r=g\",\"contentUrl\":\"https:\\\/\\\/secure.gravatar.com\\\/avatar\\\/3ea2118a5f7dad2b7138b1187a6b7ee55f160b9968b66013c3a3ef39dd7e5798?s=96&d=mm&r=g\",\"caption\":\"Jeanette\"},\"sameAs\":[\"https:\\\/\\\/www.eldiario.net\\\/portal\"],\"url\":\"https:\\\/\\\/www.eldiario.net\\\/portal\\\/author\\\/jeanette\\\/\"}]}<\/script>\n<!-- \/ Yoast SEO plugin. -->","yoast_head_json":{"title":"Paz: \u201cEl mercado est\u00e1 seco tanto en d\u00f3lares como en bolivianos\u201d - El Diario - Bolivia","robots":{"index":"index","follow":"follow","max-snippet":"max-snippet:-1","max-image-preview":"max-image-preview:large","max-video-preview":"max-video-preview:-1"},"canonical":"https:\/\/www.eldiario.net\/portal\/2023\/03\/15\/paz-el-mercado-esta-seco-tanto-en-dolares-como-en-bolivianos\/","og_locale":"es_ES","og_type":"article","og_title":"Paz: \u201cEl mercado est\u00e1 seco tanto en d\u00f3lares como en bolivianos\u201d - El Diario - Bolivia","og_description":"Advirtiendo que las pr\u00f3ximas semanas ser\u00e1n claves para definir la situaci\u00f3n econ\u00f3mica del pa\u00eds, el senador por Comunidad Ciudadana (CC), Rodrigo Paz Pereira, asegur\u00f3 que el mercado financiero requiere de una inyecci\u00f3n de liquidez ya que existe un problema de fondo tambi\u00e9n con la moneda nacional. \u201cEl mercado est\u00e1 seco tanto en d\u00f3lares como en [&hellip;]","og_url":"https:\/\/www.eldiario.net\/portal\/2023\/03\/15\/paz-el-mercado-esta-seco-tanto-en-dolares-como-en-bolivianos\/","og_site_name":"El Diario - Bolivia","article_publisher":"https:\/\/www.facebook.com\/eldiario.bolivia\/","article_published_time":"2023-03-15T10:14:45+00:00","og_image":[{"url":"https:\/\/www.eldiario.net\/portal\/wp-content\/uploads\/2023\/03\/41-POL-6.jpg","width":1,"height":1,"type":"image\/jpeg"}],"author":"Jeanette","twitter_card":"summary_large_image","twitter_creator":"@eldiario_net","twitter_site":"@eldiario_net","twitter_misc":{"Escrito por":"Jeanette","Tiempo de lectura":"2 minutos"},"schema":{"@context":"https:\/\/schema.org","@graph":[{"@type":"Article","@id":"https:\/\/www.eldiario.net\/portal\/2023\/03\/15\/paz-el-mercado-esta-seco-tanto-en-dolares-como-en-bolivianos\/#article","isPartOf":{"@id":"https:\/\/www.eldiario.net\/portal\/2023\/03\/15\/paz-el-mercado-esta-seco-tanto-en-dolares-como-en-bolivianos\/"},"author":{"name":"Jeanette","@id":"https:\/\/www.eldiario.net\/portal\/#\/schema\/person\/f46445640444750d7d753ccd04ae01b7"},"headline":"Paz: \u201cEl mercado est\u00e1 seco tanto en d\u00f3lares como en bolivianos\u201d","datePublished":"2023-03-15T10:14:45+00:00","mainEntityOfPage":{"@id":"https:\/\/www.eldiario.net\/portal\/2023\/03\/15\/paz-el-mercado-esta-seco-tanto-en-dolares-como-en-bolivianos\/"},"wordCount":338,"publisher":{"@id":"https:\/\/www.eldiario.net\/portal\/#organization"},"image":{"@id":"https:\/\/www.eldiario.net\/portal\/2023\/03\/15\/paz-el-mercado-esta-seco-tanto-en-dolares-como-en-bolivianos\/#primaryimage"},"thumbnailUrl":"https:\/\/www.eldiario.net\/portal\/wp-content\/uploads\/2023\/03\/41-POL-6.jpg","articleSection":["Pol\u00edtica"],"inLanguage":"es"},{"@type":"WebPage","@id":"https:\/\/www.eldiario.net\/portal\/2023\/03\/15\/paz-el-mercado-esta-seco-tanto-en-dolares-como-en-bolivianos\/","url":"https:\/\/www.eldiario.net\/portal\/2023\/03\/15\/paz-el-mercado-esta-seco-tanto-en-dolares-como-en-bolivianos\/","name":"Paz: \u201cEl mercado est\u00e1 seco tanto en d\u00f3lares como en bolivianos\u201d - El Diario - Bolivia","isPartOf":{"@id":"https:\/\/www.eldiario.net\/portal\/#website"},"primaryImageOfPage":{"@id":"https:\/\/www.eldiario.net\/portal\/2023\/03\/15\/paz-el-mercado-esta-seco-tanto-en-dolares-como-en-bolivianos\/#primaryimage"},"image":{"@id":"https:\/\/www.eldiario.net\/portal\/2023\/03\/15\/paz-el-mercado-esta-seco-tanto-en-dolares-como-en-bolivianos\/#primaryimage"},"thumbnailUrl":"https:\/\/www.eldiario.net\/portal\/wp-content\/uploads\/2023\/03\/41-POL-6.jpg","datePublished":"2023-03-15T10:14:45+00:00","breadcrumb":{"@id":"https:\/\/www.eldiario.net\/portal\/2023\/03\/15\/paz-el-mercado-esta-seco-tanto-en-dolares-como-en-bolivianos\/#breadcrumb"},"inLanguage":"es","potentialAction":[{"@type":"ReadAction","target":["https:\/\/www.eldiario.net\/portal\/2023\/03\/15\/paz-el-mercado-esta-seco-tanto-en-dolares-como-en-bolivianos\/"]}]},{"@type":"ImageObject","inLanguage":"es","@id":"https:\/\/www.eldiario.net\/portal\/2023\/03\/15\/paz-el-mercado-esta-seco-tanto-en-dolares-como-en-bolivianos\/#primaryimage","url":"https:\/\/www.eldiario.net\/portal\/wp-content\/uploads\/2023\/03\/41-POL-6.jpg","contentUrl":"https:\/\/www.eldiario.net\/portal\/wp-content\/uploads\/2023\/03\/41-POL-6.jpg","caption":"El senador Rodrigo Paz Pereira. (CC)."},{"@type":"BreadcrumbList","@id":"https:\/\/www.eldiario.net\/portal\/2023\/03\/15\/paz-el-mercado-esta-seco-tanto-en-dolares-como-en-bolivianos\/#breadcrumb","itemListElement":[{"@type":"ListItem","position":1,"name":"Portada","item":"https:\/\/www.eldiario.net\/portal\/"},{"@type":"ListItem","position":2,"name":"Paz: \u201cEl mercado est\u00e1 seco tanto en d\u00f3lares como en bolivianos\u201d"}]},{"@type":"WebSite","@id":"https:\/\/www.eldiario.net\/portal\/#website","url":"https:\/\/www.eldiario.net\/portal\/","name":"El Diario - Decano de la prensa nacional","description":"El Diario - Decano de la prensa nacional","publisher":{"@id":"https:\/\/www.eldiario.net\/portal\/#organization"},"potentialAction":[{"@type":"SearchAction","target":{"@type":"EntryPoint","urlTemplate":"https:\/\/www.eldiario.net\/portal\/?s={search_term_string}"},"query-input":{"@type":"PropertyValueSpecification","valueRequired":true,"valueName":"search_term_string"}}],"inLanguage":"es"},{"@type":"Organization","@id":"https:\/\/www.eldiario.net\/portal\/#organization","name":"El Diario - Decano de la prensa nacional","url":"https:\/\/www.eldiario.net\/portal\/","logo":{"@type":"ImageObject","inLanguage":"es","@id":"https:\/\/www.eldiario.net\/portal\/#\/schema\/logo\/image\/","url":"https:\/\/www.eldiario.net\/portal\/wp-content\/uploads\/2023\/07\/logo_ED.jpg","contentUrl":"https:\/\/www.eldiario.net\/portal\/wp-content\/uploads\/2023\/07\/logo_ED.jpg","width":272,"height":52,"caption":"El Diario - Decano de la prensa nacional"},"image":{"@id":"https:\/\/www.eldiario.net\/portal\/#\/schema\/logo\/image\/"},"sameAs":["https:\/\/www.facebook.com\/eldiario.bolivia\/","https:\/\/x.com\/eldiario_net"]},{"@type":"Person","@id":"https:\/\/www.eldiario.net\/portal\/#\/schema\/person\/f46445640444750d7d753ccd04ae01b7","name":"Jeanette","image":{"@type":"ImageObject","inLanguage":"es","@id":"https:\/\/secure.gravatar.com\/avatar\/3ea2118a5f7dad2b7138b1187a6b7ee55f160b9968b66013c3a3ef39dd7e5798?s=96&d=mm&r=g","url":"https:\/\/secure.gravatar.com\/avatar\/3ea2118a5f7dad2b7138b1187a6b7ee55f160b9968b66013c3a3ef39dd7e5798?s=96&d=mm&r=g","contentUrl":"https:\/\/secure.gravatar.com\/avatar\/3ea2118a5f7dad2b7138b1187a6b7ee55f160b9968b66013c3a3ef39dd7e5798?s=96&d=mm&r=g","caption":"Jeanette"},"sameAs":["https:\/\/www.eldiario.net\/portal"],"url":"https:\/\/www.eldiario.net\/portal\/author\/jeanette\/"}]}},"_links":{"self":[{"href":"https:\/\/www.eldiario.net\/portal\/wp-json\/wp\/v2\/posts\/143219","targetHints":{"allow":["GET"]}}],"collection":[{"href":"https:\/\/www.eldiario.net\/portal\/wp-json\/wp\/v2\/posts"}],"about":[{"href":"https:\/\/www.eldiario.net\/portal\/wp-json\/wp\/v2\/types\/post"}],"author":[{"embeddable":true,"href":"https:\/\/www.eldiario.net\/portal\/wp-json\/wp\/v2\/users\/1"}],"replies":[{"embeddable":true,"href":"https:\/\/www.eldiario.net\/portal\/wp-json\/wp\/v2\/comments?post=143219"}],"version-history":[{"count":0,"href":"https:\/\/www.eldiario.net\/portal\/wp-json\/wp\/v2\/posts\/143219\/revisions"}],"wp:featuredmedia":[{"embeddable":true,"href":"https:\/\/www.eldiario.net\/portal\/wp-json\/wp\/v2\/media\/143220"}],"wp:attachment":[{"href":"https:\/\/www.eldiario.net\/portal\/wp-json\/wp\/v2\/media?parent=143219"}],"wp:term":[{"taxonomy":"category","embeddable":true,"href":"https:\/\/www.eldiario.net\/portal\/wp-json\/wp\/v2\/categories?post=143219"},{"taxonomy":"post_tag","embeddable":true,"href":"https:\/\/www.eldiario.net\/portal\/wp-json\/wp\/v2\/tags?post=143219"}],"curies":[{"name":"wp","href":"https:\/\/api.w.org\/{rel}","templated":true}]}}