{"id":143214,"date":"2023-03-15T06:12:27","date_gmt":"2023-03-15T10:12:27","guid":{"rendered":"https:\/\/www.eldiario.net\/portal\/?p=143214"},"modified":"2023-03-15T06:12:27","modified_gmt":"2023-03-15T10:12:27","slug":"el-dilema-devaluar-o-no-devaluar","status":"publish","type":"post","link":"https:\/\/www.eldiario.net\/portal\/2023\/03\/15\/el-dilema-devaluar-o-no-devaluar\/","title":{"rendered":"El dilema: devaluar o no devaluar"},"content":{"rendered":"<p><em><span class=\"dropcap \" style=\"background-color: #ffffff; color: #000000; border-color: #ffffff;\">C<\/span>uando en 2006, el MAS, partido liderado por Evo Morales, lleg\u00f3 al gobierno boliviano, aparentemente no ten\u00eda un proyecto pol\u00edtico claro y, a lo m\u00e1s, ofrec\u00eda un programa electoral de pocos puntos generales, entre los cuales se destacaba el denominado \u201cCausachum Coca\u201d, como objetivo principal de su pol\u00edtica.<\/em><br \/>\n<em>Sin embargo, a poco de instalarse ese gobierno, el nuevo inquilino del Palacio Quemado sac\u00f3 de la manga un documento hasta entonces reservado, poco conocido hasta el presente, con t\u00edtulo de \u201cEl Nuevo Modelo Econ\u00f3mico, Social, Comunitario y Productivo\u201d, que entr\u00f3 en aplicaci\u00f3n por el partido que se hizo cargo de las riendas del Estado.<\/em><br \/>\n<em>El flamante programa hab\u00eda sido preparado por los economistas Luis Arce Catacora, Alberto Villegas y \u00c1lvaro Garc\u00eda Linera, que lo presentaron a Evo Morales, quien consider\u00f3 que satisfac\u00eda sus ideales. Lo aprob\u00f3 y puso en aplicaci\u00f3n de inmediato, aunque sin darle publicidad, pues el documento solo fue conocido con posterioridad, publicado en una revista del Ministerio de Econom\u00eda, manejado por Luis Arce Catacora, ya ministro de esa cartera y, al parecer, para dejar constancia de su paso por las altas esferas del poder. Ese texto de limitada circulaci\u00f3n, inclusive en el presente, no ha sido analizado por nuestra sabihonda legi\u00f3n de economistas.<\/em><br \/>\n<em>El Nuevo Modelo tuvo \u00e9xito en los primeros a\u00f1os del gobierno de Morales, debido a la asombrosa entrada de d\u00f3lares a las arcas del Estado, provenientes del alza extraordinaria de precios de las materias primas de exportaci\u00f3n de Bolivia, especialmente del gas. En efecto, el petr\u00f3leo subi\u00f3 de 30 a 150 d\u00f3lares el barril, hecho que puso en boya al gobierno, que se dedic\u00f3 a ingentes gastos fara\u00f3nicos, inversiones improductivas, derroche, corrupci\u00f3n\u2026<\/em><br \/>\n<em>Durante la aplicaci\u00f3n de esa pol\u00edtica econ\u00f3mica de tiempo de las vacas gordas no se previ\u00f3 que el fest\u00edn se acabar\u00eda en cualquier momento y, por ello, ese gobierno sigui\u00f3 chauchitando las divisas. Sin embargo, aun sabiendo que eso ocurrir\u00eda, como fue previsto por algunos medios de comunicaci\u00f3n, sigui\u00f3 la pachanga y los d\u00f3lares eran gastados en turismo oficialista, fiestas, reuniones internacionales, actos de corrupci\u00f3n, etc. Los gobernantes de entonces hicieron de las suyas y el pa\u00eds volvi\u00f3 a quedar, a\u00f1os despu\u00e9s, sin la riqueza que hab\u00eda sido generada en tiempo de las vacas gordas.<\/em><br \/>\n<em>Al presente, esa \u201cpol\u00edtica financiera\u201d ha dado sus frutos amargos. El Estado Plurinacional no tiene dinero para gastos de urgencia y se dedica a maniobrar para evitar mayores problemas, entre ellos est\u00e1 el valor de la moneda boliviana frente el d\u00f3lar, pues este aspecto hab\u00eda sido encubierto con cortinas de humo por varios a\u00f1os, con el objetivo de aparentar que todo estaba de maravilla, que la econom\u00eda del Estado estaba \u201cblindada\u201d y era a prueba de peligros. Pero los efectos de la propaganda y la mitoman\u00eda son limitados. Ahora la realidad exige nuevas medidas para pasar el momento de p\u00e1nico y, entonces, seg\u00fan expertos la soluci\u00f3n ser\u00eda la devaluaci\u00f3n de la moneda boliviana, frente al d\u00f3lar americano, sea por shok o a cuenta gotas.<\/em><br \/>\n<em>Los economistas sostienen que, pese a que hace a\u00f1os sugirieron que se resuelva oportunamente ese desequilibrio (que llegar\u00eda a m\u00e1s de10 bolivianos por d\u00f3lar), el Ministerio de Econom\u00eda est\u00e1 dando largas al asunto, aunque asegura que todo ser\u00e1 arreglado en forma feliz y volveremos a la \u00e9poca de las vacas gordas.<\/em><\/p>\n","protected":false},"excerpt":{"rendered":"<p>Cuando en 2006, el MAS, partido liderado por Evo Morales, lleg\u00f3 al gobierno boliviano, aparentemente no ten\u00eda un proyecto pol\u00edtico claro y, a lo m\u00e1s, ofrec\u00eda un programa electoral de pocos puntos generales, entre los cuales se destacaba el denominado \u201cCausachum Coca\u201d, como objetivo principal de su pol\u00edtica. Sin embargo, a poco de instalarse ese [&hellip;]<\/p>\n","protected":false},"author":1,"featured_media":0,"comment_status":"closed","ping_status":"closed","sticky":false,"template":"","format":"standard","meta":{"_acf_changed":false,"footnotes":""},"categories":[4],"tags":[],"class_list":["post-143214","post","type-post","status-publish","format-standard","category-editorial"],"acf":{"antetitulo":""},"yoast_head":"<!-- This site is optimized with the Yoast SEO plugin v28.3 - https:\/\/yoast.com\/product\/yoast-seo-wordpress\/ -->\n<title>El dilema: devaluar o no devaluar - El Diario - Bolivia<\/title>\n<meta name=\"robots\" content=\"index, follow, max-snippet:-1, max-image-preview:large, max-video-preview:-1\" \/>\n<link rel=\"canonical\" href=\"https:\/\/www.eldiario.net\/portal\/2023\/03\/15\/el-dilema-devaluar-o-no-devaluar\/\" \/>\n<meta property=\"og:locale\" content=\"es_ES\" \/>\n<meta property=\"og:type\" content=\"article\" \/>\n<meta property=\"og:title\" content=\"El dilema: devaluar o no devaluar - El Diario - Bolivia\" \/>\n<meta property=\"og:description\" content=\"Cuando en 2006, el MAS, partido liderado por Evo Morales, lleg\u00f3 al gobierno boliviano, aparentemente no ten\u00eda un proyecto pol\u00edtico claro y, a lo m\u00e1s, ofrec\u00eda un programa electoral de pocos puntos generales, entre los cuales se destacaba el denominado \u201cCausachum Coca\u201d, como objetivo principal de su pol\u00edtica. Sin embargo, a poco de instalarse ese [&hellip;]\" \/>\n<meta property=\"og:url\" content=\"https:\/\/www.eldiario.net\/portal\/2023\/03\/15\/el-dilema-devaluar-o-no-devaluar\/\" \/>\n<meta property=\"og:site_name\" content=\"El Diario - Bolivia\" \/>\n<meta property=\"article:publisher\" content=\"https:\/\/www.facebook.com\/eldiario.bolivia\/\" \/>\n<meta property=\"article:published_time\" content=\"2023-03-15T10:12:27+00:00\" \/>\n<meta name=\"author\" content=\"Jeanette\" \/>\n<meta name=\"twitter:card\" content=\"summary_large_image\" \/>\n<meta name=\"twitter:creator\" content=\"@eldiario_net\" \/>\n<meta name=\"twitter:site\" content=\"@eldiario_net\" \/>\n<meta name=\"twitter:label1\" content=\"Escrito por\" \/>\n\t<meta name=\"twitter:data1\" content=\"Jeanette\" \/>\n\t<meta name=\"twitter:label2\" content=\"Tiempo de lectura\" \/>\n\t<meta name=\"twitter:data2\" content=\"3 minutos\" \/>\n<script type=\"application\/ld+json\" class=\"yoast-schema-graph\">{\"@context\":\"https:\\\/\\\/schema.org\",\"@graph\":[{\"@type\":\"Article\",\"@id\":\"https:\\\/\\\/www.eldiario.net\\\/portal\\\/2023\\\/03\\\/15\\\/el-dilema-devaluar-o-no-devaluar\\\/#article\",\"isPartOf\":{\"@id\":\"https:\\\/\\\/www.eldiario.net\\\/portal\\\/2023\\\/03\\\/15\\\/el-dilema-devaluar-o-no-devaluar\\\/\"},\"author\":{\"name\":\"Jeanette\",\"@id\":\"https:\\\/\\\/www.eldiario.net\\\/portal\\\/#\\\/schema\\\/person\\\/f46445640444750d7d753ccd04ae01b7\"},\"headline\":\"El dilema: devaluar o no devaluar\",\"datePublished\":\"2023-03-15T10:12:27+00:00\",\"mainEntityOfPage\":{\"@id\":\"https:\\\/\\\/www.eldiario.net\\\/portal\\\/2023\\\/03\\\/15\\\/el-dilema-devaluar-o-no-devaluar\\\/\"},\"wordCount\":602,\"publisher\":{\"@id\":\"https:\\\/\\\/www.eldiario.net\\\/portal\\\/#organization\"},\"articleSection\":[\"Editorial\"],\"inLanguage\":\"es\"},{\"@type\":\"WebPage\",\"@id\":\"https:\\\/\\\/www.eldiario.net\\\/portal\\\/2023\\\/03\\\/15\\\/el-dilema-devaluar-o-no-devaluar\\\/\",\"url\":\"https:\\\/\\\/www.eldiario.net\\\/portal\\\/2023\\\/03\\\/15\\\/el-dilema-devaluar-o-no-devaluar\\\/\",\"name\":\"El dilema: devaluar o no devaluar - El Diario - Bolivia\",\"isPartOf\":{\"@id\":\"https:\\\/\\\/www.eldiario.net\\\/portal\\\/#website\"},\"datePublished\":\"2023-03-15T10:12:27+00:00\",\"breadcrumb\":{\"@id\":\"https:\\\/\\\/www.eldiario.net\\\/portal\\\/2023\\\/03\\\/15\\\/el-dilema-devaluar-o-no-devaluar\\\/#breadcrumb\"},\"inLanguage\":\"es\",\"potentialAction\":[{\"@type\":\"ReadAction\",\"target\":[\"https:\\\/\\\/www.eldiario.net\\\/portal\\\/2023\\\/03\\\/15\\\/el-dilema-devaluar-o-no-devaluar\\\/\"]}]},{\"@type\":\"BreadcrumbList\",\"@id\":\"https:\\\/\\\/www.eldiario.net\\\/portal\\\/2023\\\/03\\\/15\\\/el-dilema-devaluar-o-no-devaluar\\\/#breadcrumb\",\"itemListElement\":[{\"@type\":\"ListItem\",\"position\":1,\"name\":\"Portada\",\"item\":\"https:\\\/\\\/www.eldiario.net\\\/portal\\\/\"},{\"@type\":\"ListItem\",\"position\":2,\"name\":\"El dilema: devaluar o no devaluar\"}]},{\"@type\":\"WebSite\",\"@id\":\"https:\\\/\\\/www.eldiario.net\\\/portal\\\/#website\",\"url\":\"https:\\\/\\\/www.eldiario.net\\\/portal\\\/\",\"name\":\"El Diario - Decano de la prensa nacional\",\"description\":\"El Diario - Decano de la prensa nacional\",\"publisher\":{\"@id\":\"https:\\\/\\\/www.eldiario.net\\\/portal\\\/#organization\"},\"potentialAction\":[{\"@type\":\"SearchAction\",\"target\":{\"@type\":\"EntryPoint\",\"urlTemplate\":\"https:\\\/\\\/www.eldiario.net\\\/portal\\\/?s={search_term_string}\"},\"query-input\":{\"@type\":\"PropertyValueSpecification\",\"valueRequired\":true,\"valueName\":\"search_term_string\"}}],\"inLanguage\":\"es\"},{\"@type\":\"Organization\",\"@id\":\"https:\\\/\\\/www.eldiario.net\\\/portal\\\/#organization\",\"name\":\"El Diario - Decano de la prensa nacional\",\"url\":\"https:\\\/\\\/www.eldiario.net\\\/portal\\\/\",\"logo\":{\"@type\":\"ImageObject\",\"inLanguage\":\"es\",\"@id\":\"https:\\\/\\\/www.eldiario.net\\\/portal\\\/#\\\/schema\\\/logo\\\/image\\\/\",\"url\":\"https:\\\/\\\/www.eldiario.net\\\/portal\\\/wp-content\\\/uploads\\\/2023\\\/07\\\/logo_ED.jpg\",\"contentUrl\":\"https:\\\/\\\/www.eldiario.net\\\/portal\\\/wp-content\\\/uploads\\\/2023\\\/07\\\/logo_ED.jpg\",\"width\":272,\"height\":52,\"caption\":\"El Diario - Decano de la prensa nacional\"},\"image\":{\"@id\":\"https:\\\/\\\/www.eldiario.net\\\/portal\\\/#\\\/schema\\\/logo\\\/image\\\/\"},\"sameAs\":[\"https:\\\/\\\/www.facebook.com\\\/eldiario.bolivia\\\/\",\"https:\\\/\\\/x.com\\\/eldiario_net\"]},{\"@type\":\"Person\",\"@id\":\"https:\\\/\\\/www.eldiario.net\\\/portal\\\/#\\\/schema\\\/person\\\/f46445640444750d7d753ccd04ae01b7\",\"name\":\"Jeanette\",\"image\":{\"@type\":\"ImageObject\",\"inLanguage\":\"es\",\"@id\":\"https:\\\/\\\/secure.gravatar.com\\\/avatar\\\/3ea2118a5f7dad2b7138b1187a6b7ee55f160b9968b66013c3a3ef39dd7e5798?s=96&d=mm&r=g\",\"url\":\"https:\\\/\\\/secure.gravatar.com\\\/avatar\\\/3ea2118a5f7dad2b7138b1187a6b7ee55f160b9968b66013c3a3ef39dd7e5798?s=96&d=mm&r=g\",\"contentUrl\":\"https:\\\/\\\/secure.gravatar.com\\\/avatar\\\/3ea2118a5f7dad2b7138b1187a6b7ee55f160b9968b66013c3a3ef39dd7e5798?s=96&d=mm&r=g\",\"caption\":\"Jeanette\"},\"sameAs\":[\"https:\\\/\\\/www.eldiario.net\\\/portal\"],\"url\":\"https:\\\/\\\/www.eldiario.net\\\/portal\\\/author\\\/jeanette\\\/\"}]}<\/script>\n<!-- \/ Yoast SEO plugin. -->","yoast_head_json":{"title":"El dilema: devaluar o no devaluar - El Diario - Bolivia","robots":{"index":"index","follow":"follow","max-snippet":"max-snippet:-1","max-image-preview":"max-image-preview:large","max-video-preview":"max-video-preview:-1"},"canonical":"https:\/\/www.eldiario.net\/portal\/2023\/03\/15\/el-dilema-devaluar-o-no-devaluar\/","og_locale":"es_ES","og_type":"article","og_title":"El dilema: devaluar o no devaluar - El Diario - Bolivia","og_description":"Cuando en 2006, el MAS, partido liderado por Evo Morales, lleg\u00f3 al gobierno boliviano, aparentemente no ten\u00eda un proyecto pol\u00edtico claro y, a lo m\u00e1s, ofrec\u00eda un programa electoral de pocos puntos generales, entre los cuales se destacaba el denominado \u201cCausachum Coca\u201d, como objetivo principal de su pol\u00edtica. Sin embargo, a poco de instalarse ese [&hellip;]","og_url":"https:\/\/www.eldiario.net\/portal\/2023\/03\/15\/el-dilema-devaluar-o-no-devaluar\/","og_site_name":"El Diario - Bolivia","article_publisher":"https:\/\/www.facebook.com\/eldiario.bolivia\/","article_published_time":"2023-03-15T10:12:27+00:00","author":"Jeanette","twitter_card":"summary_large_image","twitter_creator":"@eldiario_net","twitter_site":"@eldiario_net","twitter_misc":{"Escrito por":"Jeanette","Tiempo de lectura":"3 minutos"},"schema":{"@context":"https:\/\/schema.org","@graph":[{"@type":"Article","@id":"https:\/\/www.eldiario.net\/portal\/2023\/03\/15\/el-dilema-devaluar-o-no-devaluar\/#article","isPartOf":{"@id":"https:\/\/www.eldiario.net\/portal\/2023\/03\/15\/el-dilema-devaluar-o-no-devaluar\/"},"author":{"name":"Jeanette","@id":"https:\/\/www.eldiario.net\/portal\/#\/schema\/person\/f46445640444750d7d753ccd04ae01b7"},"headline":"El dilema: devaluar o no devaluar","datePublished":"2023-03-15T10:12:27+00:00","mainEntityOfPage":{"@id":"https:\/\/www.eldiario.net\/portal\/2023\/03\/15\/el-dilema-devaluar-o-no-devaluar\/"},"wordCount":602,"publisher":{"@id":"https:\/\/www.eldiario.net\/portal\/#organization"},"articleSection":["Editorial"],"inLanguage":"es"},{"@type":"WebPage","@id":"https:\/\/www.eldiario.net\/portal\/2023\/03\/15\/el-dilema-devaluar-o-no-devaluar\/","url":"https:\/\/www.eldiario.net\/portal\/2023\/03\/15\/el-dilema-devaluar-o-no-devaluar\/","name":"El dilema: devaluar o no devaluar - El Diario - Bolivia","isPartOf":{"@id":"https:\/\/www.eldiario.net\/portal\/#website"},"datePublished":"2023-03-15T10:12:27+00:00","breadcrumb":{"@id":"https:\/\/www.eldiario.net\/portal\/2023\/03\/15\/el-dilema-devaluar-o-no-devaluar\/#breadcrumb"},"inLanguage":"es","potentialAction":[{"@type":"ReadAction","target":["https:\/\/www.eldiario.net\/portal\/2023\/03\/15\/el-dilema-devaluar-o-no-devaluar\/"]}]},{"@type":"BreadcrumbList","@id":"https:\/\/www.eldiario.net\/portal\/2023\/03\/15\/el-dilema-devaluar-o-no-devaluar\/#breadcrumb","itemListElement":[{"@type":"ListItem","position":1,"name":"Portada","item":"https:\/\/www.eldiario.net\/portal\/"},{"@type":"ListItem","position":2,"name":"El dilema: devaluar o no devaluar"}]},{"@type":"WebSite","@id":"https:\/\/www.eldiario.net\/portal\/#website","url":"https:\/\/www.eldiario.net\/portal\/","name":"El Diario - Decano de la prensa nacional","description":"El Diario - Decano de la prensa nacional","publisher":{"@id":"https:\/\/www.eldiario.net\/portal\/#organization"},"potentialAction":[{"@type":"SearchAction","target":{"@type":"EntryPoint","urlTemplate":"https:\/\/www.eldiario.net\/portal\/?s={search_term_string}"},"query-input":{"@type":"PropertyValueSpecification","valueRequired":true,"valueName":"search_term_string"}}],"inLanguage":"es"},{"@type":"Organization","@id":"https:\/\/www.eldiario.net\/portal\/#organization","name":"El Diario - Decano de la prensa nacional","url":"https:\/\/www.eldiario.net\/portal\/","logo":{"@type":"ImageObject","inLanguage":"es","@id":"https:\/\/www.eldiario.net\/portal\/#\/schema\/logo\/image\/","url":"https:\/\/www.eldiario.net\/portal\/wp-content\/uploads\/2023\/07\/logo_ED.jpg","contentUrl":"https:\/\/www.eldiario.net\/portal\/wp-content\/uploads\/2023\/07\/logo_ED.jpg","width":272,"height":52,"caption":"El Diario - Decano de la prensa nacional"},"image":{"@id":"https:\/\/www.eldiario.net\/portal\/#\/schema\/logo\/image\/"},"sameAs":["https:\/\/www.facebook.com\/eldiario.bolivia\/","https:\/\/x.com\/eldiario_net"]},{"@type":"Person","@id":"https:\/\/www.eldiario.net\/portal\/#\/schema\/person\/f46445640444750d7d753ccd04ae01b7","name":"Jeanette","image":{"@type":"ImageObject","inLanguage":"es","@id":"https:\/\/secure.gravatar.com\/avatar\/3ea2118a5f7dad2b7138b1187a6b7ee55f160b9968b66013c3a3ef39dd7e5798?s=96&d=mm&r=g","url":"https:\/\/secure.gravatar.com\/avatar\/3ea2118a5f7dad2b7138b1187a6b7ee55f160b9968b66013c3a3ef39dd7e5798?s=96&d=mm&r=g","contentUrl":"https:\/\/secure.gravatar.com\/avatar\/3ea2118a5f7dad2b7138b1187a6b7ee55f160b9968b66013c3a3ef39dd7e5798?s=96&d=mm&r=g","caption":"Jeanette"},"sameAs":["https:\/\/www.eldiario.net\/portal"],"url":"https:\/\/www.eldiario.net\/portal\/author\/jeanette\/"}]}},"_links":{"self":[{"href":"https:\/\/www.eldiario.net\/portal\/wp-json\/wp\/v2\/posts\/143214","targetHints":{"allow":["GET"]}}],"collection":[{"href":"https:\/\/www.eldiario.net\/portal\/wp-json\/wp\/v2\/posts"}],"about":[{"href":"https:\/\/www.eldiario.net\/portal\/wp-json\/wp\/v2\/types\/post"}],"author":[{"embeddable":true,"href":"https:\/\/www.eldiario.net\/portal\/wp-json\/wp\/v2\/users\/1"}],"replies":[{"embeddable":true,"href":"https:\/\/www.eldiario.net\/portal\/wp-json\/wp\/v2\/comments?post=143214"}],"version-history":[{"count":0,"href":"https:\/\/www.eldiario.net\/portal\/wp-json\/wp\/v2\/posts\/143214\/revisions"}],"wp:attachment":[{"href":"https:\/\/www.eldiario.net\/portal\/wp-json\/wp\/v2\/media?parent=143214"}],"wp:term":[{"taxonomy":"category","embeddable":true,"href":"https:\/\/www.eldiario.net\/portal\/wp-json\/wp\/v2\/categories?post=143214"},{"taxonomy":"post_tag","embeddable":true,"href":"https:\/\/www.eldiario.net\/portal\/wp-json\/wp\/v2\/tags?post=143214"}],"curies":[{"name":"wp","href":"https:\/\/api.w.org\/{rel}","templated":true}]}}