{"id":143212,"date":"2023-03-15T06:12:01","date_gmt":"2023-03-15T10:12:01","guid":{"rendered":"https:\/\/www.eldiario.net\/portal\/?p=143212"},"modified":"2023-03-15T06:12:01","modified_gmt":"2023-03-15T10:12:01","slug":"simon-i-patino","status":"publish","type":"post","link":"https:\/\/www.eldiario.net\/portal\/2023\/03\/15\/simon-i-patino\/","title":{"rendered":"Sim\u00f3n I. Pati\u00f1o"},"content":{"rendered":"<p><em><strong>Oscar Espinosa Garc\u00eda}<\/strong><\/em><\/p>\n<p>I. Comienzo de la historia de un gran hombre y una gran mujer<\/p>\n<p>All\u00e1 por los a\u00f1os 60 del siglo pasado, sab\u00eda que la Comibol en las minas nacionalizadas de la empresa de Sim\u00f3n I. Pati\u00f1o ten\u00eda hospital, escuelas, viviendas para los trabajadores, pulper\u00eda y otras facilidades para los empleados. Me parec\u00eda dudoso que estas facilidades hubieran sido provistas por la Comibol, empec\u00e9 a pensar que podr\u00edan haber sido provistas por Pati\u00f1o. Por otra parte, circulaba la imagen (y todav\u00eda sigue circulando) de que Pati\u00f1o lleg\u00f3 a constituir un superestado y junto con la rosca o como parte de ella, oprim\u00eda al pueblo boliviano e imped\u00eda que Bolivia se desarrolle. Se dec\u00eda que los mineros trabajaban en sus minas en condiciones penosas y la mayor parte del beneficio que obten\u00eda de la explotaci\u00f3n minera era para su propio lucro, dejando muy poco para el pa\u00eds. Se lleg\u00f3 a afirmar que Pati\u00f1o pod\u00eda poner al presidente que \u00e9l quisiera.<br \/>\nDon Roberto Querejazu Calvo ha escrito tres libros fundamentales sobre la historia de Bolivia, uno de ellos es LLALLAGUA, sobre el cerro donde se desarroll\u00f3 en el Siglo XX la miner\u00eda del esta\u00f1o. La lectura de este libro me hizo descubrir que todos esos servicios sociales que hab\u00eda en Llallagua, no los hab\u00eda provisto la Comibol, sino la empresa que anteriormente explotaba las minas de esta\u00f1o de ese cerro, cuyo propietario era Sim\u00f3n I. Pati\u00f1o. Tambi\u00e9n descubr\u00ed que las im\u00e1genes que exist\u00edan sobre este boliviano, no eran las que correspond\u00edan a la realidad y que hab\u00edan sido creadas para sustentar un nuevo esquema pol\u00edtico para el pa\u00eds. Para contribuir a la verdadera interpretaci\u00f3n de la historia, se presenta en este art\u00edculo la historia de este boliviano.<br \/>\nSim\u00f3n Iturri Pati\u00f1o naci\u00f3 el 1 de junio de 1860 en Santib\u00e1\u00f1ez del departamento de Cochabamba. Sus padres fueron Eugenio Iturri y Mar\u00eda Pati\u00f1o. \u00c9l prefiri\u00f3 ser conocido por el apellido de su madre. Cuando ten\u00eda ocho a\u00f1os se traslad\u00f3 a la ciudad de Cochabamba, donde hizo sus estudios de primaria y secundaria en el Seminario. Como buen cochabambino hablaba castellano y quechua.<br \/>\nTerminados sus estudios de bachillerato, se traslad\u00f3 a la ciudad de Oruro, donde tuvo su primer empleo, de vendedor en un peque\u00f1o negocio de importaciones. De Oruro se traslad\u00f3 a Huanchaca, donde obtuvo un modesto puesto en la secci\u00f3n administrativa de la Compa\u00f1\u00eda Huanchaca. Regres\u00f3 a Cochabamba por un corto tiempo y volvi\u00f3 a Oruro, donde consigui\u00f3 empleo en la firma comercial Hermann Fricke y Compa\u00f1\u00eda, que importaba mercader\u00eda de ultramar y exportaba minerales comprados a mineros peque\u00f1os y tambi\u00e9n corteza de quina y goma natural.<br \/>\nEn la catedral de Oruro, el 1 de mayo de 1889 Pati\u00f1o contrajo matrimonio con Albina Rodr\u00edguez Ocampo de 16 a\u00f1os, \u00e9l ten\u00eda 29 a\u00f1os. Albina pertenec\u00eda a una notable familia orure\u00f1a. Tuvieron siete hijos, dos murieron en la infancia, Ren\u00e9, Antenor, Graciela, Elena y Luz Mila.<br \/>\nPati\u00f1o trabajando en la firma Fricke conoci\u00f3 al minero Sergio Oporto que ven\u00eda a vender minerales. Le propuso formar una sociedad para explotar la mina de Oporto, la cual fue formalizada el 26 de agosto de 1895 con el nombre de \u201cPati\u00f1o \u2013 Oporto. Mina La Salvadora\u201d. Pati\u00f1o aport\u00f3 a la sociedad con sus ahorros de 5.000 Bs. La concesi\u00f3n ten\u00eda un problema legal con Juan Artigue, que reclamaba la propiedad de la mina.<br \/>\nOporto estaba en la mina y Pati\u00f1o en Oruro, vendiendo los minerales y enviando insumos para la explotaci\u00f3n, dando instrucciones y haciendo reclamos para obtener resultados de la explotaci\u00f3n de la mina. Pero \u00e9stos no ven\u00edan, m\u00e1s bien se acumulaban las deudas, al extremo que Oporto quer\u00eda vender la mina. Pati\u00f1o propuso a Oporto comprarle su parte, lo que \u00e9ste acept\u00f3. A los dos a\u00f1os de la formaci\u00f3n de la sociedad, Pati\u00f1o junto con su esposa Albina se hicieron due\u00f1os del 100 % de la propiedad de la mina, asumiendo las deudas que fueron contra\u00eddas con la firma Fricke. Pati\u00f1o se traslad\u00f3 a la mina para trabajarla en persona. El campamento se encontraba a 4.400 m sobre el nivel del mar. Al poco tiempo, su joven esposa Albina y sus peque\u00f1os ni\u00f1os se reunieron con \u00e9l para acompa\u00f1arle y ella colaborarle en el trabajo. Albina hab\u00eda vendido sus alhajas y las propiedades que ten\u00edan. Pati\u00f1o conmovido prometi\u00f3 construirle un palacio, que a la postre cumpli\u00f3. Cuando se ausentaba de la mina, Albina se quedaba dirigiendo los trabajos en la mina.<\/p>\n<p>Oscar Espinosa Garc\u00eda es ingeniero civil.<br \/>\nBlog: Historia, transportes y desarrollo.<\/p>\n","protected":false},"excerpt":{"rendered":"<p>Oscar Espinosa Garc\u00eda} I. Comienzo de la historia de un gran hombre y una gran mujer All\u00e1 por los a\u00f1os 60 del siglo pasado, sab\u00eda que la Comibol en las minas nacionalizadas de la empresa de Sim\u00f3n I. Pati\u00f1o ten\u00eda hospital, escuelas, viviendas para los trabajadores, pulper\u00eda y otras facilidades para los empleados. Me parec\u00eda [&hellip;]<\/p>\n","protected":false},"author":1,"featured_media":0,"comment_status":"closed","ping_status":"closed","sticky":false,"template":"","format":"standard","meta":{"_acf_changed":false,"footnotes":""},"categories":[9],"tags":[],"class_list":["post-143212","post","type-post","status-publish","format-standard","category-opinion"],"acf":{"antetitulo":""},"yoast_head":"<!-- This site is optimized with the Yoast SEO plugin v28.3 - https:\/\/yoast.com\/product\/yoast-seo-wordpress\/ -->\n<title>Sim\u00f3n I. Pati\u00f1o - El Diario - Bolivia<\/title>\n<meta name=\"robots\" content=\"index, follow, max-snippet:-1, max-image-preview:large, max-video-preview:-1\" \/>\n<link rel=\"canonical\" href=\"https:\/\/www.eldiario.net\/portal\/2023\/03\/15\/simon-i-patino\/\" \/>\n<meta property=\"og:locale\" content=\"es_ES\" \/>\n<meta property=\"og:type\" content=\"article\" \/>\n<meta property=\"og:title\" content=\"Sim\u00f3n I. Pati\u00f1o - El Diario - Bolivia\" \/>\n<meta property=\"og:description\" content=\"Oscar Espinosa Garc\u00eda} I. Comienzo de la historia de un gran hombre y una gran mujer All\u00e1 por los a\u00f1os 60 del siglo pasado, sab\u00eda que la Comibol en las minas nacionalizadas de la empresa de Sim\u00f3n I. Pati\u00f1o ten\u00eda hospital, escuelas, viviendas para los trabajadores, pulper\u00eda y otras facilidades para los empleados. Me parec\u00eda [&hellip;]\" \/>\n<meta property=\"og:url\" content=\"https:\/\/www.eldiario.net\/portal\/2023\/03\/15\/simon-i-patino\/\" \/>\n<meta property=\"og:site_name\" content=\"El Diario - Bolivia\" \/>\n<meta property=\"article:publisher\" content=\"https:\/\/www.facebook.com\/eldiario.bolivia\/\" \/>\n<meta property=\"article:published_time\" content=\"2023-03-15T10:12:01+00:00\" \/>\n<meta name=\"author\" content=\"Jeanette\" \/>\n<meta name=\"twitter:card\" content=\"summary_large_image\" \/>\n<meta name=\"twitter:creator\" content=\"@eldiario_net\" \/>\n<meta name=\"twitter:site\" content=\"@eldiario_net\" \/>\n<meta name=\"twitter:label1\" content=\"Escrito por\" \/>\n\t<meta name=\"twitter:data1\" content=\"Jeanette\" \/>\n\t<meta name=\"twitter:label2\" content=\"Tiempo de lectura\" \/>\n\t<meta name=\"twitter:data2\" content=\"4 minutos\" \/>\n<script type=\"application\/ld+json\" class=\"yoast-schema-graph\">{\"@context\":\"https:\\\/\\\/schema.org\",\"@graph\":[{\"@type\":\"Article\",\"@id\":\"https:\\\/\\\/www.eldiario.net\\\/portal\\\/2023\\\/03\\\/15\\\/simon-i-patino\\\/#article\",\"isPartOf\":{\"@id\":\"https:\\\/\\\/www.eldiario.net\\\/portal\\\/2023\\\/03\\\/15\\\/simon-i-patino\\\/\"},\"author\":{\"name\":\"Jeanette\",\"@id\":\"https:\\\/\\\/www.eldiario.net\\\/portal\\\/#\\\/schema\\\/person\\\/f46445640444750d7d753ccd04ae01b7\"},\"headline\":\"Sim\u00f3n I. Pati\u00f1o\",\"datePublished\":\"2023-03-15T10:12:01+00:00\",\"mainEntityOfPage\":{\"@id\":\"https:\\\/\\\/www.eldiario.net\\\/portal\\\/2023\\\/03\\\/15\\\/simon-i-patino\\\/\"},\"wordCount\":822,\"publisher\":{\"@id\":\"https:\\\/\\\/www.eldiario.net\\\/portal\\\/#organization\"},\"articleSection\":[\"Opini\u00f3n\"],\"inLanguage\":\"es\"},{\"@type\":\"WebPage\",\"@id\":\"https:\\\/\\\/www.eldiario.net\\\/portal\\\/2023\\\/03\\\/15\\\/simon-i-patino\\\/\",\"url\":\"https:\\\/\\\/www.eldiario.net\\\/portal\\\/2023\\\/03\\\/15\\\/simon-i-patino\\\/\",\"name\":\"Sim\u00f3n I. Pati\u00f1o - El Diario - Bolivia\",\"isPartOf\":{\"@id\":\"https:\\\/\\\/www.eldiario.net\\\/portal\\\/#website\"},\"datePublished\":\"2023-03-15T10:12:01+00:00\",\"breadcrumb\":{\"@id\":\"https:\\\/\\\/www.eldiario.net\\\/portal\\\/2023\\\/03\\\/15\\\/simon-i-patino\\\/#breadcrumb\"},\"inLanguage\":\"es\",\"potentialAction\":[{\"@type\":\"ReadAction\",\"target\":[\"https:\\\/\\\/www.eldiario.net\\\/portal\\\/2023\\\/03\\\/15\\\/simon-i-patino\\\/\"]}]},{\"@type\":\"BreadcrumbList\",\"@id\":\"https:\\\/\\\/www.eldiario.net\\\/portal\\\/2023\\\/03\\\/15\\\/simon-i-patino\\\/#breadcrumb\",\"itemListElement\":[{\"@type\":\"ListItem\",\"position\":1,\"name\":\"Portada\",\"item\":\"https:\\\/\\\/www.eldiario.net\\\/portal\\\/\"},{\"@type\":\"ListItem\",\"position\":2,\"name\":\"Sim\u00f3n I. Pati\u00f1o\"}]},{\"@type\":\"WebSite\",\"@id\":\"https:\\\/\\\/www.eldiario.net\\\/portal\\\/#website\",\"url\":\"https:\\\/\\\/www.eldiario.net\\\/portal\\\/\",\"name\":\"El Diario - Decano de la prensa nacional\",\"description\":\"El Diario - Decano de la prensa nacional\",\"publisher\":{\"@id\":\"https:\\\/\\\/www.eldiario.net\\\/portal\\\/#organization\"},\"potentialAction\":[{\"@type\":\"SearchAction\",\"target\":{\"@type\":\"EntryPoint\",\"urlTemplate\":\"https:\\\/\\\/www.eldiario.net\\\/portal\\\/?s={search_term_string}\"},\"query-input\":{\"@type\":\"PropertyValueSpecification\",\"valueRequired\":true,\"valueName\":\"search_term_string\"}}],\"inLanguage\":\"es\"},{\"@type\":\"Organization\",\"@id\":\"https:\\\/\\\/www.eldiario.net\\\/portal\\\/#organization\",\"name\":\"El Diario - Decano de la prensa nacional\",\"url\":\"https:\\\/\\\/www.eldiario.net\\\/portal\\\/\",\"logo\":{\"@type\":\"ImageObject\",\"inLanguage\":\"es\",\"@id\":\"https:\\\/\\\/www.eldiario.net\\\/portal\\\/#\\\/schema\\\/logo\\\/image\\\/\",\"url\":\"https:\\\/\\\/www.eldiario.net\\\/portal\\\/wp-content\\\/uploads\\\/2023\\\/07\\\/logo_ED.jpg\",\"contentUrl\":\"https:\\\/\\\/www.eldiario.net\\\/portal\\\/wp-content\\\/uploads\\\/2023\\\/07\\\/logo_ED.jpg\",\"width\":272,\"height\":52,\"caption\":\"El Diario - Decano de la prensa nacional\"},\"image\":{\"@id\":\"https:\\\/\\\/www.eldiario.net\\\/portal\\\/#\\\/schema\\\/logo\\\/image\\\/\"},\"sameAs\":[\"https:\\\/\\\/www.facebook.com\\\/eldiario.bolivia\\\/\",\"https:\\\/\\\/x.com\\\/eldiario_net\"]},{\"@type\":\"Person\",\"@id\":\"https:\\\/\\\/www.eldiario.net\\\/portal\\\/#\\\/schema\\\/person\\\/f46445640444750d7d753ccd04ae01b7\",\"name\":\"Jeanette\",\"image\":{\"@type\":\"ImageObject\",\"inLanguage\":\"es\",\"@id\":\"https:\\\/\\\/secure.gravatar.com\\\/avatar\\\/3ea2118a5f7dad2b7138b1187a6b7ee55f160b9968b66013c3a3ef39dd7e5798?s=96&d=mm&r=g\",\"url\":\"https:\\\/\\\/secure.gravatar.com\\\/avatar\\\/3ea2118a5f7dad2b7138b1187a6b7ee55f160b9968b66013c3a3ef39dd7e5798?s=96&d=mm&r=g\",\"contentUrl\":\"https:\\\/\\\/secure.gravatar.com\\\/avatar\\\/3ea2118a5f7dad2b7138b1187a6b7ee55f160b9968b66013c3a3ef39dd7e5798?s=96&d=mm&r=g\",\"caption\":\"Jeanette\"},\"sameAs\":[\"https:\\\/\\\/www.eldiario.net\\\/portal\"],\"url\":\"https:\\\/\\\/www.eldiario.net\\\/portal\\\/author\\\/jeanette\\\/\"}]}<\/script>\n<!-- \/ Yoast SEO plugin. -->","yoast_head_json":{"title":"Sim\u00f3n I. Pati\u00f1o - El Diario - Bolivia","robots":{"index":"index","follow":"follow","max-snippet":"max-snippet:-1","max-image-preview":"max-image-preview:large","max-video-preview":"max-video-preview:-1"},"canonical":"https:\/\/www.eldiario.net\/portal\/2023\/03\/15\/simon-i-patino\/","og_locale":"es_ES","og_type":"article","og_title":"Sim\u00f3n I. Pati\u00f1o - El Diario - Bolivia","og_description":"Oscar Espinosa Garc\u00eda} I. Comienzo de la historia de un gran hombre y una gran mujer All\u00e1 por los a\u00f1os 60 del siglo pasado, sab\u00eda que la Comibol en las minas nacionalizadas de la empresa de Sim\u00f3n I. Pati\u00f1o ten\u00eda hospital, escuelas, viviendas para los trabajadores, pulper\u00eda y otras facilidades para los empleados. Me parec\u00eda [&hellip;]","og_url":"https:\/\/www.eldiario.net\/portal\/2023\/03\/15\/simon-i-patino\/","og_site_name":"El Diario - Bolivia","article_publisher":"https:\/\/www.facebook.com\/eldiario.bolivia\/","article_published_time":"2023-03-15T10:12:01+00:00","author":"Jeanette","twitter_card":"summary_large_image","twitter_creator":"@eldiario_net","twitter_site":"@eldiario_net","twitter_misc":{"Escrito por":"Jeanette","Tiempo de lectura":"4 minutos"},"schema":{"@context":"https:\/\/schema.org","@graph":[{"@type":"Article","@id":"https:\/\/www.eldiario.net\/portal\/2023\/03\/15\/simon-i-patino\/#article","isPartOf":{"@id":"https:\/\/www.eldiario.net\/portal\/2023\/03\/15\/simon-i-patino\/"},"author":{"name":"Jeanette","@id":"https:\/\/www.eldiario.net\/portal\/#\/schema\/person\/f46445640444750d7d753ccd04ae01b7"},"headline":"Sim\u00f3n I. Pati\u00f1o","datePublished":"2023-03-15T10:12:01+00:00","mainEntityOfPage":{"@id":"https:\/\/www.eldiario.net\/portal\/2023\/03\/15\/simon-i-patino\/"},"wordCount":822,"publisher":{"@id":"https:\/\/www.eldiario.net\/portal\/#organization"},"articleSection":["Opini\u00f3n"],"inLanguage":"es"},{"@type":"WebPage","@id":"https:\/\/www.eldiario.net\/portal\/2023\/03\/15\/simon-i-patino\/","url":"https:\/\/www.eldiario.net\/portal\/2023\/03\/15\/simon-i-patino\/","name":"Sim\u00f3n I. Pati\u00f1o - El Diario - Bolivia","isPartOf":{"@id":"https:\/\/www.eldiario.net\/portal\/#website"},"datePublished":"2023-03-15T10:12:01+00:00","breadcrumb":{"@id":"https:\/\/www.eldiario.net\/portal\/2023\/03\/15\/simon-i-patino\/#breadcrumb"},"inLanguage":"es","potentialAction":[{"@type":"ReadAction","target":["https:\/\/www.eldiario.net\/portal\/2023\/03\/15\/simon-i-patino\/"]}]},{"@type":"BreadcrumbList","@id":"https:\/\/www.eldiario.net\/portal\/2023\/03\/15\/simon-i-patino\/#breadcrumb","itemListElement":[{"@type":"ListItem","position":1,"name":"Portada","item":"https:\/\/www.eldiario.net\/portal\/"},{"@type":"ListItem","position":2,"name":"Sim\u00f3n I. Pati\u00f1o"}]},{"@type":"WebSite","@id":"https:\/\/www.eldiario.net\/portal\/#website","url":"https:\/\/www.eldiario.net\/portal\/","name":"El Diario - Decano de la prensa nacional","description":"El Diario - Decano de la prensa nacional","publisher":{"@id":"https:\/\/www.eldiario.net\/portal\/#organization"},"potentialAction":[{"@type":"SearchAction","target":{"@type":"EntryPoint","urlTemplate":"https:\/\/www.eldiario.net\/portal\/?s={search_term_string}"},"query-input":{"@type":"PropertyValueSpecification","valueRequired":true,"valueName":"search_term_string"}}],"inLanguage":"es"},{"@type":"Organization","@id":"https:\/\/www.eldiario.net\/portal\/#organization","name":"El Diario - Decano de la prensa nacional","url":"https:\/\/www.eldiario.net\/portal\/","logo":{"@type":"ImageObject","inLanguage":"es","@id":"https:\/\/www.eldiario.net\/portal\/#\/schema\/logo\/image\/","url":"https:\/\/www.eldiario.net\/portal\/wp-content\/uploads\/2023\/07\/logo_ED.jpg","contentUrl":"https:\/\/www.eldiario.net\/portal\/wp-content\/uploads\/2023\/07\/logo_ED.jpg","width":272,"height":52,"caption":"El Diario - Decano de la prensa nacional"},"image":{"@id":"https:\/\/www.eldiario.net\/portal\/#\/schema\/logo\/image\/"},"sameAs":["https:\/\/www.facebook.com\/eldiario.bolivia\/","https:\/\/x.com\/eldiario_net"]},{"@type":"Person","@id":"https:\/\/www.eldiario.net\/portal\/#\/schema\/person\/f46445640444750d7d753ccd04ae01b7","name":"Jeanette","image":{"@type":"ImageObject","inLanguage":"es","@id":"https:\/\/secure.gravatar.com\/avatar\/3ea2118a5f7dad2b7138b1187a6b7ee55f160b9968b66013c3a3ef39dd7e5798?s=96&d=mm&r=g","url":"https:\/\/secure.gravatar.com\/avatar\/3ea2118a5f7dad2b7138b1187a6b7ee55f160b9968b66013c3a3ef39dd7e5798?s=96&d=mm&r=g","contentUrl":"https:\/\/secure.gravatar.com\/avatar\/3ea2118a5f7dad2b7138b1187a6b7ee55f160b9968b66013c3a3ef39dd7e5798?s=96&d=mm&r=g","caption":"Jeanette"},"sameAs":["https:\/\/www.eldiario.net\/portal"],"url":"https:\/\/www.eldiario.net\/portal\/author\/jeanette\/"}]}},"_links":{"self":[{"href":"https:\/\/www.eldiario.net\/portal\/wp-json\/wp\/v2\/posts\/143212","targetHints":{"allow":["GET"]}}],"collection":[{"href":"https:\/\/www.eldiario.net\/portal\/wp-json\/wp\/v2\/posts"}],"about":[{"href":"https:\/\/www.eldiario.net\/portal\/wp-json\/wp\/v2\/types\/post"}],"author":[{"embeddable":true,"href":"https:\/\/www.eldiario.net\/portal\/wp-json\/wp\/v2\/users\/1"}],"replies":[{"embeddable":true,"href":"https:\/\/www.eldiario.net\/portal\/wp-json\/wp\/v2\/comments?post=143212"}],"version-history":[{"count":0,"href":"https:\/\/www.eldiario.net\/portal\/wp-json\/wp\/v2\/posts\/143212\/revisions"}],"wp:attachment":[{"href":"https:\/\/www.eldiario.net\/portal\/wp-json\/wp\/v2\/media?parent=143212"}],"wp:term":[{"taxonomy":"category","embeddable":true,"href":"https:\/\/www.eldiario.net\/portal\/wp-json\/wp\/v2\/categories?post=143212"},{"taxonomy":"post_tag","embeddable":true,"href":"https:\/\/www.eldiario.net\/portal\/wp-json\/wp\/v2\/tags?post=143212"}],"curies":[{"name":"wp","href":"https:\/\/api.w.org\/{rel}","templated":true}]}}