{"id":143210,"date":"2023-03-15T06:11:16","date_gmt":"2023-03-15T10:11:16","guid":{"rendered":"https:\/\/www.eldiario.net\/portal\/?p=143210"},"modified":"2023-03-15T06:11:16","modified_gmt":"2023-03-15T10:11:16","slug":"estadistica-2023","status":"publish","type":"post","link":"https:\/\/www.eldiario.net\/portal\/2023\/03\/15\/estadistica-2023\/","title":{"rendered":"Estad\u00edstica 2023"},"content":{"rendered":"<p>Seg\u00fan los art\u00edculos 7, 8 y 10 de la Resoluci\u00f3n Ministerial N\u00ba 001\/2023 \u201cNormas Generales para la Gesti\u00f3n Educativa\u201d, deber\u00eda haber concluido el proceso de inscripci\u00f3n para estudiantes nuevos y antiguos del nivel inicial, primaria y secundaria, en unidades educativas fiscales, privadas y de convenio.<br \/>\nNo obstante, el cierre de operativo del proceso de inscripciones 2023, mediante el sistema de administraci\u00f3n de informaci\u00f3n acad\u00e9mica para unidades educativas (https:\/\/academico.sie.gob.bo\/) fue cumplida parcialmente, en desmedro de la estad\u00edstica de estudiantes en contextos rurales.<br \/>\nSeg\u00fan datos estad\u00edsticos del Ministerio de Educaci\u00f3n, publicados mediante el sitio web; https:\/\/reportes.sie.gob.bo\/, hasta la fecha los estudiantes matriculados en relaci\u00f3n con el nivel, se circunscriben en porcentajes interesantes; vale decir, en inicial: 327.713 (11,33%), en primaria: 1.362.192 (47,1%) y en secundaria: 1.205.144 (41,6%).<br \/>\nEn orden a los tres niveles (inicial, primaria y secundaria), seg\u00fan el g\u00e9nero, contin\u00faa un leve predominio del sexo masculino con 1.476.774 (51,0%), en relaci\u00f3n con 1.418.275 (49,0%) de estudiantes mujeres con matr\u00edculas. En cuanto a la dependencia, el sector fiscal o Estatal con 2.232.198 (77,1%), convenio: 364.614 (12,6%) y privado: 298.237 (10,3%).<br \/>\nAhora bien, seg\u00fan el nivel y a\u00f1o de escolaridad (curso), en inicial: 1\u00ba) 131.429 (4,5%) y 2\u00ba) 196.284 (6.8%). En primaria: 1\u00ba) 225.020 (7,8%), 2\u00ba) 231.270 (8%), 3\u00ba) 227.252 (7,8%), 4\u00ba) 226.105 (7,8%), 5\u00ba) 225.217 (7,8%) y 6\u00ba) 227.328 (7,9%). En secundaria: 1\u00ba) 233.962 (8,1%), 2\u00ba) 217.900 (7,5%), 3\u00ba) 207.490 (7,2%), 4\u00ba) 197.532 (6,8%), 5\u00ba) 181.456 (6,3%) y 6\u00ba) 166.804 (5,8%).<br \/>\nConsecuentemente, en la matriculaci\u00f3n de estudiantes en los tres niveles por departamento, Santa Cruz lleva la delantera con 805.321, seguido por La Paz: 726.285, Cochabamba: 536.066, Potos\u00ed: 216.592, Beni: 151.671, Chuquisaca: 144.121, Oruro: 141.038, Tarija: 136.317 y Pando: 37.638.<br \/>\nPrecedentes datos estad\u00edsticos, parecer\u00edan reflejar que un buen porcentaje de estudiantes del Estado Plurinacional de Bolivia gozar\u00edan del derecho a la educaci\u00f3n, empero, podr\u00edan resultar enga\u00f1osos, en raz\u00f3n a que se carece de estudios serios e imparciales sobre la cantidad de ni\u00f1as, ni\u00f1os y adolescentes impedidos de asistir a una determinada unidad educativa.<br \/>\nEn consecuencia, es imperante que el Ministerio de Educaci\u00f3n concretice convenios interinstitucionales con el Servicio General de Identificaci\u00f3n Personal (Segip) y el Servicio de Registro C\u00edvico (Sereci), con objeto de identificar la cantidad de ni\u00f1as, ni\u00f1os y adolescentes en a\u00f1o de escolaridad, que todav\u00eda no se encuentran matriculados en el curso que les corresponde. Restituir el derecho a la educaci\u00f3n, es posible.<\/p>\n<p>El autor es Magister en Pol\u00edticas de Formaci\u00f3n Docente.<\/p>\n","protected":false},"excerpt":{"rendered":"<p>Seg\u00fan los art\u00edculos 7, 8 y 10 de la Resoluci\u00f3n Ministerial N\u00ba 001\/2023 \u201cNormas Generales para la Gesti\u00f3n Educativa\u201d, deber\u00eda haber concluido el proceso de inscripci\u00f3n para estudiantes nuevos y antiguos del nivel inicial, primaria y secundaria, en unidades educativas fiscales, privadas y de convenio. No obstante, el cierre de operativo del proceso de inscripciones [&hellip;]<\/p>\n","protected":false},"author":1,"featured_media":103354,"comment_status":"closed","ping_status":"closed","sticky":false,"template":"","format":"standard","meta":{"_acf_changed":false,"footnotes":""},"categories":[9],"tags":[],"class_list":["post-143210","post","type-post","status-publish","format-standard","has-post-thumbnail","category-opinion"],"acf":{"antetitulo":""},"yoast_head":"<!-- This site is optimized with the Yoast SEO plugin v28.3 - https:\/\/yoast.com\/product\/yoast-seo-wordpress\/ -->\n<title>Estad\u00edstica 2023 - El Diario - Bolivia<\/title>\n<meta name=\"robots\" content=\"index, follow, max-snippet:-1, max-image-preview:large, max-video-preview:-1\" \/>\n<link rel=\"canonical\" href=\"https:\/\/www.eldiario.net\/portal\/2023\/03\/15\/estadistica-2023\/\" \/>\n<meta property=\"og:locale\" content=\"es_ES\" \/>\n<meta property=\"og:type\" content=\"article\" \/>\n<meta property=\"og:title\" content=\"Estad\u00edstica 2023 - El Diario - Bolivia\" \/>\n<meta property=\"og:description\" content=\"Seg\u00fan los art\u00edculos 7, 8 y 10 de la Resoluci\u00f3n Ministerial N\u00ba 001\/2023 \u201cNormas Generales para la Gesti\u00f3n Educativa\u201d, deber\u00eda haber concluido el proceso de inscripci\u00f3n para estudiantes nuevos y antiguos del nivel inicial, primaria y secundaria, en unidades educativas fiscales, privadas y de convenio. No obstante, el cierre de operativo del proceso de inscripciones [&hellip;]\" \/>\n<meta property=\"og:url\" content=\"https:\/\/www.eldiario.net\/portal\/2023\/03\/15\/estadistica-2023\/\" \/>\n<meta property=\"og:site_name\" content=\"El Diario - Bolivia\" \/>\n<meta property=\"article:publisher\" content=\"https:\/\/www.facebook.com\/eldiario.bolivia\/\" \/>\n<meta property=\"article:published_time\" content=\"2023-03-15T10:11:16+00:00\" \/>\n<meta name=\"author\" content=\"Jeanette\" \/>\n<meta name=\"twitter:card\" content=\"summary_large_image\" \/>\n<meta name=\"twitter:creator\" content=\"@eldiario_net\" \/>\n<meta name=\"twitter:site\" content=\"@eldiario_net\" \/>\n<meta name=\"twitter:label1\" content=\"Escrito por\" \/>\n\t<meta name=\"twitter:data1\" content=\"Jeanette\" \/>\n\t<meta name=\"twitter:label2\" content=\"Tiempo de lectura\" \/>\n\t<meta name=\"twitter:data2\" content=\"2 minutos\" \/>\n<script type=\"application\/ld+json\" class=\"yoast-schema-graph\">{\"@context\":\"https:\\\/\\\/schema.org\",\"@graph\":[{\"@type\":\"Article\",\"@id\":\"https:\\\/\\\/www.eldiario.net\\\/portal\\\/2023\\\/03\\\/15\\\/estadistica-2023\\\/#article\",\"isPartOf\":{\"@id\":\"https:\\\/\\\/www.eldiario.net\\\/portal\\\/2023\\\/03\\\/15\\\/estadistica-2023\\\/\"},\"author\":{\"name\":\"Jeanette\",\"@id\":\"https:\\\/\\\/www.eldiario.net\\\/portal\\\/#\\\/schema\\\/person\\\/f46445640444750d7d753ccd04ae01b7\"},\"headline\":\"Estad\u00edstica 2023\",\"datePublished\":\"2023-03-15T10:11:16+00:00\",\"mainEntityOfPage\":{\"@id\":\"https:\\\/\\\/www.eldiario.net\\\/portal\\\/2023\\\/03\\\/15\\\/estadistica-2023\\\/\"},\"wordCount\":381,\"publisher\":{\"@id\":\"https:\\\/\\\/www.eldiario.net\\\/portal\\\/#organization\"},\"image\":{\"@id\":\"https:\\\/\\\/www.eldiario.net\\\/portal\\\/2023\\\/03\\\/15\\\/estadistica-2023\\\/#primaryimage\"},\"thumbnailUrl\":\"\",\"articleSection\":[\"Opini\u00f3n\"],\"inLanguage\":\"es\"},{\"@type\":\"WebPage\",\"@id\":\"https:\\\/\\\/www.eldiario.net\\\/portal\\\/2023\\\/03\\\/15\\\/estadistica-2023\\\/\",\"url\":\"https:\\\/\\\/www.eldiario.net\\\/portal\\\/2023\\\/03\\\/15\\\/estadistica-2023\\\/\",\"name\":\"Estad\u00edstica 2023 - El Diario - Bolivia\",\"isPartOf\":{\"@id\":\"https:\\\/\\\/www.eldiario.net\\\/portal\\\/#website\"},\"primaryImageOfPage\":{\"@id\":\"https:\\\/\\\/www.eldiario.net\\\/portal\\\/2023\\\/03\\\/15\\\/estadistica-2023\\\/#primaryimage\"},\"image\":{\"@id\":\"https:\\\/\\\/www.eldiario.net\\\/portal\\\/2023\\\/03\\\/15\\\/estadistica-2023\\\/#primaryimage\"},\"thumbnailUrl\":\"\",\"datePublished\":\"2023-03-15T10:11:16+00:00\",\"breadcrumb\":{\"@id\":\"https:\\\/\\\/www.eldiario.net\\\/portal\\\/2023\\\/03\\\/15\\\/estadistica-2023\\\/#breadcrumb\"},\"inLanguage\":\"es\",\"potentialAction\":[{\"@type\":\"ReadAction\",\"target\":[\"https:\\\/\\\/www.eldiario.net\\\/portal\\\/2023\\\/03\\\/15\\\/estadistica-2023\\\/\"]}]},{\"@type\":\"ImageObject\",\"inLanguage\":\"es\",\"@id\":\"https:\\\/\\\/www.eldiario.net\\\/portal\\\/2023\\\/03\\\/15\\\/estadistica-2023\\\/#primaryimage\",\"url\":\"\",\"contentUrl\":\"\"},{\"@type\":\"BreadcrumbList\",\"@id\":\"https:\\\/\\\/www.eldiario.net\\\/portal\\\/2023\\\/03\\\/15\\\/estadistica-2023\\\/#breadcrumb\",\"itemListElement\":[{\"@type\":\"ListItem\",\"position\":1,\"name\":\"Portada\",\"item\":\"https:\\\/\\\/www.eldiario.net\\\/portal\\\/\"},{\"@type\":\"ListItem\",\"position\":2,\"name\":\"Estad\u00edstica 2023\"}]},{\"@type\":\"WebSite\",\"@id\":\"https:\\\/\\\/www.eldiario.net\\\/portal\\\/#website\",\"url\":\"https:\\\/\\\/www.eldiario.net\\\/portal\\\/\",\"name\":\"El Diario - Decano de la prensa nacional\",\"description\":\"El Diario - Decano de la prensa nacional\",\"publisher\":{\"@id\":\"https:\\\/\\\/www.eldiario.net\\\/portal\\\/#organization\"},\"potentialAction\":[{\"@type\":\"SearchAction\",\"target\":{\"@type\":\"EntryPoint\",\"urlTemplate\":\"https:\\\/\\\/www.eldiario.net\\\/portal\\\/?s={search_term_string}\"},\"query-input\":{\"@type\":\"PropertyValueSpecification\",\"valueRequired\":true,\"valueName\":\"search_term_string\"}}],\"inLanguage\":\"es\"},{\"@type\":\"Organization\",\"@id\":\"https:\\\/\\\/www.eldiario.net\\\/portal\\\/#organization\",\"name\":\"El Diario - Decano de la prensa nacional\",\"url\":\"https:\\\/\\\/www.eldiario.net\\\/portal\\\/\",\"logo\":{\"@type\":\"ImageObject\",\"inLanguage\":\"es\",\"@id\":\"https:\\\/\\\/www.eldiario.net\\\/portal\\\/#\\\/schema\\\/logo\\\/image\\\/\",\"url\":\"https:\\\/\\\/www.eldiario.net\\\/portal\\\/wp-content\\\/uploads\\\/2023\\\/07\\\/logo_ED.jpg\",\"contentUrl\":\"https:\\\/\\\/www.eldiario.net\\\/portal\\\/wp-content\\\/uploads\\\/2023\\\/07\\\/logo_ED.jpg\",\"width\":272,\"height\":52,\"caption\":\"El Diario - Decano de la prensa nacional\"},\"image\":{\"@id\":\"https:\\\/\\\/www.eldiario.net\\\/portal\\\/#\\\/schema\\\/logo\\\/image\\\/\"},\"sameAs\":[\"https:\\\/\\\/www.facebook.com\\\/eldiario.bolivia\\\/\",\"https:\\\/\\\/x.com\\\/eldiario_net\"]},{\"@type\":\"Person\",\"@id\":\"https:\\\/\\\/www.eldiario.net\\\/portal\\\/#\\\/schema\\\/person\\\/f46445640444750d7d753ccd04ae01b7\",\"name\":\"Jeanette\",\"image\":{\"@type\":\"ImageObject\",\"inLanguage\":\"es\",\"@id\":\"https:\\\/\\\/secure.gravatar.com\\\/avatar\\\/3ea2118a5f7dad2b7138b1187a6b7ee55f160b9968b66013c3a3ef39dd7e5798?s=96&d=mm&r=g\",\"url\":\"https:\\\/\\\/secure.gravatar.com\\\/avatar\\\/3ea2118a5f7dad2b7138b1187a6b7ee55f160b9968b66013c3a3ef39dd7e5798?s=96&d=mm&r=g\",\"contentUrl\":\"https:\\\/\\\/secure.gravatar.com\\\/avatar\\\/3ea2118a5f7dad2b7138b1187a6b7ee55f160b9968b66013c3a3ef39dd7e5798?s=96&d=mm&r=g\",\"caption\":\"Jeanette\"},\"sameAs\":[\"https:\\\/\\\/www.eldiario.net\\\/portal\"],\"url\":\"https:\\\/\\\/www.eldiario.net\\\/portal\\\/author\\\/jeanette\\\/\"}]}<\/script>\n<!-- \/ Yoast SEO plugin. -->","yoast_head_json":{"title":"Estad\u00edstica 2023 - El Diario - Bolivia","robots":{"index":"index","follow":"follow","max-snippet":"max-snippet:-1","max-image-preview":"max-image-preview:large","max-video-preview":"max-video-preview:-1"},"canonical":"https:\/\/www.eldiario.net\/portal\/2023\/03\/15\/estadistica-2023\/","og_locale":"es_ES","og_type":"article","og_title":"Estad\u00edstica 2023 - El Diario - Bolivia","og_description":"Seg\u00fan los art\u00edculos 7, 8 y 10 de la Resoluci\u00f3n Ministerial N\u00ba 001\/2023 \u201cNormas Generales para la Gesti\u00f3n Educativa\u201d, deber\u00eda haber concluido el proceso de inscripci\u00f3n para estudiantes nuevos y antiguos del nivel inicial, primaria y secundaria, en unidades educativas fiscales, privadas y de convenio. No obstante, el cierre de operativo del proceso de inscripciones [&hellip;]","og_url":"https:\/\/www.eldiario.net\/portal\/2023\/03\/15\/estadistica-2023\/","og_site_name":"El Diario - Bolivia","article_publisher":"https:\/\/www.facebook.com\/eldiario.bolivia\/","article_published_time":"2023-03-15T10:11:16+00:00","author":"Jeanette","twitter_card":"summary_large_image","twitter_creator":"@eldiario_net","twitter_site":"@eldiario_net","twitter_misc":{"Escrito por":"Jeanette","Tiempo de lectura":"2 minutos"},"schema":{"@context":"https:\/\/schema.org","@graph":[{"@type":"Article","@id":"https:\/\/www.eldiario.net\/portal\/2023\/03\/15\/estadistica-2023\/#article","isPartOf":{"@id":"https:\/\/www.eldiario.net\/portal\/2023\/03\/15\/estadistica-2023\/"},"author":{"name":"Jeanette","@id":"https:\/\/www.eldiario.net\/portal\/#\/schema\/person\/f46445640444750d7d753ccd04ae01b7"},"headline":"Estad\u00edstica 2023","datePublished":"2023-03-15T10:11:16+00:00","mainEntityOfPage":{"@id":"https:\/\/www.eldiario.net\/portal\/2023\/03\/15\/estadistica-2023\/"},"wordCount":381,"publisher":{"@id":"https:\/\/www.eldiario.net\/portal\/#organization"},"image":{"@id":"https:\/\/www.eldiario.net\/portal\/2023\/03\/15\/estadistica-2023\/#primaryimage"},"thumbnailUrl":"","articleSection":["Opini\u00f3n"],"inLanguage":"es"},{"@type":"WebPage","@id":"https:\/\/www.eldiario.net\/portal\/2023\/03\/15\/estadistica-2023\/","url":"https:\/\/www.eldiario.net\/portal\/2023\/03\/15\/estadistica-2023\/","name":"Estad\u00edstica 2023 - El Diario - Bolivia","isPartOf":{"@id":"https:\/\/www.eldiario.net\/portal\/#website"},"primaryImageOfPage":{"@id":"https:\/\/www.eldiario.net\/portal\/2023\/03\/15\/estadistica-2023\/#primaryimage"},"image":{"@id":"https:\/\/www.eldiario.net\/portal\/2023\/03\/15\/estadistica-2023\/#primaryimage"},"thumbnailUrl":"","datePublished":"2023-03-15T10:11:16+00:00","breadcrumb":{"@id":"https:\/\/www.eldiario.net\/portal\/2023\/03\/15\/estadistica-2023\/#breadcrumb"},"inLanguage":"es","potentialAction":[{"@type":"ReadAction","target":["https:\/\/www.eldiario.net\/portal\/2023\/03\/15\/estadistica-2023\/"]}]},{"@type":"ImageObject","inLanguage":"es","@id":"https:\/\/www.eldiario.net\/portal\/2023\/03\/15\/estadistica-2023\/#primaryimage","url":"","contentUrl":""},{"@type":"BreadcrumbList","@id":"https:\/\/www.eldiario.net\/portal\/2023\/03\/15\/estadistica-2023\/#breadcrumb","itemListElement":[{"@type":"ListItem","position":1,"name":"Portada","item":"https:\/\/www.eldiario.net\/portal\/"},{"@type":"ListItem","position":2,"name":"Estad\u00edstica 2023"}]},{"@type":"WebSite","@id":"https:\/\/www.eldiario.net\/portal\/#website","url":"https:\/\/www.eldiario.net\/portal\/","name":"El Diario - Decano de la prensa nacional","description":"El Diario - Decano de la prensa nacional","publisher":{"@id":"https:\/\/www.eldiario.net\/portal\/#organization"},"potentialAction":[{"@type":"SearchAction","target":{"@type":"EntryPoint","urlTemplate":"https:\/\/www.eldiario.net\/portal\/?s={search_term_string}"},"query-input":{"@type":"PropertyValueSpecification","valueRequired":true,"valueName":"search_term_string"}}],"inLanguage":"es"},{"@type":"Organization","@id":"https:\/\/www.eldiario.net\/portal\/#organization","name":"El Diario - Decano de la prensa nacional","url":"https:\/\/www.eldiario.net\/portal\/","logo":{"@type":"ImageObject","inLanguage":"es","@id":"https:\/\/www.eldiario.net\/portal\/#\/schema\/logo\/image\/","url":"https:\/\/www.eldiario.net\/portal\/wp-content\/uploads\/2023\/07\/logo_ED.jpg","contentUrl":"https:\/\/www.eldiario.net\/portal\/wp-content\/uploads\/2023\/07\/logo_ED.jpg","width":272,"height":52,"caption":"El Diario - Decano de la prensa nacional"},"image":{"@id":"https:\/\/www.eldiario.net\/portal\/#\/schema\/logo\/image\/"},"sameAs":["https:\/\/www.facebook.com\/eldiario.bolivia\/","https:\/\/x.com\/eldiario_net"]},{"@type":"Person","@id":"https:\/\/www.eldiario.net\/portal\/#\/schema\/person\/f46445640444750d7d753ccd04ae01b7","name":"Jeanette","image":{"@type":"ImageObject","inLanguage":"es","@id":"https:\/\/secure.gravatar.com\/avatar\/3ea2118a5f7dad2b7138b1187a6b7ee55f160b9968b66013c3a3ef39dd7e5798?s=96&d=mm&r=g","url":"https:\/\/secure.gravatar.com\/avatar\/3ea2118a5f7dad2b7138b1187a6b7ee55f160b9968b66013c3a3ef39dd7e5798?s=96&d=mm&r=g","contentUrl":"https:\/\/secure.gravatar.com\/avatar\/3ea2118a5f7dad2b7138b1187a6b7ee55f160b9968b66013c3a3ef39dd7e5798?s=96&d=mm&r=g","caption":"Jeanette"},"sameAs":["https:\/\/www.eldiario.net\/portal"],"url":"https:\/\/www.eldiario.net\/portal\/author\/jeanette\/"}]}},"_links":{"self":[{"href":"https:\/\/www.eldiario.net\/portal\/wp-json\/wp\/v2\/posts\/143210","targetHints":{"allow":["GET"]}}],"collection":[{"href":"https:\/\/www.eldiario.net\/portal\/wp-json\/wp\/v2\/posts"}],"about":[{"href":"https:\/\/www.eldiario.net\/portal\/wp-json\/wp\/v2\/types\/post"}],"author":[{"embeddable":true,"href":"https:\/\/www.eldiario.net\/portal\/wp-json\/wp\/v2\/users\/1"}],"replies":[{"embeddable":true,"href":"https:\/\/www.eldiario.net\/portal\/wp-json\/wp\/v2\/comments?post=143210"}],"version-history":[{"count":0,"href":"https:\/\/www.eldiario.net\/portal\/wp-json\/wp\/v2\/posts\/143210\/revisions"}],"wp:attachment":[{"href":"https:\/\/www.eldiario.net\/portal\/wp-json\/wp\/v2\/media?parent=143210"}],"wp:term":[{"taxonomy":"category","embeddable":true,"href":"https:\/\/www.eldiario.net\/portal\/wp-json\/wp\/v2\/categories?post=143210"},{"taxonomy":"post_tag","embeddable":true,"href":"https:\/\/www.eldiario.net\/portal\/wp-json\/wp\/v2\/tags?post=143210"}],"curies":[{"name":"wp","href":"https:\/\/api.w.org\/{rel}","templated":true}]}}