{"id":143083,"date":"2023-03-14T06:30:52","date_gmt":"2023-03-14T10:30:52","guid":{"rendered":"https:\/\/www.eldiario.net\/portal\/?p=143083"},"modified":"2023-03-14T06:30:52","modified_gmt":"2023-03-14T10:30:52","slug":"giovanni-ortuno-camacho-unico-candidato-a-presidencia-de-empresarios","status":"publish","type":"post","link":"https:\/\/www.eldiario.net\/portal\/2023\/03\/14\/giovanni-ortuno-camacho-unico-candidato-a-presidencia-de-empresarios\/","title":{"rendered":"Giovanni Ortu\u00f1o Camacho \u00fanico  candidato a presidencia de empresarios"},"content":{"rendered":"<p>Este mi\u00e9rcoles 15 de marzo, en su Asamblea Ordinaria, la Confederaci\u00f3n de Empresarios Privados de Bolivia (CEPB) elegir\u00e1 a su nuevo Presidente y a los miembros del Comit\u00e9 Ejecutivo que conducir\u00e1n a la instituci\u00f3n por los pr\u00f3ximos dos a\u00f1os.\u00a0 Giovanni Ortu\u00f1o postula c\u00f3mo \u00fanico candidato y seguro sucesor de Luis Barbery.<\/p>\n<p>Seg\u00fan informaron desde la entidad, al proceso electoral se present\u00f3 una sola candidatura, encabezada por Giovanni Ortu\u00f1o Camacho, cuya elecci\u00f3n en la m\u00e1xima direcci\u00f3n de los privados estar\u00eda garantizada.<\/p>\n<p>Giovanni Ortu\u00f1o es actualmente presidente de AXS Bolivia y Vicepresidente de la CEPB; naci\u00f3 en Potos\u00ed, aunque radic\u00f3 principalmente en Cochabamba y La Paz. Es Ingeniero en Electr\u00f3nica y Telecomunicaciones, con estudios de postgrado en Telecomunicaciones, Administraci\u00f3n de Empresas y Derecho Administrativo. Desde hace 14 a\u00f1os es director de la C\u00e1mara de Telecomunicaciones de Bolivia y fue presidente de la Comisi\u00f3n de Econom\u00eda y Tributaria de la CEPB.<\/p>\n<p>Junto al nuevo presidente de la CEPB, tambi\u00e9n ser\u00edan elegidos para el Comit\u00e9 Ejecutivo, los empresarios Gast\u00f3n Serrano Carvajal, Luis Pablo Granier Castellanos, Macelo Escobar Flores, Ren\u00e9 Sergio Pereira S\u00e1nchez Bustamante, Jos\u00e9 Trigo Valdivia y Ra\u00fal Solares Rivero.<\/p>\n<p>De acuerdo a los estatutos de la instituci\u00f3n, hasta el pasado 1\u00b0 de febrero se deb\u00edan presentar las postulaciones a los distintos cargos electivos. Ortu\u00f1o y el equipo que lo acompa\u00f1ar\u00e1 en la gesti\u00f3n, fue propuesto por 14 de las 24 entidades habilitadas. Hasta el cierre de las postulaciones no se present\u00f3 ning\u00fan otro frente.<\/p>\n<p>El nuevo presidente de la CEPB reemplazar\u00e1 a Luis Barbery Paz, industrial cruce\u00f1o que estuvo al frente de los privados desde 2019.<\/p>\n","protected":false},"excerpt":{"rendered":"<p>Este mi\u00e9rcoles 15 de marzo, en su Asamblea Ordinaria, la Confederaci\u00f3n de Empresarios Privados de Bolivia (CEPB) elegir\u00e1 a su nuevo Presidente y a los miembros del Comit\u00e9 Ejecutivo que conducir\u00e1n a la instituci\u00f3n por los pr\u00f3ximos dos a\u00f1os.\u00a0 Giovanni Ortu\u00f1o postula c\u00f3mo \u00fanico candidato y seguro sucesor de Luis Barbery. Seg\u00fan informaron desde la [&hellip;]<\/p>\n","protected":false},"author":1,"featured_media":143084,"comment_status":"closed","ping_status":"closed","sticky":false,"template":"","format":"standard","meta":{"_acf_changed":false,"footnotes":""},"categories":[7],"tags":[],"class_list":["post-143083","post","type-post","status-publish","format-standard","has-post-thumbnail","category-economia"],"acf":{"antetitulo":""},"yoast_head":"<!-- This site is optimized with the Yoast SEO plugin v28.3 - https:\/\/yoast.com\/product\/yoast-seo-wordpress\/ -->\n<title>Giovanni Ortu\u00f1o Camacho \u00fanico candidato a presidencia de empresarios - El Diario - Bolivia<\/title>\n<meta name=\"robots\" content=\"index, follow, max-snippet:-1, max-image-preview:large, max-video-preview:-1\" \/>\n<link rel=\"canonical\" href=\"https:\/\/www.eldiario.net\/portal\/2023\/03\/14\/giovanni-ortuno-camacho-unico-candidato-a-presidencia-de-empresarios\/\" \/>\n<meta property=\"og:locale\" content=\"es_ES\" \/>\n<meta property=\"og:type\" content=\"article\" \/>\n<meta property=\"og:title\" content=\"Giovanni Ortu\u00f1o Camacho \u00fanico candidato a presidencia de empresarios - El Diario - Bolivia\" \/>\n<meta property=\"og:description\" content=\"Este mi\u00e9rcoles 15 de marzo, en su Asamblea Ordinaria, la Confederaci\u00f3n de Empresarios Privados de Bolivia (CEPB) elegir\u00e1 a su nuevo Presidente y a los miembros del Comit\u00e9 Ejecutivo que conducir\u00e1n a la instituci\u00f3n por los pr\u00f3ximos dos a\u00f1os.\u00a0 Giovanni Ortu\u00f1o postula c\u00f3mo \u00fanico candidato y seguro sucesor de Luis Barbery. Seg\u00fan informaron desde la [&hellip;]\" \/>\n<meta property=\"og:url\" content=\"https:\/\/www.eldiario.net\/portal\/2023\/03\/14\/giovanni-ortuno-camacho-unico-candidato-a-presidencia-de-empresarios\/\" \/>\n<meta property=\"og:site_name\" content=\"El Diario - Bolivia\" \/>\n<meta property=\"article:publisher\" content=\"https:\/\/www.facebook.com\/eldiario.bolivia\/\" \/>\n<meta property=\"article:published_time\" content=\"2023-03-14T10:30:52+00:00\" \/>\n<meta property=\"og:image\" content=\"https:\/\/www.eldiario.net\/portal\/wp-content\/uploads\/2023\/03\/empresarios-FOTO.jpg\" \/>\n\t<meta property=\"og:image:width\" content=\"1600\" \/>\n\t<meta property=\"og:image:height\" content=\"1066\" \/>\n\t<meta property=\"og:image:type\" content=\"image\/jpeg\" \/>\n<meta name=\"author\" content=\"Jeanette\" \/>\n<meta name=\"twitter:card\" content=\"summary_large_image\" \/>\n<meta name=\"twitter:creator\" content=\"@eldiario_net\" \/>\n<meta name=\"twitter:site\" content=\"@eldiario_net\" \/>\n<meta name=\"twitter:label1\" content=\"Escrito por\" \/>\n\t<meta name=\"twitter:data1\" content=\"Jeanette\" \/>\n\t<meta name=\"twitter:label2\" content=\"Tiempo de lectura\" \/>\n\t<meta name=\"twitter:data2\" content=\"2 minutos\" \/>\n<script type=\"application\/ld+json\" class=\"yoast-schema-graph\">{\"@context\":\"https:\\\/\\\/schema.org\",\"@graph\":[{\"@type\":\"Article\",\"@id\":\"https:\\\/\\\/www.eldiario.net\\\/portal\\\/2023\\\/03\\\/14\\\/giovanni-ortuno-camacho-unico-candidato-a-presidencia-de-empresarios\\\/#article\",\"isPartOf\":{\"@id\":\"https:\\\/\\\/www.eldiario.net\\\/portal\\\/2023\\\/03\\\/14\\\/giovanni-ortuno-camacho-unico-candidato-a-presidencia-de-empresarios\\\/\"},\"author\":{\"name\":\"Jeanette\",\"@id\":\"https:\\\/\\\/www.eldiario.net\\\/portal\\\/#\\\/schema\\\/person\\\/f46445640444750d7d753ccd04ae01b7\"},\"headline\":\"Giovanni Ortu\u00f1o Camacho \u00fanico candidato a presidencia de empresarios\",\"datePublished\":\"2023-03-14T10:30:52+00:00\",\"mainEntityOfPage\":{\"@id\":\"https:\\\/\\\/www.eldiario.net\\\/portal\\\/2023\\\/03\\\/14\\\/giovanni-ortuno-camacho-unico-candidato-a-presidencia-de-empresarios\\\/\"},\"wordCount\":300,\"publisher\":{\"@id\":\"https:\\\/\\\/www.eldiario.net\\\/portal\\\/#organization\"},\"image\":{\"@id\":\"https:\\\/\\\/www.eldiario.net\\\/portal\\\/2023\\\/03\\\/14\\\/giovanni-ortuno-camacho-unico-candidato-a-presidencia-de-empresarios\\\/#primaryimage\"},\"thumbnailUrl\":\"https:\\\/\\\/www.eldiario.net\\\/portal\\\/wp-content\\\/uploads\\\/2023\\\/03\\\/empresarios-FOTO.jpg\",\"articleSection\":[\"Econom\u00eda\"],\"inLanguage\":\"es\"},{\"@type\":\"WebPage\",\"@id\":\"https:\\\/\\\/www.eldiario.net\\\/portal\\\/2023\\\/03\\\/14\\\/giovanni-ortuno-camacho-unico-candidato-a-presidencia-de-empresarios\\\/\",\"url\":\"https:\\\/\\\/www.eldiario.net\\\/portal\\\/2023\\\/03\\\/14\\\/giovanni-ortuno-camacho-unico-candidato-a-presidencia-de-empresarios\\\/\",\"name\":\"Giovanni Ortu\u00f1o Camacho \u00fanico candidato a presidencia de empresarios - El Diario - Bolivia\",\"isPartOf\":{\"@id\":\"https:\\\/\\\/www.eldiario.net\\\/portal\\\/#website\"},\"primaryImageOfPage\":{\"@id\":\"https:\\\/\\\/www.eldiario.net\\\/portal\\\/2023\\\/03\\\/14\\\/giovanni-ortuno-camacho-unico-candidato-a-presidencia-de-empresarios\\\/#primaryimage\"},\"image\":{\"@id\":\"https:\\\/\\\/www.eldiario.net\\\/portal\\\/2023\\\/03\\\/14\\\/giovanni-ortuno-camacho-unico-candidato-a-presidencia-de-empresarios\\\/#primaryimage\"},\"thumbnailUrl\":\"https:\\\/\\\/www.eldiario.net\\\/portal\\\/wp-content\\\/uploads\\\/2023\\\/03\\\/empresarios-FOTO.jpg\",\"datePublished\":\"2023-03-14T10:30:52+00:00\",\"breadcrumb\":{\"@id\":\"https:\\\/\\\/www.eldiario.net\\\/portal\\\/2023\\\/03\\\/14\\\/giovanni-ortuno-camacho-unico-candidato-a-presidencia-de-empresarios\\\/#breadcrumb\"},\"inLanguage\":\"es\",\"potentialAction\":[{\"@type\":\"ReadAction\",\"target\":[\"https:\\\/\\\/www.eldiario.net\\\/portal\\\/2023\\\/03\\\/14\\\/giovanni-ortuno-camacho-unico-candidato-a-presidencia-de-empresarios\\\/\"]}]},{\"@type\":\"ImageObject\",\"inLanguage\":\"es\",\"@id\":\"https:\\\/\\\/www.eldiario.net\\\/portal\\\/2023\\\/03\\\/14\\\/giovanni-ortuno-camacho-unico-candidato-a-presidencia-de-empresarios\\\/#primaryimage\",\"url\":\"https:\\\/\\\/www.eldiario.net\\\/portal\\\/wp-content\\\/uploads\\\/2023\\\/03\\\/empresarios-FOTO.jpg\",\"contentUrl\":\"https:\\\/\\\/www.eldiario.net\\\/portal\\\/wp-content\\\/uploads\\\/2023\\\/03\\\/empresarios-FOTO.jpg\",\"width\":1600,\"height\":1066,\"caption\":\"Giovanni Ortu\u00f1o. Foto CEPB\"},{\"@type\":\"BreadcrumbList\",\"@id\":\"https:\\\/\\\/www.eldiario.net\\\/portal\\\/2023\\\/03\\\/14\\\/giovanni-ortuno-camacho-unico-candidato-a-presidencia-de-empresarios\\\/#breadcrumb\",\"itemListElement\":[{\"@type\":\"ListItem\",\"position\":1,\"name\":\"Portada\",\"item\":\"https:\\\/\\\/www.eldiario.net\\\/portal\\\/\"},{\"@type\":\"ListItem\",\"position\":2,\"name\":\"Giovanni Ortu\u00f1o Camacho \u00fanico candidato a presidencia de empresarios\"}]},{\"@type\":\"WebSite\",\"@id\":\"https:\\\/\\\/www.eldiario.net\\\/portal\\\/#website\",\"url\":\"https:\\\/\\\/www.eldiario.net\\\/portal\\\/\",\"name\":\"El Diario - Decano de la prensa nacional\",\"description\":\"El Diario - Decano de la prensa nacional\",\"publisher\":{\"@id\":\"https:\\\/\\\/www.eldiario.net\\\/portal\\\/#organization\"},\"potentialAction\":[{\"@type\":\"SearchAction\",\"target\":{\"@type\":\"EntryPoint\",\"urlTemplate\":\"https:\\\/\\\/www.eldiario.net\\\/portal\\\/?s={search_term_string}\"},\"query-input\":{\"@type\":\"PropertyValueSpecification\",\"valueRequired\":true,\"valueName\":\"search_term_string\"}}],\"inLanguage\":\"es\"},{\"@type\":\"Organization\",\"@id\":\"https:\\\/\\\/www.eldiario.net\\\/portal\\\/#organization\",\"name\":\"El Diario - Decano de la prensa nacional\",\"url\":\"https:\\\/\\\/www.eldiario.net\\\/portal\\\/\",\"logo\":{\"@type\":\"ImageObject\",\"inLanguage\":\"es\",\"@id\":\"https:\\\/\\\/www.eldiario.net\\\/portal\\\/#\\\/schema\\\/logo\\\/image\\\/\",\"url\":\"https:\\\/\\\/www.eldiario.net\\\/portal\\\/wp-content\\\/uploads\\\/2023\\\/07\\\/logo_ED.jpg\",\"contentUrl\":\"https:\\\/\\\/www.eldiario.net\\\/portal\\\/wp-content\\\/uploads\\\/2023\\\/07\\\/logo_ED.jpg\",\"width\":272,\"height\":52,\"caption\":\"El Diario - Decano de la prensa nacional\"},\"image\":{\"@id\":\"https:\\\/\\\/www.eldiario.net\\\/portal\\\/#\\\/schema\\\/logo\\\/image\\\/\"},\"sameAs\":[\"https:\\\/\\\/www.facebook.com\\\/eldiario.bolivia\\\/\",\"https:\\\/\\\/x.com\\\/eldiario_net\"]},{\"@type\":\"Person\",\"@id\":\"https:\\\/\\\/www.eldiario.net\\\/portal\\\/#\\\/schema\\\/person\\\/f46445640444750d7d753ccd04ae01b7\",\"name\":\"Jeanette\",\"image\":{\"@type\":\"ImageObject\",\"inLanguage\":\"es\",\"@id\":\"https:\\\/\\\/secure.gravatar.com\\\/avatar\\\/3ea2118a5f7dad2b7138b1187a6b7ee55f160b9968b66013c3a3ef39dd7e5798?s=96&d=mm&r=g\",\"url\":\"https:\\\/\\\/secure.gravatar.com\\\/avatar\\\/3ea2118a5f7dad2b7138b1187a6b7ee55f160b9968b66013c3a3ef39dd7e5798?s=96&d=mm&r=g\",\"contentUrl\":\"https:\\\/\\\/secure.gravatar.com\\\/avatar\\\/3ea2118a5f7dad2b7138b1187a6b7ee55f160b9968b66013c3a3ef39dd7e5798?s=96&d=mm&r=g\",\"caption\":\"Jeanette\"},\"sameAs\":[\"https:\\\/\\\/www.eldiario.net\\\/portal\"],\"url\":\"https:\\\/\\\/www.eldiario.net\\\/portal\\\/author\\\/jeanette\\\/\"}]}<\/script>\n<!-- \/ Yoast SEO plugin. -->","yoast_head_json":{"title":"Giovanni Ortu\u00f1o Camacho \u00fanico candidato a presidencia de empresarios - El Diario - Bolivia","robots":{"index":"index","follow":"follow","max-snippet":"max-snippet:-1","max-image-preview":"max-image-preview:large","max-video-preview":"max-video-preview:-1"},"canonical":"https:\/\/www.eldiario.net\/portal\/2023\/03\/14\/giovanni-ortuno-camacho-unico-candidato-a-presidencia-de-empresarios\/","og_locale":"es_ES","og_type":"article","og_title":"Giovanni Ortu\u00f1o Camacho \u00fanico candidato a presidencia de empresarios - El Diario - Bolivia","og_description":"Este mi\u00e9rcoles 15 de marzo, en su Asamblea Ordinaria, la Confederaci\u00f3n de Empresarios Privados de Bolivia (CEPB) elegir\u00e1 a su nuevo Presidente y a los miembros del Comit\u00e9 Ejecutivo que conducir\u00e1n a la instituci\u00f3n por los pr\u00f3ximos dos a\u00f1os.\u00a0 Giovanni Ortu\u00f1o postula c\u00f3mo \u00fanico candidato y seguro sucesor de Luis Barbery. Seg\u00fan informaron desde la [&hellip;]","og_url":"https:\/\/www.eldiario.net\/portal\/2023\/03\/14\/giovanni-ortuno-camacho-unico-candidato-a-presidencia-de-empresarios\/","og_site_name":"El Diario - Bolivia","article_publisher":"https:\/\/www.facebook.com\/eldiario.bolivia\/","article_published_time":"2023-03-14T10:30:52+00:00","og_image":[{"width":1600,"height":1066,"url":"https:\/\/www.eldiario.net\/portal\/wp-content\/uploads\/2023\/03\/empresarios-FOTO.jpg","type":"image\/jpeg"}],"author":"Jeanette","twitter_card":"summary_large_image","twitter_creator":"@eldiario_net","twitter_site":"@eldiario_net","twitter_misc":{"Escrito por":"Jeanette","Tiempo de lectura":"2 minutos"},"schema":{"@context":"https:\/\/schema.org","@graph":[{"@type":"Article","@id":"https:\/\/www.eldiario.net\/portal\/2023\/03\/14\/giovanni-ortuno-camacho-unico-candidato-a-presidencia-de-empresarios\/#article","isPartOf":{"@id":"https:\/\/www.eldiario.net\/portal\/2023\/03\/14\/giovanni-ortuno-camacho-unico-candidato-a-presidencia-de-empresarios\/"},"author":{"name":"Jeanette","@id":"https:\/\/www.eldiario.net\/portal\/#\/schema\/person\/f46445640444750d7d753ccd04ae01b7"},"headline":"Giovanni Ortu\u00f1o Camacho \u00fanico candidato a presidencia de empresarios","datePublished":"2023-03-14T10:30:52+00:00","mainEntityOfPage":{"@id":"https:\/\/www.eldiario.net\/portal\/2023\/03\/14\/giovanni-ortuno-camacho-unico-candidato-a-presidencia-de-empresarios\/"},"wordCount":300,"publisher":{"@id":"https:\/\/www.eldiario.net\/portal\/#organization"},"image":{"@id":"https:\/\/www.eldiario.net\/portal\/2023\/03\/14\/giovanni-ortuno-camacho-unico-candidato-a-presidencia-de-empresarios\/#primaryimage"},"thumbnailUrl":"https:\/\/www.eldiario.net\/portal\/wp-content\/uploads\/2023\/03\/empresarios-FOTO.jpg","articleSection":["Econom\u00eda"],"inLanguage":"es"},{"@type":"WebPage","@id":"https:\/\/www.eldiario.net\/portal\/2023\/03\/14\/giovanni-ortuno-camacho-unico-candidato-a-presidencia-de-empresarios\/","url":"https:\/\/www.eldiario.net\/portal\/2023\/03\/14\/giovanni-ortuno-camacho-unico-candidato-a-presidencia-de-empresarios\/","name":"Giovanni Ortu\u00f1o Camacho \u00fanico candidato a presidencia de empresarios - El Diario - Bolivia","isPartOf":{"@id":"https:\/\/www.eldiario.net\/portal\/#website"},"primaryImageOfPage":{"@id":"https:\/\/www.eldiario.net\/portal\/2023\/03\/14\/giovanni-ortuno-camacho-unico-candidato-a-presidencia-de-empresarios\/#primaryimage"},"image":{"@id":"https:\/\/www.eldiario.net\/portal\/2023\/03\/14\/giovanni-ortuno-camacho-unico-candidato-a-presidencia-de-empresarios\/#primaryimage"},"thumbnailUrl":"https:\/\/www.eldiario.net\/portal\/wp-content\/uploads\/2023\/03\/empresarios-FOTO.jpg","datePublished":"2023-03-14T10:30:52+00:00","breadcrumb":{"@id":"https:\/\/www.eldiario.net\/portal\/2023\/03\/14\/giovanni-ortuno-camacho-unico-candidato-a-presidencia-de-empresarios\/#breadcrumb"},"inLanguage":"es","potentialAction":[{"@type":"ReadAction","target":["https:\/\/www.eldiario.net\/portal\/2023\/03\/14\/giovanni-ortuno-camacho-unico-candidato-a-presidencia-de-empresarios\/"]}]},{"@type":"ImageObject","inLanguage":"es","@id":"https:\/\/www.eldiario.net\/portal\/2023\/03\/14\/giovanni-ortuno-camacho-unico-candidato-a-presidencia-de-empresarios\/#primaryimage","url":"https:\/\/www.eldiario.net\/portal\/wp-content\/uploads\/2023\/03\/empresarios-FOTO.jpg","contentUrl":"https:\/\/www.eldiario.net\/portal\/wp-content\/uploads\/2023\/03\/empresarios-FOTO.jpg","width":1600,"height":1066,"caption":"Giovanni Ortu\u00f1o. Foto CEPB"},{"@type":"BreadcrumbList","@id":"https:\/\/www.eldiario.net\/portal\/2023\/03\/14\/giovanni-ortuno-camacho-unico-candidato-a-presidencia-de-empresarios\/#breadcrumb","itemListElement":[{"@type":"ListItem","position":1,"name":"Portada","item":"https:\/\/www.eldiario.net\/portal\/"},{"@type":"ListItem","position":2,"name":"Giovanni Ortu\u00f1o Camacho \u00fanico candidato a presidencia de empresarios"}]},{"@type":"WebSite","@id":"https:\/\/www.eldiario.net\/portal\/#website","url":"https:\/\/www.eldiario.net\/portal\/","name":"El Diario - Decano de la prensa nacional","description":"El Diario - Decano de la prensa nacional","publisher":{"@id":"https:\/\/www.eldiario.net\/portal\/#organization"},"potentialAction":[{"@type":"SearchAction","target":{"@type":"EntryPoint","urlTemplate":"https:\/\/www.eldiario.net\/portal\/?s={search_term_string}"},"query-input":{"@type":"PropertyValueSpecification","valueRequired":true,"valueName":"search_term_string"}}],"inLanguage":"es"},{"@type":"Organization","@id":"https:\/\/www.eldiario.net\/portal\/#organization","name":"El Diario - Decano de la prensa nacional","url":"https:\/\/www.eldiario.net\/portal\/","logo":{"@type":"ImageObject","inLanguage":"es","@id":"https:\/\/www.eldiario.net\/portal\/#\/schema\/logo\/image\/","url":"https:\/\/www.eldiario.net\/portal\/wp-content\/uploads\/2023\/07\/logo_ED.jpg","contentUrl":"https:\/\/www.eldiario.net\/portal\/wp-content\/uploads\/2023\/07\/logo_ED.jpg","width":272,"height":52,"caption":"El Diario - Decano de la prensa nacional"},"image":{"@id":"https:\/\/www.eldiario.net\/portal\/#\/schema\/logo\/image\/"},"sameAs":["https:\/\/www.facebook.com\/eldiario.bolivia\/","https:\/\/x.com\/eldiario_net"]},{"@type":"Person","@id":"https:\/\/www.eldiario.net\/portal\/#\/schema\/person\/f46445640444750d7d753ccd04ae01b7","name":"Jeanette","image":{"@type":"ImageObject","inLanguage":"es","@id":"https:\/\/secure.gravatar.com\/avatar\/3ea2118a5f7dad2b7138b1187a6b7ee55f160b9968b66013c3a3ef39dd7e5798?s=96&d=mm&r=g","url":"https:\/\/secure.gravatar.com\/avatar\/3ea2118a5f7dad2b7138b1187a6b7ee55f160b9968b66013c3a3ef39dd7e5798?s=96&d=mm&r=g","contentUrl":"https:\/\/secure.gravatar.com\/avatar\/3ea2118a5f7dad2b7138b1187a6b7ee55f160b9968b66013c3a3ef39dd7e5798?s=96&d=mm&r=g","caption":"Jeanette"},"sameAs":["https:\/\/www.eldiario.net\/portal"],"url":"https:\/\/www.eldiario.net\/portal\/author\/jeanette\/"}]}},"_links":{"self":[{"href":"https:\/\/www.eldiario.net\/portal\/wp-json\/wp\/v2\/posts\/143083","targetHints":{"allow":["GET"]}}],"collection":[{"href":"https:\/\/www.eldiario.net\/portal\/wp-json\/wp\/v2\/posts"}],"about":[{"href":"https:\/\/www.eldiario.net\/portal\/wp-json\/wp\/v2\/types\/post"}],"author":[{"embeddable":true,"href":"https:\/\/www.eldiario.net\/portal\/wp-json\/wp\/v2\/users\/1"}],"replies":[{"embeddable":true,"href":"https:\/\/www.eldiario.net\/portal\/wp-json\/wp\/v2\/comments?post=143083"}],"version-history":[{"count":0,"href":"https:\/\/www.eldiario.net\/portal\/wp-json\/wp\/v2\/posts\/143083\/revisions"}],"wp:featuredmedia":[{"embeddable":true,"href":"https:\/\/www.eldiario.net\/portal\/wp-json\/wp\/v2\/media\/143084"}],"wp:attachment":[{"href":"https:\/\/www.eldiario.net\/portal\/wp-json\/wp\/v2\/media?parent=143083"}],"wp:term":[{"taxonomy":"category","embeddable":true,"href":"https:\/\/www.eldiario.net\/portal\/wp-json\/wp\/v2\/categories?post=143083"},{"taxonomy":"post_tag","embeddable":true,"href":"https:\/\/www.eldiario.net\/portal\/wp-json\/wp\/v2\/tags?post=143083"}],"curies":[{"name":"wp","href":"https:\/\/api.w.org\/{rel}","templated":true}]}}