{"id":143080,"date":"2023-03-14T06:29:44","date_gmt":"2023-03-14T10:29:44","guid":{"rendered":"https:\/\/www.eldiario.net\/portal\/?p=143080"},"modified":"2023-03-14T06:29:44","modified_gmt":"2023-03-14T10:29:44","slug":"cochabamba-se-alista-para-la-feria-exposicion-internacional-fexco-2023","status":"publish","type":"post","link":"https:\/\/www.eldiario.net\/portal\/2023\/03\/14\/cochabamba-se-alista-para-la-feria-exposicion-internacional-fexco-2023\/","title":{"rendered":"Cochabamba se alista para la Feria  Exposici\u00f3n Internacional Fexco 2023"},"content":{"rendered":"<p>Los empresarios del pa\u00eds, y en especial de Cochabamba, se alistan para participar en la Feria Exposici\u00f3n Internacional de Cochabamba (Fexco) 2023, a realizarse en el mes de junio, con la expectativa de generar un movimiento econ\u00f3mico importante.<\/p>\n<p>El evento de negocios m\u00e1s importante de Cochabamba ofrecer\u00e1 las mejores oportunidades para establecer contactos empresariales a nivel local, nacional e internacional, generando un movimiento econ\u00f3mico con efectos multiplicadores, aseguran los organizadores.<\/p>\n<p>Del 7 al 18 de junio, Cochabamba ser\u00e1 el centro de negocios de Bolivia con motivo de la realizaci\u00f3n de la Feria Exposici\u00f3n Internacional de Cochabamba \u2013 FEXCO 2023, evento coorganizado por la C\u00e1mara de Industria, Comercio y Servicios de Cochabamba (ICAM) y el Gobierno Aut\u00f3nomo Municipal de Cochabamba.<\/p>\n<p>Para la presentaci\u00f3n del evento econ\u00f3mico, el alcalde de Cochabamba, Manfred Reyes Villa, brind\u00f3 una conferencia junto a los empresarios, para informar y lanzar la propuesta al p\u00fablico pace\u00f1o.<\/p>\n<p>La Fexco se constituye en una de las plataformas multisectoriales, comerciales, de negocios y networking internacional m\u00e1s importante del pa\u00eds, destinada a generar nuevas experiencias a expositores, visitantes y compradores, como principal instrumento para dinamizar la actividad econ\u00f3mica regional y nacional.<\/p>\n<p>La FEXCO se realizar\u00e1 en el Recinto Ferial Alalay y acoger\u00e1 a cerca de 1.300 empresas expositoras, entre nacionales e internacionales, y a m\u00e1s de 250 mil visitantes, adem\u00e1s de generar aproximadamente 30 mil empleos directos e indirectos y un movimiento econ\u00f3mico de 150 millones de d\u00f3lares, con efectos multiplicadores para Cochabamba.<\/p>\n","protected":false},"excerpt":{"rendered":"<p>Los empresarios del pa\u00eds, y en especial de Cochabamba, se alistan para participar en la Feria Exposici\u00f3n Internacional de Cochabamba (Fexco) 2023, a realizarse en el mes de junio, con la expectativa de generar un movimiento econ\u00f3mico importante. El evento de negocios m\u00e1s importante de Cochabamba ofrecer\u00e1 las mejores oportunidades para establecer contactos empresariales a [&hellip;]<\/p>\n","protected":false},"author":1,"featured_media":143081,"comment_status":"closed","ping_status":"closed","sticky":false,"template":"","format":"standard","meta":{"_acf_changed":false,"footnotes":""},"categories":[7],"tags":[],"class_list":["post-143080","post","type-post","status-publish","format-standard","has-post-thumbnail","category-economia"],"acf":{"antetitulo":""},"yoast_head":"<!-- This site is optimized with the Yoast SEO plugin v28.3 - https:\/\/yoast.com\/product\/yoast-seo-wordpress\/ -->\n<title>Cochabamba se alista para la Feria Exposici\u00f3n Internacional Fexco 2023 - El Diario - Bolivia<\/title>\n<meta name=\"robots\" content=\"index, follow, max-snippet:-1, max-image-preview:large, max-video-preview:-1\" \/>\n<link rel=\"canonical\" href=\"https:\/\/www.eldiario.net\/portal\/2023\/03\/14\/cochabamba-se-alista-para-la-feria-exposicion-internacional-fexco-2023\/\" \/>\n<meta property=\"og:locale\" content=\"es_ES\" \/>\n<meta property=\"og:type\" content=\"article\" \/>\n<meta property=\"og:title\" content=\"Cochabamba se alista para la Feria Exposici\u00f3n Internacional Fexco 2023 - El Diario - Bolivia\" \/>\n<meta property=\"og:description\" content=\"Los empresarios del pa\u00eds, y en especial de Cochabamba, se alistan para participar en la Feria Exposici\u00f3n Internacional de Cochabamba (Fexco) 2023, a realizarse en el mes de junio, con la expectativa de generar un movimiento econ\u00f3mico importante. El evento de negocios m\u00e1s importante de Cochabamba ofrecer\u00e1 las mejores oportunidades para establecer contactos empresariales a [&hellip;]\" \/>\n<meta property=\"og:url\" content=\"https:\/\/www.eldiario.net\/portal\/2023\/03\/14\/cochabamba-se-alista-para-la-feria-exposicion-internacional-fexco-2023\/\" \/>\n<meta property=\"og:site_name\" content=\"El Diario - Bolivia\" \/>\n<meta property=\"article:publisher\" content=\"https:\/\/www.facebook.com\/eldiario.bolivia\/\" \/>\n<meta property=\"article:published_time\" content=\"2023-03-14T10:29:44+00:00\" \/>\n<meta name=\"author\" content=\"Jeanette\" \/>\n<meta name=\"twitter:card\" content=\"summary_large_image\" \/>\n<meta name=\"twitter:creator\" content=\"@eldiario_net\" \/>\n<meta name=\"twitter:site\" content=\"@eldiario_net\" \/>\n<meta name=\"twitter:label1\" content=\"Escrito por\" \/>\n\t<meta name=\"twitter:data1\" content=\"Jeanette\" \/>\n\t<meta name=\"twitter:label2\" content=\"Tiempo de lectura\" \/>\n\t<meta name=\"twitter:data2\" content=\"2 minutos\" \/>\n<script type=\"application\/ld+json\" class=\"yoast-schema-graph\">{\"@context\":\"https:\\\/\\\/schema.org\",\"@graph\":[{\"@type\":\"Article\",\"@id\":\"https:\\\/\\\/www.eldiario.net\\\/portal\\\/2023\\\/03\\\/14\\\/cochabamba-se-alista-para-la-feria-exposicion-internacional-fexco-2023\\\/#article\",\"isPartOf\":{\"@id\":\"https:\\\/\\\/www.eldiario.net\\\/portal\\\/2023\\\/03\\\/14\\\/cochabamba-se-alista-para-la-feria-exposicion-internacional-fexco-2023\\\/\"},\"author\":{\"name\":\"Jeanette\",\"@id\":\"https:\\\/\\\/www.eldiario.net\\\/portal\\\/#\\\/schema\\\/person\\\/f46445640444750d7d753ccd04ae01b7\"},\"headline\":\"Cochabamba se alista para la Feria Exposici\u00f3n Internacional Fexco 2023\",\"datePublished\":\"2023-03-14T10:29:44+00:00\",\"mainEntityOfPage\":{\"@id\":\"https:\\\/\\\/www.eldiario.net\\\/portal\\\/2023\\\/03\\\/14\\\/cochabamba-se-alista-para-la-feria-exposicion-internacional-fexco-2023\\\/\"},\"wordCount\":262,\"publisher\":{\"@id\":\"https:\\\/\\\/www.eldiario.net\\\/portal\\\/#organization\"},\"image\":{\"@id\":\"https:\\\/\\\/www.eldiario.net\\\/portal\\\/2023\\\/03\\\/14\\\/cochabamba-se-alista-para-la-feria-exposicion-internacional-fexco-2023\\\/#primaryimage\"},\"thumbnailUrl\":\"\",\"articleSection\":[\"Econom\u00eda\"],\"inLanguage\":\"es\"},{\"@type\":\"WebPage\",\"@id\":\"https:\\\/\\\/www.eldiario.net\\\/portal\\\/2023\\\/03\\\/14\\\/cochabamba-se-alista-para-la-feria-exposicion-internacional-fexco-2023\\\/\",\"url\":\"https:\\\/\\\/www.eldiario.net\\\/portal\\\/2023\\\/03\\\/14\\\/cochabamba-se-alista-para-la-feria-exposicion-internacional-fexco-2023\\\/\",\"name\":\"Cochabamba se alista para la Feria Exposici\u00f3n Internacional Fexco 2023 - El Diario - Bolivia\",\"isPartOf\":{\"@id\":\"https:\\\/\\\/www.eldiario.net\\\/portal\\\/#website\"},\"primaryImageOfPage\":{\"@id\":\"https:\\\/\\\/www.eldiario.net\\\/portal\\\/2023\\\/03\\\/14\\\/cochabamba-se-alista-para-la-feria-exposicion-internacional-fexco-2023\\\/#primaryimage\"},\"image\":{\"@id\":\"https:\\\/\\\/www.eldiario.net\\\/portal\\\/2023\\\/03\\\/14\\\/cochabamba-se-alista-para-la-feria-exposicion-internacional-fexco-2023\\\/#primaryimage\"},\"thumbnailUrl\":\"\",\"datePublished\":\"2023-03-14T10:29:44+00:00\",\"breadcrumb\":{\"@id\":\"https:\\\/\\\/www.eldiario.net\\\/portal\\\/2023\\\/03\\\/14\\\/cochabamba-se-alista-para-la-feria-exposicion-internacional-fexco-2023\\\/#breadcrumb\"},\"inLanguage\":\"es\",\"potentialAction\":[{\"@type\":\"ReadAction\",\"target\":[\"https:\\\/\\\/www.eldiario.net\\\/portal\\\/2023\\\/03\\\/14\\\/cochabamba-se-alista-para-la-feria-exposicion-internacional-fexco-2023\\\/\"]}]},{\"@type\":\"ImageObject\",\"inLanguage\":\"es\",\"@id\":\"https:\\\/\\\/www.eldiario.net\\\/portal\\\/2023\\\/03\\\/14\\\/cochabamba-se-alista-para-la-feria-exposicion-internacional-fexco-2023\\\/#primaryimage\",\"url\":\"\",\"contentUrl\":\"\"},{\"@type\":\"BreadcrumbList\",\"@id\":\"https:\\\/\\\/www.eldiario.net\\\/portal\\\/2023\\\/03\\\/14\\\/cochabamba-se-alista-para-la-feria-exposicion-internacional-fexco-2023\\\/#breadcrumb\",\"itemListElement\":[{\"@type\":\"ListItem\",\"position\":1,\"name\":\"Portada\",\"item\":\"https:\\\/\\\/www.eldiario.net\\\/portal\\\/\"},{\"@type\":\"ListItem\",\"position\":2,\"name\":\"Cochabamba se alista para la Feria Exposici\u00f3n Internacional Fexco 2023\"}]},{\"@type\":\"WebSite\",\"@id\":\"https:\\\/\\\/www.eldiario.net\\\/portal\\\/#website\",\"url\":\"https:\\\/\\\/www.eldiario.net\\\/portal\\\/\",\"name\":\"El Diario - Decano de la prensa nacional\",\"description\":\"El Diario - Decano de la prensa nacional\",\"publisher\":{\"@id\":\"https:\\\/\\\/www.eldiario.net\\\/portal\\\/#organization\"},\"potentialAction\":[{\"@type\":\"SearchAction\",\"target\":{\"@type\":\"EntryPoint\",\"urlTemplate\":\"https:\\\/\\\/www.eldiario.net\\\/portal\\\/?s={search_term_string}\"},\"query-input\":{\"@type\":\"PropertyValueSpecification\",\"valueRequired\":true,\"valueName\":\"search_term_string\"}}],\"inLanguage\":\"es\"},{\"@type\":\"Organization\",\"@id\":\"https:\\\/\\\/www.eldiario.net\\\/portal\\\/#organization\",\"name\":\"El Diario - Decano de la prensa nacional\",\"url\":\"https:\\\/\\\/www.eldiario.net\\\/portal\\\/\",\"logo\":{\"@type\":\"ImageObject\",\"inLanguage\":\"es\",\"@id\":\"https:\\\/\\\/www.eldiario.net\\\/portal\\\/#\\\/schema\\\/logo\\\/image\\\/\",\"url\":\"https:\\\/\\\/www.eldiario.net\\\/portal\\\/wp-content\\\/uploads\\\/2023\\\/07\\\/logo_ED.jpg\",\"contentUrl\":\"https:\\\/\\\/www.eldiario.net\\\/portal\\\/wp-content\\\/uploads\\\/2023\\\/07\\\/logo_ED.jpg\",\"width\":272,\"height\":52,\"caption\":\"El Diario - Decano de la prensa nacional\"},\"image\":{\"@id\":\"https:\\\/\\\/www.eldiario.net\\\/portal\\\/#\\\/schema\\\/logo\\\/image\\\/\"},\"sameAs\":[\"https:\\\/\\\/www.facebook.com\\\/eldiario.bolivia\\\/\",\"https:\\\/\\\/x.com\\\/eldiario_net\"]},{\"@type\":\"Person\",\"@id\":\"https:\\\/\\\/www.eldiario.net\\\/portal\\\/#\\\/schema\\\/person\\\/f46445640444750d7d753ccd04ae01b7\",\"name\":\"Jeanette\",\"image\":{\"@type\":\"ImageObject\",\"inLanguage\":\"es\",\"@id\":\"https:\\\/\\\/secure.gravatar.com\\\/avatar\\\/3ea2118a5f7dad2b7138b1187a6b7ee55f160b9968b66013c3a3ef39dd7e5798?s=96&d=mm&r=g\",\"url\":\"https:\\\/\\\/secure.gravatar.com\\\/avatar\\\/3ea2118a5f7dad2b7138b1187a6b7ee55f160b9968b66013c3a3ef39dd7e5798?s=96&d=mm&r=g\",\"contentUrl\":\"https:\\\/\\\/secure.gravatar.com\\\/avatar\\\/3ea2118a5f7dad2b7138b1187a6b7ee55f160b9968b66013c3a3ef39dd7e5798?s=96&d=mm&r=g\",\"caption\":\"Jeanette\"},\"sameAs\":[\"https:\\\/\\\/www.eldiario.net\\\/portal\"],\"url\":\"https:\\\/\\\/www.eldiario.net\\\/portal\\\/author\\\/jeanette\\\/\"}]}<\/script>\n<!-- \/ Yoast SEO plugin. -->","yoast_head_json":{"title":"Cochabamba se alista para la Feria Exposici\u00f3n Internacional Fexco 2023 - El Diario - Bolivia","robots":{"index":"index","follow":"follow","max-snippet":"max-snippet:-1","max-image-preview":"max-image-preview:large","max-video-preview":"max-video-preview:-1"},"canonical":"https:\/\/www.eldiario.net\/portal\/2023\/03\/14\/cochabamba-se-alista-para-la-feria-exposicion-internacional-fexco-2023\/","og_locale":"es_ES","og_type":"article","og_title":"Cochabamba se alista para la Feria Exposici\u00f3n Internacional Fexco 2023 - El Diario - Bolivia","og_description":"Los empresarios del pa\u00eds, y en especial de Cochabamba, se alistan para participar en la Feria Exposici\u00f3n Internacional de Cochabamba (Fexco) 2023, a realizarse en el mes de junio, con la expectativa de generar un movimiento econ\u00f3mico importante. El evento de negocios m\u00e1s importante de Cochabamba ofrecer\u00e1 las mejores oportunidades para establecer contactos empresariales a [&hellip;]","og_url":"https:\/\/www.eldiario.net\/portal\/2023\/03\/14\/cochabamba-se-alista-para-la-feria-exposicion-internacional-fexco-2023\/","og_site_name":"El Diario - Bolivia","article_publisher":"https:\/\/www.facebook.com\/eldiario.bolivia\/","article_published_time":"2023-03-14T10:29:44+00:00","author":"Jeanette","twitter_card":"summary_large_image","twitter_creator":"@eldiario_net","twitter_site":"@eldiario_net","twitter_misc":{"Escrito por":"Jeanette","Tiempo de lectura":"2 minutos"},"schema":{"@context":"https:\/\/schema.org","@graph":[{"@type":"Article","@id":"https:\/\/www.eldiario.net\/portal\/2023\/03\/14\/cochabamba-se-alista-para-la-feria-exposicion-internacional-fexco-2023\/#article","isPartOf":{"@id":"https:\/\/www.eldiario.net\/portal\/2023\/03\/14\/cochabamba-se-alista-para-la-feria-exposicion-internacional-fexco-2023\/"},"author":{"name":"Jeanette","@id":"https:\/\/www.eldiario.net\/portal\/#\/schema\/person\/f46445640444750d7d753ccd04ae01b7"},"headline":"Cochabamba se alista para la Feria Exposici\u00f3n Internacional Fexco 2023","datePublished":"2023-03-14T10:29:44+00:00","mainEntityOfPage":{"@id":"https:\/\/www.eldiario.net\/portal\/2023\/03\/14\/cochabamba-se-alista-para-la-feria-exposicion-internacional-fexco-2023\/"},"wordCount":262,"publisher":{"@id":"https:\/\/www.eldiario.net\/portal\/#organization"},"image":{"@id":"https:\/\/www.eldiario.net\/portal\/2023\/03\/14\/cochabamba-se-alista-para-la-feria-exposicion-internacional-fexco-2023\/#primaryimage"},"thumbnailUrl":"","articleSection":["Econom\u00eda"],"inLanguage":"es"},{"@type":"WebPage","@id":"https:\/\/www.eldiario.net\/portal\/2023\/03\/14\/cochabamba-se-alista-para-la-feria-exposicion-internacional-fexco-2023\/","url":"https:\/\/www.eldiario.net\/portal\/2023\/03\/14\/cochabamba-se-alista-para-la-feria-exposicion-internacional-fexco-2023\/","name":"Cochabamba se alista para la Feria Exposici\u00f3n Internacional Fexco 2023 - El Diario - Bolivia","isPartOf":{"@id":"https:\/\/www.eldiario.net\/portal\/#website"},"primaryImageOfPage":{"@id":"https:\/\/www.eldiario.net\/portal\/2023\/03\/14\/cochabamba-se-alista-para-la-feria-exposicion-internacional-fexco-2023\/#primaryimage"},"image":{"@id":"https:\/\/www.eldiario.net\/portal\/2023\/03\/14\/cochabamba-se-alista-para-la-feria-exposicion-internacional-fexco-2023\/#primaryimage"},"thumbnailUrl":"","datePublished":"2023-03-14T10:29:44+00:00","breadcrumb":{"@id":"https:\/\/www.eldiario.net\/portal\/2023\/03\/14\/cochabamba-se-alista-para-la-feria-exposicion-internacional-fexco-2023\/#breadcrumb"},"inLanguage":"es","potentialAction":[{"@type":"ReadAction","target":["https:\/\/www.eldiario.net\/portal\/2023\/03\/14\/cochabamba-se-alista-para-la-feria-exposicion-internacional-fexco-2023\/"]}]},{"@type":"ImageObject","inLanguage":"es","@id":"https:\/\/www.eldiario.net\/portal\/2023\/03\/14\/cochabamba-se-alista-para-la-feria-exposicion-internacional-fexco-2023\/#primaryimage","url":"","contentUrl":""},{"@type":"BreadcrumbList","@id":"https:\/\/www.eldiario.net\/portal\/2023\/03\/14\/cochabamba-se-alista-para-la-feria-exposicion-internacional-fexco-2023\/#breadcrumb","itemListElement":[{"@type":"ListItem","position":1,"name":"Portada","item":"https:\/\/www.eldiario.net\/portal\/"},{"@type":"ListItem","position":2,"name":"Cochabamba se alista para la Feria Exposici\u00f3n Internacional Fexco 2023"}]},{"@type":"WebSite","@id":"https:\/\/www.eldiario.net\/portal\/#website","url":"https:\/\/www.eldiario.net\/portal\/","name":"El Diario - Decano de la prensa nacional","description":"El Diario - Decano de la prensa nacional","publisher":{"@id":"https:\/\/www.eldiario.net\/portal\/#organization"},"potentialAction":[{"@type":"SearchAction","target":{"@type":"EntryPoint","urlTemplate":"https:\/\/www.eldiario.net\/portal\/?s={search_term_string}"},"query-input":{"@type":"PropertyValueSpecification","valueRequired":true,"valueName":"search_term_string"}}],"inLanguage":"es"},{"@type":"Organization","@id":"https:\/\/www.eldiario.net\/portal\/#organization","name":"El Diario - Decano de la prensa nacional","url":"https:\/\/www.eldiario.net\/portal\/","logo":{"@type":"ImageObject","inLanguage":"es","@id":"https:\/\/www.eldiario.net\/portal\/#\/schema\/logo\/image\/","url":"https:\/\/www.eldiario.net\/portal\/wp-content\/uploads\/2023\/07\/logo_ED.jpg","contentUrl":"https:\/\/www.eldiario.net\/portal\/wp-content\/uploads\/2023\/07\/logo_ED.jpg","width":272,"height":52,"caption":"El Diario - Decano de la prensa nacional"},"image":{"@id":"https:\/\/www.eldiario.net\/portal\/#\/schema\/logo\/image\/"},"sameAs":["https:\/\/www.facebook.com\/eldiario.bolivia\/","https:\/\/x.com\/eldiario_net"]},{"@type":"Person","@id":"https:\/\/www.eldiario.net\/portal\/#\/schema\/person\/f46445640444750d7d753ccd04ae01b7","name":"Jeanette","image":{"@type":"ImageObject","inLanguage":"es","@id":"https:\/\/secure.gravatar.com\/avatar\/3ea2118a5f7dad2b7138b1187a6b7ee55f160b9968b66013c3a3ef39dd7e5798?s=96&d=mm&r=g","url":"https:\/\/secure.gravatar.com\/avatar\/3ea2118a5f7dad2b7138b1187a6b7ee55f160b9968b66013c3a3ef39dd7e5798?s=96&d=mm&r=g","contentUrl":"https:\/\/secure.gravatar.com\/avatar\/3ea2118a5f7dad2b7138b1187a6b7ee55f160b9968b66013c3a3ef39dd7e5798?s=96&d=mm&r=g","caption":"Jeanette"},"sameAs":["https:\/\/www.eldiario.net\/portal"],"url":"https:\/\/www.eldiario.net\/portal\/author\/jeanette\/"}]}},"_links":{"self":[{"href":"https:\/\/www.eldiario.net\/portal\/wp-json\/wp\/v2\/posts\/143080","targetHints":{"allow":["GET"]}}],"collection":[{"href":"https:\/\/www.eldiario.net\/portal\/wp-json\/wp\/v2\/posts"}],"about":[{"href":"https:\/\/www.eldiario.net\/portal\/wp-json\/wp\/v2\/types\/post"}],"author":[{"embeddable":true,"href":"https:\/\/www.eldiario.net\/portal\/wp-json\/wp\/v2\/users\/1"}],"replies":[{"embeddable":true,"href":"https:\/\/www.eldiario.net\/portal\/wp-json\/wp\/v2\/comments?post=143080"}],"version-history":[{"count":0,"href":"https:\/\/www.eldiario.net\/portal\/wp-json\/wp\/v2\/posts\/143080\/revisions"}],"wp:attachment":[{"href":"https:\/\/www.eldiario.net\/portal\/wp-json\/wp\/v2\/media?parent=143080"}],"wp:term":[{"taxonomy":"category","embeddable":true,"href":"https:\/\/www.eldiario.net\/portal\/wp-json\/wp\/v2\/categories?post=143080"},{"taxonomy":"post_tag","embeddable":true,"href":"https:\/\/www.eldiario.net\/portal\/wp-json\/wp\/v2\/tags?post=143080"}],"curies":[{"name":"wp","href":"https:\/\/api.w.org\/{rel}","templated":true}]}}