{"id":143071,"date":"2023-03-14T06:26:05","date_gmt":"2023-03-14T10:26:05","guid":{"rendered":"https:\/\/www.eldiario.net\/portal\/?p=143071"},"modified":"2023-03-14T06:26:05","modified_gmt":"2023-03-14T10:26:05","slug":"cuestionan-vigencia-de-pasaportes-diplomaticos-para-excancilleres","status":"publish","type":"post","link":"https:\/\/www.eldiario.net\/portal\/2023\/03\/14\/cuestionan-vigencia-de-pasaportes-diplomaticos-para-excancilleres\/","title":{"rendered":"Cuestionan vigencia de pasaportes  diplom\u00e1ticos para excancilleres"},"content":{"rendered":"<p>Sum\u00e1ndose a las observaciones a los viajes y reuniones sostenidas por el excanciller Fernando Huanacuni, a nombre del Estado boliviano, diputado por Comunidad Ciudadana (CC), Jos\u00e9 Manuel Ormachea, cuestion\u00f3 que exautoridades del Ministerio de Relaciones Exteriores se beneficien con la vigencia indefinida de su pasaporte diplom\u00e1tico, pese a no contar con preparaci\u00f3n en este \u00e1mbito.<\/p>\n<p>En conferencia de prensa, Ormachea reproch\u00f3 que bajo la vigencia de un Decreto Supremo (DS-1179 del a\u00f1o 2012), excancilleres se beneficien con un pasaporte diplom\u00e1tico de por vida y puedan hablar a nombre del Estado boliviano en el exterior.<\/p>\n<p>\u201cResulta que cualquiera que haya sido canciller del MAS puede salir del pa\u00eds, hablar en nombre de Bolivia e inclusive hacer negocios y lobby como lo ha hecho Huanacuni con su esposa en representaci\u00f3n del pa\u00eds, eso es lo que deben aclarar\u201d dijo.<\/p>\n<p>El parlamentario pace\u00f1o anunci\u00f3 que, por este caso, se ha pedido un informe de Canciller\u00eda para que se aclaren las posibles irregularidades en relaci\u00f3n al actuar de la exautoridad en posibles negocios y lobby con empresas interesadas en la explotaci\u00f3n de litio.<\/p>\n<p>En este sentido, Ormachea tambi\u00e9n cuestion\u00f3 que exfuncionarios de Canciller\u00eda, en muchos casos sin la formaci\u00f3n necesaria para pertenecer al servicio exterior, tengan el beneficio de contar con un pasaporte diplom\u00e1tico indefinido, pues este puede ser utilizado para otros fines.<\/p>\n<p>\u201cVan a ser representantes de por vida del servicio exterior. Si van a hacer negocios y lobby con su pasaporte diplom\u00e1tico, por intereses personales, tenemos que saber si lo est\u00e1n utilizando para aquello\u201d, dijo.<\/p>\n<p>&nbsp;<\/p>\n<p>Los criterios el legislador de oposici\u00f3n se suman a la denuncia de la senadora oficialista, Ana Mar\u00eda Castillo, quien semanas atr\u00e1s afirm\u00f3 que la esposa del excanciller Huanacuni, supuestamente hizo lobby a favor de una empresa que buscaba adjudicarse la explotaci\u00f3n del litio.<\/p>\n<p>\u201cEl excanciller habr\u00eda tenido algunos contactos con la empresa Fusion Enertech\u201d, dijo. Posteriormente la esposa de la exautoridad admiti\u00f3 que trabaj\u00f3 de manera \u201ccircunstancial\u201d para esta empresa.<\/p>\n","protected":false},"excerpt":{"rendered":"<p>Sum\u00e1ndose a las observaciones a los viajes y reuniones sostenidas por el excanciller Fernando Huanacuni, a nombre del Estado boliviano, diputado por Comunidad Ciudadana (CC), Jos\u00e9 Manuel Ormachea, cuestion\u00f3 que exautoridades del Ministerio de Relaciones Exteriores se beneficien con la vigencia indefinida de su pasaporte diplom\u00e1tico, pese a no contar con preparaci\u00f3n en este \u00e1mbito. [&hellip;]<\/p>\n","protected":false},"author":1,"featured_media":143072,"comment_status":"closed","ping_status":"closed","sticky":false,"template":"","format":"standard","meta":{"_acf_changed":false,"footnotes":""},"categories":[14],"tags":[],"class_list":["post-143071","post","type-post","status-publish","format-standard","has-post-thumbnail","category-politica"],"acf":{"antetitulo":""},"yoast_head":"<!-- This site is optimized with the Yoast SEO plugin v28.4 - https:\/\/yoast.com\/product\/yoast-seo-wordpress\/ -->\n<title>Cuestionan vigencia de pasaportes diplom\u00e1ticos para excancilleres - El Diario - Bolivia<\/title>\n<meta name=\"robots\" content=\"index, follow, max-snippet:-1, max-image-preview:large, max-video-preview:-1\" \/>\n<link rel=\"canonical\" href=\"https:\/\/www.eldiario.net\/portal\/2023\/03\/14\/cuestionan-vigencia-de-pasaportes-diplomaticos-para-excancilleres\/\" \/>\n<meta property=\"og:locale\" content=\"es_ES\" \/>\n<meta property=\"og:type\" content=\"article\" \/>\n<meta property=\"og:title\" content=\"Cuestionan vigencia de pasaportes diplom\u00e1ticos para excancilleres - El Diario - Bolivia\" \/>\n<meta property=\"og:description\" content=\"Sum\u00e1ndose a las observaciones a los viajes y reuniones sostenidas por el excanciller Fernando Huanacuni, a nombre del Estado boliviano, diputado por Comunidad Ciudadana (CC), Jos\u00e9 Manuel Ormachea, cuestion\u00f3 que exautoridades del Ministerio de Relaciones Exteriores se beneficien con la vigencia indefinida de su pasaporte diplom\u00e1tico, pese a no contar con preparaci\u00f3n en este \u00e1mbito. [&hellip;]\" \/>\n<meta property=\"og:url\" content=\"https:\/\/www.eldiario.net\/portal\/2023\/03\/14\/cuestionan-vigencia-de-pasaportes-diplomaticos-para-excancilleres\/\" \/>\n<meta property=\"og:site_name\" content=\"El Diario - Bolivia\" \/>\n<meta property=\"article:publisher\" content=\"https:\/\/www.facebook.com\/eldiario.bolivia\/\" \/>\n<meta property=\"article:published_time\" content=\"2023-03-14T10:26:05+00:00\" \/>\n<meta name=\"author\" content=\"Jeanette\" \/>\n<meta name=\"twitter:card\" content=\"summary_large_image\" \/>\n<meta name=\"twitter:creator\" content=\"@eldiario_net\" \/>\n<meta name=\"twitter:site\" content=\"@eldiario_net\" \/>\n<meta name=\"twitter:label1\" content=\"Escrito por\" \/>\n\t<meta name=\"twitter:data1\" content=\"Jeanette\" \/>\n\t<meta name=\"twitter:label2\" content=\"Tiempo de lectura\" \/>\n\t<meta name=\"twitter:data2\" content=\"2 minutos\" \/>\n<script type=\"application\/ld+json\" class=\"yoast-schema-graph\">{\"@context\":\"https:\\\/\\\/schema.org\",\"@graph\":[{\"@type\":\"Article\",\"@id\":\"https:\\\/\\\/www.eldiario.net\\\/portal\\\/2023\\\/03\\\/14\\\/cuestionan-vigencia-de-pasaportes-diplomaticos-para-excancilleres\\\/#article\",\"isPartOf\":{\"@id\":\"https:\\\/\\\/www.eldiario.net\\\/portal\\\/2023\\\/03\\\/14\\\/cuestionan-vigencia-de-pasaportes-diplomaticos-para-excancilleres\\\/\"},\"author\":{\"name\":\"Jeanette\",\"@id\":\"https:\\\/\\\/www.eldiario.net\\\/portal\\\/#\\\/schema\\\/person\\\/f46445640444750d7d753ccd04ae01b7\"},\"headline\":\"Cuestionan vigencia de pasaportes diplom\u00e1ticos para excancilleres\",\"datePublished\":\"2023-03-14T10:26:05+00:00\",\"mainEntityOfPage\":{\"@id\":\"https:\\\/\\\/www.eldiario.net\\\/portal\\\/2023\\\/03\\\/14\\\/cuestionan-vigencia-de-pasaportes-diplomaticos-para-excancilleres\\\/\"},\"wordCount\":354,\"publisher\":{\"@id\":\"https:\\\/\\\/www.eldiario.net\\\/portal\\\/#organization\"},\"image\":{\"@id\":\"https:\\\/\\\/www.eldiario.net\\\/portal\\\/2023\\\/03\\\/14\\\/cuestionan-vigencia-de-pasaportes-diplomaticos-para-excancilleres\\\/#primaryimage\"},\"thumbnailUrl\":\"\",\"articleSection\":[\"Pol\u00edtica\"],\"inLanguage\":\"es\"},{\"@type\":\"WebPage\",\"@id\":\"https:\\\/\\\/www.eldiario.net\\\/portal\\\/2023\\\/03\\\/14\\\/cuestionan-vigencia-de-pasaportes-diplomaticos-para-excancilleres\\\/\",\"url\":\"https:\\\/\\\/www.eldiario.net\\\/portal\\\/2023\\\/03\\\/14\\\/cuestionan-vigencia-de-pasaportes-diplomaticos-para-excancilleres\\\/\",\"name\":\"Cuestionan vigencia de pasaportes diplom\u00e1ticos para excancilleres - El Diario - Bolivia\",\"isPartOf\":{\"@id\":\"https:\\\/\\\/www.eldiario.net\\\/portal\\\/#website\"},\"primaryImageOfPage\":{\"@id\":\"https:\\\/\\\/www.eldiario.net\\\/portal\\\/2023\\\/03\\\/14\\\/cuestionan-vigencia-de-pasaportes-diplomaticos-para-excancilleres\\\/#primaryimage\"},\"image\":{\"@id\":\"https:\\\/\\\/www.eldiario.net\\\/portal\\\/2023\\\/03\\\/14\\\/cuestionan-vigencia-de-pasaportes-diplomaticos-para-excancilleres\\\/#primaryimage\"},\"thumbnailUrl\":\"\",\"datePublished\":\"2023-03-14T10:26:05+00:00\",\"breadcrumb\":{\"@id\":\"https:\\\/\\\/www.eldiario.net\\\/portal\\\/2023\\\/03\\\/14\\\/cuestionan-vigencia-de-pasaportes-diplomaticos-para-excancilleres\\\/#breadcrumb\"},\"inLanguage\":\"es\",\"potentialAction\":[{\"@type\":\"ReadAction\",\"target\":[\"https:\\\/\\\/www.eldiario.net\\\/portal\\\/2023\\\/03\\\/14\\\/cuestionan-vigencia-de-pasaportes-diplomaticos-para-excancilleres\\\/\"]}]},{\"@type\":\"ImageObject\",\"inLanguage\":\"es\",\"@id\":\"https:\\\/\\\/www.eldiario.net\\\/portal\\\/2023\\\/03\\\/14\\\/cuestionan-vigencia-de-pasaportes-diplomaticos-para-excancilleres\\\/#primaryimage\",\"url\":\"\",\"contentUrl\":\"\"},{\"@type\":\"BreadcrumbList\",\"@id\":\"https:\\\/\\\/www.eldiario.net\\\/portal\\\/2023\\\/03\\\/14\\\/cuestionan-vigencia-de-pasaportes-diplomaticos-para-excancilleres\\\/#breadcrumb\",\"itemListElement\":[{\"@type\":\"ListItem\",\"position\":1,\"name\":\"Portada\",\"item\":\"https:\\\/\\\/www.eldiario.net\\\/portal\\\/\"},{\"@type\":\"ListItem\",\"position\":2,\"name\":\"Cuestionan vigencia de pasaportes diplom\u00e1ticos para excancilleres\"}]},{\"@type\":\"WebSite\",\"@id\":\"https:\\\/\\\/www.eldiario.net\\\/portal\\\/#website\",\"url\":\"https:\\\/\\\/www.eldiario.net\\\/portal\\\/\",\"name\":\"El Diario - Decano de la prensa nacional\",\"description\":\"El Diario - Decano de la prensa nacional\",\"publisher\":{\"@id\":\"https:\\\/\\\/www.eldiario.net\\\/portal\\\/#organization\"},\"potentialAction\":[{\"@type\":\"SearchAction\",\"target\":{\"@type\":\"EntryPoint\",\"urlTemplate\":\"https:\\\/\\\/www.eldiario.net\\\/portal\\\/?s={search_term_string}\"},\"query-input\":{\"@type\":\"PropertyValueSpecification\",\"valueRequired\":true,\"valueName\":\"search_term_string\"}}],\"inLanguage\":\"es\"},{\"@type\":\"Organization\",\"@id\":\"https:\\\/\\\/www.eldiario.net\\\/portal\\\/#organization\",\"name\":\"El Diario - Decano de la prensa nacional\",\"url\":\"https:\\\/\\\/www.eldiario.net\\\/portal\\\/\",\"logo\":{\"@type\":\"ImageObject\",\"inLanguage\":\"es\",\"@id\":\"https:\\\/\\\/www.eldiario.net\\\/portal\\\/#\\\/schema\\\/logo\\\/image\\\/\",\"url\":\"https:\\\/\\\/www.eldiario.net\\\/portal\\\/wp-content\\\/uploads\\\/2023\\\/07\\\/logo_ED.jpg\",\"contentUrl\":\"https:\\\/\\\/www.eldiario.net\\\/portal\\\/wp-content\\\/uploads\\\/2023\\\/07\\\/logo_ED.jpg\",\"width\":272,\"height\":52,\"caption\":\"El Diario - Decano de la prensa nacional\"},\"image\":{\"@id\":\"https:\\\/\\\/www.eldiario.net\\\/portal\\\/#\\\/schema\\\/logo\\\/image\\\/\"},\"sameAs\":[\"https:\\\/\\\/www.facebook.com\\\/eldiario.bolivia\\\/\",\"https:\\\/\\\/x.com\\\/eldiario_net\"]},{\"@type\":\"Person\",\"@id\":\"https:\\\/\\\/www.eldiario.net\\\/portal\\\/#\\\/schema\\\/person\\\/f46445640444750d7d753ccd04ae01b7\",\"name\":\"Jeanette\",\"image\":{\"@type\":\"ImageObject\",\"inLanguage\":\"es\",\"@id\":\"https:\\\/\\\/secure.gravatar.com\\\/avatar\\\/3ea2118a5f7dad2b7138b1187a6b7ee55f160b9968b66013c3a3ef39dd7e5798?s=96&d=mm&r=g\",\"url\":\"https:\\\/\\\/secure.gravatar.com\\\/avatar\\\/3ea2118a5f7dad2b7138b1187a6b7ee55f160b9968b66013c3a3ef39dd7e5798?s=96&d=mm&r=g\",\"contentUrl\":\"https:\\\/\\\/secure.gravatar.com\\\/avatar\\\/3ea2118a5f7dad2b7138b1187a6b7ee55f160b9968b66013c3a3ef39dd7e5798?s=96&d=mm&r=g\",\"caption\":\"Jeanette\"},\"sameAs\":[\"https:\\\/\\\/www.eldiario.net\\\/portal\"],\"url\":\"https:\\\/\\\/www.eldiario.net\\\/portal\\\/author\\\/jeanette\\\/\"}]}<\/script>\n<!-- \/ Yoast SEO plugin. -->","yoast_head_json":{"title":"Cuestionan vigencia de pasaportes diplom\u00e1ticos para excancilleres - El Diario - Bolivia","robots":{"index":"index","follow":"follow","max-snippet":"max-snippet:-1","max-image-preview":"max-image-preview:large","max-video-preview":"max-video-preview:-1"},"canonical":"https:\/\/www.eldiario.net\/portal\/2023\/03\/14\/cuestionan-vigencia-de-pasaportes-diplomaticos-para-excancilleres\/","og_locale":"es_ES","og_type":"article","og_title":"Cuestionan vigencia de pasaportes diplom\u00e1ticos para excancilleres - El Diario - Bolivia","og_description":"Sum\u00e1ndose a las observaciones a los viajes y reuniones sostenidas por el excanciller Fernando Huanacuni, a nombre del Estado boliviano, diputado por Comunidad Ciudadana (CC), Jos\u00e9 Manuel Ormachea, cuestion\u00f3 que exautoridades del Ministerio de Relaciones Exteriores se beneficien con la vigencia indefinida de su pasaporte diplom\u00e1tico, pese a no contar con preparaci\u00f3n en este \u00e1mbito. [&hellip;]","og_url":"https:\/\/www.eldiario.net\/portal\/2023\/03\/14\/cuestionan-vigencia-de-pasaportes-diplomaticos-para-excancilleres\/","og_site_name":"El Diario - Bolivia","article_publisher":"https:\/\/www.facebook.com\/eldiario.bolivia\/","article_published_time":"2023-03-14T10:26:05+00:00","author":"Jeanette","twitter_card":"summary_large_image","twitter_creator":"@eldiario_net","twitter_site":"@eldiario_net","twitter_misc":{"Escrito por":"Jeanette","Tiempo de lectura":"2 minutos"},"schema":{"@context":"https:\/\/schema.org","@graph":[{"@type":"Article","@id":"https:\/\/www.eldiario.net\/portal\/2023\/03\/14\/cuestionan-vigencia-de-pasaportes-diplomaticos-para-excancilleres\/#article","isPartOf":{"@id":"https:\/\/www.eldiario.net\/portal\/2023\/03\/14\/cuestionan-vigencia-de-pasaportes-diplomaticos-para-excancilleres\/"},"author":{"name":"Jeanette","@id":"https:\/\/www.eldiario.net\/portal\/#\/schema\/person\/f46445640444750d7d753ccd04ae01b7"},"headline":"Cuestionan vigencia de pasaportes diplom\u00e1ticos para excancilleres","datePublished":"2023-03-14T10:26:05+00:00","mainEntityOfPage":{"@id":"https:\/\/www.eldiario.net\/portal\/2023\/03\/14\/cuestionan-vigencia-de-pasaportes-diplomaticos-para-excancilleres\/"},"wordCount":354,"publisher":{"@id":"https:\/\/www.eldiario.net\/portal\/#organization"},"image":{"@id":"https:\/\/www.eldiario.net\/portal\/2023\/03\/14\/cuestionan-vigencia-de-pasaportes-diplomaticos-para-excancilleres\/#primaryimage"},"thumbnailUrl":"","articleSection":["Pol\u00edtica"],"inLanguage":"es"},{"@type":"WebPage","@id":"https:\/\/www.eldiario.net\/portal\/2023\/03\/14\/cuestionan-vigencia-de-pasaportes-diplomaticos-para-excancilleres\/","url":"https:\/\/www.eldiario.net\/portal\/2023\/03\/14\/cuestionan-vigencia-de-pasaportes-diplomaticos-para-excancilleres\/","name":"Cuestionan vigencia de pasaportes diplom\u00e1ticos para excancilleres - El Diario - Bolivia","isPartOf":{"@id":"https:\/\/www.eldiario.net\/portal\/#website"},"primaryImageOfPage":{"@id":"https:\/\/www.eldiario.net\/portal\/2023\/03\/14\/cuestionan-vigencia-de-pasaportes-diplomaticos-para-excancilleres\/#primaryimage"},"image":{"@id":"https:\/\/www.eldiario.net\/portal\/2023\/03\/14\/cuestionan-vigencia-de-pasaportes-diplomaticos-para-excancilleres\/#primaryimage"},"thumbnailUrl":"","datePublished":"2023-03-14T10:26:05+00:00","breadcrumb":{"@id":"https:\/\/www.eldiario.net\/portal\/2023\/03\/14\/cuestionan-vigencia-de-pasaportes-diplomaticos-para-excancilleres\/#breadcrumb"},"inLanguage":"es","potentialAction":[{"@type":"ReadAction","target":["https:\/\/www.eldiario.net\/portal\/2023\/03\/14\/cuestionan-vigencia-de-pasaportes-diplomaticos-para-excancilleres\/"]}]},{"@type":"ImageObject","inLanguage":"es","@id":"https:\/\/www.eldiario.net\/portal\/2023\/03\/14\/cuestionan-vigencia-de-pasaportes-diplomaticos-para-excancilleres\/#primaryimage","url":"","contentUrl":""},{"@type":"BreadcrumbList","@id":"https:\/\/www.eldiario.net\/portal\/2023\/03\/14\/cuestionan-vigencia-de-pasaportes-diplomaticos-para-excancilleres\/#breadcrumb","itemListElement":[{"@type":"ListItem","position":1,"name":"Portada","item":"https:\/\/www.eldiario.net\/portal\/"},{"@type":"ListItem","position":2,"name":"Cuestionan vigencia de pasaportes diplom\u00e1ticos para excancilleres"}]},{"@type":"WebSite","@id":"https:\/\/www.eldiario.net\/portal\/#website","url":"https:\/\/www.eldiario.net\/portal\/","name":"El Diario - Decano de la prensa nacional","description":"El Diario - Decano de la prensa nacional","publisher":{"@id":"https:\/\/www.eldiario.net\/portal\/#organization"},"potentialAction":[{"@type":"SearchAction","target":{"@type":"EntryPoint","urlTemplate":"https:\/\/www.eldiario.net\/portal\/?s={search_term_string}"},"query-input":{"@type":"PropertyValueSpecification","valueRequired":true,"valueName":"search_term_string"}}],"inLanguage":"es"},{"@type":"Organization","@id":"https:\/\/www.eldiario.net\/portal\/#organization","name":"El Diario - Decano de la prensa nacional","url":"https:\/\/www.eldiario.net\/portal\/","logo":{"@type":"ImageObject","inLanguage":"es","@id":"https:\/\/www.eldiario.net\/portal\/#\/schema\/logo\/image\/","url":"https:\/\/www.eldiario.net\/portal\/wp-content\/uploads\/2023\/07\/logo_ED.jpg","contentUrl":"https:\/\/www.eldiario.net\/portal\/wp-content\/uploads\/2023\/07\/logo_ED.jpg","width":272,"height":52,"caption":"El Diario - Decano de la prensa nacional"},"image":{"@id":"https:\/\/www.eldiario.net\/portal\/#\/schema\/logo\/image\/"},"sameAs":["https:\/\/www.facebook.com\/eldiario.bolivia\/","https:\/\/x.com\/eldiario_net"]},{"@type":"Person","@id":"https:\/\/www.eldiario.net\/portal\/#\/schema\/person\/f46445640444750d7d753ccd04ae01b7","name":"Jeanette","image":{"@type":"ImageObject","inLanguage":"es","@id":"https:\/\/secure.gravatar.com\/avatar\/3ea2118a5f7dad2b7138b1187a6b7ee55f160b9968b66013c3a3ef39dd7e5798?s=96&d=mm&r=g","url":"https:\/\/secure.gravatar.com\/avatar\/3ea2118a5f7dad2b7138b1187a6b7ee55f160b9968b66013c3a3ef39dd7e5798?s=96&d=mm&r=g","contentUrl":"https:\/\/secure.gravatar.com\/avatar\/3ea2118a5f7dad2b7138b1187a6b7ee55f160b9968b66013c3a3ef39dd7e5798?s=96&d=mm&r=g","caption":"Jeanette"},"sameAs":["https:\/\/www.eldiario.net\/portal"],"url":"https:\/\/www.eldiario.net\/portal\/author\/jeanette\/"}]}},"_links":{"self":[{"href":"https:\/\/www.eldiario.net\/portal\/wp-json\/wp\/v2\/posts\/143071","targetHints":{"allow":["GET"]}}],"collection":[{"href":"https:\/\/www.eldiario.net\/portal\/wp-json\/wp\/v2\/posts"}],"about":[{"href":"https:\/\/www.eldiario.net\/portal\/wp-json\/wp\/v2\/types\/post"}],"author":[{"embeddable":true,"href":"https:\/\/www.eldiario.net\/portal\/wp-json\/wp\/v2\/users\/1"}],"replies":[{"embeddable":true,"href":"https:\/\/www.eldiario.net\/portal\/wp-json\/wp\/v2\/comments?post=143071"}],"version-history":[{"count":0,"href":"https:\/\/www.eldiario.net\/portal\/wp-json\/wp\/v2\/posts\/143071\/revisions"}],"wp:attachment":[{"href":"https:\/\/www.eldiario.net\/portal\/wp-json\/wp\/v2\/media?parent=143071"}],"wp:term":[{"taxonomy":"category","embeddable":true,"href":"https:\/\/www.eldiario.net\/portal\/wp-json\/wp\/v2\/categories?post=143071"},{"taxonomy":"post_tag","embeddable":true,"href":"https:\/\/www.eldiario.net\/portal\/wp-json\/wp\/v2\/tags?post=143071"}],"curies":[{"name":"wp","href":"https:\/\/api.w.org\/{rel}","templated":true}]}}