{"id":143068,"date":"2023-03-14T06:25:12","date_gmt":"2023-03-14T10:25:12","guid":{"rendered":"https:\/\/www.eldiario.net\/portal\/?p=143068"},"modified":"2023-03-14T06:25:12","modified_gmt":"2023-03-14T10:25:12","slug":"poblacion-debe-pedir-unidad-a-clase-politica","status":"publish","type":"post","link":"https:\/\/www.eldiario.net\/portal\/2023\/03\/14\/poblacion-debe-pedir-unidad-a-clase-politica\/","title":{"rendered":"Poblaci\u00f3n debe pedir unidad a clase pol\u00edtica"},"content":{"rendered":"<p>Asegurando que en el pa\u00eds la justicia a ha sido reemplazada por un \u201csicariato masista\u201d y que las instituciones del Estado se encuentran bajo el poder totalitario del Gobierno central, la expresidenta del Estado, Jeanine A\u00f1ez Ch\u00e1vez, sostuvo que la injusticia y la persecuci\u00f3n pol\u00edtica, debe ser suficiente motivo para que la poblaci\u00f3n exija unidad a la clase pol\u00edtica en la recuperaci\u00f3n de la democracia.<\/p>\n<p>A dos a\u00f1os\u00a0 de su reclusi\u00f3n preventiva y mediante una carta manuscrita, la exmandataria se dirigi\u00f3 al pa\u00eds, lamentando el actual estado de la democracia, recordando adem\u00e1s que en diferentes ocasiones la propia comunidad internacional ha expresado preocupaci\u00f3n, sin conseguir que el Gobierno trabaje en \u201creencauzar el camino democr\u00e1tico\u201d.<\/p>\n<p>\u201cEn Bolivia no existe un sistema judicial porque ha sido suplantado por el sicariato masista y esto es una grav\u00edsima prueba de que la democracia se ha reducido a la emisi\u00f3n del voto y el resto de instituciones del Estado se encuentran bajo el poder totalitario del gobierno central\u201d,<\/p>\n<p>En este sentido, se\u00f1al\u00f3 que la injusticia que sufre la poblaci\u00f3n boliviana, as\u00ed como los presos pol\u00edticos, debe ser suficiente motivo para que cada persona exija a la clase pol\u00edtica la unidad para el cambio y para recuperar la democracia y sus instituciones.<\/p>\n<p>\u201cLa lucha por la democracia y una justicia imparcial e id\u00f3nea deben movilizarnos, los bolivianos no podemos dejar que el masismo criminal siga instalando y profundizando su plan totalitario de un sistema de partido \u00fanico\u201d, expres\u00f3 A\u00f1ez.<\/p>\n<p>Desde la agrupaci\u00f3n Creemos, se reiter\u00f3 que la \u201cdetenci\u00f3n ilegal\u201d de la expresidenta viola derechos fundamentales y demuestra la arbitrariedad con la que gobierna el r\u00e9gimen del MAS, apelando a una \u201cjusticia corrompida\u201d.<\/p>\n<p>\u201cLa clase pol\u00edtica masista se acostumbr\u00f3 a convulsionar el pa\u00eds y lavarse las manos culpando a otros, esto se puede evidenciar con la aprehensi\u00f3n de l\u00edderes de oposici\u00f3n como Jeanine A\u00f1ez\u201d, afirm\u00f3 la diputada Fabiola Guachalla.<\/p>\n","protected":false},"excerpt":{"rendered":"<p>Asegurando que en el pa\u00eds la justicia a ha sido reemplazada por un \u201csicariato masista\u201d y que las instituciones del Estado se encuentran bajo el poder totalitario del Gobierno central, la expresidenta del Estado, Jeanine A\u00f1ez Ch\u00e1vez, sostuvo que la injusticia y la persecuci\u00f3n pol\u00edtica, debe ser suficiente motivo para que la poblaci\u00f3n exija unidad [&hellip;]<\/p>\n","protected":false},"author":1,"featured_media":143069,"comment_status":"closed","ping_status":"closed","sticky":false,"template":"","format":"standard","meta":{"_acf_changed":false,"footnotes":""},"categories":[14],"tags":[],"class_list":["post-143068","post","type-post","status-publish","format-standard","has-post-thumbnail","category-politica"],"acf":{"antetitulo":""},"yoast_head":"<!-- This site is optimized with the Yoast SEO plugin v28.4 - https:\/\/yoast.com\/product\/yoast-seo-wordpress\/ -->\n<title>Poblaci\u00f3n debe pedir unidad a clase pol\u00edtica - El Diario - Bolivia<\/title>\n<meta name=\"robots\" content=\"index, follow, max-snippet:-1, max-image-preview:large, max-video-preview:-1\" \/>\n<link rel=\"canonical\" href=\"https:\/\/www.eldiario.net\/portal\/2023\/03\/14\/poblacion-debe-pedir-unidad-a-clase-politica\/\" \/>\n<meta property=\"og:locale\" content=\"es_ES\" \/>\n<meta property=\"og:type\" content=\"article\" \/>\n<meta property=\"og:title\" content=\"Poblaci\u00f3n debe pedir unidad a clase pol\u00edtica - El Diario - Bolivia\" \/>\n<meta property=\"og:description\" content=\"Asegurando que en el pa\u00eds la justicia a ha sido reemplazada por un \u201csicariato masista\u201d y que las instituciones del Estado se encuentran bajo el poder totalitario del Gobierno central, la expresidenta del Estado, Jeanine A\u00f1ez Ch\u00e1vez, sostuvo que la injusticia y la persecuci\u00f3n pol\u00edtica, debe ser suficiente motivo para que la poblaci\u00f3n exija unidad [&hellip;]\" \/>\n<meta property=\"og:url\" content=\"https:\/\/www.eldiario.net\/portal\/2023\/03\/14\/poblacion-debe-pedir-unidad-a-clase-politica\/\" \/>\n<meta property=\"og:site_name\" content=\"El Diario - Bolivia\" \/>\n<meta property=\"article:publisher\" content=\"https:\/\/www.facebook.com\/eldiario.bolivia\/\" \/>\n<meta property=\"article:published_time\" content=\"2023-03-14T10:25:12+00:00\" \/>\n<meta name=\"author\" content=\"Jeanette\" \/>\n<meta name=\"twitter:card\" content=\"summary_large_image\" \/>\n<meta name=\"twitter:creator\" content=\"@eldiario_net\" \/>\n<meta name=\"twitter:site\" content=\"@eldiario_net\" \/>\n<meta name=\"twitter:label1\" content=\"Escrito por\" \/>\n\t<meta name=\"twitter:data1\" content=\"Jeanette\" \/>\n\t<meta name=\"twitter:label2\" content=\"Tiempo de lectura\" \/>\n\t<meta name=\"twitter:data2\" content=\"2 minutos\" \/>\n<script type=\"application\/ld+json\" class=\"yoast-schema-graph\">{\"@context\":\"https:\\\/\\\/schema.org\",\"@graph\":[{\"@type\":\"Article\",\"@id\":\"https:\\\/\\\/www.eldiario.net\\\/portal\\\/2023\\\/03\\\/14\\\/poblacion-debe-pedir-unidad-a-clase-politica\\\/#article\",\"isPartOf\":{\"@id\":\"https:\\\/\\\/www.eldiario.net\\\/portal\\\/2023\\\/03\\\/14\\\/poblacion-debe-pedir-unidad-a-clase-politica\\\/\"},\"author\":{\"name\":\"Jeanette\",\"@id\":\"https:\\\/\\\/www.eldiario.net\\\/portal\\\/#\\\/schema\\\/person\\\/f46445640444750d7d753ccd04ae01b7\"},\"headline\":\"Poblaci\u00f3n debe pedir unidad a clase pol\u00edtica\",\"datePublished\":\"2023-03-14T10:25:12+00:00\",\"mainEntityOfPage\":{\"@id\":\"https:\\\/\\\/www.eldiario.net\\\/portal\\\/2023\\\/03\\\/14\\\/poblacion-debe-pedir-unidad-a-clase-politica\\\/\"},\"wordCount\":352,\"publisher\":{\"@id\":\"https:\\\/\\\/www.eldiario.net\\\/portal\\\/#organization\"},\"image\":{\"@id\":\"https:\\\/\\\/www.eldiario.net\\\/portal\\\/2023\\\/03\\\/14\\\/poblacion-debe-pedir-unidad-a-clase-politica\\\/#primaryimage\"},\"thumbnailUrl\":\"\",\"articleSection\":[\"Pol\u00edtica\"],\"inLanguage\":\"es\"},{\"@type\":\"WebPage\",\"@id\":\"https:\\\/\\\/www.eldiario.net\\\/portal\\\/2023\\\/03\\\/14\\\/poblacion-debe-pedir-unidad-a-clase-politica\\\/\",\"url\":\"https:\\\/\\\/www.eldiario.net\\\/portal\\\/2023\\\/03\\\/14\\\/poblacion-debe-pedir-unidad-a-clase-politica\\\/\",\"name\":\"Poblaci\u00f3n debe pedir unidad a clase pol\u00edtica - El Diario - Bolivia\",\"isPartOf\":{\"@id\":\"https:\\\/\\\/www.eldiario.net\\\/portal\\\/#website\"},\"primaryImageOfPage\":{\"@id\":\"https:\\\/\\\/www.eldiario.net\\\/portal\\\/2023\\\/03\\\/14\\\/poblacion-debe-pedir-unidad-a-clase-politica\\\/#primaryimage\"},\"image\":{\"@id\":\"https:\\\/\\\/www.eldiario.net\\\/portal\\\/2023\\\/03\\\/14\\\/poblacion-debe-pedir-unidad-a-clase-politica\\\/#primaryimage\"},\"thumbnailUrl\":\"\",\"datePublished\":\"2023-03-14T10:25:12+00:00\",\"breadcrumb\":{\"@id\":\"https:\\\/\\\/www.eldiario.net\\\/portal\\\/2023\\\/03\\\/14\\\/poblacion-debe-pedir-unidad-a-clase-politica\\\/#breadcrumb\"},\"inLanguage\":\"es\",\"potentialAction\":[{\"@type\":\"ReadAction\",\"target\":[\"https:\\\/\\\/www.eldiario.net\\\/portal\\\/2023\\\/03\\\/14\\\/poblacion-debe-pedir-unidad-a-clase-politica\\\/\"]}]},{\"@type\":\"ImageObject\",\"inLanguage\":\"es\",\"@id\":\"https:\\\/\\\/www.eldiario.net\\\/portal\\\/2023\\\/03\\\/14\\\/poblacion-debe-pedir-unidad-a-clase-politica\\\/#primaryimage\",\"url\":\"\",\"contentUrl\":\"\"},{\"@type\":\"BreadcrumbList\",\"@id\":\"https:\\\/\\\/www.eldiario.net\\\/portal\\\/2023\\\/03\\\/14\\\/poblacion-debe-pedir-unidad-a-clase-politica\\\/#breadcrumb\",\"itemListElement\":[{\"@type\":\"ListItem\",\"position\":1,\"name\":\"Portada\",\"item\":\"https:\\\/\\\/www.eldiario.net\\\/portal\\\/\"},{\"@type\":\"ListItem\",\"position\":2,\"name\":\"Poblaci\u00f3n debe pedir unidad a clase pol\u00edtica\"}]},{\"@type\":\"WebSite\",\"@id\":\"https:\\\/\\\/www.eldiario.net\\\/portal\\\/#website\",\"url\":\"https:\\\/\\\/www.eldiario.net\\\/portal\\\/\",\"name\":\"El Diario - Decano de la prensa nacional\",\"description\":\"El Diario - Decano de la prensa nacional\",\"publisher\":{\"@id\":\"https:\\\/\\\/www.eldiario.net\\\/portal\\\/#organization\"},\"potentialAction\":[{\"@type\":\"SearchAction\",\"target\":{\"@type\":\"EntryPoint\",\"urlTemplate\":\"https:\\\/\\\/www.eldiario.net\\\/portal\\\/?s={search_term_string}\"},\"query-input\":{\"@type\":\"PropertyValueSpecification\",\"valueRequired\":true,\"valueName\":\"search_term_string\"}}],\"inLanguage\":\"es\"},{\"@type\":\"Organization\",\"@id\":\"https:\\\/\\\/www.eldiario.net\\\/portal\\\/#organization\",\"name\":\"El Diario - Decano de la prensa nacional\",\"url\":\"https:\\\/\\\/www.eldiario.net\\\/portal\\\/\",\"logo\":{\"@type\":\"ImageObject\",\"inLanguage\":\"es\",\"@id\":\"https:\\\/\\\/www.eldiario.net\\\/portal\\\/#\\\/schema\\\/logo\\\/image\\\/\",\"url\":\"https:\\\/\\\/www.eldiario.net\\\/portal\\\/wp-content\\\/uploads\\\/2023\\\/07\\\/logo_ED.jpg\",\"contentUrl\":\"https:\\\/\\\/www.eldiario.net\\\/portal\\\/wp-content\\\/uploads\\\/2023\\\/07\\\/logo_ED.jpg\",\"width\":272,\"height\":52,\"caption\":\"El Diario - Decano de la prensa nacional\"},\"image\":{\"@id\":\"https:\\\/\\\/www.eldiario.net\\\/portal\\\/#\\\/schema\\\/logo\\\/image\\\/\"},\"sameAs\":[\"https:\\\/\\\/www.facebook.com\\\/eldiario.bolivia\\\/\",\"https:\\\/\\\/x.com\\\/eldiario_net\"]},{\"@type\":\"Person\",\"@id\":\"https:\\\/\\\/www.eldiario.net\\\/portal\\\/#\\\/schema\\\/person\\\/f46445640444750d7d753ccd04ae01b7\",\"name\":\"Jeanette\",\"image\":{\"@type\":\"ImageObject\",\"inLanguage\":\"es\",\"@id\":\"https:\\\/\\\/secure.gravatar.com\\\/avatar\\\/3ea2118a5f7dad2b7138b1187a6b7ee55f160b9968b66013c3a3ef39dd7e5798?s=96&d=mm&r=g\",\"url\":\"https:\\\/\\\/secure.gravatar.com\\\/avatar\\\/3ea2118a5f7dad2b7138b1187a6b7ee55f160b9968b66013c3a3ef39dd7e5798?s=96&d=mm&r=g\",\"contentUrl\":\"https:\\\/\\\/secure.gravatar.com\\\/avatar\\\/3ea2118a5f7dad2b7138b1187a6b7ee55f160b9968b66013c3a3ef39dd7e5798?s=96&d=mm&r=g\",\"caption\":\"Jeanette\"},\"sameAs\":[\"https:\\\/\\\/www.eldiario.net\\\/portal\"],\"url\":\"https:\\\/\\\/www.eldiario.net\\\/portal\\\/author\\\/jeanette\\\/\"}]}<\/script>\n<!-- \/ Yoast SEO plugin. -->","yoast_head_json":{"title":"Poblaci\u00f3n debe pedir unidad a clase pol\u00edtica - El Diario - Bolivia","robots":{"index":"index","follow":"follow","max-snippet":"max-snippet:-1","max-image-preview":"max-image-preview:large","max-video-preview":"max-video-preview:-1"},"canonical":"https:\/\/www.eldiario.net\/portal\/2023\/03\/14\/poblacion-debe-pedir-unidad-a-clase-politica\/","og_locale":"es_ES","og_type":"article","og_title":"Poblaci\u00f3n debe pedir unidad a clase pol\u00edtica - El Diario - Bolivia","og_description":"Asegurando que en el pa\u00eds la justicia a ha sido reemplazada por un \u201csicariato masista\u201d y que las instituciones del Estado se encuentran bajo el poder totalitario del Gobierno central, la expresidenta del Estado, Jeanine A\u00f1ez Ch\u00e1vez, sostuvo que la injusticia y la persecuci\u00f3n pol\u00edtica, debe ser suficiente motivo para que la poblaci\u00f3n exija unidad [&hellip;]","og_url":"https:\/\/www.eldiario.net\/portal\/2023\/03\/14\/poblacion-debe-pedir-unidad-a-clase-politica\/","og_site_name":"El Diario - Bolivia","article_publisher":"https:\/\/www.facebook.com\/eldiario.bolivia\/","article_published_time":"2023-03-14T10:25:12+00:00","author":"Jeanette","twitter_card":"summary_large_image","twitter_creator":"@eldiario_net","twitter_site":"@eldiario_net","twitter_misc":{"Escrito por":"Jeanette","Tiempo de lectura":"2 minutos"},"schema":{"@context":"https:\/\/schema.org","@graph":[{"@type":"Article","@id":"https:\/\/www.eldiario.net\/portal\/2023\/03\/14\/poblacion-debe-pedir-unidad-a-clase-politica\/#article","isPartOf":{"@id":"https:\/\/www.eldiario.net\/portal\/2023\/03\/14\/poblacion-debe-pedir-unidad-a-clase-politica\/"},"author":{"name":"Jeanette","@id":"https:\/\/www.eldiario.net\/portal\/#\/schema\/person\/f46445640444750d7d753ccd04ae01b7"},"headline":"Poblaci\u00f3n debe pedir unidad a clase pol\u00edtica","datePublished":"2023-03-14T10:25:12+00:00","mainEntityOfPage":{"@id":"https:\/\/www.eldiario.net\/portal\/2023\/03\/14\/poblacion-debe-pedir-unidad-a-clase-politica\/"},"wordCount":352,"publisher":{"@id":"https:\/\/www.eldiario.net\/portal\/#organization"},"image":{"@id":"https:\/\/www.eldiario.net\/portal\/2023\/03\/14\/poblacion-debe-pedir-unidad-a-clase-politica\/#primaryimage"},"thumbnailUrl":"","articleSection":["Pol\u00edtica"],"inLanguage":"es"},{"@type":"WebPage","@id":"https:\/\/www.eldiario.net\/portal\/2023\/03\/14\/poblacion-debe-pedir-unidad-a-clase-politica\/","url":"https:\/\/www.eldiario.net\/portal\/2023\/03\/14\/poblacion-debe-pedir-unidad-a-clase-politica\/","name":"Poblaci\u00f3n debe pedir unidad a clase pol\u00edtica - El Diario - Bolivia","isPartOf":{"@id":"https:\/\/www.eldiario.net\/portal\/#website"},"primaryImageOfPage":{"@id":"https:\/\/www.eldiario.net\/portal\/2023\/03\/14\/poblacion-debe-pedir-unidad-a-clase-politica\/#primaryimage"},"image":{"@id":"https:\/\/www.eldiario.net\/portal\/2023\/03\/14\/poblacion-debe-pedir-unidad-a-clase-politica\/#primaryimage"},"thumbnailUrl":"","datePublished":"2023-03-14T10:25:12+00:00","breadcrumb":{"@id":"https:\/\/www.eldiario.net\/portal\/2023\/03\/14\/poblacion-debe-pedir-unidad-a-clase-politica\/#breadcrumb"},"inLanguage":"es","potentialAction":[{"@type":"ReadAction","target":["https:\/\/www.eldiario.net\/portal\/2023\/03\/14\/poblacion-debe-pedir-unidad-a-clase-politica\/"]}]},{"@type":"ImageObject","inLanguage":"es","@id":"https:\/\/www.eldiario.net\/portal\/2023\/03\/14\/poblacion-debe-pedir-unidad-a-clase-politica\/#primaryimage","url":"","contentUrl":""},{"@type":"BreadcrumbList","@id":"https:\/\/www.eldiario.net\/portal\/2023\/03\/14\/poblacion-debe-pedir-unidad-a-clase-politica\/#breadcrumb","itemListElement":[{"@type":"ListItem","position":1,"name":"Portada","item":"https:\/\/www.eldiario.net\/portal\/"},{"@type":"ListItem","position":2,"name":"Poblaci\u00f3n debe pedir unidad a clase pol\u00edtica"}]},{"@type":"WebSite","@id":"https:\/\/www.eldiario.net\/portal\/#website","url":"https:\/\/www.eldiario.net\/portal\/","name":"El Diario - Decano de la prensa nacional","description":"El Diario - Decano de la prensa nacional","publisher":{"@id":"https:\/\/www.eldiario.net\/portal\/#organization"},"potentialAction":[{"@type":"SearchAction","target":{"@type":"EntryPoint","urlTemplate":"https:\/\/www.eldiario.net\/portal\/?s={search_term_string}"},"query-input":{"@type":"PropertyValueSpecification","valueRequired":true,"valueName":"search_term_string"}}],"inLanguage":"es"},{"@type":"Organization","@id":"https:\/\/www.eldiario.net\/portal\/#organization","name":"El Diario - Decano de la prensa nacional","url":"https:\/\/www.eldiario.net\/portal\/","logo":{"@type":"ImageObject","inLanguage":"es","@id":"https:\/\/www.eldiario.net\/portal\/#\/schema\/logo\/image\/","url":"https:\/\/www.eldiario.net\/portal\/wp-content\/uploads\/2023\/07\/logo_ED.jpg","contentUrl":"https:\/\/www.eldiario.net\/portal\/wp-content\/uploads\/2023\/07\/logo_ED.jpg","width":272,"height":52,"caption":"El Diario - Decano de la prensa nacional"},"image":{"@id":"https:\/\/www.eldiario.net\/portal\/#\/schema\/logo\/image\/"},"sameAs":["https:\/\/www.facebook.com\/eldiario.bolivia\/","https:\/\/x.com\/eldiario_net"]},{"@type":"Person","@id":"https:\/\/www.eldiario.net\/portal\/#\/schema\/person\/f46445640444750d7d753ccd04ae01b7","name":"Jeanette","image":{"@type":"ImageObject","inLanguage":"es","@id":"https:\/\/secure.gravatar.com\/avatar\/3ea2118a5f7dad2b7138b1187a6b7ee55f160b9968b66013c3a3ef39dd7e5798?s=96&d=mm&r=g","url":"https:\/\/secure.gravatar.com\/avatar\/3ea2118a5f7dad2b7138b1187a6b7ee55f160b9968b66013c3a3ef39dd7e5798?s=96&d=mm&r=g","contentUrl":"https:\/\/secure.gravatar.com\/avatar\/3ea2118a5f7dad2b7138b1187a6b7ee55f160b9968b66013c3a3ef39dd7e5798?s=96&d=mm&r=g","caption":"Jeanette"},"sameAs":["https:\/\/www.eldiario.net\/portal"],"url":"https:\/\/www.eldiario.net\/portal\/author\/jeanette\/"}]}},"_links":{"self":[{"href":"https:\/\/www.eldiario.net\/portal\/wp-json\/wp\/v2\/posts\/143068","targetHints":{"allow":["GET"]}}],"collection":[{"href":"https:\/\/www.eldiario.net\/portal\/wp-json\/wp\/v2\/posts"}],"about":[{"href":"https:\/\/www.eldiario.net\/portal\/wp-json\/wp\/v2\/types\/post"}],"author":[{"embeddable":true,"href":"https:\/\/www.eldiario.net\/portal\/wp-json\/wp\/v2\/users\/1"}],"replies":[{"embeddable":true,"href":"https:\/\/www.eldiario.net\/portal\/wp-json\/wp\/v2\/comments?post=143068"}],"version-history":[{"count":0,"href":"https:\/\/www.eldiario.net\/portal\/wp-json\/wp\/v2\/posts\/143068\/revisions"}],"wp:attachment":[{"href":"https:\/\/www.eldiario.net\/portal\/wp-json\/wp\/v2\/media?parent=143068"}],"wp:term":[{"taxonomy":"category","embeddable":true,"href":"https:\/\/www.eldiario.net\/portal\/wp-json\/wp\/v2\/categories?post=143068"},{"taxonomy":"post_tag","embeddable":true,"href":"https:\/\/www.eldiario.net\/portal\/wp-json\/wp\/v2\/tags?post=143068"}],"curies":[{"name":"wp","href":"https:\/\/api.w.org\/{rel}","templated":true}]}}