{"id":143065,"date":"2023-03-14T06:24:14","date_gmt":"2023-03-14T10:24:14","guid":{"rendered":"https:\/\/www.eldiario.net\/portal\/?p=143065"},"modified":"2023-03-14T06:24:14","modified_gmt":"2023-03-14T10:24:14","slug":"rechazo-a-morales-ya-es-generalizado-en-todo-el-pais","status":"publish","type":"post","link":"https:\/\/www.eldiario.net\/portal\/2023\/03\/14\/rechazo-a-morales-ya-es-generalizado-en-todo-el-pais\/","title":{"rendered":"Rechazo a Morales ya es  generalizado en todo el pa\u00eds"},"content":{"rendered":"<p>Tras los incidentes en los que pobladores de los Yungas rechazaron la presencia del expresidente, Evo Morales, mediante bloqueos y declaratorias de persona no grata durante el fin de semana, opositores se\u00f1alaron que el repudio y la resistencia a la presencia de la exautoridad se va generalizando en todo el pa\u00eds.<\/p>\n<p>Para el diputado por Comunidad Ciudadana, Alberto Astorga, el repudio a de la poblaci\u00f3n yungue\u00f1a hacia la exautoridad solo confirma el rechazo al dirigente cocalero en diferentes puntos del pa\u00eds, a causa de la persecuci\u00f3n pol\u00edtica y la violaci\u00f3n de la Constituci\u00f3n durante su gesti\u00f3n.<\/p>\n<p>\u201cEl rechazo a Evo Morales es porque impuls\u00f3 un mercado paralelo de coca, vulnerando la ley, lo que demuestra que la exautoridad es resistida en varios lugares del pa\u00eds por los delitos que cometi\u00f3, a estas alturas deber\u00eda pensar en volver a escapar a M\u00e9xico\u201d, dijo.<\/p>\n<p>Por su parte, el presidente del Concejo Municipal de la ciudad de El Alto, Rogelio Maldonado, sostuvo que la exautoridad debe aceptar que existe rechazo hacia su persona no solo en la regi\u00f3n de los Yungas sino en gran parte del territorio nacional a causa de su proceder en 14 a\u00f1os de Gobierno.<\/p>\n<p>\u201cSi no ser\u00e1 el 100%, por lo menos un 80% de la poblaci\u00f3n ya no quiere saber nada de don Evo Morales. La mentalidad de la poblaci\u00f3n ha cambiado\u201d, sostuvo la autoridad edil.<\/p>\n<p>Desde el oficialismo, la diputada Gladys Quispe, trat\u00f3 de minimizar los incidentes del fin de semana en la poblaci\u00f3n de La Asunta se\u00f1alando que se trataron de actos provocados por personas cercanas a la oposici\u00f3n.<\/p>\n<p>\u201cEste grupo de 20 personas son aliados de la oposici\u00f3n y en su momento han recibido a Fernando Camacho en Adepcoca. Lamentablemente estas personas no respetan el estado de derecho\u201d, dijo la legisladora, llamando autoridades a abrir una investigaci\u00f3n al respecto.<\/p>\n","protected":false},"excerpt":{"rendered":"<p>Tras los incidentes en los que pobladores de los Yungas rechazaron la presencia del expresidente, Evo Morales, mediante bloqueos y declaratorias de persona no grata durante el fin de semana, opositores se\u00f1alaron que el repudio y la resistencia a la presencia de la exautoridad se va generalizando en todo el pa\u00eds. Para el diputado por [&hellip;]<\/p>\n","protected":false},"author":1,"featured_media":143066,"comment_status":"closed","ping_status":"closed","sticky":false,"template":"","format":"standard","meta":{"_acf_changed":false,"footnotes":""},"categories":[14],"tags":[],"class_list":["post-143065","post","type-post","status-publish","format-standard","has-post-thumbnail","category-politica"],"acf":{"antetitulo":""},"yoast_head":"<!-- This site is optimized with the Yoast SEO plugin v28.4 - https:\/\/yoast.com\/product\/yoast-seo-wordpress\/ -->\n<title>Rechazo a Morales ya es generalizado en todo el pa\u00eds - El Diario - Bolivia<\/title>\n<meta name=\"robots\" content=\"index, follow, max-snippet:-1, max-image-preview:large, max-video-preview:-1\" \/>\n<link rel=\"canonical\" href=\"https:\/\/www.eldiario.net\/portal\/2023\/03\/14\/rechazo-a-morales-ya-es-generalizado-en-todo-el-pais\/\" \/>\n<meta property=\"og:locale\" content=\"es_ES\" \/>\n<meta property=\"og:type\" content=\"article\" \/>\n<meta property=\"og:title\" content=\"Rechazo a Morales ya es generalizado en todo el pa\u00eds - El Diario - Bolivia\" \/>\n<meta property=\"og:description\" content=\"Tras los incidentes en los que pobladores de los Yungas rechazaron la presencia del expresidente, Evo Morales, mediante bloqueos y declaratorias de persona no grata durante el fin de semana, opositores se\u00f1alaron que el repudio y la resistencia a la presencia de la exautoridad se va generalizando en todo el pa\u00eds. Para el diputado por [&hellip;]\" \/>\n<meta property=\"og:url\" content=\"https:\/\/www.eldiario.net\/portal\/2023\/03\/14\/rechazo-a-morales-ya-es-generalizado-en-todo-el-pais\/\" \/>\n<meta property=\"og:site_name\" content=\"El Diario - Bolivia\" \/>\n<meta property=\"article:publisher\" content=\"https:\/\/www.facebook.com\/eldiario.bolivia\/\" \/>\n<meta property=\"article:published_time\" content=\"2023-03-14T10:24:14+00:00\" \/>\n<meta name=\"author\" content=\"Jeanette\" \/>\n<meta name=\"twitter:card\" content=\"summary_large_image\" \/>\n<meta name=\"twitter:creator\" content=\"@eldiario_net\" \/>\n<meta name=\"twitter:site\" content=\"@eldiario_net\" \/>\n<meta name=\"twitter:label1\" content=\"Escrito por\" \/>\n\t<meta name=\"twitter:data1\" content=\"Jeanette\" \/>\n\t<meta name=\"twitter:label2\" content=\"Tiempo de lectura\" \/>\n\t<meta name=\"twitter:data2\" content=\"2 minutos\" \/>\n<script type=\"application\/ld+json\" class=\"yoast-schema-graph\">{\"@context\":\"https:\\\/\\\/schema.org\",\"@graph\":[{\"@type\":\"Article\",\"@id\":\"https:\\\/\\\/www.eldiario.net\\\/portal\\\/2023\\\/03\\\/14\\\/rechazo-a-morales-ya-es-generalizado-en-todo-el-pais\\\/#article\",\"isPartOf\":{\"@id\":\"https:\\\/\\\/www.eldiario.net\\\/portal\\\/2023\\\/03\\\/14\\\/rechazo-a-morales-ya-es-generalizado-en-todo-el-pais\\\/\"},\"author\":{\"name\":\"Jeanette\",\"@id\":\"https:\\\/\\\/www.eldiario.net\\\/portal\\\/#\\\/schema\\\/person\\\/f46445640444750d7d753ccd04ae01b7\"},\"headline\":\"Rechazo a Morales ya es generalizado en todo el pa\u00eds\",\"datePublished\":\"2023-03-14T10:24:14+00:00\",\"mainEntityOfPage\":{\"@id\":\"https:\\\/\\\/www.eldiario.net\\\/portal\\\/2023\\\/03\\\/14\\\/rechazo-a-morales-ya-es-generalizado-en-todo-el-pais\\\/\"},\"wordCount\":333,\"publisher\":{\"@id\":\"https:\\\/\\\/www.eldiario.net\\\/portal\\\/#organization\"},\"image\":{\"@id\":\"https:\\\/\\\/www.eldiario.net\\\/portal\\\/2023\\\/03\\\/14\\\/rechazo-a-morales-ya-es-generalizado-en-todo-el-pais\\\/#primaryimage\"},\"thumbnailUrl\":\"\",\"articleSection\":[\"Pol\u00edtica\"],\"inLanguage\":\"es\"},{\"@type\":\"WebPage\",\"@id\":\"https:\\\/\\\/www.eldiario.net\\\/portal\\\/2023\\\/03\\\/14\\\/rechazo-a-morales-ya-es-generalizado-en-todo-el-pais\\\/\",\"url\":\"https:\\\/\\\/www.eldiario.net\\\/portal\\\/2023\\\/03\\\/14\\\/rechazo-a-morales-ya-es-generalizado-en-todo-el-pais\\\/\",\"name\":\"Rechazo a Morales ya es generalizado en todo el pa\u00eds - El Diario - Bolivia\",\"isPartOf\":{\"@id\":\"https:\\\/\\\/www.eldiario.net\\\/portal\\\/#website\"},\"primaryImageOfPage\":{\"@id\":\"https:\\\/\\\/www.eldiario.net\\\/portal\\\/2023\\\/03\\\/14\\\/rechazo-a-morales-ya-es-generalizado-en-todo-el-pais\\\/#primaryimage\"},\"image\":{\"@id\":\"https:\\\/\\\/www.eldiario.net\\\/portal\\\/2023\\\/03\\\/14\\\/rechazo-a-morales-ya-es-generalizado-en-todo-el-pais\\\/#primaryimage\"},\"thumbnailUrl\":\"\",\"datePublished\":\"2023-03-14T10:24:14+00:00\",\"breadcrumb\":{\"@id\":\"https:\\\/\\\/www.eldiario.net\\\/portal\\\/2023\\\/03\\\/14\\\/rechazo-a-morales-ya-es-generalizado-en-todo-el-pais\\\/#breadcrumb\"},\"inLanguage\":\"es\",\"potentialAction\":[{\"@type\":\"ReadAction\",\"target\":[\"https:\\\/\\\/www.eldiario.net\\\/portal\\\/2023\\\/03\\\/14\\\/rechazo-a-morales-ya-es-generalizado-en-todo-el-pais\\\/\"]}]},{\"@type\":\"ImageObject\",\"inLanguage\":\"es\",\"@id\":\"https:\\\/\\\/www.eldiario.net\\\/portal\\\/2023\\\/03\\\/14\\\/rechazo-a-morales-ya-es-generalizado-en-todo-el-pais\\\/#primaryimage\",\"url\":\"\",\"contentUrl\":\"\"},{\"@type\":\"BreadcrumbList\",\"@id\":\"https:\\\/\\\/www.eldiario.net\\\/portal\\\/2023\\\/03\\\/14\\\/rechazo-a-morales-ya-es-generalizado-en-todo-el-pais\\\/#breadcrumb\",\"itemListElement\":[{\"@type\":\"ListItem\",\"position\":1,\"name\":\"Portada\",\"item\":\"https:\\\/\\\/www.eldiario.net\\\/portal\\\/\"},{\"@type\":\"ListItem\",\"position\":2,\"name\":\"Rechazo a Morales ya es generalizado en todo el pa\u00eds\"}]},{\"@type\":\"WebSite\",\"@id\":\"https:\\\/\\\/www.eldiario.net\\\/portal\\\/#website\",\"url\":\"https:\\\/\\\/www.eldiario.net\\\/portal\\\/\",\"name\":\"El Diario - Decano de la prensa nacional\",\"description\":\"El Diario - Decano de la prensa nacional\",\"publisher\":{\"@id\":\"https:\\\/\\\/www.eldiario.net\\\/portal\\\/#organization\"},\"potentialAction\":[{\"@type\":\"SearchAction\",\"target\":{\"@type\":\"EntryPoint\",\"urlTemplate\":\"https:\\\/\\\/www.eldiario.net\\\/portal\\\/?s={search_term_string}\"},\"query-input\":{\"@type\":\"PropertyValueSpecification\",\"valueRequired\":true,\"valueName\":\"search_term_string\"}}],\"inLanguage\":\"es\"},{\"@type\":\"Organization\",\"@id\":\"https:\\\/\\\/www.eldiario.net\\\/portal\\\/#organization\",\"name\":\"El Diario - Decano de la prensa nacional\",\"url\":\"https:\\\/\\\/www.eldiario.net\\\/portal\\\/\",\"logo\":{\"@type\":\"ImageObject\",\"inLanguage\":\"es\",\"@id\":\"https:\\\/\\\/www.eldiario.net\\\/portal\\\/#\\\/schema\\\/logo\\\/image\\\/\",\"url\":\"https:\\\/\\\/www.eldiario.net\\\/portal\\\/wp-content\\\/uploads\\\/2023\\\/07\\\/logo_ED.jpg\",\"contentUrl\":\"https:\\\/\\\/www.eldiario.net\\\/portal\\\/wp-content\\\/uploads\\\/2023\\\/07\\\/logo_ED.jpg\",\"width\":272,\"height\":52,\"caption\":\"El Diario - Decano de la prensa nacional\"},\"image\":{\"@id\":\"https:\\\/\\\/www.eldiario.net\\\/portal\\\/#\\\/schema\\\/logo\\\/image\\\/\"},\"sameAs\":[\"https:\\\/\\\/www.facebook.com\\\/eldiario.bolivia\\\/\",\"https:\\\/\\\/x.com\\\/eldiario_net\"]},{\"@type\":\"Person\",\"@id\":\"https:\\\/\\\/www.eldiario.net\\\/portal\\\/#\\\/schema\\\/person\\\/f46445640444750d7d753ccd04ae01b7\",\"name\":\"Jeanette\",\"image\":{\"@type\":\"ImageObject\",\"inLanguage\":\"es\",\"@id\":\"https:\\\/\\\/secure.gravatar.com\\\/avatar\\\/3ea2118a5f7dad2b7138b1187a6b7ee55f160b9968b66013c3a3ef39dd7e5798?s=96&d=mm&r=g\",\"url\":\"https:\\\/\\\/secure.gravatar.com\\\/avatar\\\/3ea2118a5f7dad2b7138b1187a6b7ee55f160b9968b66013c3a3ef39dd7e5798?s=96&d=mm&r=g\",\"contentUrl\":\"https:\\\/\\\/secure.gravatar.com\\\/avatar\\\/3ea2118a5f7dad2b7138b1187a6b7ee55f160b9968b66013c3a3ef39dd7e5798?s=96&d=mm&r=g\",\"caption\":\"Jeanette\"},\"sameAs\":[\"https:\\\/\\\/www.eldiario.net\\\/portal\"],\"url\":\"https:\\\/\\\/www.eldiario.net\\\/portal\\\/author\\\/jeanette\\\/\"}]}<\/script>\n<!-- \/ Yoast SEO plugin. -->","yoast_head_json":{"title":"Rechazo a Morales ya es generalizado en todo el pa\u00eds - El Diario - Bolivia","robots":{"index":"index","follow":"follow","max-snippet":"max-snippet:-1","max-image-preview":"max-image-preview:large","max-video-preview":"max-video-preview:-1"},"canonical":"https:\/\/www.eldiario.net\/portal\/2023\/03\/14\/rechazo-a-morales-ya-es-generalizado-en-todo-el-pais\/","og_locale":"es_ES","og_type":"article","og_title":"Rechazo a Morales ya es generalizado en todo el pa\u00eds - El Diario - Bolivia","og_description":"Tras los incidentes en los que pobladores de los Yungas rechazaron la presencia del expresidente, Evo Morales, mediante bloqueos y declaratorias de persona no grata durante el fin de semana, opositores se\u00f1alaron que el repudio y la resistencia a la presencia de la exautoridad se va generalizando en todo el pa\u00eds. Para el diputado por [&hellip;]","og_url":"https:\/\/www.eldiario.net\/portal\/2023\/03\/14\/rechazo-a-morales-ya-es-generalizado-en-todo-el-pais\/","og_site_name":"El Diario - Bolivia","article_publisher":"https:\/\/www.facebook.com\/eldiario.bolivia\/","article_published_time":"2023-03-14T10:24:14+00:00","author":"Jeanette","twitter_card":"summary_large_image","twitter_creator":"@eldiario_net","twitter_site":"@eldiario_net","twitter_misc":{"Escrito por":"Jeanette","Tiempo de lectura":"2 minutos"},"schema":{"@context":"https:\/\/schema.org","@graph":[{"@type":"Article","@id":"https:\/\/www.eldiario.net\/portal\/2023\/03\/14\/rechazo-a-morales-ya-es-generalizado-en-todo-el-pais\/#article","isPartOf":{"@id":"https:\/\/www.eldiario.net\/portal\/2023\/03\/14\/rechazo-a-morales-ya-es-generalizado-en-todo-el-pais\/"},"author":{"name":"Jeanette","@id":"https:\/\/www.eldiario.net\/portal\/#\/schema\/person\/f46445640444750d7d753ccd04ae01b7"},"headline":"Rechazo a Morales ya es generalizado en todo el pa\u00eds","datePublished":"2023-03-14T10:24:14+00:00","mainEntityOfPage":{"@id":"https:\/\/www.eldiario.net\/portal\/2023\/03\/14\/rechazo-a-morales-ya-es-generalizado-en-todo-el-pais\/"},"wordCount":333,"publisher":{"@id":"https:\/\/www.eldiario.net\/portal\/#organization"},"image":{"@id":"https:\/\/www.eldiario.net\/portal\/2023\/03\/14\/rechazo-a-morales-ya-es-generalizado-en-todo-el-pais\/#primaryimage"},"thumbnailUrl":"","articleSection":["Pol\u00edtica"],"inLanguage":"es"},{"@type":"WebPage","@id":"https:\/\/www.eldiario.net\/portal\/2023\/03\/14\/rechazo-a-morales-ya-es-generalizado-en-todo-el-pais\/","url":"https:\/\/www.eldiario.net\/portal\/2023\/03\/14\/rechazo-a-morales-ya-es-generalizado-en-todo-el-pais\/","name":"Rechazo a Morales ya es generalizado en todo el pa\u00eds - El Diario - Bolivia","isPartOf":{"@id":"https:\/\/www.eldiario.net\/portal\/#website"},"primaryImageOfPage":{"@id":"https:\/\/www.eldiario.net\/portal\/2023\/03\/14\/rechazo-a-morales-ya-es-generalizado-en-todo-el-pais\/#primaryimage"},"image":{"@id":"https:\/\/www.eldiario.net\/portal\/2023\/03\/14\/rechazo-a-morales-ya-es-generalizado-en-todo-el-pais\/#primaryimage"},"thumbnailUrl":"","datePublished":"2023-03-14T10:24:14+00:00","breadcrumb":{"@id":"https:\/\/www.eldiario.net\/portal\/2023\/03\/14\/rechazo-a-morales-ya-es-generalizado-en-todo-el-pais\/#breadcrumb"},"inLanguage":"es","potentialAction":[{"@type":"ReadAction","target":["https:\/\/www.eldiario.net\/portal\/2023\/03\/14\/rechazo-a-morales-ya-es-generalizado-en-todo-el-pais\/"]}]},{"@type":"ImageObject","inLanguage":"es","@id":"https:\/\/www.eldiario.net\/portal\/2023\/03\/14\/rechazo-a-morales-ya-es-generalizado-en-todo-el-pais\/#primaryimage","url":"","contentUrl":""},{"@type":"BreadcrumbList","@id":"https:\/\/www.eldiario.net\/portal\/2023\/03\/14\/rechazo-a-morales-ya-es-generalizado-en-todo-el-pais\/#breadcrumb","itemListElement":[{"@type":"ListItem","position":1,"name":"Portada","item":"https:\/\/www.eldiario.net\/portal\/"},{"@type":"ListItem","position":2,"name":"Rechazo a Morales ya es generalizado en todo el pa\u00eds"}]},{"@type":"WebSite","@id":"https:\/\/www.eldiario.net\/portal\/#website","url":"https:\/\/www.eldiario.net\/portal\/","name":"El Diario - Decano de la prensa nacional","description":"El Diario - Decano de la prensa nacional","publisher":{"@id":"https:\/\/www.eldiario.net\/portal\/#organization"},"potentialAction":[{"@type":"SearchAction","target":{"@type":"EntryPoint","urlTemplate":"https:\/\/www.eldiario.net\/portal\/?s={search_term_string}"},"query-input":{"@type":"PropertyValueSpecification","valueRequired":true,"valueName":"search_term_string"}}],"inLanguage":"es"},{"@type":"Organization","@id":"https:\/\/www.eldiario.net\/portal\/#organization","name":"El Diario - Decano de la prensa nacional","url":"https:\/\/www.eldiario.net\/portal\/","logo":{"@type":"ImageObject","inLanguage":"es","@id":"https:\/\/www.eldiario.net\/portal\/#\/schema\/logo\/image\/","url":"https:\/\/www.eldiario.net\/portal\/wp-content\/uploads\/2023\/07\/logo_ED.jpg","contentUrl":"https:\/\/www.eldiario.net\/portal\/wp-content\/uploads\/2023\/07\/logo_ED.jpg","width":272,"height":52,"caption":"El Diario - Decano de la prensa nacional"},"image":{"@id":"https:\/\/www.eldiario.net\/portal\/#\/schema\/logo\/image\/"},"sameAs":["https:\/\/www.facebook.com\/eldiario.bolivia\/","https:\/\/x.com\/eldiario_net"]},{"@type":"Person","@id":"https:\/\/www.eldiario.net\/portal\/#\/schema\/person\/f46445640444750d7d753ccd04ae01b7","name":"Jeanette","image":{"@type":"ImageObject","inLanguage":"es","@id":"https:\/\/secure.gravatar.com\/avatar\/3ea2118a5f7dad2b7138b1187a6b7ee55f160b9968b66013c3a3ef39dd7e5798?s=96&d=mm&r=g","url":"https:\/\/secure.gravatar.com\/avatar\/3ea2118a5f7dad2b7138b1187a6b7ee55f160b9968b66013c3a3ef39dd7e5798?s=96&d=mm&r=g","contentUrl":"https:\/\/secure.gravatar.com\/avatar\/3ea2118a5f7dad2b7138b1187a6b7ee55f160b9968b66013c3a3ef39dd7e5798?s=96&d=mm&r=g","caption":"Jeanette"},"sameAs":["https:\/\/www.eldiario.net\/portal"],"url":"https:\/\/www.eldiario.net\/portal\/author\/jeanette\/"}]}},"_links":{"self":[{"href":"https:\/\/www.eldiario.net\/portal\/wp-json\/wp\/v2\/posts\/143065","targetHints":{"allow":["GET"]}}],"collection":[{"href":"https:\/\/www.eldiario.net\/portal\/wp-json\/wp\/v2\/posts"}],"about":[{"href":"https:\/\/www.eldiario.net\/portal\/wp-json\/wp\/v2\/types\/post"}],"author":[{"embeddable":true,"href":"https:\/\/www.eldiario.net\/portal\/wp-json\/wp\/v2\/users\/1"}],"replies":[{"embeddable":true,"href":"https:\/\/www.eldiario.net\/portal\/wp-json\/wp\/v2\/comments?post=143065"}],"version-history":[{"count":0,"href":"https:\/\/www.eldiario.net\/portal\/wp-json\/wp\/v2\/posts\/143065\/revisions"}],"wp:attachment":[{"href":"https:\/\/www.eldiario.net\/portal\/wp-json\/wp\/v2\/media?parent=143065"}],"wp:term":[{"taxonomy":"category","embeddable":true,"href":"https:\/\/www.eldiario.net\/portal\/wp-json\/wp\/v2\/categories?post=143065"},{"taxonomy":"post_tag","embeddable":true,"href":"https:\/\/www.eldiario.net\/portal\/wp-json\/wp\/v2\/tags?post=143065"}],"curies":[{"name":"wp","href":"https:\/\/api.w.org\/{rel}","templated":true}]}}