{"id":143059,"date":"2023-03-14T06:20:51","date_gmt":"2023-03-14T10:20:51","guid":{"rendered":"https:\/\/www.eldiario.net\/portal\/?p=143059"},"modified":"2023-03-14T06:20:51","modified_gmt":"2023-03-14T10:20:51","slug":"perito-del-idif-definira-si-hubo-delito-en-compra-de-ambulancias","status":"publish","type":"post","link":"https:\/\/www.eldiario.net\/portal\/2023\/03\/14\/perito-del-idif-definira-si-hubo-delito-en-compra-de-ambulancias\/","title":{"rendered":"Perito del IDIF definir\u00e1 si hubo  delito en compra de ambulancias"},"content":{"rendered":"<p>La Fiscal\u00eda de Potos\u00ed decidi\u00f3 la designaci\u00f3n de un perito del Instituto de Investigaciones Forenses (IDIF) para que sea \u00e9ste el que defina si hubo delito o no en la compra de las 41 ambulancias que realiz\u00f3 la Gobernaci\u00f3n de Potos\u00ed, los denunciantes denunciaron que la medida se trata de una estrategia para salvar la responsabilidad del gobernador de Potos\u00ed, Jhonny Mamani.<\/p>\n<p>\u201cNosotros estamos muy extra\u00f1ados porque entendemos que hay la suficiente prueba para poder establecer de que se han cometido il\u00edcitos y no solamente uno, sino muchos. En este proceso ha habido falsedad material, falsedad ideol\u00f3gica, contratos lesivos al Estado y otros il\u00edcitos m\u00e1s, pero lo extra\u00f1o es que el Ministerio P\u00fablico le est\u00e1 dando la responsabilidad a un perito porque el pedido es si en el proceso de licitaci\u00f3n y adjudicaci\u00f3n hubo irregularidades o delitos\u201d, denunci\u00f3 el asamble\u00edsta Oswaldo Flores en contacto con la ANF.<\/p>\n<p>En enero de 2022 se public\u00f3 la denuncia en contra del gobernador de Potos\u00ed, quien ser\u00eda el responsable de la compra de 41 ambulancias para luchar contra el covid-19.<\/p>\n<p>La Fiscal\u00eda potosina demor\u00f3 todos los actuados desde un principio. En octubre de 2022 se present\u00f3 la imputaci\u00f3n contra el Gobernador, pero no pidieron su detenci\u00f3n; en diciembre, dos meses despu\u00e9s, aceptaron el levantamiento de la detenci\u00f3n domiciliaria que ten\u00eda la primera autoridad del departamento. Ahora intenta salir del caso con un informe pericial.<\/p>\n<p>La presidenta del Comit\u00e9 C\u00edvico Potosinista (Comcipo), Roxana Graz, en contacto con la ANF, record\u00f3 que esta no es la primera vez que la Fiscal\u00eda utiliza la misma estrategia para liberar de responsabilidad a los culpables y dijo que ya hubo un caso de unas m\u00e1quinas de tejer que no serv\u00edan y pasaron como nuevas.<\/p>\n<p>\u201cEn un momento se entreg\u00f3 a las juntas vecinales m\u00e1quinas de tejer viejas, cuando (William) Cervantes era alcalde del Movimiento al Socialismo. \u00bfQu\u00e9 ha sucedido? Han utilizado peritos y luego los peritos han indicado que las m\u00e1quinas eran nuevas y el caso ha quedado en la nada, esa es una forma de operar de la justicia en Potos\u00ed\u201d, denunci\u00f3 la c\u00edvica regional.<\/p>\n<p>Seg\u00fan la explicaci\u00f3n de Oswaldo Flores, ellos, como parte del proceso, fueron notificados en sentido de que se designar\u00eda a los peritos del IDIF que analizar\u00edan todo el caso, aunque la investigaci\u00f3n ya estableci\u00f3 responsabilidades en una decena de funcionarios de la Gobernaci\u00f3n, adem\u00e1s de la primera autoridad y del secretario jur\u00eddico de ese despacho.<\/p>\n<p>El asamble\u00edsta tambi\u00e9n record\u00f3 que el propietario de la empresa Stefals Logistics, Luis Humberto Huanca Torrez, de 26 a\u00f1os, est\u00e1 detenido preventivamente en el penal de San Pedro en La Paz, acusado de otros delitos que no tienen nada que ver con la compra de las ambulancias. (ANF)<\/p>\n","protected":false},"excerpt":{"rendered":"<p>La Fiscal\u00eda de Potos\u00ed decidi\u00f3 la designaci\u00f3n de un perito del Instituto de Investigaciones Forenses (IDIF) para que sea \u00e9ste el que defina si hubo delito o no en la compra de las 41 ambulancias que realiz\u00f3 la Gobernaci\u00f3n de Potos\u00ed, los denunciantes denunciaron que la medida se trata de una estrategia para salvar la [&hellip;]<\/p>\n","protected":false},"author":1,"featured_media":143060,"comment_status":"closed","ping_status":"closed","sticky":false,"template":"","format":"standard","meta":{"_acf_changed":false,"footnotes":""},"categories":[39],"tags":[],"class_list":["post-143059","post","type-post","status-publish","format-standard","has-post-thumbnail","category-sociedad"],"acf":{"antetitulo":""},"yoast_head":"<!-- This site is optimized with the Yoast SEO plugin v28.4 - https:\/\/yoast.com\/product\/yoast-seo-wordpress\/ -->\n<title>Perito del IDIF definir\u00e1 si hubo delito en compra de ambulancias - El Diario - Bolivia<\/title>\n<meta name=\"robots\" content=\"index, follow, max-snippet:-1, max-image-preview:large, max-video-preview:-1\" \/>\n<link rel=\"canonical\" href=\"https:\/\/www.eldiario.net\/portal\/2023\/03\/14\/perito-del-idif-definira-si-hubo-delito-en-compra-de-ambulancias\/\" \/>\n<meta property=\"og:locale\" content=\"es_ES\" \/>\n<meta property=\"og:type\" content=\"article\" \/>\n<meta property=\"og:title\" content=\"Perito del IDIF definir\u00e1 si hubo delito en compra de ambulancias - El Diario - Bolivia\" \/>\n<meta property=\"og:description\" content=\"La Fiscal\u00eda de Potos\u00ed decidi\u00f3 la designaci\u00f3n de un perito del Instituto de Investigaciones Forenses (IDIF) para que sea \u00e9ste el que defina si hubo delito o no en la compra de las 41 ambulancias que realiz\u00f3 la Gobernaci\u00f3n de Potos\u00ed, los denunciantes denunciaron que la medida se trata de una estrategia para salvar la [&hellip;]\" \/>\n<meta property=\"og:url\" content=\"https:\/\/www.eldiario.net\/portal\/2023\/03\/14\/perito-del-idif-definira-si-hubo-delito-en-compra-de-ambulancias\/\" \/>\n<meta property=\"og:site_name\" content=\"El Diario - Bolivia\" \/>\n<meta property=\"article:publisher\" content=\"https:\/\/www.facebook.com\/eldiario.bolivia\/\" \/>\n<meta property=\"article:published_time\" content=\"2023-03-14T10:20:51+00:00\" \/>\n<meta property=\"og:image\" content=\"https:\/\/www.eldiario.net\/portal\/wp-content\/uploads\/2023\/03\/AMBULANCIA-FOTO.jpeg\" \/>\n\t<meta property=\"og:image:width\" content=\"750\" \/>\n\t<meta property=\"og:image:height\" content=\"420\" \/>\n\t<meta property=\"og:image:type\" content=\"image\/jpeg\" \/>\n<meta name=\"author\" content=\"Jeanette\" \/>\n<meta name=\"twitter:card\" content=\"summary_large_image\" \/>\n<meta name=\"twitter:creator\" content=\"@eldiario_net\" \/>\n<meta name=\"twitter:site\" content=\"@eldiario_net\" \/>\n<meta name=\"twitter:label1\" content=\"Escrito por\" \/>\n\t<meta name=\"twitter:data1\" content=\"Jeanette\" \/>\n\t<meta name=\"twitter:label2\" content=\"Tiempo de lectura\" \/>\n\t<meta name=\"twitter:data2\" content=\"3 minutos\" \/>\n<script type=\"application\/ld+json\" class=\"yoast-schema-graph\">{\"@context\":\"https:\\\/\\\/schema.org\",\"@graph\":[{\"@type\":\"Article\",\"@id\":\"https:\\\/\\\/www.eldiario.net\\\/portal\\\/2023\\\/03\\\/14\\\/perito-del-idif-definira-si-hubo-delito-en-compra-de-ambulancias\\\/#article\",\"isPartOf\":{\"@id\":\"https:\\\/\\\/www.eldiario.net\\\/portal\\\/2023\\\/03\\\/14\\\/perito-del-idif-definira-si-hubo-delito-en-compra-de-ambulancias\\\/\"},\"author\":{\"name\":\"Jeanette\",\"@id\":\"https:\\\/\\\/www.eldiario.net\\\/portal\\\/#\\\/schema\\\/person\\\/f46445640444750d7d753ccd04ae01b7\"},\"headline\":\"Perito del IDIF definir\u00e1 si hubo delito en compra de ambulancias\",\"datePublished\":\"2023-03-14T10:20:51+00:00\",\"mainEntityOfPage\":{\"@id\":\"https:\\\/\\\/www.eldiario.net\\\/portal\\\/2023\\\/03\\\/14\\\/perito-del-idif-definira-si-hubo-delito-en-compra-de-ambulancias\\\/\"},\"wordCount\":494,\"publisher\":{\"@id\":\"https:\\\/\\\/www.eldiario.net\\\/portal\\\/#organization\"},\"image\":{\"@id\":\"https:\\\/\\\/www.eldiario.net\\\/portal\\\/2023\\\/03\\\/14\\\/perito-del-idif-definira-si-hubo-delito-en-compra-de-ambulancias\\\/#primaryimage\"},\"thumbnailUrl\":\"https:\\\/\\\/www.eldiario.net\\\/portal\\\/wp-content\\\/uploads\\\/2023\\\/03\\\/AMBULANCIA-FOTO.jpeg\",\"articleSection\":[\"Sociedad - Seguridad\"],\"inLanguage\":\"es\"},{\"@type\":\"WebPage\",\"@id\":\"https:\\\/\\\/www.eldiario.net\\\/portal\\\/2023\\\/03\\\/14\\\/perito-del-idif-definira-si-hubo-delito-en-compra-de-ambulancias\\\/\",\"url\":\"https:\\\/\\\/www.eldiario.net\\\/portal\\\/2023\\\/03\\\/14\\\/perito-del-idif-definira-si-hubo-delito-en-compra-de-ambulancias\\\/\",\"name\":\"Perito del IDIF definir\u00e1 si hubo delito en compra de ambulancias - El Diario - Bolivia\",\"isPartOf\":{\"@id\":\"https:\\\/\\\/www.eldiario.net\\\/portal\\\/#website\"},\"primaryImageOfPage\":{\"@id\":\"https:\\\/\\\/www.eldiario.net\\\/portal\\\/2023\\\/03\\\/14\\\/perito-del-idif-definira-si-hubo-delito-en-compra-de-ambulancias\\\/#primaryimage\"},\"image\":{\"@id\":\"https:\\\/\\\/www.eldiario.net\\\/portal\\\/2023\\\/03\\\/14\\\/perito-del-idif-definira-si-hubo-delito-en-compra-de-ambulancias\\\/#primaryimage\"},\"thumbnailUrl\":\"https:\\\/\\\/www.eldiario.net\\\/portal\\\/wp-content\\\/uploads\\\/2023\\\/03\\\/AMBULANCIA-FOTO.jpeg\",\"datePublished\":\"2023-03-14T10:20:51+00:00\",\"breadcrumb\":{\"@id\":\"https:\\\/\\\/www.eldiario.net\\\/portal\\\/2023\\\/03\\\/14\\\/perito-del-idif-definira-si-hubo-delito-en-compra-de-ambulancias\\\/#breadcrumb\"},\"inLanguage\":\"es\",\"potentialAction\":[{\"@type\":\"ReadAction\",\"target\":[\"https:\\\/\\\/www.eldiario.net\\\/portal\\\/2023\\\/03\\\/14\\\/perito-del-idif-definira-si-hubo-delito-en-compra-de-ambulancias\\\/\"]}]},{\"@type\":\"ImageObject\",\"inLanguage\":\"es\",\"@id\":\"https:\\\/\\\/www.eldiario.net\\\/portal\\\/2023\\\/03\\\/14\\\/perito-del-idif-definira-si-hubo-delito-en-compra-de-ambulancias\\\/#primaryimage\",\"url\":\"https:\\\/\\\/www.eldiario.net\\\/portal\\\/wp-content\\\/uploads\\\/2023\\\/03\\\/AMBULANCIA-FOTO.jpeg\",\"contentUrl\":\"https:\\\/\\\/www.eldiario.net\\\/portal\\\/wp-content\\\/uploads\\\/2023\\\/03\\\/AMBULANCIA-FOTO.jpeg\",\"width\":750,\"height\":420,\"caption\":\"LAS 41 AMBULANCIAS QUE PRETEND\u00cdA ADQUIRIR LA GOBERNACI\u00d3N DE POTOS\u00cd CR\u00c9DITO: ANF\"},{\"@type\":\"BreadcrumbList\",\"@id\":\"https:\\\/\\\/www.eldiario.net\\\/portal\\\/2023\\\/03\\\/14\\\/perito-del-idif-definira-si-hubo-delito-en-compra-de-ambulancias\\\/#breadcrumb\",\"itemListElement\":[{\"@type\":\"ListItem\",\"position\":1,\"name\":\"Portada\",\"item\":\"https:\\\/\\\/www.eldiario.net\\\/portal\\\/\"},{\"@type\":\"ListItem\",\"position\":2,\"name\":\"Perito del IDIF definir\u00e1 si hubo delito en compra de ambulancias\"}]},{\"@type\":\"WebSite\",\"@id\":\"https:\\\/\\\/www.eldiario.net\\\/portal\\\/#website\",\"url\":\"https:\\\/\\\/www.eldiario.net\\\/portal\\\/\",\"name\":\"El Diario - Decano de la prensa nacional\",\"description\":\"El Diario - Decano de la prensa nacional\",\"publisher\":{\"@id\":\"https:\\\/\\\/www.eldiario.net\\\/portal\\\/#organization\"},\"potentialAction\":[{\"@type\":\"SearchAction\",\"target\":{\"@type\":\"EntryPoint\",\"urlTemplate\":\"https:\\\/\\\/www.eldiario.net\\\/portal\\\/?s={search_term_string}\"},\"query-input\":{\"@type\":\"PropertyValueSpecification\",\"valueRequired\":true,\"valueName\":\"search_term_string\"}}],\"inLanguage\":\"es\"},{\"@type\":\"Organization\",\"@id\":\"https:\\\/\\\/www.eldiario.net\\\/portal\\\/#organization\",\"name\":\"El Diario - Decano de la prensa nacional\",\"url\":\"https:\\\/\\\/www.eldiario.net\\\/portal\\\/\",\"logo\":{\"@type\":\"ImageObject\",\"inLanguage\":\"es\",\"@id\":\"https:\\\/\\\/www.eldiario.net\\\/portal\\\/#\\\/schema\\\/logo\\\/image\\\/\",\"url\":\"https:\\\/\\\/www.eldiario.net\\\/portal\\\/wp-content\\\/uploads\\\/2023\\\/07\\\/logo_ED.jpg\",\"contentUrl\":\"https:\\\/\\\/www.eldiario.net\\\/portal\\\/wp-content\\\/uploads\\\/2023\\\/07\\\/logo_ED.jpg\",\"width\":272,\"height\":52,\"caption\":\"El Diario - Decano de la prensa nacional\"},\"image\":{\"@id\":\"https:\\\/\\\/www.eldiario.net\\\/portal\\\/#\\\/schema\\\/logo\\\/image\\\/\"},\"sameAs\":[\"https:\\\/\\\/www.facebook.com\\\/eldiario.bolivia\\\/\",\"https:\\\/\\\/x.com\\\/eldiario_net\"]},{\"@type\":\"Person\",\"@id\":\"https:\\\/\\\/www.eldiario.net\\\/portal\\\/#\\\/schema\\\/person\\\/f46445640444750d7d753ccd04ae01b7\",\"name\":\"Jeanette\",\"image\":{\"@type\":\"ImageObject\",\"inLanguage\":\"es\",\"@id\":\"https:\\\/\\\/secure.gravatar.com\\\/avatar\\\/3ea2118a5f7dad2b7138b1187a6b7ee55f160b9968b66013c3a3ef39dd7e5798?s=96&d=mm&r=g\",\"url\":\"https:\\\/\\\/secure.gravatar.com\\\/avatar\\\/3ea2118a5f7dad2b7138b1187a6b7ee55f160b9968b66013c3a3ef39dd7e5798?s=96&d=mm&r=g\",\"contentUrl\":\"https:\\\/\\\/secure.gravatar.com\\\/avatar\\\/3ea2118a5f7dad2b7138b1187a6b7ee55f160b9968b66013c3a3ef39dd7e5798?s=96&d=mm&r=g\",\"caption\":\"Jeanette\"},\"sameAs\":[\"https:\\\/\\\/www.eldiario.net\\\/portal\"],\"url\":\"https:\\\/\\\/www.eldiario.net\\\/portal\\\/author\\\/jeanette\\\/\"}]}<\/script>\n<!-- \/ Yoast SEO plugin. -->","yoast_head_json":{"title":"Perito del IDIF definir\u00e1 si hubo delito en compra de ambulancias - El Diario - Bolivia","robots":{"index":"index","follow":"follow","max-snippet":"max-snippet:-1","max-image-preview":"max-image-preview:large","max-video-preview":"max-video-preview:-1"},"canonical":"https:\/\/www.eldiario.net\/portal\/2023\/03\/14\/perito-del-idif-definira-si-hubo-delito-en-compra-de-ambulancias\/","og_locale":"es_ES","og_type":"article","og_title":"Perito del IDIF definir\u00e1 si hubo delito en compra de ambulancias - El Diario - Bolivia","og_description":"La Fiscal\u00eda de Potos\u00ed decidi\u00f3 la designaci\u00f3n de un perito del Instituto de Investigaciones Forenses (IDIF) para que sea \u00e9ste el que defina si hubo delito o no en la compra de las 41 ambulancias que realiz\u00f3 la Gobernaci\u00f3n de Potos\u00ed, los denunciantes denunciaron que la medida se trata de una estrategia para salvar la [&hellip;]","og_url":"https:\/\/www.eldiario.net\/portal\/2023\/03\/14\/perito-del-idif-definira-si-hubo-delito-en-compra-de-ambulancias\/","og_site_name":"El Diario - Bolivia","article_publisher":"https:\/\/www.facebook.com\/eldiario.bolivia\/","article_published_time":"2023-03-14T10:20:51+00:00","og_image":[{"width":750,"height":420,"url":"https:\/\/www.eldiario.net\/portal\/wp-content\/uploads\/2023\/03\/AMBULANCIA-FOTO.jpeg","type":"image\/jpeg"}],"author":"Jeanette","twitter_card":"summary_large_image","twitter_creator":"@eldiario_net","twitter_site":"@eldiario_net","twitter_misc":{"Escrito por":"Jeanette","Tiempo de lectura":"3 minutos"},"schema":{"@context":"https:\/\/schema.org","@graph":[{"@type":"Article","@id":"https:\/\/www.eldiario.net\/portal\/2023\/03\/14\/perito-del-idif-definira-si-hubo-delito-en-compra-de-ambulancias\/#article","isPartOf":{"@id":"https:\/\/www.eldiario.net\/portal\/2023\/03\/14\/perito-del-idif-definira-si-hubo-delito-en-compra-de-ambulancias\/"},"author":{"name":"Jeanette","@id":"https:\/\/www.eldiario.net\/portal\/#\/schema\/person\/f46445640444750d7d753ccd04ae01b7"},"headline":"Perito del IDIF definir\u00e1 si hubo delito en compra de ambulancias","datePublished":"2023-03-14T10:20:51+00:00","mainEntityOfPage":{"@id":"https:\/\/www.eldiario.net\/portal\/2023\/03\/14\/perito-del-idif-definira-si-hubo-delito-en-compra-de-ambulancias\/"},"wordCount":494,"publisher":{"@id":"https:\/\/www.eldiario.net\/portal\/#organization"},"image":{"@id":"https:\/\/www.eldiario.net\/portal\/2023\/03\/14\/perito-del-idif-definira-si-hubo-delito-en-compra-de-ambulancias\/#primaryimage"},"thumbnailUrl":"https:\/\/www.eldiario.net\/portal\/wp-content\/uploads\/2023\/03\/AMBULANCIA-FOTO.jpeg","articleSection":["Sociedad - Seguridad"],"inLanguage":"es"},{"@type":"WebPage","@id":"https:\/\/www.eldiario.net\/portal\/2023\/03\/14\/perito-del-idif-definira-si-hubo-delito-en-compra-de-ambulancias\/","url":"https:\/\/www.eldiario.net\/portal\/2023\/03\/14\/perito-del-idif-definira-si-hubo-delito-en-compra-de-ambulancias\/","name":"Perito del IDIF definir\u00e1 si hubo delito en compra de ambulancias - El Diario - Bolivia","isPartOf":{"@id":"https:\/\/www.eldiario.net\/portal\/#website"},"primaryImageOfPage":{"@id":"https:\/\/www.eldiario.net\/portal\/2023\/03\/14\/perito-del-idif-definira-si-hubo-delito-en-compra-de-ambulancias\/#primaryimage"},"image":{"@id":"https:\/\/www.eldiario.net\/portal\/2023\/03\/14\/perito-del-idif-definira-si-hubo-delito-en-compra-de-ambulancias\/#primaryimage"},"thumbnailUrl":"https:\/\/www.eldiario.net\/portal\/wp-content\/uploads\/2023\/03\/AMBULANCIA-FOTO.jpeg","datePublished":"2023-03-14T10:20:51+00:00","breadcrumb":{"@id":"https:\/\/www.eldiario.net\/portal\/2023\/03\/14\/perito-del-idif-definira-si-hubo-delito-en-compra-de-ambulancias\/#breadcrumb"},"inLanguage":"es","potentialAction":[{"@type":"ReadAction","target":["https:\/\/www.eldiario.net\/portal\/2023\/03\/14\/perito-del-idif-definira-si-hubo-delito-en-compra-de-ambulancias\/"]}]},{"@type":"ImageObject","inLanguage":"es","@id":"https:\/\/www.eldiario.net\/portal\/2023\/03\/14\/perito-del-idif-definira-si-hubo-delito-en-compra-de-ambulancias\/#primaryimage","url":"https:\/\/www.eldiario.net\/portal\/wp-content\/uploads\/2023\/03\/AMBULANCIA-FOTO.jpeg","contentUrl":"https:\/\/www.eldiario.net\/portal\/wp-content\/uploads\/2023\/03\/AMBULANCIA-FOTO.jpeg","width":750,"height":420,"caption":"LAS 41 AMBULANCIAS QUE PRETEND\u00cdA ADQUIRIR LA GOBERNACI\u00d3N DE POTOS\u00cd CR\u00c9DITO: ANF"},{"@type":"BreadcrumbList","@id":"https:\/\/www.eldiario.net\/portal\/2023\/03\/14\/perito-del-idif-definira-si-hubo-delito-en-compra-de-ambulancias\/#breadcrumb","itemListElement":[{"@type":"ListItem","position":1,"name":"Portada","item":"https:\/\/www.eldiario.net\/portal\/"},{"@type":"ListItem","position":2,"name":"Perito del IDIF definir\u00e1 si hubo delito en compra de ambulancias"}]},{"@type":"WebSite","@id":"https:\/\/www.eldiario.net\/portal\/#website","url":"https:\/\/www.eldiario.net\/portal\/","name":"El Diario - Decano de la prensa nacional","description":"El Diario - Decano de la prensa nacional","publisher":{"@id":"https:\/\/www.eldiario.net\/portal\/#organization"},"potentialAction":[{"@type":"SearchAction","target":{"@type":"EntryPoint","urlTemplate":"https:\/\/www.eldiario.net\/portal\/?s={search_term_string}"},"query-input":{"@type":"PropertyValueSpecification","valueRequired":true,"valueName":"search_term_string"}}],"inLanguage":"es"},{"@type":"Organization","@id":"https:\/\/www.eldiario.net\/portal\/#organization","name":"El Diario - Decano de la prensa nacional","url":"https:\/\/www.eldiario.net\/portal\/","logo":{"@type":"ImageObject","inLanguage":"es","@id":"https:\/\/www.eldiario.net\/portal\/#\/schema\/logo\/image\/","url":"https:\/\/www.eldiario.net\/portal\/wp-content\/uploads\/2023\/07\/logo_ED.jpg","contentUrl":"https:\/\/www.eldiario.net\/portal\/wp-content\/uploads\/2023\/07\/logo_ED.jpg","width":272,"height":52,"caption":"El Diario - Decano de la prensa nacional"},"image":{"@id":"https:\/\/www.eldiario.net\/portal\/#\/schema\/logo\/image\/"},"sameAs":["https:\/\/www.facebook.com\/eldiario.bolivia\/","https:\/\/x.com\/eldiario_net"]},{"@type":"Person","@id":"https:\/\/www.eldiario.net\/portal\/#\/schema\/person\/f46445640444750d7d753ccd04ae01b7","name":"Jeanette","image":{"@type":"ImageObject","inLanguage":"es","@id":"https:\/\/secure.gravatar.com\/avatar\/3ea2118a5f7dad2b7138b1187a6b7ee55f160b9968b66013c3a3ef39dd7e5798?s=96&d=mm&r=g","url":"https:\/\/secure.gravatar.com\/avatar\/3ea2118a5f7dad2b7138b1187a6b7ee55f160b9968b66013c3a3ef39dd7e5798?s=96&d=mm&r=g","contentUrl":"https:\/\/secure.gravatar.com\/avatar\/3ea2118a5f7dad2b7138b1187a6b7ee55f160b9968b66013c3a3ef39dd7e5798?s=96&d=mm&r=g","caption":"Jeanette"},"sameAs":["https:\/\/www.eldiario.net\/portal"],"url":"https:\/\/www.eldiario.net\/portal\/author\/jeanette\/"}]}},"_links":{"self":[{"href":"https:\/\/www.eldiario.net\/portal\/wp-json\/wp\/v2\/posts\/143059","targetHints":{"allow":["GET"]}}],"collection":[{"href":"https:\/\/www.eldiario.net\/portal\/wp-json\/wp\/v2\/posts"}],"about":[{"href":"https:\/\/www.eldiario.net\/portal\/wp-json\/wp\/v2\/types\/post"}],"author":[{"embeddable":true,"href":"https:\/\/www.eldiario.net\/portal\/wp-json\/wp\/v2\/users\/1"}],"replies":[{"embeddable":true,"href":"https:\/\/www.eldiario.net\/portal\/wp-json\/wp\/v2\/comments?post=143059"}],"version-history":[{"count":0,"href":"https:\/\/www.eldiario.net\/portal\/wp-json\/wp\/v2\/posts\/143059\/revisions"}],"wp:featuredmedia":[{"embeddable":true,"href":"https:\/\/www.eldiario.net\/portal\/wp-json\/wp\/v2\/media\/143060"}],"wp:attachment":[{"href":"https:\/\/www.eldiario.net\/portal\/wp-json\/wp\/v2\/media?parent=143059"}],"wp:term":[{"taxonomy":"category","embeddable":true,"href":"https:\/\/www.eldiario.net\/portal\/wp-json\/wp\/v2\/categories?post=143059"},{"taxonomy":"post_tag","embeddable":true,"href":"https:\/\/www.eldiario.net\/portal\/wp-json\/wp\/v2\/tags?post=143059"}],"curies":[{"name":"wp","href":"https:\/\/api.w.org\/{rel}","templated":true}]}}