{"id":143053,"date":"2023-03-14T06:19:16","date_gmt":"2023-03-14T10:19:16","guid":{"rendered":"https:\/\/www.eldiario.net\/portal\/?p=143053"},"modified":"2023-03-14T06:19:16","modified_gmt":"2023-03-14T10:19:16","slug":"anez-advierte-que-no-hay-pruebas-que-demuestren-que-es-terrorista","status":"publish","type":"post","link":"https:\/\/www.eldiario.net\/portal\/2023\/03\/14\/anez-advierte-que-no-hay-pruebas-que-demuestren-que-es-terrorista\/","title":{"rendered":"A\u00f1ez advierte que no hay pruebas  que demuestren que es terrorista"},"content":{"rendered":"<p>A dos a\u00f1os de haber sido enviada con detenci\u00f3n preventiva, la expresidenta Jeanine A\u00f1ez, asegur\u00f3 ayer que a la fecha el Ministerio P\u00fablico no present\u00f3 una sola prueba que demuestre que en 2019 cometi\u00f3 el delito de terrorismo.<\/p>\n<p>\u201c\u00bfCu\u00e1l fue el hecho terrorista del que me acusan? Fui Segunda Vicepresidenta del Senado, durante los d\u00edas posteriores al fraude electoral de 2019 me encontraba en mi domicilio en Trinidad y asum\u00ed la Presidencia del Senado y luego la Presidencia de Bolivia por sucesi\u00f3n constitucional porque los que me anteced\u00edan renunciaron, organizaron su salida del pa\u00eds y se fueron en un avi\u00f3n extranjero, abandonando su cargo, dejando a Bolivia en un Estado de caos por vac\u00edo de poder\u201d, dijo A\u00f1ez a trav\u00e9s de una carta difundida en sus redes sociales.<\/p>\n<p>La exmandataria cuestion\u00f3: \u201c\u00bfQu\u00e9 grupo armado organic\u00e9, qu\u00e9 armas port\u00e9, qu\u00e9 barcos o aviones secuestr\u00e9, qu\u00e9 acto para deponer a una autoridad estuvo a mi cargo?\u201d.<\/p>\n<p>Aclar\u00f3 que el delito de terrorismo tiene actos difusos e imprecisos en el C\u00f3digo Penal y es inconstitucional como lo demandaron los propios \u201cmasistas\u201d ante el Tribunal Constitucional y que no ha fue expulsado de la legislaci\u00f3n boliviana porque les sirve para encarcelarla sin juicio justo ni posibilidad de defensa.<\/p>\n<p>\u201cEl delito de terrorismo ha sido el arma vil donde se escudan para mancillar mi integridad, mi dignidad, mi vida y mi libertad. Como no soy terrorista, los fiscales y los jueces mandados por el traficante de la justicia Iv\u00e1n Lima, montaron otro proceso en base a otros delitos tambi\u00e9n inconstitucionales por su definici\u00f3n dispersa y que vulnera las garant\u00edas de los derechos humanos: incumplimiento de deberes y resoluciones contrarias a la Constituci\u00f3n y las leyes. En un juicio a presi\u00f3n me necesitaban condenada sin importarles los derechos, la Constituci\u00f3n ni el delictuoso proceso que confabularon. Han pasado 10 meses y el Tribunal de apelaci\u00f3n sigue sin atender la m\u00eda\u201d, manifest\u00f3.<\/p>\n<p>En ese marco dijo que Bolivia no existe un sistema judicial porque ha sido suplantado por el \u201csicariato masista\u201d y esto es una grav\u00edsima prueba de que la democracia se ha reducido a la emisi\u00f3n del voto y el resto de instituciones del Estado se encuentran bajo el poder totalitario del gobierno central.<\/p>\n<p>&nbsp;<\/p>\n<p><strong>DETENCI\u00d3N <\/strong><\/p>\n<p>La expresidenta record\u00f3 que la madrugada del 13 de noviembre de 2021, supuestos polic\u00edas de civil, el Ministro de Gobierno y el entonces comandante de la Polic\u00eda irrumpieron en su domicilio, en Trinidad, de donde la \u201csecuestraron\u201d y privaron de libertad, sin citaci\u00f3n ni pruebas de delito alguno.<\/p>\n<p>La noche del 14 de marzo de 2021, la expresidenta y dos de sus exministros fueron imputados por los delitos de sedici\u00f3n, conspiraci\u00f3n y terrorismo. Los varones fueron enviados al penal de San Pedro de La Paz y ella al Centro de Orientaci\u00f3n Femenina de Obrajes, inicialmente por cuatro meses.<\/p>\n<p>\u201cDos a\u00f1os de infamia, crueldad e impunidad del MAS y su sicariato. Hoy (ayer) se cumplen 730 d\u00edas de mi secuestro ejecutado en base a la conspiraci\u00f3n de Evo Morales, Luis Arce Catacora, sus ministros, la Fiscal\u00eda y los jueces sometidos a sus \u00f3rdenes. Se cumplen dos a\u00f1os de mi ilegal encarcelamiento, ampliado mediante resoluciones esp\u00fareas de detenci\u00f3n preventiva como aplicaci\u00f3n anticipada de la pena, violando la garant\u00eda del principio de inocencia, el debido proceso y el derecho a la defensa, violando tratados internacionales\u201d, dijo A\u00f1ez.<\/p>\n","protected":false},"excerpt":{"rendered":"<p>A dos a\u00f1os de haber sido enviada con detenci\u00f3n preventiva, la expresidenta Jeanine A\u00f1ez, asegur\u00f3 ayer que a la fecha el Ministerio P\u00fablico no present\u00f3 una sola prueba que demuestre que en 2019 cometi\u00f3 el delito de terrorismo. \u201c\u00bfCu\u00e1l fue el hecho terrorista del que me acusan? Fui Segunda Vicepresidenta del Senado, durante los d\u00edas [&hellip;]<\/p>\n","protected":false},"author":1,"featured_media":143054,"comment_status":"closed","ping_status":"closed","sticky":false,"template":"","format":"standard","meta":{"_acf_changed":false,"footnotes":""},"categories":[39],"tags":[],"class_list":["post-143053","post","type-post","status-publish","format-standard","has-post-thumbnail","category-sociedad"],"acf":{"antetitulo":""},"yoast_head":"<!-- This site is optimized with the Yoast SEO plugin v28.4 - https:\/\/yoast.com\/product\/yoast-seo-wordpress\/ -->\n<title>A\u00f1ez advierte que no hay pruebas que demuestren que es terrorista - El Diario - Bolivia<\/title>\n<meta name=\"robots\" content=\"index, follow, max-snippet:-1, max-image-preview:large, max-video-preview:-1\" \/>\n<link rel=\"canonical\" href=\"https:\/\/www.eldiario.net\/portal\/2023\/03\/14\/anez-advierte-que-no-hay-pruebas-que-demuestren-que-es-terrorista\/\" \/>\n<meta property=\"og:locale\" content=\"es_ES\" \/>\n<meta property=\"og:type\" content=\"article\" \/>\n<meta property=\"og:title\" content=\"A\u00f1ez advierte que no hay pruebas que demuestren que es terrorista - El Diario - Bolivia\" \/>\n<meta property=\"og:description\" content=\"A dos a\u00f1os de haber sido enviada con detenci\u00f3n preventiva, la expresidenta Jeanine A\u00f1ez, asegur\u00f3 ayer que a la fecha el Ministerio P\u00fablico no present\u00f3 una sola prueba que demuestre que en 2019 cometi\u00f3 el delito de terrorismo. \u201c\u00bfCu\u00e1l fue el hecho terrorista del que me acusan? Fui Segunda Vicepresidenta del Senado, durante los d\u00edas [&hellip;]\" \/>\n<meta property=\"og:url\" content=\"https:\/\/www.eldiario.net\/portal\/2023\/03\/14\/anez-advierte-que-no-hay-pruebas-que-demuestren-que-es-terrorista\/\" \/>\n<meta property=\"og:site_name\" content=\"El Diario - Bolivia\" \/>\n<meta property=\"article:publisher\" content=\"https:\/\/www.facebook.com\/eldiario.bolivia\/\" \/>\n<meta property=\"article:published_time\" content=\"2023-03-14T10:19:16+00:00\" \/>\n<meta name=\"author\" content=\"Jeanette\" \/>\n<meta name=\"twitter:card\" content=\"summary_large_image\" \/>\n<meta name=\"twitter:creator\" content=\"@eldiario_net\" \/>\n<meta name=\"twitter:site\" content=\"@eldiario_net\" \/>\n<meta name=\"twitter:label1\" content=\"Escrito por\" \/>\n\t<meta name=\"twitter:data1\" content=\"Jeanette\" \/>\n\t<meta name=\"twitter:label2\" content=\"Tiempo de lectura\" \/>\n\t<meta name=\"twitter:data2\" content=\"3 minutos\" \/>\n<script type=\"application\/ld+json\" class=\"yoast-schema-graph\">{\"@context\":\"https:\\\/\\\/schema.org\",\"@graph\":[{\"@type\":\"Article\",\"@id\":\"https:\\\/\\\/www.eldiario.net\\\/portal\\\/2023\\\/03\\\/14\\\/anez-advierte-que-no-hay-pruebas-que-demuestren-que-es-terrorista\\\/#article\",\"isPartOf\":{\"@id\":\"https:\\\/\\\/www.eldiario.net\\\/portal\\\/2023\\\/03\\\/14\\\/anez-advierte-que-no-hay-pruebas-que-demuestren-que-es-terrorista\\\/\"},\"author\":{\"name\":\"Jeanette\",\"@id\":\"https:\\\/\\\/www.eldiario.net\\\/portal\\\/#\\\/schema\\\/person\\\/f46445640444750d7d753ccd04ae01b7\"},\"headline\":\"A\u00f1ez advierte que no hay pruebas que demuestren que es terrorista\",\"datePublished\":\"2023-03-14T10:19:16+00:00\",\"mainEntityOfPage\":{\"@id\":\"https:\\\/\\\/www.eldiario.net\\\/portal\\\/2023\\\/03\\\/14\\\/anez-advierte-que-no-hay-pruebas-que-demuestren-que-es-terrorista\\\/\"},\"wordCount\":601,\"publisher\":{\"@id\":\"https:\\\/\\\/www.eldiario.net\\\/portal\\\/#organization\"},\"image\":{\"@id\":\"https:\\\/\\\/www.eldiario.net\\\/portal\\\/2023\\\/03\\\/14\\\/anez-advierte-que-no-hay-pruebas-que-demuestren-que-es-terrorista\\\/#primaryimage\"},\"thumbnailUrl\":\"\",\"articleSection\":[\"Sociedad - Seguridad\"],\"inLanguage\":\"es\"},{\"@type\":\"WebPage\",\"@id\":\"https:\\\/\\\/www.eldiario.net\\\/portal\\\/2023\\\/03\\\/14\\\/anez-advierte-que-no-hay-pruebas-que-demuestren-que-es-terrorista\\\/\",\"url\":\"https:\\\/\\\/www.eldiario.net\\\/portal\\\/2023\\\/03\\\/14\\\/anez-advierte-que-no-hay-pruebas-que-demuestren-que-es-terrorista\\\/\",\"name\":\"A\u00f1ez advierte que no hay pruebas que demuestren que es terrorista - El Diario - Bolivia\",\"isPartOf\":{\"@id\":\"https:\\\/\\\/www.eldiario.net\\\/portal\\\/#website\"},\"primaryImageOfPage\":{\"@id\":\"https:\\\/\\\/www.eldiario.net\\\/portal\\\/2023\\\/03\\\/14\\\/anez-advierte-que-no-hay-pruebas-que-demuestren-que-es-terrorista\\\/#primaryimage\"},\"image\":{\"@id\":\"https:\\\/\\\/www.eldiario.net\\\/portal\\\/2023\\\/03\\\/14\\\/anez-advierte-que-no-hay-pruebas-que-demuestren-que-es-terrorista\\\/#primaryimage\"},\"thumbnailUrl\":\"\",\"datePublished\":\"2023-03-14T10:19:16+00:00\",\"breadcrumb\":{\"@id\":\"https:\\\/\\\/www.eldiario.net\\\/portal\\\/2023\\\/03\\\/14\\\/anez-advierte-que-no-hay-pruebas-que-demuestren-que-es-terrorista\\\/#breadcrumb\"},\"inLanguage\":\"es\",\"potentialAction\":[{\"@type\":\"ReadAction\",\"target\":[\"https:\\\/\\\/www.eldiario.net\\\/portal\\\/2023\\\/03\\\/14\\\/anez-advierte-que-no-hay-pruebas-que-demuestren-que-es-terrorista\\\/\"]}]},{\"@type\":\"ImageObject\",\"inLanguage\":\"es\",\"@id\":\"https:\\\/\\\/www.eldiario.net\\\/portal\\\/2023\\\/03\\\/14\\\/anez-advierte-que-no-hay-pruebas-que-demuestren-que-es-terrorista\\\/#primaryimage\",\"url\":\"\",\"contentUrl\":\"\"},{\"@type\":\"BreadcrumbList\",\"@id\":\"https:\\\/\\\/www.eldiario.net\\\/portal\\\/2023\\\/03\\\/14\\\/anez-advierte-que-no-hay-pruebas-que-demuestren-que-es-terrorista\\\/#breadcrumb\",\"itemListElement\":[{\"@type\":\"ListItem\",\"position\":1,\"name\":\"Portada\",\"item\":\"https:\\\/\\\/www.eldiario.net\\\/portal\\\/\"},{\"@type\":\"ListItem\",\"position\":2,\"name\":\"A\u00f1ez advierte que no hay pruebas que demuestren que es terrorista\"}]},{\"@type\":\"WebSite\",\"@id\":\"https:\\\/\\\/www.eldiario.net\\\/portal\\\/#website\",\"url\":\"https:\\\/\\\/www.eldiario.net\\\/portal\\\/\",\"name\":\"El Diario - Decano de la prensa nacional\",\"description\":\"El Diario - Decano de la prensa nacional\",\"publisher\":{\"@id\":\"https:\\\/\\\/www.eldiario.net\\\/portal\\\/#organization\"},\"potentialAction\":[{\"@type\":\"SearchAction\",\"target\":{\"@type\":\"EntryPoint\",\"urlTemplate\":\"https:\\\/\\\/www.eldiario.net\\\/portal\\\/?s={search_term_string}\"},\"query-input\":{\"@type\":\"PropertyValueSpecification\",\"valueRequired\":true,\"valueName\":\"search_term_string\"}}],\"inLanguage\":\"es\"},{\"@type\":\"Organization\",\"@id\":\"https:\\\/\\\/www.eldiario.net\\\/portal\\\/#organization\",\"name\":\"El Diario - Decano de la prensa nacional\",\"url\":\"https:\\\/\\\/www.eldiario.net\\\/portal\\\/\",\"logo\":{\"@type\":\"ImageObject\",\"inLanguage\":\"es\",\"@id\":\"https:\\\/\\\/www.eldiario.net\\\/portal\\\/#\\\/schema\\\/logo\\\/image\\\/\",\"url\":\"https:\\\/\\\/www.eldiario.net\\\/portal\\\/wp-content\\\/uploads\\\/2023\\\/07\\\/logo_ED.jpg\",\"contentUrl\":\"https:\\\/\\\/www.eldiario.net\\\/portal\\\/wp-content\\\/uploads\\\/2023\\\/07\\\/logo_ED.jpg\",\"width\":272,\"height\":52,\"caption\":\"El Diario - Decano de la prensa nacional\"},\"image\":{\"@id\":\"https:\\\/\\\/www.eldiario.net\\\/portal\\\/#\\\/schema\\\/logo\\\/image\\\/\"},\"sameAs\":[\"https:\\\/\\\/www.facebook.com\\\/eldiario.bolivia\\\/\",\"https:\\\/\\\/x.com\\\/eldiario_net\"]},{\"@type\":\"Person\",\"@id\":\"https:\\\/\\\/www.eldiario.net\\\/portal\\\/#\\\/schema\\\/person\\\/f46445640444750d7d753ccd04ae01b7\",\"name\":\"Jeanette\",\"image\":{\"@type\":\"ImageObject\",\"inLanguage\":\"es\",\"@id\":\"https:\\\/\\\/secure.gravatar.com\\\/avatar\\\/3ea2118a5f7dad2b7138b1187a6b7ee55f160b9968b66013c3a3ef39dd7e5798?s=96&d=mm&r=g\",\"url\":\"https:\\\/\\\/secure.gravatar.com\\\/avatar\\\/3ea2118a5f7dad2b7138b1187a6b7ee55f160b9968b66013c3a3ef39dd7e5798?s=96&d=mm&r=g\",\"contentUrl\":\"https:\\\/\\\/secure.gravatar.com\\\/avatar\\\/3ea2118a5f7dad2b7138b1187a6b7ee55f160b9968b66013c3a3ef39dd7e5798?s=96&d=mm&r=g\",\"caption\":\"Jeanette\"},\"sameAs\":[\"https:\\\/\\\/www.eldiario.net\\\/portal\"],\"url\":\"https:\\\/\\\/www.eldiario.net\\\/portal\\\/author\\\/jeanette\\\/\"}]}<\/script>\n<!-- \/ Yoast SEO plugin. -->","yoast_head_json":{"title":"A\u00f1ez advierte que no hay pruebas que demuestren que es terrorista - El Diario - Bolivia","robots":{"index":"index","follow":"follow","max-snippet":"max-snippet:-1","max-image-preview":"max-image-preview:large","max-video-preview":"max-video-preview:-1"},"canonical":"https:\/\/www.eldiario.net\/portal\/2023\/03\/14\/anez-advierte-que-no-hay-pruebas-que-demuestren-que-es-terrorista\/","og_locale":"es_ES","og_type":"article","og_title":"A\u00f1ez advierte que no hay pruebas que demuestren que es terrorista - El Diario - Bolivia","og_description":"A dos a\u00f1os de haber sido enviada con detenci\u00f3n preventiva, la expresidenta Jeanine A\u00f1ez, asegur\u00f3 ayer que a la fecha el Ministerio P\u00fablico no present\u00f3 una sola prueba que demuestre que en 2019 cometi\u00f3 el delito de terrorismo. \u201c\u00bfCu\u00e1l fue el hecho terrorista del que me acusan? Fui Segunda Vicepresidenta del Senado, durante los d\u00edas [&hellip;]","og_url":"https:\/\/www.eldiario.net\/portal\/2023\/03\/14\/anez-advierte-que-no-hay-pruebas-que-demuestren-que-es-terrorista\/","og_site_name":"El Diario - Bolivia","article_publisher":"https:\/\/www.facebook.com\/eldiario.bolivia\/","article_published_time":"2023-03-14T10:19:16+00:00","author":"Jeanette","twitter_card":"summary_large_image","twitter_creator":"@eldiario_net","twitter_site":"@eldiario_net","twitter_misc":{"Escrito por":"Jeanette","Tiempo de lectura":"3 minutos"},"schema":{"@context":"https:\/\/schema.org","@graph":[{"@type":"Article","@id":"https:\/\/www.eldiario.net\/portal\/2023\/03\/14\/anez-advierte-que-no-hay-pruebas-que-demuestren-que-es-terrorista\/#article","isPartOf":{"@id":"https:\/\/www.eldiario.net\/portal\/2023\/03\/14\/anez-advierte-que-no-hay-pruebas-que-demuestren-que-es-terrorista\/"},"author":{"name":"Jeanette","@id":"https:\/\/www.eldiario.net\/portal\/#\/schema\/person\/f46445640444750d7d753ccd04ae01b7"},"headline":"A\u00f1ez advierte que no hay pruebas que demuestren que es terrorista","datePublished":"2023-03-14T10:19:16+00:00","mainEntityOfPage":{"@id":"https:\/\/www.eldiario.net\/portal\/2023\/03\/14\/anez-advierte-que-no-hay-pruebas-que-demuestren-que-es-terrorista\/"},"wordCount":601,"publisher":{"@id":"https:\/\/www.eldiario.net\/portal\/#organization"},"image":{"@id":"https:\/\/www.eldiario.net\/portal\/2023\/03\/14\/anez-advierte-que-no-hay-pruebas-que-demuestren-que-es-terrorista\/#primaryimage"},"thumbnailUrl":"","articleSection":["Sociedad - Seguridad"],"inLanguage":"es"},{"@type":"WebPage","@id":"https:\/\/www.eldiario.net\/portal\/2023\/03\/14\/anez-advierte-que-no-hay-pruebas-que-demuestren-que-es-terrorista\/","url":"https:\/\/www.eldiario.net\/portal\/2023\/03\/14\/anez-advierte-que-no-hay-pruebas-que-demuestren-que-es-terrorista\/","name":"A\u00f1ez advierte que no hay pruebas que demuestren que es terrorista - El Diario - Bolivia","isPartOf":{"@id":"https:\/\/www.eldiario.net\/portal\/#website"},"primaryImageOfPage":{"@id":"https:\/\/www.eldiario.net\/portal\/2023\/03\/14\/anez-advierte-que-no-hay-pruebas-que-demuestren-que-es-terrorista\/#primaryimage"},"image":{"@id":"https:\/\/www.eldiario.net\/portal\/2023\/03\/14\/anez-advierte-que-no-hay-pruebas-que-demuestren-que-es-terrorista\/#primaryimage"},"thumbnailUrl":"","datePublished":"2023-03-14T10:19:16+00:00","breadcrumb":{"@id":"https:\/\/www.eldiario.net\/portal\/2023\/03\/14\/anez-advierte-que-no-hay-pruebas-que-demuestren-que-es-terrorista\/#breadcrumb"},"inLanguage":"es","potentialAction":[{"@type":"ReadAction","target":["https:\/\/www.eldiario.net\/portal\/2023\/03\/14\/anez-advierte-que-no-hay-pruebas-que-demuestren-que-es-terrorista\/"]}]},{"@type":"ImageObject","inLanguage":"es","@id":"https:\/\/www.eldiario.net\/portal\/2023\/03\/14\/anez-advierte-que-no-hay-pruebas-que-demuestren-que-es-terrorista\/#primaryimage","url":"","contentUrl":""},{"@type":"BreadcrumbList","@id":"https:\/\/www.eldiario.net\/portal\/2023\/03\/14\/anez-advierte-que-no-hay-pruebas-que-demuestren-que-es-terrorista\/#breadcrumb","itemListElement":[{"@type":"ListItem","position":1,"name":"Portada","item":"https:\/\/www.eldiario.net\/portal\/"},{"@type":"ListItem","position":2,"name":"A\u00f1ez advierte que no hay pruebas que demuestren que es terrorista"}]},{"@type":"WebSite","@id":"https:\/\/www.eldiario.net\/portal\/#website","url":"https:\/\/www.eldiario.net\/portal\/","name":"El Diario - Decano de la prensa nacional","description":"El Diario - Decano de la prensa nacional","publisher":{"@id":"https:\/\/www.eldiario.net\/portal\/#organization"},"potentialAction":[{"@type":"SearchAction","target":{"@type":"EntryPoint","urlTemplate":"https:\/\/www.eldiario.net\/portal\/?s={search_term_string}"},"query-input":{"@type":"PropertyValueSpecification","valueRequired":true,"valueName":"search_term_string"}}],"inLanguage":"es"},{"@type":"Organization","@id":"https:\/\/www.eldiario.net\/portal\/#organization","name":"El Diario - Decano de la prensa nacional","url":"https:\/\/www.eldiario.net\/portal\/","logo":{"@type":"ImageObject","inLanguage":"es","@id":"https:\/\/www.eldiario.net\/portal\/#\/schema\/logo\/image\/","url":"https:\/\/www.eldiario.net\/portal\/wp-content\/uploads\/2023\/07\/logo_ED.jpg","contentUrl":"https:\/\/www.eldiario.net\/portal\/wp-content\/uploads\/2023\/07\/logo_ED.jpg","width":272,"height":52,"caption":"El Diario - Decano de la prensa nacional"},"image":{"@id":"https:\/\/www.eldiario.net\/portal\/#\/schema\/logo\/image\/"},"sameAs":["https:\/\/www.facebook.com\/eldiario.bolivia\/","https:\/\/x.com\/eldiario_net"]},{"@type":"Person","@id":"https:\/\/www.eldiario.net\/portal\/#\/schema\/person\/f46445640444750d7d753ccd04ae01b7","name":"Jeanette","image":{"@type":"ImageObject","inLanguage":"es","@id":"https:\/\/secure.gravatar.com\/avatar\/3ea2118a5f7dad2b7138b1187a6b7ee55f160b9968b66013c3a3ef39dd7e5798?s=96&d=mm&r=g","url":"https:\/\/secure.gravatar.com\/avatar\/3ea2118a5f7dad2b7138b1187a6b7ee55f160b9968b66013c3a3ef39dd7e5798?s=96&d=mm&r=g","contentUrl":"https:\/\/secure.gravatar.com\/avatar\/3ea2118a5f7dad2b7138b1187a6b7ee55f160b9968b66013c3a3ef39dd7e5798?s=96&d=mm&r=g","caption":"Jeanette"},"sameAs":["https:\/\/www.eldiario.net\/portal"],"url":"https:\/\/www.eldiario.net\/portal\/author\/jeanette\/"}]}},"_links":{"self":[{"href":"https:\/\/www.eldiario.net\/portal\/wp-json\/wp\/v2\/posts\/143053","targetHints":{"allow":["GET"]}}],"collection":[{"href":"https:\/\/www.eldiario.net\/portal\/wp-json\/wp\/v2\/posts"}],"about":[{"href":"https:\/\/www.eldiario.net\/portal\/wp-json\/wp\/v2\/types\/post"}],"author":[{"embeddable":true,"href":"https:\/\/www.eldiario.net\/portal\/wp-json\/wp\/v2\/users\/1"}],"replies":[{"embeddable":true,"href":"https:\/\/www.eldiario.net\/portal\/wp-json\/wp\/v2\/comments?post=143053"}],"version-history":[{"count":0,"href":"https:\/\/www.eldiario.net\/portal\/wp-json\/wp\/v2\/posts\/143053\/revisions"}],"wp:attachment":[{"href":"https:\/\/www.eldiario.net\/portal\/wp-json\/wp\/v2\/media?parent=143053"}],"wp:term":[{"taxonomy":"category","embeddable":true,"href":"https:\/\/www.eldiario.net\/portal\/wp-json\/wp\/v2\/categories?post=143053"},{"taxonomy":"post_tag","embeddable":true,"href":"https:\/\/www.eldiario.net\/portal\/wp-json\/wp\/v2\/tags?post=143053"}],"curies":[{"name":"wp","href":"https:\/\/api.w.org\/{rel}","templated":true}]}}