{"id":143047,"date":"2023-03-14T06:17:06","date_gmt":"2023-03-14T10:17:06","guid":{"rendered":"https:\/\/www.eldiario.net\/portal\/?p=143047"},"modified":"2023-03-14T06:17:06","modified_gmt":"2023-03-14T10:17:06","slug":"25-anos-de-carcel-para-sujeto-que-violo-a-una-nina-de-7-anos","status":"publish","type":"post","link":"https:\/\/www.eldiario.net\/portal\/2023\/03\/14\/25-anos-de-carcel-para-sujeto-que-violo-a-una-nina-de-7-anos\/","title":{"rendered":"25 a\u00f1os de c\u00e1rcel para sujeto  que viol\u00f3 a una ni\u00f1a de 7 a\u00f1os"},"content":{"rendered":"<p>El Juzgado P\u00fablico Mixto de Familia e Instrucci\u00f3n Penal N\u00b01, determin\u00f3 25 a\u00f1os de c\u00e1rcel para Carlos U. S., de 39 a\u00f1os de edad, acusado por el delito de violaci\u00f3n a infante, ni\u00f1a, ni\u00f1o o adolescente cometido en contra de su hijastra, desde que ella ten\u00eda siete a\u00f1os, en el municipio de San Ignacio de Velasco, inform\u00f3 ayer el fiscal departamental de Santa Cruz, Roger Mariaca.<\/p>\n<p>\u201cPresentamos todas las pruebas colectadas en la investigaci\u00f3n, como el examen psicol\u00f3gico de la menor, examen m\u00e9dico forense que verific\u00f3 la agresi\u00f3n sexual, declaraci\u00f3n de familiares, adem\u00e1s que el sujeto acept\u00f3 haber cometido el delito y solicit\u00f3 un procedimiento abreviado que deriv\u00f3 en la sentencia para el padrastro de la v\u00edctima\u201d, dijo Mariaca.<\/p>\n<p>El fiscal del caso, Meison Mamani, inform\u00f3 que el hecho se conoci\u00f3 el 10 de marzo de 2023, en San Ignacio de Velasco, cuando la v\u00edctima de 13 a\u00f1os de edad, rompi\u00f3 el silencio y confes\u00f3 a su primo que era acosada y violada por su padrastro, desde sus siete a\u00f1os, es as\u00ed que los familiares de la v\u00edctima tomaron conocimiento. Seg\u00fan los antecedentes, el sujeto aprovechaba que la ni\u00f1a se quedaba sola en casa para cometer el delito.<\/p>\n<p>La denuncia formal, en contra del agresor fue interpuesta por la hermana de la madre de la ni\u00f1a, que se hizo presente en dependencias de la Fuerza Especial de Lucha Contra la Violencia (Felcv), que luego procedi\u00f3 a la aprehensi\u00f3n del sujeto para ponerlo a disposici\u00f3n de Ministerio\u00a0 P\u00fablico para su respectiva investigaci\u00f3n.<\/p>\n","protected":false},"excerpt":{"rendered":"<p>El Juzgado P\u00fablico Mixto de Familia e Instrucci\u00f3n Penal N\u00b01, determin\u00f3 25 a\u00f1os de c\u00e1rcel para Carlos U. S., de 39 a\u00f1os de edad, acusado por el delito de violaci\u00f3n a infante, ni\u00f1a, ni\u00f1o o adolescente cometido en contra de su hijastra, desde que ella ten\u00eda siete a\u00f1os, en el municipio de San Ignacio de [&hellip;]<\/p>\n","protected":false},"author":1,"featured_media":143048,"comment_status":"closed","ping_status":"closed","sticky":false,"template":"","format":"standard","meta":{"_acf_changed":false,"footnotes":""},"categories":[39],"tags":[],"class_list":["post-143047","post","type-post","status-publish","format-standard","has-post-thumbnail","category-sociedad"],"acf":{"antetitulo":""},"yoast_head":"<!-- This site is optimized with the Yoast SEO plugin v28.4 - https:\/\/yoast.com\/product\/yoast-seo-wordpress\/ -->\n<title>25 a\u00f1os de c\u00e1rcel para sujeto que viol\u00f3 a una ni\u00f1a de 7 a\u00f1os - El Diario - Bolivia<\/title>\n<meta name=\"robots\" content=\"index, follow, max-snippet:-1, max-image-preview:large, max-video-preview:-1\" \/>\n<link rel=\"canonical\" href=\"https:\/\/www.eldiario.net\/portal\/2023\/03\/14\/25-anos-de-carcel-para-sujeto-que-violo-a-una-nina-de-7-anos\/\" \/>\n<meta property=\"og:locale\" content=\"es_ES\" \/>\n<meta property=\"og:type\" content=\"article\" \/>\n<meta property=\"og:title\" content=\"25 a\u00f1os de c\u00e1rcel para sujeto que viol\u00f3 a una ni\u00f1a de 7 a\u00f1os - El Diario - Bolivia\" \/>\n<meta property=\"og:description\" content=\"El Juzgado P\u00fablico Mixto de Familia e Instrucci\u00f3n Penal N\u00b01, determin\u00f3 25 a\u00f1os de c\u00e1rcel para Carlos U. S., de 39 a\u00f1os de edad, acusado por el delito de violaci\u00f3n a infante, ni\u00f1a, ni\u00f1o o adolescente cometido en contra de su hijastra, desde que ella ten\u00eda siete a\u00f1os, en el municipio de San Ignacio de [&hellip;]\" \/>\n<meta property=\"og:url\" content=\"https:\/\/www.eldiario.net\/portal\/2023\/03\/14\/25-anos-de-carcel-para-sujeto-que-violo-a-una-nina-de-7-anos\/\" \/>\n<meta property=\"og:site_name\" content=\"El Diario - Bolivia\" \/>\n<meta property=\"article:publisher\" content=\"https:\/\/www.facebook.com\/eldiario.bolivia\/\" \/>\n<meta property=\"article:published_time\" content=\"2023-03-14T10:17:06+00:00\" \/>\n<meta name=\"author\" content=\"Jeanette\" \/>\n<meta name=\"twitter:card\" content=\"summary_large_image\" \/>\n<meta name=\"twitter:creator\" content=\"@eldiario_net\" \/>\n<meta name=\"twitter:site\" content=\"@eldiario_net\" \/>\n<meta name=\"twitter:label1\" content=\"Escrito por\" \/>\n\t<meta name=\"twitter:data1\" content=\"Jeanette\" \/>\n\t<meta name=\"twitter:label2\" content=\"Tiempo de lectura\" \/>\n\t<meta name=\"twitter:data2\" content=\"2 minutos\" \/>\n<script type=\"application\/ld+json\" class=\"yoast-schema-graph\">{\"@context\":\"https:\\\/\\\/schema.org\",\"@graph\":[{\"@type\":\"Article\",\"@id\":\"https:\\\/\\\/www.eldiario.net\\\/portal\\\/2023\\\/03\\\/14\\\/25-anos-de-carcel-para-sujeto-que-violo-a-una-nina-de-7-anos\\\/#article\",\"isPartOf\":{\"@id\":\"https:\\\/\\\/www.eldiario.net\\\/portal\\\/2023\\\/03\\\/14\\\/25-anos-de-carcel-para-sujeto-que-violo-a-una-nina-de-7-anos\\\/\"},\"author\":{\"name\":\"Jeanette\",\"@id\":\"https:\\\/\\\/www.eldiario.net\\\/portal\\\/#\\\/schema\\\/person\\\/f46445640444750d7d753ccd04ae01b7\"},\"headline\":\"25 a\u00f1os de c\u00e1rcel para sujeto que viol\u00f3 a una ni\u00f1a de 7 a\u00f1os\",\"datePublished\":\"2023-03-14T10:17:06+00:00\",\"mainEntityOfPage\":{\"@id\":\"https:\\\/\\\/www.eldiario.net\\\/portal\\\/2023\\\/03\\\/14\\\/25-anos-de-carcel-para-sujeto-que-violo-a-una-nina-de-7-anos\\\/\"},\"wordCount\":290,\"publisher\":{\"@id\":\"https:\\\/\\\/www.eldiario.net\\\/portal\\\/#organization\"},\"image\":{\"@id\":\"https:\\\/\\\/www.eldiario.net\\\/portal\\\/2023\\\/03\\\/14\\\/25-anos-de-carcel-para-sujeto-que-violo-a-una-nina-de-7-anos\\\/#primaryimage\"},\"thumbnailUrl\":\"\",\"articleSection\":[\"Sociedad - Seguridad\"],\"inLanguage\":\"es\"},{\"@type\":\"WebPage\",\"@id\":\"https:\\\/\\\/www.eldiario.net\\\/portal\\\/2023\\\/03\\\/14\\\/25-anos-de-carcel-para-sujeto-que-violo-a-una-nina-de-7-anos\\\/\",\"url\":\"https:\\\/\\\/www.eldiario.net\\\/portal\\\/2023\\\/03\\\/14\\\/25-anos-de-carcel-para-sujeto-que-violo-a-una-nina-de-7-anos\\\/\",\"name\":\"25 a\u00f1os de c\u00e1rcel para sujeto que viol\u00f3 a una ni\u00f1a de 7 a\u00f1os - El Diario - Bolivia\",\"isPartOf\":{\"@id\":\"https:\\\/\\\/www.eldiario.net\\\/portal\\\/#website\"},\"primaryImageOfPage\":{\"@id\":\"https:\\\/\\\/www.eldiario.net\\\/portal\\\/2023\\\/03\\\/14\\\/25-anos-de-carcel-para-sujeto-que-violo-a-una-nina-de-7-anos\\\/#primaryimage\"},\"image\":{\"@id\":\"https:\\\/\\\/www.eldiario.net\\\/portal\\\/2023\\\/03\\\/14\\\/25-anos-de-carcel-para-sujeto-que-violo-a-una-nina-de-7-anos\\\/#primaryimage\"},\"thumbnailUrl\":\"\",\"datePublished\":\"2023-03-14T10:17:06+00:00\",\"breadcrumb\":{\"@id\":\"https:\\\/\\\/www.eldiario.net\\\/portal\\\/2023\\\/03\\\/14\\\/25-anos-de-carcel-para-sujeto-que-violo-a-una-nina-de-7-anos\\\/#breadcrumb\"},\"inLanguage\":\"es\",\"potentialAction\":[{\"@type\":\"ReadAction\",\"target\":[\"https:\\\/\\\/www.eldiario.net\\\/portal\\\/2023\\\/03\\\/14\\\/25-anos-de-carcel-para-sujeto-que-violo-a-una-nina-de-7-anos\\\/\"]}]},{\"@type\":\"ImageObject\",\"inLanguage\":\"es\",\"@id\":\"https:\\\/\\\/www.eldiario.net\\\/portal\\\/2023\\\/03\\\/14\\\/25-anos-de-carcel-para-sujeto-que-violo-a-una-nina-de-7-anos\\\/#primaryimage\",\"url\":\"\",\"contentUrl\":\"\"},{\"@type\":\"BreadcrumbList\",\"@id\":\"https:\\\/\\\/www.eldiario.net\\\/portal\\\/2023\\\/03\\\/14\\\/25-anos-de-carcel-para-sujeto-que-violo-a-una-nina-de-7-anos\\\/#breadcrumb\",\"itemListElement\":[{\"@type\":\"ListItem\",\"position\":1,\"name\":\"Portada\",\"item\":\"https:\\\/\\\/www.eldiario.net\\\/portal\\\/\"},{\"@type\":\"ListItem\",\"position\":2,\"name\":\"25 a\u00f1os de c\u00e1rcel para sujeto que viol\u00f3 a una ni\u00f1a de 7 a\u00f1os\"}]},{\"@type\":\"WebSite\",\"@id\":\"https:\\\/\\\/www.eldiario.net\\\/portal\\\/#website\",\"url\":\"https:\\\/\\\/www.eldiario.net\\\/portal\\\/\",\"name\":\"El Diario - Decano de la prensa nacional\",\"description\":\"El Diario - Decano de la prensa nacional\",\"publisher\":{\"@id\":\"https:\\\/\\\/www.eldiario.net\\\/portal\\\/#organization\"},\"potentialAction\":[{\"@type\":\"SearchAction\",\"target\":{\"@type\":\"EntryPoint\",\"urlTemplate\":\"https:\\\/\\\/www.eldiario.net\\\/portal\\\/?s={search_term_string}\"},\"query-input\":{\"@type\":\"PropertyValueSpecification\",\"valueRequired\":true,\"valueName\":\"search_term_string\"}}],\"inLanguage\":\"es\"},{\"@type\":\"Organization\",\"@id\":\"https:\\\/\\\/www.eldiario.net\\\/portal\\\/#organization\",\"name\":\"El Diario - Decano de la prensa nacional\",\"url\":\"https:\\\/\\\/www.eldiario.net\\\/portal\\\/\",\"logo\":{\"@type\":\"ImageObject\",\"inLanguage\":\"es\",\"@id\":\"https:\\\/\\\/www.eldiario.net\\\/portal\\\/#\\\/schema\\\/logo\\\/image\\\/\",\"url\":\"https:\\\/\\\/www.eldiario.net\\\/portal\\\/wp-content\\\/uploads\\\/2023\\\/07\\\/logo_ED.jpg\",\"contentUrl\":\"https:\\\/\\\/www.eldiario.net\\\/portal\\\/wp-content\\\/uploads\\\/2023\\\/07\\\/logo_ED.jpg\",\"width\":272,\"height\":52,\"caption\":\"El Diario - Decano de la prensa nacional\"},\"image\":{\"@id\":\"https:\\\/\\\/www.eldiario.net\\\/portal\\\/#\\\/schema\\\/logo\\\/image\\\/\"},\"sameAs\":[\"https:\\\/\\\/www.facebook.com\\\/eldiario.bolivia\\\/\",\"https:\\\/\\\/x.com\\\/eldiario_net\"]},{\"@type\":\"Person\",\"@id\":\"https:\\\/\\\/www.eldiario.net\\\/portal\\\/#\\\/schema\\\/person\\\/f46445640444750d7d753ccd04ae01b7\",\"name\":\"Jeanette\",\"image\":{\"@type\":\"ImageObject\",\"inLanguage\":\"es\",\"@id\":\"https:\\\/\\\/secure.gravatar.com\\\/avatar\\\/3ea2118a5f7dad2b7138b1187a6b7ee55f160b9968b66013c3a3ef39dd7e5798?s=96&d=mm&r=g\",\"url\":\"https:\\\/\\\/secure.gravatar.com\\\/avatar\\\/3ea2118a5f7dad2b7138b1187a6b7ee55f160b9968b66013c3a3ef39dd7e5798?s=96&d=mm&r=g\",\"contentUrl\":\"https:\\\/\\\/secure.gravatar.com\\\/avatar\\\/3ea2118a5f7dad2b7138b1187a6b7ee55f160b9968b66013c3a3ef39dd7e5798?s=96&d=mm&r=g\",\"caption\":\"Jeanette\"},\"sameAs\":[\"https:\\\/\\\/www.eldiario.net\\\/portal\"],\"url\":\"https:\\\/\\\/www.eldiario.net\\\/portal\\\/author\\\/jeanette\\\/\"}]}<\/script>\n<!-- \/ Yoast SEO plugin. -->","yoast_head_json":{"title":"25 a\u00f1os de c\u00e1rcel para sujeto que viol\u00f3 a una ni\u00f1a de 7 a\u00f1os - El Diario - Bolivia","robots":{"index":"index","follow":"follow","max-snippet":"max-snippet:-1","max-image-preview":"max-image-preview:large","max-video-preview":"max-video-preview:-1"},"canonical":"https:\/\/www.eldiario.net\/portal\/2023\/03\/14\/25-anos-de-carcel-para-sujeto-que-violo-a-una-nina-de-7-anos\/","og_locale":"es_ES","og_type":"article","og_title":"25 a\u00f1os de c\u00e1rcel para sujeto que viol\u00f3 a una ni\u00f1a de 7 a\u00f1os - El Diario - Bolivia","og_description":"El Juzgado P\u00fablico Mixto de Familia e Instrucci\u00f3n Penal N\u00b01, determin\u00f3 25 a\u00f1os de c\u00e1rcel para Carlos U. S., de 39 a\u00f1os de edad, acusado por el delito de violaci\u00f3n a infante, ni\u00f1a, ni\u00f1o o adolescente cometido en contra de su hijastra, desde que ella ten\u00eda siete a\u00f1os, en el municipio de San Ignacio de [&hellip;]","og_url":"https:\/\/www.eldiario.net\/portal\/2023\/03\/14\/25-anos-de-carcel-para-sujeto-que-violo-a-una-nina-de-7-anos\/","og_site_name":"El Diario - Bolivia","article_publisher":"https:\/\/www.facebook.com\/eldiario.bolivia\/","article_published_time":"2023-03-14T10:17:06+00:00","author":"Jeanette","twitter_card":"summary_large_image","twitter_creator":"@eldiario_net","twitter_site":"@eldiario_net","twitter_misc":{"Escrito por":"Jeanette","Tiempo de lectura":"2 minutos"},"schema":{"@context":"https:\/\/schema.org","@graph":[{"@type":"Article","@id":"https:\/\/www.eldiario.net\/portal\/2023\/03\/14\/25-anos-de-carcel-para-sujeto-que-violo-a-una-nina-de-7-anos\/#article","isPartOf":{"@id":"https:\/\/www.eldiario.net\/portal\/2023\/03\/14\/25-anos-de-carcel-para-sujeto-que-violo-a-una-nina-de-7-anos\/"},"author":{"name":"Jeanette","@id":"https:\/\/www.eldiario.net\/portal\/#\/schema\/person\/f46445640444750d7d753ccd04ae01b7"},"headline":"25 a\u00f1os de c\u00e1rcel para sujeto que viol\u00f3 a una ni\u00f1a de 7 a\u00f1os","datePublished":"2023-03-14T10:17:06+00:00","mainEntityOfPage":{"@id":"https:\/\/www.eldiario.net\/portal\/2023\/03\/14\/25-anos-de-carcel-para-sujeto-que-violo-a-una-nina-de-7-anos\/"},"wordCount":290,"publisher":{"@id":"https:\/\/www.eldiario.net\/portal\/#organization"},"image":{"@id":"https:\/\/www.eldiario.net\/portal\/2023\/03\/14\/25-anos-de-carcel-para-sujeto-que-violo-a-una-nina-de-7-anos\/#primaryimage"},"thumbnailUrl":"","articleSection":["Sociedad - Seguridad"],"inLanguage":"es"},{"@type":"WebPage","@id":"https:\/\/www.eldiario.net\/portal\/2023\/03\/14\/25-anos-de-carcel-para-sujeto-que-violo-a-una-nina-de-7-anos\/","url":"https:\/\/www.eldiario.net\/portal\/2023\/03\/14\/25-anos-de-carcel-para-sujeto-que-violo-a-una-nina-de-7-anos\/","name":"25 a\u00f1os de c\u00e1rcel para sujeto que viol\u00f3 a una ni\u00f1a de 7 a\u00f1os - El Diario - Bolivia","isPartOf":{"@id":"https:\/\/www.eldiario.net\/portal\/#website"},"primaryImageOfPage":{"@id":"https:\/\/www.eldiario.net\/portal\/2023\/03\/14\/25-anos-de-carcel-para-sujeto-que-violo-a-una-nina-de-7-anos\/#primaryimage"},"image":{"@id":"https:\/\/www.eldiario.net\/portal\/2023\/03\/14\/25-anos-de-carcel-para-sujeto-que-violo-a-una-nina-de-7-anos\/#primaryimage"},"thumbnailUrl":"","datePublished":"2023-03-14T10:17:06+00:00","breadcrumb":{"@id":"https:\/\/www.eldiario.net\/portal\/2023\/03\/14\/25-anos-de-carcel-para-sujeto-que-violo-a-una-nina-de-7-anos\/#breadcrumb"},"inLanguage":"es","potentialAction":[{"@type":"ReadAction","target":["https:\/\/www.eldiario.net\/portal\/2023\/03\/14\/25-anos-de-carcel-para-sujeto-que-violo-a-una-nina-de-7-anos\/"]}]},{"@type":"ImageObject","inLanguage":"es","@id":"https:\/\/www.eldiario.net\/portal\/2023\/03\/14\/25-anos-de-carcel-para-sujeto-que-violo-a-una-nina-de-7-anos\/#primaryimage","url":"","contentUrl":""},{"@type":"BreadcrumbList","@id":"https:\/\/www.eldiario.net\/portal\/2023\/03\/14\/25-anos-de-carcel-para-sujeto-que-violo-a-una-nina-de-7-anos\/#breadcrumb","itemListElement":[{"@type":"ListItem","position":1,"name":"Portada","item":"https:\/\/www.eldiario.net\/portal\/"},{"@type":"ListItem","position":2,"name":"25 a\u00f1os de c\u00e1rcel para sujeto que viol\u00f3 a una ni\u00f1a de 7 a\u00f1os"}]},{"@type":"WebSite","@id":"https:\/\/www.eldiario.net\/portal\/#website","url":"https:\/\/www.eldiario.net\/portal\/","name":"El Diario - Decano de la prensa nacional","description":"El Diario - Decano de la prensa nacional","publisher":{"@id":"https:\/\/www.eldiario.net\/portal\/#organization"},"potentialAction":[{"@type":"SearchAction","target":{"@type":"EntryPoint","urlTemplate":"https:\/\/www.eldiario.net\/portal\/?s={search_term_string}"},"query-input":{"@type":"PropertyValueSpecification","valueRequired":true,"valueName":"search_term_string"}}],"inLanguage":"es"},{"@type":"Organization","@id":"https:\/\/www.eldiario.net\/portal\/#organization","name":"El Diario - Decano de la prensa nacional","url":"https:\/\/www.eldiario.net\/portal\/","logo":{"@type":"ImageObject","inLanguage":"es","@id":"https:\/\/www.eldiario.net\/portal\/#\/schema\/logo\/image\/","url":"https:\/\/www.eldiario.net\/portal\/wp-content\/uploads\/2023\/07\/logo_ED.jpg","contentUrl":"https:\/\/www.eldiario.net\/portal\/wp-content\/uploads\/2023\/07\/logo_ED.jpg","width":272,"height":52,"caption":"El Diario - Decano de la prensa nacional"},"image":{"@id":"https:\/\/www.eldiario.net\/portal\/#\/schema\/logo\/image\/"},"sameAs":["https:\/\/www.facebook.com\/eldiario.bolivia\/","https:\/\/x.com\/eldiario_net"]},{"@type":"Person","@id":"https:\/\/www.eldiario.net\/portal\/#\/schema\/person\/f46445640444750d7d753ccd04ae01b7","name":"Jeanette","image":{"@type":"ImageObject","inLanguage":"es","@id":"https:\/\/secure.gravatar.com\/avatar\/3ea2118a5f7dad2b7138b1187a6b7ee55f160b9968b66013c3a3ef39dd7e5798?s=96&d=mm&r=g","url":"https:\/\/secure.gravatar.com\/avatar\/3ea2118a5f7dad2b7138b1187a6b7ee55f160b9968b66013c3a3ef39dd7e5798?s=96&d=mm&r=g","contentUrl":"https:\/\/secure.gravatar.com\/avatar\/3ea2118a5f7dad2b7138b1187a6b7ee55f160b9968b66013c3a3ef39dd7e5798?s=96&d=mm&r=g","caption":"Jeanette"},"sameAs":["https:\/\/www.eldiario.net\/portal"],"url":"https:\/\/www.eldiario.net\/portal\/author\/jeanette\/"}]}},"_links":{"self":[{"href":"https:\/\/www.eldiario.net\/portal\/wp-json\/wp\/v2\/posts\/143047","targetHints":{"allow":["GET"]}}],"collection":[{"href":"https:\/\/www.eldiario.net\/portal\/wp-json\/wp\/v2\/posts"}],"about":[{"href":"https:\/\/www.eldiario.net\/portal\/wp-json\/wp\/v2\/types\/post"}],"author":[{"embeddable":true,"href":"https:\/\/www.eldiario.net\/portal\/wp-json\/wp\/v2\/users\/1"}],"replies":[{"embeddable":true,"href":"https:\/\/www.eldiario.net\/portal\/wp-json\/wp\/v2\/comments?post=143047"}],"version-history":[{"count":0,"href":"https:\/\/www.eldiario.net\/portal\/wp-json\/wp\/v2\/posts\/143047\/revisions"}],"wp:attachment":[{"href":"https:\/\/www.eldiario.net\/portal\/wp-json\/wp\/v2\/media?parent=143047"}],"wp:term":[{"taxonomy":"category","embeddable":true,"href":"https:\/\/www.eldiario.net\/portal\/wp-json\/wp\/v2\/categories?post=143047"},{"taxonomy":"post_tag","embeddable":true,"href":"https:\/\/www.eldiario.net\/portal\/wp-json\/wp\/v2\/tags?post=143047"}],"curies":[{"name":"wp","href":"https:\/\/api.w.org\/{rel}","templated":true}]}}