{"id":143041,"date":"2023-03-14T06:14:07","date_gmt":"2023-03-14T10:14:07","guid":{"rendered":"https:\/\/www.eldiario.net\/portal\/?p=143041"},"modified":"2023-03-14T06:14:07","modified_gmt":"2023-03-14T10:14:07","slug":"distrito-15-cuenta-con-4-km-de-asfalto-flexible","status":"publish","type":"post","link":"https:\/\/www.eldiario.net\/portal\/2023\/03\/14\/distrito-15-cuenta-con-4-km-de-asfalto-flexible\/","title":{"rendered":"Distrito 15 cuenta con 4 km de asfalto flexible"},"content":{"rendered":"<p>El Distrito 15 de la ciudad de Cochabamba cuenta con cuatro kil\u00f3metros de asfalto flexible, obra que beneficia a m\u00e1s de 5.000 familias que habitan en la zona.<\/p>\n<p>Fueron asfaltados 24.364 \u00a0metros cuadrados de v\u00edas, pintado de l\u00edneas segmentadas y se\u00f1alizaci\u00f3n horizontal; adem\u00e1s que se realiz\u00f3 el mantenimiento y mejoramiento del alumbrado p\u00fablico.<\/p>\n<p>El secretario de Infraestructura, Gustavo Navia, inform\u00f3 que la construcci\u00f3n del pavimento flexible tuvo una inversi\u00f3n de Bs 4.890.725.<\/p>\n<p>Los trabajos de mejoramiento de v\u00edas fueron entregados por el alcalde de Cercado, Manfred Reyes Villa, quien destacando que a partir de la fecha, se est\u00e1 mejorando la calidad de vida de los habitantes de la zona Sur.<\/p>\n<p>\u00abCon todos los trabajos que estamos realizando, la zona Sur es una de las m\u00e1s beneficiadas con la dotaci\u00f3n de servicios b\u00e1sicos. Son m\u00e1s de 5.000 familias que se beneficiar\u00e1n con el mejoramiento de v\u00edas\u00bb, dijo la m\u00e1xima autoridad edil.<\/p>\n<p>Vecinos y conductores de la l\u00ednea de transporte 122, agradecieron a Reyes Villa por mejorar las diferentes calles, principalmente de la Junta Vecinal Santa Rosa de Lima Central Norte de la zona Sur del municipio.<\/p>\n<p>\u00abCuando llov\u00eda las calles eran de puro barro y no pod\u00edamos brindar un buen servicio a la poblaci\u00f3n, pero ahora agradecemos al alcalde por pensar en esta zona y que siempre este llegando con obras\u00bb, dijo el chofer, Wilder Zenzano.<\/p>\n<p>Otro de los conductores de la l\u00ednea de transporte 122, Ronald Zapata, dijo que \u00aben \u00e9poca de lluvia no hab\u00eda acceso a las OTB\u00b4s. Pero ahora con la gesti\u00f3n del Alcalde Manfred Reyes Villa mejor\u00f3 nuestra zona en su totalidad, ya que antes era un camino lleno de tierra y piedra, nuestros veh\u00edculos tambi\u00e9n resultaban da\u00f1ados, pero ahora nuestros autos estar\u00e1n m\u00e1s limpios\u00bb, sostuvo. (Cochabamba, agencias)<\/p>\n","protected":false},"excerpt":{"rendered":"<p>El Distrito 15 de la ciudad de Cochabamba cuenta con cuatro kil\u00f3metros de asfalto flexible, obra que beneficia a m\u00e1s de 5.000 familias que habitan en la zona. Fueron asfaltados 24.364 \u00a0metros cuadrados de v\u00edas, pintado de l\u00edneas segmentadas y se\u00f1alizaci\u00f3n horizontal; adem\u00e1s que se realiz\u00f3 el mantenimiento y mejoramiento del alumbrado p\u00fablico. El secretario [&hellip;]<\/p>\n","protected":false},"author":1,"featured_media":143042,"comment_status":"closed","ping_status":"closed","sticky":false,"template":"","format":"standard","meta":{"_acf_changed":false,"footnotes":""},"categories":[12],"tags":[],"class_list":["post-143041","post","type-post","status-publish","format-standard","has-post-thumbnail","category-nacional"],"acf":{"antetitulo":""},"yoast_head":"<!-- This site is optimized with the Yoast SEO plugin v28.4 - https:\/\/yoast.com\/product\/yoast-seo-wordpress\/ -->\n<title>Distrito 15 cuenta con 4 km de asfalto flexible - El Diario - Bolivia<\/title>\n<meta name=\"robots\" content=\"index, follow, max-snippet:-1, max-image-preview:large, max-video-preview:-1\" \/>\n<link rel=\"canonical\" href=\"https:\/\/www.eldiario.net\/portal\/2023\/03\/14\/distrito-15-cuenta-con-4-km-de-asfalto-flexible\/\" \/>\n<meta property=\"og:locale\" content=\"es_ES\" \/>\n<meta property=\"og:type\" content=\"article\" \/>\n<meta property=\"og:title\" content=\"Distrito 15 cuenta con 4 km de asfalto flexible - El Diario - Bolivia\" \/>\n<meta property=\"og:description\" content=\"El Distrito 15 de la ciudad de Cochabamba cuenta con cuatro kil\u00f3metros de asfalto flexible, obra que beneficia a m\u00e1s de 5.000 familias que habitan en la zona. Fueron asfaltados 24.364 \u00a0metros cuadrados de v\u00edas, pintado de l\u00edneas segmentadas y se\u00f1alizaci\u00f3n horizontal; adem\u00e1s que se realiz\u00f3 el mantenimiento y mejoramiento del alumbrado p\u00fablico. El secretario [&hellip;]\" \/>\n<meta property=\"og:url\" content=\"https:\/\/www.eldiario.net\/portal\/2023\/03\/14\/distrito-15-cuenta-con-4-km-de-asfalto-flexible\/\" \/>\n<meta property=\"og:site_name\" content=\"El Diario - Bolivia\" \/>\n<meta property=\"article:publisher\" content=\"https:\/\/www.facebook.com\/eldiario.bolivia\/\" \/>\n<meta property=\"article:published_time\" content=\"2023-03-14T10:14:07+00:00\" \/>\n<meta name=\"author\" content=\"Jeanette\" \/>\n<meta name=\"twitter:card\" content=\"summary_large_image\" \/>\n<meta name=\"twitter:creator\" content=\"@eldiario_net\" \/>\n<meta name=\"twitter:site\" content=\"@eldiario_net\" \/>\n<meta name=\"twitter:label1\" content=\"Escrito por\" \/>\n\t<meta name=\"twitter:data1\" content=\"Jeanette\" \/>\n\t<meta name=\"twitter:label2\" content=\"Tiempo de lectura\" \/>\n\t<meta name=\"twitter:data2\" content=\"2 minutos\" \/>\n<script type=\"application\/ld+json\" class=\"yoast-schema-graph\">{\"@context\":\"https:\\\/\\\/schema.org\",\"@graph\":[{\"@type\":\"Article\",\"@id\":\"https:\\\/\\\/www.eldiario.net\\\/portal\\\/2023\\\/03\\\/14\\\/distrito-15-cuenta-con-4-km-de-asfalto-flexible\\\/#article\",\"isPartOf\":{\"@id\":\"https:\\\/\\\/www.eldiario.net\\\/portal\\\/2023\\\/03\\\/14\\\/distrito-15-cuenta-con-4-km-de-asfalto-flexible\\\/\"},\"author\":{\"name\":\"Jeanette\",\"@id\":\"https:\\\/\\\/www.eldiario.net\\\/portal\\\/#\\\/schema\\\/person\\\/f46445640444750d7d753ccd04ae01b7\"},\"headline\":\"Distrito 15 cuenta con 4 km de asfalto flexible\",\"datePublished\":\"2023-03-14T10:14:07+00:00\",\"mainEntityOfPage\":{\"@id\":\"https:\\\/\\\/www.eldiario.net\\\/portal\\\/2023\\\/03\\\/14\\\/distrito-15-cuenta-con-4-km-de-asfalto-flexible\\\/\"},\"wordCount\":322,\"publisher\":{\"@id\":\"https:\\\/\\\/www.eldiario.net\\\/portal\\\/#organization\"},\"image\":{\"@id\":\"https:\\\/\\\/www.eldiario.net\\\/portal\\\/2023\\\/03\\\/14\\\/distrito-15-cuenta-con-4-km-de-asfalto-flexible\\\/#primaryimage\"},\"thumbnailUrl\":\"\",\"articleSection\":[\"Nacional\"],\"inLanguage\":\"es\"},{\"@type\":\"WebPage\",\"@id\":\"https:\\\/\\\/www.eldiario.net\\\/portal\\\/2023\\\/03\\\/14\\\/distrito-15-cuenta-con-4-km-de-asfalto-flexible\\\/\",\"url\":\"https:\\\/\\\/www.eldiario.net\\\/portal\\\/2023\\\/03\\\/14\\\/distrito-15-cuenta-con-4-km-de-asfalto-flexible\\\/\",\"name\":\"Distrito 15 cuenta con 4 km de asfalto flexible - El Diario - Bolivia\",\"isPartOf\":{\"@id\":\"https:\\\/\\\/www.eldiario.net\\\/portal\\\/#website\"},\"primaryImageOfPage\":{\"@id\":\"https:\\\/\\\/www.eldiario.net\\\/portal\\\/2023\\\/03\\\/14\\\/distrito-15-cuenta-con-4-km-de-asfalto-flexible\\\/#primaryimage\"},\"image\":{\"@id\":\"https:\\\/\\\/www.eldiario.net\\\/portal\\\/2023\\\/03\\\/14\\\/distrito-15-cuenta-con-4-km-de-asfalto-flexible\\\/#primaryimage\"},\"thumbnailUrl\":\"\",\"datePublished\":\"2023-03-14T10:14:07+00:00\",\"breadcrumb\":{\"@id\":\"https:\\\/\\\/www.eldiario.net\\\/portal\\\/2023\\\/03\\\/14\\\/distrito-15-cuenta-con-4-km-de-asfalto-flexible\\\/#breadcrumb\"},\"inLanguage\":\"es\",\"potentialAction\":[{\"@type\":\"ReadAction\",\"target\":[\"https:\\\/\\\/www.eldiario.net\\\/portal\\\/2023\\\/03\\\/14\\\/distrito-15-cuenta-con-4-km-de-asfalto-flexible\\\/\"]}]},{\"@type\":\"ImageObject\",\"inLanguage\":\"es\",\"@id\":\"https:\\\/\\\/www.eldiario.net\\\/portal\\\/2023\\\/03\\\/14\\\/distrito-15-cuenta-con-4-km-de-asfalto-flexible\\\/#primaryimage\",\"url\":\"\",\"contentUrl\":\"\"},{\"@type\":\"BreadcrumbList\",\"@id\":\"https:\\\/\\\/www.eldiario.net\\\/portal\\\/2023\\\/03\\\/14\\\/distrito-15-cuenta-con-4-km-de-asfalto-flexible\\\/#breadcrumb\",\"itemListElement\":[{\"@type\":\"ListItem\",\"position\":1,\"name\":\"Portada\",\"item\":\"https:\\\/\\\/www.eldiario.net\\\/portal\\\/\"},{\"@type\":\"ListItem\",\"position\":2,\"name\":\"Distrito 15 cuenta con 4 km de asfalto flexible\"}]},{\"@type\":\"WebSite\",\"@id\":\"https:\\\/\\\/www.eldiario.net\\\/portal\\\/#website\",\"url\":\"https:\\\/\\\/www.eldiario.net\\\/portal\\\/\",\"name\":\"El Diario - Decano de la prensa nacional\",\"description\":\"El Diario - Decano de la prensa nacional\",\"publisher\":{\"@id\":\"https:\\\/\\\/www.eldiario.net\\\/portal\\\/#organization\"},\"potentialAction\":[{\"@type\":\"SearchAction\",\"target\":{\"@type\":\"EntryPoint\",\"urlTemplate\":\"https:\\\/\\\/www.eldiario.net\\\/portal\\\/?s={search_term_string}\"},\"query-input\":{\"@type\":\"PropertyValueSpecification\",\"valueRequired\":true,\"valueName\":\"search_term_string\"}}],\"inLanguage\":\"es\"},{\"@type\":\"Organization\",\"@id\":\"https:\\\/\\\/www.eldiario.net\\\/portal\\\/#organization\",\"name\":\"El Diario - Decano de la prensa nacional\",\"url\":\"https:\\\/\\\/www.eldiario.net\\\/portal\\\/\",\"logo\":{\"@type\":\"ImageObject\",\"inLanguage\":\"es\",\"@id\":\"https:\\\/\\\/www.eldiario.net\\\/portal\\\/#\\\/schema\\\/logo\\\/image\\\/\",\"url\":\"https:\\\/\\\/www.eldiario.net\\\/portal\\\/wp-content\\\/uploads\\\/2023\\\/07\\\/logo_ED.jpg\",\"contentUrl\":\"https:\\\/\\\/www.eldiario.net\\\/portal\\\/wp-content\\\/uploads\\\/2023\\\/07\\\/logo_ED.jpg\",\"width\":272,\"height\":52,\"caption\":\"El Diario - Decano de la prensa nacional\"},\"image\":{\"@id\":\"https:\\\/\\\/www.eldiario.net\\\/portal\\\/#\\\/schema\\\/logo\\\/image\\\/\"},\"sameAs\":[\"https:\\\/\\\/www.facebook.com\\\/eldiario.bolivia\\\/\",\"https:\\\/\\\/x.com\\\/eldiario_net\"]},{\"@type\":\"Person\",\"@id\":\"https:\\\/\\\/www.eldiario.net\\\/portal\\\/#\\\/schema\\\/person\\\/f46445640444750d7d753ccd04ae01b7\",\"name\":\"Jeanette\",\"image\":{\"@type\":\"ImageObject\",\"inLanguage\":\"es\",\"@id\":\"https:\\\/\\\/secure.gravatar.com\\\/avatar\\\/3ea2118a5f7dad2b7138b1187a6b7ee55f160b9968b66013c3a3ef39dd7e5798?s=96&d=mm&r=g\",\"url\":\"https:\\\/\\\/secure.gravatar.com\\\/avatar\\\/3ea2118a5f7dad2b7138b1187a6b7ee55f160b9968b66013c3a3ef39dd7e5798?s=96&d=mm&r=g\",\"contentUrl\":\"https:\\\/\\\/secure.gravatar.com\\\/avatar\\\/3ea2118a5f7dad2b7138b1187a6b7ee55f160b9968b66013c3a3ef39dd7e5798?s=96&d=mm&r=g\",\"caption\":\"Jeanette\"},\"sameAs\":[\"https:\\\/\\\/www.eldiario.net\\\/portal\"],\"url\":\"https:\\\/\\\/www.eldiario.net\\\/portal\\\/author\\\/jeanette\\\/\"}]}<\/script>\n<!-- \/ Yoast SEO plugin. -->","yoast_head_json":{"title":"Distrito 15 cuenta con 4 km de asfalto flexible - El Diario - Bolivia","robots":{"index":"index","follow":"follow","max-snippet":"max-snippet:-1","max-image-preview":"max-image-preview:large","max-video-preview":"max-video-preview:-1"},"canonical":"https:\/\/www.eldiario.net\/portal\/2023\/03\/14\/distrito-15-cuenta-con-4-km-de-asfalto-flexible\/","og_locale":"es_ES","og_type":"article","og_title":"Distrito 15 cuenta con 4 km de asfalto flexible - El Diario - Bolivia","og_description":"El Distrito 15 de la ciudad de Cochabamba cuenta con cuatro kil\u00f3metros de asfalto flexible, obra que beneficia a m\u00e1s de 5.000 familias que habitan en la zona. Fueron asfaltados 24.364 \u00a0metros cuadrados de v\u00edas, pintado de l\u00edneas segmentadas y se\u00f1alizaci\u00f3n horizontal; adem\u00e1s que se realiz\u00f3 el mantenimiento y mejoramiento del alumbrado p\u00fablico. El secretario [&hellip;]","og_url":"https:\/\/www.eldiario.net\/portal\/2023\/03\/14\/distrito-15-cuenta-con-4-km-de-asfalto-flexible\/","og_site_name":"El Diario - Bolivia","article_publisher":"https:\/\/www.facebook.com\/eldiario.bolivia\/","article_published_time":"2023-03-14T10:14:07+00:00","author":"Jeanette","twitter_card":"summary_large_image","twitter_creator":"@eldiario_net","twitter_site":"@eldiario_net","twitter_misc":{"Escrito por":"Jeanette","Tiempo de lectura":"2 minutos"},"schema":{"@context":"https:\/\/schema.org","@graph":[{"@type":"Article","@id":"https:\/\/www.eldiario.net\/portal\/2023\/03\/14\/distrito-15-cuenta-con-4-km-de-asfalto-flexible\/#article","isPartOf":{"@id":"https:\/\/www.eldiario.net\/portal\/2023\/03\/14\/distrito-15-cuenta-con-4-km-de-asfalto-flexible\/"},"author":{"name":"Jeanette","@id":"https:\/\/www.eldiario.net\/portal\/#\/schema\/person\/f46445640444750d7d753ccd04ae01b7"},"headline":"Distrito 15 cuenta con 4 km de asfalto flexible","datePublished":"2023-03-14T10:14:07+00:00","mainEntityOfPage":{"@id":"https:\/\/www.eldiario.net\/portal\/2023\/03\/14\/distrito-15-cuenta-con-4-km-de-asfalto-flexible\/"},"wordCount":322,"publisher":{"@id":"https:\/\/www.eldiario.net\/portal\/#organization"},"image":{"@id":"https:\/\/www.eldiario.net\/portal\/2023\/03\/14\/distrito-15-cuenta-con-4-km-de-asfalto-flexible\/#primaryimage"},"thumbnailUrl":"","articleSection":["Nacional"],"inLanguage":"es"},{"@type":"WebPage","@id":"https:\/\/www.eldiario.net\/portal\/2023\/03\/14\/distrito-15-cuenta-con-4-km-de-asfalto-flexible\/","url":"https:\/\/www.eldiario.net\/portal\/2023\/03\/14\/distrito-15-cuenta-con-4-km-de-asfalto-flexible\/","name":"Distrito 15 cuenta con 4 km de asfalto flexible - El Diario - Bolivia","isPartOf":{"@id":"https:\/\/www.eldiario.net\/portal\/#website"},"primaryImageOfPage":{"@id":"https:\/\/www.eldiario.net\/portal\/2023\/03\/14\/distrito-15-cuenta-con-4-km-de-asfalto-flexible\/#primaryimage"},"image":{"@id":"https:\/\/www.eldiario.net\/portal\/2023\/03\/14\/distrito-15-cuenta-con-4-km-de-asfalto-flexible\/#primaryimage"},"thumbnailUrl":"","datePublished":"2023-03-14T10:14:07+00:00","breadcrumb":{"@id":"https:\/\/www.eldiario.net\/portal\/2023\/03\/14\/distrito-15-cuenta-con-4-km-de-asfalto-flexible\/#breadcrumb"},"inLanguage":"es","potentialAction":[{"@type":"ReadAction","target":["https:\/\/www.eldiario.net\/portal\/2023\/03\/14\/distrito-15-cuenta-con-4-km-de-asfalto-flexible\/"]}]},{"@type":"ImageObject","inLanguage":"es","@id":"https:\/\/www.eldiario.net\/portal\/2023\/03\/14\/distrito-15-cuenta-con-4-km-de-asfalto-flexible\/#primaryimage","url":"","contentUrl":""},{"@type":"BreadcrumbList","@id":"https:\/\/www.eldiario.net\/portal\/2023\/03\/14\/distrito-15-cuenta-con-4-km-de-asfalto-flexible\/#breadcrumb","itemListElement":[{"@type":"ListItem","position":1,"name":"Portada","item":"https:\/\/www.eldiario.net\/portal\/"},{"@type":"ListItem","position":2,"name":"Distrito 15 cuenta con 4 km de asfalto flexible"}]},{"@type":"WebSite","@id":"https:\/\/www.eldiario.net\/portal\/#website","url":"https:\/\/www.eldiario.net\/portal\/","name":"El Diario - Decano de la prensa nacional","description":"El Diario - Decano de la prensa nacional","publisher":{"@id":"https:\/\/www.eldiario.net\/portal\/#organization"},"potentialAction":[{"@type":"SearchAction","target":{"@type":"EntryPoint","urlTemplate":"https:\/\/www.eldiario.net\/portal\/?s={search_term_string}"},"query-input":{"@type":"PropertyValueSpecification","valueRequired":true,"valueName":"search_term_string"}}],"inLanguage":"es"},{"@type":"Organization","@id":"https:\/\/www.eldiario.net\/portal\/#organization","name":"El Diario - Decano de la prensa nacional","url":"https:\/\/www.eldiario.net\/portal\/","logo":{"@type":"ImageObject","inLanguage":"es","@id":"https:\/\/www.eldiario.net\/portal\/#\/schema\/logo\/image\/","url":"https:\/\/www.eldiario.net\/portal\/wp-content\/uploads\/2023\/07\/logo_ED.jpg","contentUrl":"https:\/\/www.eldiario.net\/portal\/wp-content\/uploads\/2023\/07\/logo_ED.jpg","width":272,"height":52,"caption":"El Diario - Decano de la prensa nacional"},"image":{"@id":"https:\/\/www.eldiario.net\/portal\/#\/schema\/logo\/image\/"},"sameAs":["https:\/\/www.facebook.com\/eldiario.bolivia\/","https:\/\/x.com\/eldiario_net"]},{"@type":"Person","@id":"https:\/\/www.eldiario.net\/portal\/#\/schema\/person\/f46445640444750d7d753ccd04ae01b7","name":"Jeanette","image":{"@type":"ImageObject","inLanguage":"es","@id":"https:\/\/secure.gravatar.com\/avatar\/3ea2118a5f7dad2b7138b1187a6b7ee55f160b9968b66013c3a3ef39dd7e5798?s=96&d=mm&r=g","url":"https:\/\/secure.gravatar.com\/avatar\/3ea2118a5f7dad2b7138b1187a6b7ee55f160b9968b66013c3a3ef39dd7e5798?s=96&d=mm&r=g","contentUrl":"https:\/\/secure.gravatar.com\/avatar\/3ea2118a5f7dad2b7138b1187a6b7ee55f160b9968b66013c3a3ef39dd7e5798?s=96&d=mm&r=g","caption":"Jeanette"},"sameAs":["https:\/\/www.eldiario.net\/portal"],"url":"https:\/\/www.eldiario.net\/portal\/author\/jeanette\/"}]}},"_links":{"self":[{"href":"https:\/\/www.eldiario.net\/portal\/wp-json\/wp\/v2\/posts\/143041","targetHints":{"allow":["GET"]}}],"collection":[{"href":"https:\/\/www.eldiario.net\/portal\/wp-json\/wp\/v2\/posts"}],"about":[{"href":"https:\/\/www.eldiario.net\/portal\/wp-json\/wp\/v2\/types\/post"}],"author":[{"embeddable":true,"href":"https:\/\/www.eldiario.net\/portal\/wp-json\/wp\/v2\/users\/1"}],"replies":[{"embeddable":true,"href":"https:\/\/www.eldiario.net\/portal\/wp-json\/wp\/v2\/comments?post=143041"}],"version-history":[{"count":0,"href":"https:\/\/www.eldiario.net\/portal\/wp-json\/wp\/v2\/posts\/143041\/revisions"}],"wp:attachment":[{"href":"https:\/\/www.eldiario.net\/portal\/wp-json\/wp\/v2\/media?parent=143041"}],"wp:term":[{"taxonomy":"category","embeddable":true,"href":"https:\/\/www.eldiario.net\/portal\/wp-json\/wp\/v2\/categories?post=143041"},{"taxonomy":"post_tag","embeddable":true,"href":"https:\/\/www.eldiario.net\/portal\/wp-json\/wp\/v2\/tags?post=143041"}],"curies":[{"name":"wp","href":"https:\/\/api.w.org\/{rel}","templated":true}]}}