{"id":143034,"date":"2023-03-14T06:12:10","date_gmt":"2023-03-14T10:12:10","guid":{"rendered":"https:\/\/www.eldiario.net\/portal\/?p=143034"},"modified":"2023-03-14T06:12:10","modified_gmt":"2023-03-14T10:12:10","slug":"disminuyen-casos-semanales-de-dengue-en-santa-cruz","status":"publish","type":"post","link":"https:\/\/www.eldiario.net\/portal\/2023\/03\/14\/disminuyen-casos-semanales-de-dengue-en-santa-cruz\/","title":{"rendered":"Disminuyen casos semanales  De dengue en Santa Cruz"},"content":{"rendered":"<p>El gerente de Epidemiolog\u00eda del Servicio Departamental de Salud (Sedes), Carlos Hurtado, se\u00f1al\u00f3 que se registra una desescalada de contagios de dengue en Santa Cruz desde hace tres semanas.<\/p>\n<p>Hurtado dijo que cada semana se registran entre 200 y 300 casos menos por semana, pero que la positividad de pruebas es del 22%. Detall\u00f3 que en diciembre del 2022, se inici\u00f3 con 22 por d\u00eda y en la actualidad el promedio es de 150 hasta llegar a 1.053 casos en la \u00faltima semana, por lo que destac\u00f3 que a\u00fan la epidemia no est\u00e1 controlada, pues el \u00edndice de positividad de las pruebas es del 22%, fuera del par\u00e1metro que se considera como controlado (menor al 10%).<\/p>\n<p>Desde finales del a\u00f1o pasado a la fecha, el pa\u00eds enfrenta una epidemia de dengue, la peor en los \u00faltimos 15 a\u00f1os, pues se marc\u00f3 un pico de fallecidos, en el pa\u00eds se contabilizan 46 decesos hasta el fin de semana. Adem\u00e1s, los contagios acumulados suman 14.246 a nivel nacional.<\/p>\n<p>A su vez, el ministro de Salud y Deporte, Jeyson Auza, se\u00f1al\u00f3 que es importante hacer un an\u00e1lisis de la situaci\u00f3n del dengue en Santa Cruz y que en las \u00faltimas semanas se registr\u00f3 menos cantidad de casos.<\/p>\n<p>La autoridad confirm\u00f3 que los decesos por dengue subieron a 43 en lo que va del a\u00f1o. Aunque, destac\u00f3 que en la \u00faltima semana epidemiol\u00f3gica se registraron menos contagios en relaci\u00f3n a una semana previa. La autoridad se\u00f1al\u00f3 que la tasa de incidencia (enfermos por cada 100.000 habitantes) disminuy\u00f3, pues pas\u00f3 de 3,5 a 1% la \u00faltima semana epidemiol\u00f3gica, que concluy\u00f3 el s\u00e1bado.<\/p>\n<p>&nbsp;<\/p>\n<p>\u201cLa incidencia de la enfermedad disminuy\u00f3, pero es importante decir a la poblaci\u00f3n que estas cifras pueden cambiar en cualquier momento, por eso no podemos bajar la guardia en la contenci\u00f3n de esta enfermedad\u201d, advirti\u00f3 el ministro.<\/p>\n<p>CODIV-19<\/p>\n<p>A tres a\u00f1os del inicio de la pandemia de coronavirus esta enfermedad ya fue controlada, inform\u00f3 el Ministerio de Salud y Deporte.<\/p>\n<p>El 10 de marzo de 2020 se registraron los dos primeros contagios de coronavirus en el pa\u00eds. Auza, en el reporte de la semana epidemiol\u00f3gica 10, inform\u00f3 que se presentaron 681 casos, es decir una disminuci\u00f3n del 33% con relaci\u00f3n a la semana anterior y dijo que eso significa que el pa\u00eds vive a\u00fan una desescalada de casos en la sexta ola.<\/p>\n<p>\u201cEn esta semana epidemiol\u00f3gica 10 se han reportado 681 casos, eso representa una disminuci\u00f3n del 33%, 339 casos menos que la semana anterior, esto nos deja contentos ya que el \u00faltimo periodo hab\u00edamos reflejado un leve incremento; sin embargo, para hoy retomamos una nueva disminuci\u00f3n de casos\u201d, expuso la autoridad en el informe epidemiol\u00f3gico semanal desde la ciudad de Sucre, Chuquisaca.<\/p>\n<p>El Ministro de Salud remarc\u00f3 que en dos olas consecutivas se mantuvo la menor tasa de letalidad de toda la pandemia 0.1%, lo que refiere 62 veces menos en la quinta y sexta ola, una marcada diferencia que se tuvo en la primera ola que alcanz\u00f3 al 6.2%.<\/p>\n<p>La autoridad contabiliz\u00f3 que se hicieron 6.012.099 pruebas gratuitas para un diagn\u00f3stico y tratamiento oportuno, vale decir 50.775 pruebas por cada 100.000 habitantes.<\/p>\n<p>Auza detall\u00f3 que a la fecha un 76.4 % de la poblaci\u00f3n recibi\u00f3 la primera dosis contra el coronavirus y un 65.8% las dos dosis.<\/p>\n<p>&nbsp;<\/p>\n<p>En relaci\u00f3n a la tosferina, sostuvo que tambi\u00e9n est\u00e1 controlado este brote, con s\u00f3lo 4 casos activos. Finalmente se\u00f1al\u00f3 que en la actualidad no hay ning\u00fan caso de viruela del mono en el pa\u00eds.<\/p>\n<p>Desde el 2022 a la fecha se registraron m\u00e1s de 250 contagios de viruela del mono, una enfermedad que se caracteriza por erupciones en la piel. (Santa Cruz, agencias)<\/p>\n","protected":false},"excerpt":{"rendered":"<p>El gerente de Epidemiolog\u00eda del Servicio Departamental de Salud (Sedes), Carlos Hurtado, se\u00f1al\u00f3 que se registra una desescalada de contagios de dengue en Santa Cruz desde hace tres semanas. Hurtado dijo que cada semana se registran entre 200 y 300 casos menos por semana, pero que la positividad de pruebas es del 22%. Detall\u00f3 que [&hellip;]<\/p>\n","protected":false},"author":1,"featured_media":143035,"comment_status":"closed","ping_status":"closed","sticky":false,"template":"","format":"standard","meta":{"_acf_changed":false,"footnotes":""},"categories":[12],"tags":[],"class_list":["post-143034","post","type-post","status-publish","format-standard","has-post-thumbnail","category-nacional"],"acf":{"antetitulo":""},"yoast_head":"<!-- This site is optimized with the Yoast SEO plugin v28.4 - https:\/\/yoast.com\/product\/yoast-seo-wordpress\/ -->\n<title>Disminuyen casos semanales De dengue en Santa Cruz - El Diario - Bolivia<\/title>\n<meta name=\"robots\" content=\"index, follow, max-snippet:-1, max-image-preview:large, max-video-preview:-1\" \/>\n<link rel=\"canonical\" href=\"https:\/\/www.eldiario.net\/portal\/2023\/03\/14\/disminuyen-casos-semanales-de-dengue-en-santa-cruz\/\" \/>\n<meta property=\"og:locale\" content=\"es_ES\" \/>\n<meta property=\"og:type\" content=\"article\" \/>\n<meta property=\"og:title\" content=\"Disminuyen casos semanales De dengue en Santa Cruz - El Diario - Bolivia\" \/>\n<meta property=\"og:description\" content=\"El gerente de Epidemiolog\u00eda del Servicio Departamental de Salud (Sedes), Carlos Hurtado, se\u00f1al\u00f3 que se registra una desescalada de contagios de dengue en Santa Cruz desde hace tres semanas. Hurtado dijo que cada semana se registran entre 200 y 300 casos menos por semana, pero que la positividad de pruebas es del 22%. Detall\u00f3 que [&hellip;]\" \/>\n<meta property=\"og:url\" content=\"https:\/\/www.eldiario.net\/portal\/2023\/03\/14\/disminuyen-casos-semanales-de-dengue-en-santa-cruz\/\" \/>\n<meta property=\"og:site_name\" content=\"El Diario - Bolivia\" \/>\n<meta property=\"article:publisher\" content=\"https:\/\/www.facebook.com\/eldiario.bolivia\/\" \/>\n<meta property=\"article:published_time\" content=\"2023-03-14T10:12:10+00:00\" \/>\n<meta name=\"author\" content=\"Jeanette\" \/>\n<meta name=\"twitter:card\" content=\"summary_large_image\" \/>\n<meta name=\"twitter:creator\" content=\"@eldiario_net\" \/>\n<meta name=\"twitter:site\" content=\"@eldiario_net\" \/>\n<meta name=\"twitter:label1\" content=\"Escrito por\" \/>\n\t<meta name=\"twitter:data1\" content=\"Jeanette\" \/>\n\t<meta name=\"twitter:label2\" content=\"Tiempo de lectura\" \/>\n\t<meta name=\"twitter:data2\" content=\"3 minutos\" \/>\n<script type=\"application\/ld+json\" class=\"yoast-schema-graph\">{\"@context\":\"https:\\\/\\\/schema.org\",\"@graph\":[{\"@type\":\"Article\",\"@id\":\"https:\\\/\\\/www.eldiario.net\\\/portal\\\/2023\\\/03\\\/14\\\/disminuyen-casos-semanales-de-dengue-en-santa-cruz\\\/#article\",\"isPartOf\":{\"@id\":\"https:\\\/\\\/www.eldiario.net\\\/portal\\\/2023\\\/03\\\/14\\\/disminuyen-casos-semanales-de-dengue-en-santa-cruz\\\/\"},\"author\":{\"name\":\"Jeanette\",\"@id\":\"https:\\\/\\\/www.eldiario.net\\\/portal\\\/#\\\/schema\\\/person\\\/f46445640444750d7d753ccd04ae01b7\"},\"headline\":\"Disminuyen casos semanales De dengue en Santa Cruz\",\"datePublished\":\"2023-03-14T10:12:10+00:00\",\"mainEntityOfPage\":{\"@id\":\"https:\\\/\\\/www.eldiario.net\\\/portal\\\/2023\\\/03\\\/14\\\/disminuyen-casos-semanales-de-dengue-en-santa-cruz\\\/\"},\"wordCount\":624,\"publisher\":{\"@id\":\"https:\\\/\\\/www.eldiario.net\\\/portal\\\/#organization\"},\"image\":{\"@id\":\"https:\\\/\\\/www.eldiario.net\\\/portal\\\/2023\\\/03\\\/14\\\/disminuyen-casos-semanales-de-dengue-en-santa-cruz\\\/#primaryimage\"},\"thumbnailUrl\":\"\",\"articleSection\":[\"Nacional\"],\"inLanguage\":\"es\"},{\"@type\":\"WebPage\",\"@id\":\"https:\\\/\\\/www.eldiario.net\\\/portal\\\/2023\\\/03\\\/14\\\/disminuyen-casos-semanales-de-dengue-en-santa-cruz\\\/\",\"url\":\"https:\\\/\\\/www.eldiario.net\\\/portal\\\/2023\\\/03\\\/14\\\/disminuyen-casos-semanales-de-dengue-en-santa-cruz\\\/\",\"name\":\"Disminuyen casos semanales De dengue en Santa Cruz - El Diario - Bolivia\",\"isPartOf\":{\"@id\":\"https:\\\/\\\/www.eldiario.net\\\/portal\\\/#website\"},\"primaryImageOfPage\":{\"@id\":\"https:\\\/\\\/www.eldiario.net\\\/portal\\\/2023\\\/03\\\/14\\\/disminuyen-casos-semanales-de-dengue-en-santa-cruz\\\/#primaryimage\"},\"image\":{\"@id\":\"https:\\\/\\\/www.eldiario.net\\\/portal\\\/2023\\\/03\\\/14\\\/disminuyen-casos-semanales-de-dengue-en-santa-cruz\\\/#primaryimage\"},\"thumbnailUrl\":\"\",\"datePublished\":\"2023-03-14T10:12:10+00:00\",\"breadcrumb\":{\"@id\":\"https:\\\/\\\/www.eldiario.net\\\/portal\\\/2023\\\/03\\\/14\\\/disminuyen-casos-semanales-de-dengue-en-santa-cruz\\\/#breadcrumb\"},\"inLanguage\":\"es\",\"potentialAction\":[{\"@type\":\"ReadAction\",\"target\":[\"https:\\\/\\\/www.eldiario.net\\\/portal\\\/2023\\\/03\\\/14\\\/disminuyen-casos-semanales-de-dengue-en-santa-cruz\\\/\"]}]},{\"@type\":\"ImageObject\",\"inLanguage\":\"es\",\"@id\":\"https:\\\/\\\/www.eldiario.net\\\/portal\\\/2023\\\/03\\\/14\\\/disminuyen-casos-semanales-de-dengue-en-santa-cruz\\\/#primaryimage\",\"url\":\"\",\"contentUrl\":\"\"},{\"@type\":\"BreadcrumbList\",\"@id\":\"https:\\\/\\\/www.eldiario.net\\\/portal\\\/2023\\\/03\\\/14\\\/disminuyen-casos-semanales-de-dengue-en-santa-cruz\\\/#breadcrumb\",\"itemListElement\":[{\"@type\":\"ListItem\",\"position\":1,\"name\":\"Portada\",\"item\":\"https:\\\/\\\/www.eldiario.net\\\/portal\\\/\"},{\"@type\":\"ListItem\",\"position\":2,\"name\":\"Disminuyen casos semanales De dengue en Santa Cruz\"}]},{\"@type\":\"WebSite\",\"@id\":\"https:\\\/\\\/www.eldiario.net\\\/portal\\\/#website\",\"url\":\"https:\\\/\\\/www.eldiario.net\\\/portal\\\/\",\"name\":\"El Diario - Decano de la prensa nacional\",\"description\":\"El Diario - Decano de la prensa nacional\",\"publisher\":{\"@id\":\"https:\\\/\\\/www.eldiario.net\\\/portal\\\/#organization\"},\"potentialAction\":[{\"@type\":\"SearchAction\",\"target\":{\"@type\":\"EntryPoint\",\"urlTemplate\":\"https:\\\/\\\/www.eldiario.net\\\/portal\\\/?s={search_term_string}\"},\"query-input\":{\"@type\":\"PropertyValueSpecification\",\"valueRequired\":true,\"valueName\":\"search_term_string\"}}],\"inLanguage\":\"es\"},{\"@type\":\"Organization\",\"@id\":\"https:\\\/\\\/www.eldiario.net\\\/portal\\\/#organization\",\"name\":\"El Diario - Decano de la prensa nacional\",\"url\":\"https:\\\/\\\/www.eldiario.net\\\/portal\\\/\",\"logo\":{\"@type\":\"ImageObject\",\"inLanguage\":\"es\",\"@id\":\"https:\\\/\\\/www.eldiario.net\\\/portal\\\/#\\\/schema\\\/logo\\\/image\\\/\",\"url\":\"https:\\\/\\\/www.eldiario.net\\\/portal\\\/wp-content\\\/uploads\\\/2023\\\/07\\\/logo_ED.jpg\",\"contentUrl\":\"https:\\\/\\\/www.eldiario.net\\\/portal\\\/wp-content\\\/uploads\\\/2023\\\/07\\\/logo_ED.jpg\",\"width\":272,\"height\":52,\"caption\":\"El Diario - Decano de la prensa nacional\"},\"image\":{\"@id\":\"https:\\\/\\\/www.eldiario.net\\\/portal\\\/#\\\/schema\\\/logo\\\/image\\\/\"},\"sameAs\":[\"https:\\\/\\\/www.facebook.com\\\/eldiario.bolivia\\\/\",\"https:\\\/\\\/x.com\\\/eldiario_net\"]},{\"@type\":\"Person\",\"@id\":\"https:\\\/\\\/www.eldiario.net\\\/portal\\\/#\\\/schema\\\/person\\\/f46445640444750d7d753ccd04ae01b7\",\"name\":\"Jeanette\",\"image\":{\"@type\":\"ImageObject\",\"inLanguage\":\"es\",\"@id\":\"https:\\\/\\\/secure.gravatar.com\\\/avatar\\\/3ea2118a5f7dad2b7138b1187a6b7ee55f160b9968b66013c3a3ef39dd7e5798?s=96&d=mm&r=g\",\"url\":\"https:\\\/\\\/secure.gravatar.com\\\/avatar\\\/3ea2118a5f7dad2b7138b1187a6b7ee55f160b9968b66013c3a3ef39dd7e5798?s=96&d=mm&r=g\",\"contentUrl\":\"https:\\\/\\\/secure.gravatar.com\\\/avatar\\\/3ea2118a5f7dad2b7138b1187a6b7ee55f160b9968b66013c3a3ef39dd7e5798?s=96&d=mm&r=g\",\"caption\":\"Jeanette\"},\"sameAs\":[\"https:\\\/\\\/www.eldiario.net\\\/portal\"],\"url\":\"https:\\\/\\\/www.eldiario.net\\\/portal\\\/author\\\/jeanette\\\/\"}]}<\/script>\n<!-- \/ Yoast SEO plugin. -->","yoast_head_json":{"title":"Disminuyen casos semanales De dengue en Santa Cruz - El Diario - Bolivia","robots":{"index":"index","follow":"follow","max-snippet":"max-snippet:-1","max-image-preview":"max-image-preview:large","max-video-preview":"max-video-preview:-1"},"canonical":"https:\/\/www.eldiario.net\/portal\/2023\/03\/14\/disminuyen-casos-semanales-de-dengue-en-santa-cruz\/","og_locale":"es_ES","og_type":"article","og_title":"Disminuyen casos semanales De dengue en Santa Cruz - El Diario - Bolivia","og_description":"El gerente de Epidemiolog\u00eda del Servicio Departamental de Salud (Sedes), Carlos Hurtado, se\u00f1al\u00f3 que se registra una desescalada de contagios de dengue en Santa Cruz desde hace tres semanas. Hurtado dijo que cada semana se registran entre 200 y 300 casos menos por semana, pero que la positividad de pruebas es del 22%. Detall\u00f3 que [&hellip;]","og_url":"https:\/\/www.eldiario.net\/portal\/2023\/03\/14\/disminuyen-casos-semanales-de-dengue-en-santa-cruz\/","og_site_name":"El Diario - Bolivia","article_publisher":"https:\/\/www.facebook.com\/eldiario.bolivia\/","article_published_time":"2023-03-14T10:12:10+00:00","author":"Jeanette","twitter_card":"summary_large_image","twitter_creator":"@eldiario_net","twitter_site":"@eldiario_net","twitter_misc":{"Escrito por":"Jeanette","Tiempo de lectura":"3 minutos"},"schema":{"@context":"https:\/\/schema.org","@graph":[{"@type":"Article","@id":"https:\/\/www.eldiario.net\/portal\/2023\/03\/14\/disminuyen-casos-semanales-de-dengue-en-santa-cruz\/#article","isPartOf":{"@id":"https:\/\/www.eldiario.net\/portal\/2023\/03\/14\/disminuyen-casos-semanales-de-dengue-en-santa-cruz\/"},"author":{"name":"Jeanette","@id":"https:\/\/www.eldiario.net\/portal\/#\/schema\/person\/f46445640444750d7d753ccd04ae01b7"},"headline":"Disminuyen casos semanales De dengue en Santa Cruz","datePublished":"2023-03-14T10:12:10+00:00","mainEntityOfPage":{"@id":"https:\/\/www.eldiario.net\/portal\/2023\/03\/14\/disminuyen-casos-semanales-de-dengue-en-santa-cruz\/"},"wordCount":624,"publisher":{"@id":"https:\/\/www.eldiario.net\/portal\/#organization"},"image":{"@id":"https:\/\/www.eldiario.net\/portal\/2023\/03\/14\/disminuyen-casos-semanales-de-dengue-en-santa-cruz\/#primaryimage"},"thumbnailUrl":"","articleSection":["Nacional"],"inLanguage":"es"},{"@type":"WebPage","@id":"https:\/\/www.eldiario.net\/portal\/2023\/03\/14\/disminuyen-casos-semanales-de-dengue-en-santa-cruz\/","url":"https:\/\/www.eldiario.net\/portal\/2023\/03\/14\/disminuyen-casos-semanales-de-dengue-en-santa-cruz\/","name":"Disminuyen casos semanales De dengue en Santa Cruz - El Diario - Bolivia","isPartOf":{"@id":"https:\/\/www.eldiario.net\/portal\/#website"},"primaryImageOfPage":{"@id":"https:\/\/www.eldiario.net\/portal\/2023\/03\/14\/disminuyen-casos-semanales-de-dengue-en-santa-cruz\/#primaryimage"},"image":{"@id":"https:\/\/www.eldiario.net\/portal\/2023\/03\/14\/disminuyen-casos-semanales-de-dengue-en-santa-cruz\/#primaryimage"},"thumbnailUrl":"","datePublished":"2023-03-14T10:12:10+00:00","breadcrumb":{"@id":"https:\/\/www.eldiario.net\/portal\/2023\/03\/14\/disminuyen-casos-semanales-de-dengue-en-santa-cruz\/#breadcrumb"},"inLanguage":"es","potentialAction":[{"@type":"ReadAction","target":["https:\/\/www.eldiario.net\/portal\/2023\/03\/14\/disminuyen-casos-semanales-de-dengue-en-santa-cruz\/"]}]},{"@type":"ImageObject","inLanguage":"es","@id":"https:\/\/www.eldiario.net\/portal\/2023\/03\/14\/disminuyen-casos-semanales-de-dengue-en-santa-cruz\/#primaryimage","url":"","contentUrl":""},{"@type":"BreadcrumbList","@id":"https:\/\/www.eldiario.net\/portal\/2023\/03\/14\/disminuyen-casos-semanales-de-dengue-en-santa-cruz\/#breadcrumb","itemListElement":[{"@type":"ListItem","position":1,"name":"Portada","item":"https:\/\/www.eldiario.net\/portal\/"},{"@type":"ListItem","position":2,"name":"Disminuyen casos semanales De dengue en Santa Cruz"}]},{"@type":"WebSite","@id":"https:\/\/www.eldiario.net\/portal\/#website","url":"https:\/\/www.eldiario.net\/portal\/","name":"El Diario - Decano de la prensa nacional","description":"El Diario - Decano de la prensa nacional","publisher":{"@id":"https:\/\/www.eldiario.net\/portal\/#organization"},"potentialAction":[{"@type":"SearchAction","target":{"@type":"EntryPoint","urlTemplate":"https:\/\/www.eldiario.net\/portal\/?s={search_term_string}"},"query-input":{"@type":"PropertyValueSpecification","valueRequired":true,"valueName":"search_term_string"}}],"inLanguage":"es"},{"@type":"Organization","@id":"https:\/\/www.eldiario.net\/portal\/#organization","name":"El Diario - Decano de la prensa nacional","url":"https:\/\/www.eldiario.net\/portal\/","logo":{"@type":"ImageObject","inLanguage":"es","@id":"https:\/\/www.eldiario.net\/portal\/#\/schema\/logo\/image\/","url":"https:\/\/www.eldiario.net\/portal\/wp-content\/uploads\/2023\/07\/logo_ED.jpg","contentUrl":"https:\/\/www.eldiario.net\/portal\/wp-content\/uploads\/2023\/07\/logo_ED.jpg","width":272,"height":52,"caption":"El Diario - Decano de la prensa nacional"},"image":{"@id":"https:\/\/www.eldiario.net\/portal\/#\/schema\/logo\/image\/"},"sameAs":["https:\/\/www.facebook.com\/eldiario.bolivia\/","https:\/\/x.com\/eldiario_net"]},{"@type":"Person","@id":"https:\/\/www.eldiario.net\/portal\/#\/schema\/person\/f46445640444750d7d753ccd04ae01b7","name":"Jeanette","image":{"@type":"ImageObject","inLanguage":"es","@id":"https:\/\/secure.gravatar.com\/avatar\/3ea2118a5f7dad2b7138b1187a6b7ee55f160b9968b66013c3a3ef39dd7e5798?s=96&d=mm&r=g","url":"https:\/\/secure.gravatar.com\/avatar\/3ea2118a5f7dad2b7138b1187a6b7ee55f160b9968b66013c3a3ef39dd7e5798?s=96&d=mm&r=g","contentUrl":"https:\/\/secure.gravatar.com\/avatar\/3ea2118a5f7dad2b7138b1187a6b7ee55f160b9968b66013c3a3ef39dd7e5798?s=96&d=mm&r=g","caption":"Jeanette"},"sameAs":["https:\/\/www.eldiario.net\/portal"],"url":"https:\/\/www.eldiario.net\/portal\/author\/jeanette\/"}]}},"_links":{"self":[{"href":"https:\/\/www.eldiario.net\/portal\/wp-json\/wp\/v2\/posts\/143034","targetHints":{"allow":["GET"]}}],"collection":[{"href":"https:\/\/www.eldiario.net\/portal\/wp-json\/wp\/v2\/posts"}],"about":[{"href":"https:\/\/www.eldiario.net\/portal\/wp-json\/wp\/v2\/types\/post"}],"author":[{"embeddable":true,"href":"https:\/\/www.eldiario.net\/portal\/wp-json\/wp\/v2\/users\/1"}],"replies":[{"embeddable":true,"href":"https:\/\/www.eldiario.net\/portal\/wp-json\/wp\/v2\/comments?post=143034"}],"version-history":[{"count":0,"href":"https:\/\/www.eldiario.net\/portal\/wp-json\/wp\/v2\/posts\/143034\/revisions"}],"wp:attachment":[{"href":"https:\/\/www.eldiario.net\/portal\/wp-json\/wp\/v2\/media?parent=143034"}],"wp:term":[{"taxonomy":"category","embeddable":true,"href":"https:\/\/www.eldiario.net\/portal\/wp-json\/wp\/v2\/categories?post=143034"},{"taxonomy":"post_tag","embeddable":true,"href":"https:\/\/www.eldiario.net\/portal\/wp-json\/wp\/v2\/tags?post=143034"}],"curies":[{"name":"wp","href":"https:\/\/api.w.org\/{rel}","templated":true}]}}