{"id":143031,"date":"2023-03-14T06:10:36","date_gmt":"2023-03-14T10:10:36","guid":{"rendered":"https:\/\/www.eldiario.net\/portal\/?p=143031"},"modified":"2023-03-14T06:10:36","modified_gmt":"2023-03-14T10:10:36","slug":"problemas-para-acceso-a-zonas-afectadas-por-terremoto-en-siria","status":"publish","type":"post","link":"https:\/\/www.eldiario.net\/portal\/2023\/03\/14\/problemas-para-acceso-a-zonas-afectadas-por-terremoto-en-siria\/","title":{"rendered":"Problemas para acceso a zonas  afectadas por terremoto en Siria"},"content":{"rendered":"<p>Naciones Unidas alert\u00f3 ayer que las partes enfrentadas en el marco de la guerra en Siria obstaculizan el acceso a las zonas m\u00e1s golpeadas del noroeste del pa\u00eds por los terremotos que tuvieron lugar a principios de febrero y que\u00a0 dejaron hasta la fecha m\u00e1s de 54.000 muertos en suelo turco y sirio.<\/p>\n<p>La Comisi\u00f3n de Investigaci\u00f3n de la ONU sobre Siria se\u00f1al\u00f3 que tanto el Gobierno como las fuerzas opositoras impidieron el acceso de ayuda humanitaria, incluidos los equipos de rescate durante la primera semana luego de los terremotos, un momento crucial para salvar vidas.<\/p>\n<p>As\u00ed, la pesquisa indica que los bandos enfrentados ya ven\u00edan cometiendo violaciones de los Derechos Humanos y abusos durante los meses previos a los atentados, si bien las partes siguieron adelante con un patr\u00f3n de fracaso a la hora de proteger adecuadamente a los civiles sirios.<\/p>\n<p>En este sentido, advirti\u00f3 que la respuesta dada a la cat\u00e1strofe se vio caracterizada por fracasos adicionales que provocaron retrasos a la hora de hacer una entrega urgente de ayuda para salvar vidas a la poblaci\u00f3n del noroeste de Siria, lo que llev\u00f3 a muchos sirios a sentirse abandonados por aquellos que supuestamente deben protegerlos ante los momentos m\u00e1s desesperados.<\/p>\n<p>La comisi\u00f3n, que difundi\u00f3 as\u00ed un informe de cara al 12\u00ba aniversario de la crisis siria, en el que busca documentar las violaciones de Derechos Humanos y del Derecho Internacional, anunci\u00f3 que presentar\u00e1 el dicho documento el pr\u00f3ximo 21 de mayo en Ginebra.<\/p>\n<p>Esto incluye el ataque perpetrado la semana pasada por Israel contra el Aeropuerto Internacional de Alepo, una de las principales v\u00edas para distribuir ayuda humanitaria.<\/p>\n<p>REFUGIO<\/p>\n<p>Naciones Unidas estima que cinco millones de personas necesitan refugio y asistencia en la zona afectada por los se\u00edsmos. Antes de los terremotos ya eran 15 millones de sirios los que necesitaban ayuda humanitaria en todo el territorio.<\/p>\n<p>El informe muestra los abusos y violaciones cometidos contra los civiles en el pa\u00eds y sostiene que en algunas zonas bajo control del Gobierno sirio existe una creciente inseguridad, adem\u00e1s de detenciones arbitrarias, actos de tortura y malos tratos.<\/p>\n<p>Adem\u00e1s, dijo que algunos grupos armados situados en zonas afectadas por los se\u00edsmos restringieron los derechos de mujeres y ni\u00f1as. \u00abLa mayor\u00eda de aquellos que carecen de refugio en estas zonas son ni\u00f1as y mujeres\u00bb, afirm\u00f3, por su parte, la comisionada Lynn Welchman, que puntualiz\u00f3 que muchas personas siguen buscando a familiares desaparecidos.<\/p>\n<p>La ONU acus\u00f3 al Gobierno y otras partes enfrentadas prolongaron deliberadamente el sufrimiento de miles de familias al retener informaciones sobre el paradero y destino de personas desparecidas. (Europa Press)<\/p>\n","protected":false},"excerpt":{"rendered":"<p>Naciones Unidas alert\u00f3 ayer que las partes enfrentadas en el marco de la guerra en Siria obstaculizan el acceso a las zonas m\u00e1s golpeadas del noroeste del pa\u00eds por los terremotos que tuvieron lugar a principios de febrero y que\u00a0 dejaron hasta la fecha m\u00e1s de 54.000 muertos en suelo turco y sirio. La Comisi\u00f3n [&hellip;]<\/p>\n","protected":false},"author":1,"featured_media":143032,"comment_status":"closed","ping_status":"closed","sticky":false,"template":"","format":"standard","meta":{"_acf_changed":false,"footnotes":""},"categories":[3],"tags":[],"class_list":["post-143031","post","type-post","status-publish","format-standard","has-post-thumbnail","category-internacional"],"acf":{"antetitulo":""},"yoast_head":"<!-- This site is optimized with the Yoast SEO plugin v28.4 - https:\/\/yoast.com\/product\/yoast-seo-wordpress\/ -->\n<title>Problemas para acceso a zonas afectadas por terremoto en Siria - El Diario - Bolivia<\/title>\n<meta name=\"robots\" content=\"index, follow, max-snippet:-1, max-image-preview:large, max-video-preview:-1\" \/>\n<link rel=\"canonical\" href=\"https:\/\/www.eldiario.net\/portal\/2023\/03\/14\/problemas-para-acceso-a-zonas-afectadas-por-terremoto-en-siria\/\" \/>\n<meta property=\"og:locale\" content=\"es_ES\" \/>\n<meta property=\"og:type\" content=\"article\" \/>\n<meta property=\"og:title\" content=\"Problemas para acceso a zonas afectadas por terremoto en Siria - El Diario - Bolivia\" \/>\n<meta property=\"og:description\" content=\"Naciones Unidas alert\u00f3 ayer que las partes enfrentadas en el marco de la guerra en Siria obstaculizan el acceso a las zonas m\u00e1s golpeadas del noroeste del pa\u00eds por los terremotos que tuvieron lugar a principios de febrero y que\u00a0 dejaron hasta la fecha m\u00e1s de 54.000 muertos en suelo turco y sirio. La Comisi\u00f3n [&hellip;]\" \/>\n<meta property=\"og:url\" content=\"https:\/\/www.eldiario.net\/portal\/2023\/03\/14\/problemas-para-acceso-a-zonas-afectadas-por-terremoto-en-siria\/\" \/>\n<meta property=\"og:site_name\" content=\"El Diario - Bolivia\" \/>\n<meta property=\"article:publisher\" content=\"https:\/\/www.facebook.com\/eldiario.bolivia\/\" \/>\n<meta property=\"article:published_time\" content=\"2023-03-14T10:10:36+00:00\" \/>\n<meta name=\"author\" content=\"Jeanette\" \/>\n<meta name=\"twitter:card\" content=\"summary_large_image\" \/>\n<meta name=\"twitter:creator\" content=\"@eldiario_net\" \/>\n<meta name=\"twitter:site\" content=\"@eldiario_net\" \/>\n<meta name=\"twitter:label1\" content=\"Escrito por\" \/>\n\t<meta name=\"twitter:data1\" content=\"Jeanette\" \/>\n\t<meta name=\"twitter:label2\" content=\"Tiempo de lectura\" \/>\n\t<meta name=\"twitter:data2\" content=\"2 minutos\" \/>\n<script type=\"application\/ld+json\" class=\"yoast-schema-graph\">{\"@context\":\"https:\\\/\\\/schema.org\",\"@graph\":[{\"@type\":\"Article\",\"@id\":\"https:\\\/\\\/www.eldiario.net\\\/portal\\\/2023\\\/03\\\/14\\\/problemas-para-acceso-a-zonas-afectadas-por-terremoto-en-siria\\\/#article\",\"isPartOf\":{\"@id\":\"https:\\\/\\\/www.eldiario.net\\\/portal\\\/2023\\\/03\\\/14\\\/problemas-para-acceso-a-zonas-afectadas-por-terremoto-en-siria\\\/\"},\"author\":{\"name\":\"Jeanette\",\"@id\":\"https:\\\/\\\/www.eldiario.net\\\/portal\\\/#\\\/schema\\\/person\\\/f46445640444750d7d753ccd04ae01b7\"},\"headline\":\"Problemas para acceso a zonas afectadas por terremoto en Siria\",\"datePublished\":\"2023-03-14T10:10:36+00:00\",\"mainEntityOfPage\":{\"@id\":\"https:\\\/\\\/www.eldiario.net\\\/portal\\\/2023\\\/03\\\/14\\\/problemas-para-acceso-a-zonas-afectadas-por-terremoto-en-siria\\\/\"},\"wordCount\":459,\"publisher\":{\"@id\":\"https:\\\/\\\/www.eldiario.net\\\/portal\\\/#organization\"},\"image\":{\"@id\":\"https:\\\/\\\/www.eldiario.net\\\/portal\\\/2023\\\/03\\\/14\\\/problemas-para-acceso-a-zonas-afectadas-por-terremoto-en-siria\\\/#primaryimage\"},\"thumbnailUrl\":\"\",\"articleSection\":[\"Internacional\"],\"inLanguage\":\"es\"},{\"@type\":\"WebPage\",\"@id\":\"https:\\\/\\\/www.eldiario.net\\\/portal\\\/2023\\\/03\\\/14\\\/problemas-para-acceso-a-zonas-afectadas-por-terremoto-en-siria\\\/\",\"url\":\"https:\\\/\\\/www.eldiario.net\\\/portal\\\/2023\\\/03\\\/14\\\/problemas-para-acceso-a-zonas-afectadas-por-terremoto-en-siria\\\/\",\"name\":\"Problemas para acceso a zonas afectadas por terremoto en Siria - El Diario - Bolivia\",\"isPartOf\":{\"@id\":\"https:\\\/\\\/www.eldiario.net\\\/portal\\\/#website\"},\"primaryImageOfPage\":{\"@id\":\"https:\\\/\\\/www.eldiario.net\\\/portal\\\/2023\\\/03\\\/14\\\/problemas-para-acceso-a-zonas-afectadas-por-terremoto-en-siria\\\/#primaryimage\"},\"image\":{\"@id\":\"https:\\\/\\\/www.eldiario.net\\\/portal\\\/2023\\\/03\\\/14\\\/problemas-para-acceso-a-zonas-afectadas-por-terremoto-en-siria\\\/#primaryimage\"},\"thumbnailUrl\":\"\",\"datePublished\":\"2023-03-14T10:10:36+00:00\",\"breadcrumb\":{\"@id\":\"https:\\\/\\\/www.eldiario.net\\\/portal\\\/2023\\\/03\\\/14\\\/problemas-para-acceso-a-zonas-afectadas-por-terremoto-en-siria\\\/#breadcrumb\"},\"inLanguage\":\"es\",\"potentialAction\":[{\"@type\":\"ReadAction\",\"target\":[\"https:\\\/\\\/www.eldiario.net\\\/portal\\\/2023\\\/03\\\/14\\\/problemas-para-acceso-a-zonas-afectadas-por-terremoto-en-siria\\\/\"]}]},{\"@type\":\"ImageObject\",\"inLanguage\":\"es\",\"@id\":\"https:\\\/\\\/www.eldiario.net\\\/portal\\\/2023\\\/03\\\/14\\\/problemas-para-acceso-a-zonas-afectadas-por-terremoto-en-siria\\\/#primaryimage\",\"url\":\"\",\"contentUrl\":\"\"},{\"@type\":\"BreadcrumbList\",\"@id\":\"https:\\\/\\\/www.eldiario.net\\\/portal\\\/2023\\\/03\\\/14\\\/problemas-para-acceso-a-zonas-afectadas-por-terremoto-en-siria\\\/#breadcrumb\",\"itemListElement\":[{\"@type\":\"ListItem\",\"position\":1,\"name\":\"Portada\",\"item\":\"https:\\\/\\\/www.eldiario.net\\\/portal\\\/\"},{\"@type\":\"ListItem\",\"position\":2,\"name\":\"Problemas para acceso a zonas afectadas por terremoto en Siria\"}]},{\"@type\":\"WebSite\",\"@id\":\"https:\\\/\\\/www.eldiario.net\\\/portal\\\/#website\",\"url\":\"https:\\\/\\\/www.eldiario.net\\\/portal\\\/\",\"name\":\"El Diario - Decano de la prensa nacional\",\"description\":\"El Diario - Decano de la prensa nacional\",\"publisher\":{\"@id\":\"https:\\\/\\\/www.eldiario.net\\\/portal\\\/#organization\"},\"potentialAction\":[{\"@type\":\"SearchAction\",\"target\":{\"@type\":\"EntryPoint\",\"urlTemplate\":\"https:\\\/\\\/www.eldiario.net\\\/portal\\\/?s={search_term_string}\"},\"query-input\":{\"@type\":\"PropertyValueSpecification\",\"valueRequired\":true,\"valueName\":\"search_term_string\"}}],\"inLanguage\":\"es\"},{\"@type\":\"Organization\",\"@id\":\"https:\\\/\\\/www.eldiario.net\\\/portal\\\/#organization\",\"name\":\"El Diario - Decano de la prensa nacional\",\"url\":\"https:\\\/\\\/www.eldiario.net\\\/portal\\\/\",\"logo\":{\"@type\":\"ImageObject\",\"inLanguage\":\"es\",\"@id\":\"https:\\\/\\\/www.eldiario.net\\\/portal\\\/#\\\/schema\\\/logo\\\/image\\\/\",\"url\":\"https:\\\/\\\/www.eldiario.net\\\/portal\\\/wp-content\\\/uploads\\\/2023\\\/07\\\/logo_ED.jpg\",\"contentUrl\":\"https:\\\/\\\/www.eldiario.net\\\/portal\\\/wp-content\\\/uploads\\\/2023\\\/07\\\/logo_ED.jpg\",\"width\":272,\"height\":52,\"caption\":\"El Diario - Decano de la prensa nacional\"},\"image\":{\"@id\":\"https:\\\/\\\/www.eldiario.net\\\/portal\\\/#\\\/schema\\\/logo\\\/image\\\/\"},\"sameAs\":[\"https:\\\/\\\/www.facebook.com\\\/eldiario.bolivia\\\/\",\"https:\\\/\\\/x.com\\\/eldiario_net\"]},{\"@type\":\"Person\",\"@id\":\"https:\\\/\\\/www.eldiario.net\\\/portal\\\/#\\\/schema\\\/person\\\/f46445640444750d7d753ccd04ae01b7\",\"name\":\"Jeanette\",\"image\":{\"@type\":\"ImageObject\",\"inLanguage\":\"es\",\"@id\":\"https:\\\/\\\/secure.gravatar.com\\\/avatar\\\/3ea2118a5f7dad2b7138b1187a6b7ee55f160b9968b66013c3a3ef39dd7e5798?s=96&d=mm&r=g\",\"url\":\"https:\\\/\\\/secure.gravatar.com\\\/avatar\\\/3ea2118a5f7dad2b7138b1187a6b7ee55f160b9968b66013c3a3ef39dd7e5798?s=96&d=mm&r=g\",\"contentUrl\":\"https:\\\/\\\/secure.gravatar.com\\\/avatar\\\/3ea2118a5f7dad2b7138b1187a6b7ee55f160b9968b66013c3a3ef39dd7e5798?s=96&d=mm&r=g\",\"caption\":\"Jeanette\"},\"sameAs\":[\"https:\\\/\\\/www.eldiario.net\\\/portal\"],\"url\":\"https:\\\/\\\/www.eldiario.net\\\/portal\\\/author\\\/jeanette\\\/\"}]}<\/script>\n<!-- \/ Yoast SEO plugin. -->","yoast_head_json":{"title":"Problemas para acceso a zonas afectadas por terremoto en Siria - El Diario - Bolivia","robots":{"index":"index","follow":"follow","max-snippet":"max-snippet:-1","max-image-preview":"max-image-preview:large","max-video-preview":"max-video-preview:-1"},"canonical":"https:\/\/www.eldiario.net\/portal\/2023\/03\/14\/problemas-para-acceso-a-zonas-afectadas-por-terremoto-en-siria\/","og_locale":"es_ES","og_type":"article","og_title":"Problemas para acceso a zonas afectadas por terremoto en Siria - El Diario - Bolivia","og_description":"Naciones Unidas alert\u00f3 ayer que las partes enfrentadas en el marco de la guerra en Siria obstaculizan el acceso a las zonas m\u00e1s golpeadas del noroeste del pa\u00eds por los terremotos que tuvieron lugar a principios de febrero y que\u00a0 dejaron hasta la fecha m\u00e1s de 54.000 muertos en suelo turco y sirio. La Comisi\u00f3n [&hellip;]","og_url":"https:\/\/www.eldiario.net\/portal\/2023\/03\/14\/problemas-para-acceso-a-zonas-afectadas-por-terremoto-en-siria\/","og_site_name":"El Diario - Bolivia","article_publisher":"https:\/\/www.facebook.com\/eldiario.bolivia\/","article_published_time":"2023-03-14T10:10:36+00:00","author":"Jeanette","twitter_card":"summary_large_image","twitter_creator":"@eldiario_net","twitter_site":"@eldiario_net","twitter_misc":{"Escrito por":"Jeanette","Tiempo de lectura":"2 minutos"},"schema":{"@context":"https:\/\/schema.org","@graph":[{"@type":"Article","@id":"https:\/\/www.eldiario.net\/portal\/2023\/03\/14\/problemas-para-acceso-a-zonas-afectadas-por-terremoto-en-siria\/#article","isPartOf":{"@id":"https:\/\/www.eldiario.net\/portal\/2023\/03\/14\/problemas-para-acceso-a-zonas-afectadas-por-terremoto-en-siria\/"},"author":{"name":"Jeanette","@id":"https:\/\/www.eldiario.net\/portal\/#\/schema\/person\/f46445640444750d7d753ccd04ae01b7"},"headline":"Problemas para acceso a zonas afectadas por terremoto en Siria","datePublished":"2023-03-14T10:10:36+00:00","mainEntityOfPage":{"@id":"https:\/\/www.eldiario.net\/portal\/2023\/03\/14\/problemas-para-acceso-a-zonas-afectadas-por-terremoto-en-siria\/"},"wordCount":459,"publisher":{"@id":"https:\/\/www.eldiario.net\/portal\/#organization"},"image":{"@id":"https:\/\/www.eldiario.net\/portal\/2023\/03\/14\/problemas-para-acceso-a-zonas-afectadas-por-terremoto-en-siria\/#primaryimage"},"thumbnailUrl":"","articleSection":["Internacional"],"inLanguage":"es"},{"@type":"WebPage","@id":"https:\/\/www.eldiario.net\/portal\/2023\/03\/14\/problemas-para-acceso-a-zonas-afectadas-por-terremoto-en-siria\/","url":"https:\/\/www.eldiario.net\/portal\/2023\/03\/14\/problemas-para-acceso-a-zonas-afectadas-por-terremoto-en-siria\/","name":"Problemas para acceso a zonas afectadas por terremoto en Siria - El Diario - Bolivia","isPartOf":{"@id":"https:\/\/www.eldiario.net\/portal\/#website"},"primaryImageOfPage":{"@id":"https:\/\/www.eldiario.net\/portal\/2023\/03\/14\/problemas-para-acceso-a-zonas-afectadas-por-terremoto-en-siria\/#primaryimage"},"image":{"@id":"https:\/\/www.eldiario.net\/portal\/2023\/03\/14\/problemas-para-acceso-a-zonas-afectadas-por-terremoto-en-siria\/#primaryimage"},"thumbnailUrl":"","datePublished":"2023-03-14T10:10:36+00:00","breadcrumb":{"@id":"https:\/\/www.eldiario.net\/portal\/2023\/03\/14\/problemas-para-acceso-a-zonas-afectadas-por-terremoto-en-siria\/#breadcrumb"},"inLanguage":"es","potentialAction":[{"@type":"ReadAction","target":["https:\/\/www.eldiario.net\/portal\/2023\/03\/14\/problemas-para-acceso-a-zonas-afectadas-por-terremoto-en-siria\/"]}]},{"@type":"ImageObject","inLanguage":"es","@id":"https:\/\/www.eldiario.net\/portal\/2023\/03\/14\/problemas-para-acceso-a-zonas-afectadas-por-terremoto-en-siria\/#primaryimage","url":"","contentUrl":""},{"@type":"BreadcrumbList","@id":"https:\/\/www.eldiario.net\/portal\/2023\/03\/14\/problemas-para-acceso-a-zonas-afectadas-por-terremoto-en-siria\/#breadcrumb","itemListElement":[{"@type":"ListItem","position":1,"name":"Portada","item":"https:\/\/www.eldiario.net\/portal\/"},{"@type":"ListItem","position":2,"name":"Problemas para acceso a zonas afectadas por terremoto en Siria"}]},{"@type":"WebSite","@id":"https:\/\/www.eldiario.net\/portal\/#website","url":"https:\/\/www.eldiario.net\/portal\/","name":"El Diario - Decano de la prensa nacional","description":"El Diario - Decano de la prensa nacional","publisher":{"@id":"https:\/\/www.eldiario.net\/portal\/#organization"},"potentialAction":[{"@type":"SearchAction","target":{"@type":"EntryPoint","urlTemplate":"https:\/\/www.eldiario.net\/portal\/?s={search_term_string}"},"query-input":{"@type":"PropertyValueSpecification","valueRequired":true,"valueName":"search_term_string"}}],"inLanguage":"es"},{"@type":"Organization","@id":"https:\/\/www.eldiario.net\/portal\/#organization","name":"El Diario - Decano de la prensa nacional","url":"https:\/\/www.eldiario.net\/portal\/","logo":{"@type":"ImageObject","inLanguage":"es","@id":"https:\/\/www.eldiario.net\/portal\/#\/schema\/logo\/image\/","url":"https:\/\/www.eldiario.net\/portal\/wp-content\/uploads\/2023\/07\/logo_ED.jpg","contentUrl":"https:\/\/www.eldiario.net\/portal\/wp-content\/uploads\/2023\/07\/logo_ED.jpg","width":272,"height":52,"caption":"El Diario - Decano de la prensa nacional"},"image":{"@id":"https:\/\/www.eldiario.net\/portal\/#\/schema\/logo\/image\/"},"sameAs":["https:\/\/www.facebook.com\/eldiario.bolivia\/","https:\/\/x.com\/eldiario_net"]},{"@type":"Person","@id":"https:\/\/www.eldiario.net\/portal\/#\/schema\/person\/f46445640444750d7d753ccd04ae01b7","name":"Jeanette","image":{"@type":"ImageObject","inLanguage":"es","@id":"https:\/\/secure.gravatar.com\/avatar\/3ea2118a5f7dad2b7138b1187a6b7ee55f160b9968b66013c3a3ef39dd7e5798?s=96&d=mm&r=g","url":"https:\/\/secure.gravatar.com\/avatar\/3ea2118a5f7dad2b7138b1187a6b7ee55f160b9968b66013c3a3ef39dd7e5798?s=96&d=mm&r=g","contentUrl":"https:\/\/secure.gravatar.com\/avatar\/3ea2118a5f7dad2b7138b1187a6b7ee55f160b9968b66013c3a3ef39dd7e5798?s=96&d=mm&r=g","caption":"Jeanette"},"sameAs":["https:\/\/www.eldiario.net\/portal"],"url":"https:\/\/www.eldiario.net\/portal\/author\/jeanette\/"}]}},"_links":{"self":[{"href":"https:\/\/www.eldiario.net\/portal\/wp-json\/wp\/v2\/posts\/143031","targetHints":{"allow":["GET"]}}],"collection":[{"href":"https:\/\/www.eldiario.net\/portal\/wp-json\/wp\/v2\/posts"}],"about":[{"href":"https:\/\/www.eldiario.net\/portal\/wp-json\/wp\/v2\/types\/post"}],"author":[{"embeddable":true,"href":"https:\/\/www.eldiario.net\/portal\/wp-json\/wp\/v2\/users\/1"}],"replies":[{"embeddable":true,"href":"https:\/\/www.eldiario.net\/portal\/wp-json\/wp\/v2\/comments?post=143031"}],"version-history":[{"count":0,"href":"https:\/\/www.eldiario.net\/portal\/wp-json\/wp\/v2\/posts\/143031\/revisions"}],"wp:attachment":[{"href":"https:\/\/www.eldiario.net\/portal\/wp-json\/wp\/v2\/media?parent=143031"}],"wp:term":[{"taxonomy":"category","embeddable":true,"href":"https:\/\/www.eldiario.net\/portal\/wp-json\/wp\/v2\/categories?post=143031"},{"taxonomy":"post_tag","embeddable":true,"href":"https:\/\/www.eldiario.net\/portal\/wp-json\/wp\/v2\/tags?post=143031"}],"curies":[{"name":"wp","href":"https:\/\/api.w.org\/{rel}","templated":true}]}}