{"id":143025,"date":"2023-03-14T06:08:52","date_gmt":"2023-03-14T10:08:52","guid":{"rendered":"https:\/\/www.eldiario.net\/portal\/?p=143025"},"modified":"2023-03-14T06:08:52","modified_gmt":"2023-03-14T10:08:52","slug":"iran-eleva-a-13-000-alumnas-intoxicadas-en-centros-educativos","status":"publish","type":"post","link":"https:\/\/www.eldiario.net\/portal\/2023\/03\/14\/iran-eleva-a-13-000-alumnas-intoxicadas-en-centros-educativos\/","title":{"rendered":"Ir\u00e1n eleva a 13.000 alumnas  intoxicadas en centros educativos"},"content":{"rendered":"<p>Las autoridades sanitarias de Ir\u00e1n confirmaron ayer que la cifra de alumnas intoxicadas en el marco de los misteriosos casos de envenenamiento en centros educativos del pa\u00eds aument\u00f3 a 13.000, un centenar de los cuales a\u00fan siguen hospitalizados.<\/p>\n<p>Desde el Gobierno iran\u00ed mostraron su condena a esta oleada de intoxicaciones que ya que result\u00f3 al menos con un centenar de detenciones, si bien es cierto que celebraron que afortunadamente no hubo ninguna muerte entre los estudiantes.<\/p>\n<p>En la misma l\u00ednea, las autoridades educativas iran\u00edes incidieron en que no hubo casos extremadamente graves e informaron de que el personal docente del pa\u00eds, as\u00ed como los padres de alumnos, est\u00e1n recibiendo instrucciones sobre c\u00f3mo actuar ante un caso de intoxicaci\u00f3n.<\/p>\n<p>El Ministerio del Interior de Ir\u00e1n confirm\u00f3 este fin de semana la detenci\u00f3n de varias personas vinculadas con estos casos de envenenamientos, que desde Teher\u00e1n consideran forma parte de un complot orquestado por pa\u00edses enemigos.<\/p>\n<p>Teher\u00e1n asegura que entre los arrestados existen casos de personas que actuaron por travesura con el objetivo de cerrar las clases, as\u00ed como detenidos con motivos hostiles, cuyo fin era sembrar el terror en el pueblo y los estudiantes, creando escepticismo hacia el sistema.<\/p>\n<p>Las autoridades quisieron calmar la situaci\u00f3n, enfatizando en que afortunadamente desde mediados de la semana la cantidad de incidentes en las escuelas disminuyeron significativamente.<\/p>\n<p>Los primeros envenenamientos se denunciaron hace m\u00e1s de dos meses en una escuela ubicada en Qom, capital de la provincia hom\u00f3nima, pero desde entonces se extendi\u00f3 a otros puntos del pa\u00eds, si bien es cierto que por el momento se desconoce el alcance real de esta oleada de intoxicaciones.<\/p>\n<p>Tanto el l\u00edder supremo, el ayatol\u00e1 Al\u00ed Jamenei, como el presidente, Ebrahim Raisi, consideran estos incidentes parte de una conspiraci\u00f3n orquestada desde el extranjero. Jamenei manifest\u00f3 que los envenenamientos son un crimen imperdonable y abog\u00f3 por castigos duros contra los responsables. (Europa Press)<\/p>\n","protected":false},"excerpt":{"rendered":"<p>Las autoridades sanitarias de Ir\u00e1n confirmaron ayer que la cifra de alumnas intoxicadas en el marco de los misteriosos casos de envenenamiento en centros educativos del pa\u00eds aument\u00f3 a 13.000, un centenar de los cuales a\u00fan siguen hospitalizados. Desde el Gobierno iran\u00ed mostraron su condena a esta oleada de intoxicaciones que ya que result\u00f3 al [&hellip;]<\/p>\n","protected":false},"author":1,"featured_media":143026,"comment_status":"closed","ping_status":"closed","sticky":false,"template":"","format":"standard","meta":{"_acf_changed":false,"footnotes":""},"categories":[3],"tags":[],"class_list":["post-143025","post","type-post","status-publish","format-standard","has-post-thumbnail","category-internacional"],"acf":{"antetitulo":""},"yoast_head":"<!-- This site is optimized with the Yoast SEO plugin v28.4 - https:\/\/yoast.com\/product\/yoast-seo-wordpress\/ -->\n<title>Ir\u00e1n eleva a 13.000 alumnas intoxicadas en centros educativos - El Diario - Bolivia<\/title>\n<meta name=\"robots\" content=\"index, follow, max-snippet:-1, max-image-preview:large, max-video-preview:-1\" \/>\n<link rel=\"canonical\" href=\"https:\/\/www.eldiario.net\/portal\/2023\/03\/14\/iran-eleva-a-13-000-alumnas-intoxicadas-en-centros-educativos\/\" \/>\n<meta property=\"og:locale\" content=\"es_ES\" \/>\n<meta property=\"og:type\" content=\"article\" \/>\n<meta property=\"og:title\" content=\"Ir\u00e1n eleva a 13.000 alumnas intoxicadas en centros educativos - El Diario - Bolivia\" \/>\n<meta property=\"og:description\" content=\"Las autoridades sanitarias de Ir\u00e1n confirmaron ayer que la cifra de alumnas intoxicadas en el marco de los misteriosos casos de envenenamiento en centros educativos del pa\u00eds aument\u00f3 a 13.000, un centenar de los cuales a\u00fan siguen hospitalizados. Desde el Gobierno iran\u00ed mostraron su condena a esta oleada de intoxicaciones que ya que result\u00f3 al [&hellip;]\" \/>\n<meta property=\"og:url\" content=\"https:\/\/www.eldiario.net\/portal\/2023\/03\/14\/iran-eleva-a-13-000-alumnas-intoxicadas-en-centros-educativos\/\" \/>\n<meta property=\"og:site_name\" content=\"El Diario - Bolivia\" \/>\n<meta property=\"article:publisher\" content=\"https:\/\/www.facebook.com\/eldiario.bolivia\/\" \/>\n<meta property=\"article:published_time\" content=\"2023-03-14T10:08:52+00:00\" \/>\n<meta name=\"author\" content=\"Jeanette\" \/>\n<meta name=\"twitter:card\" content=\"summary_large_image\" \/>\n<meta name=\"twitter:creator\" content=\"@eldiario_net\" \/>\n<meta name=\"twitter:site\" content=\"@eldiario_net\" \/>\n<meta name=\"twitter:label1\" content=\"Escrito por\" \/>\n\t<meta name=\"twitter:data1\" content=\"Jeanette\" \/>\n\t<meta name=\"twitter:label2\" content=\"Tiempo de lectura\" \/>\n\t<meta name=\"twitter:data2\" content=\"2 minutos\" \/>\n<script type=\"application\/ld+json\" class=\"yoast-schema-graph\">{\"@context\":\"https:\\\/\\\/schema.org\",\"@graph\":[{\"@type\":\"Article\",\"@id\":\"https:\\\/\\\/www.eldiario.net\\\/portal\\\/2023\\\/03\\\/14\\\/iran-eleva-a-13-000-alumnas-intoxicadas-en-centros-educativos\\\/#article\",\"isPartOf\":{\"@id\":\"https:\\\/\\\/www.eldiario.net\\\/portal\\\/2023\\\/03\\\/14\\\/iran-eleva-a-13-000-alumnas-intoxicadas-en-centros-educativos\\\/\"},\"author\":{\"name\":\"Jeanette\",\"@id\":\"https:\\\/\\\/www.eldiario.net\\\/portal\\\/#\\\/schema\\\/person\\\/f46445640444750d7d753ccd04ae01b7\"},\"headline\":\"Ir\u00e1n eleva a 13.000 alumnas intoxicadas en centros educativos\",\"datePublished\":\"2023-03-14T10:08:52+00:00\",\"mainEntityOfPage\":{\"@id\":\"https:\\\/\\\/www.eldiario.net\\\/portal\\\/2023\\\/03\\\/14\\\/iran-eleva-a-13-000-alumnas-intoxicadas-en-centros-educativos\\\/\"},\"wordCount\":341,\"publisher\":{\"@id\":\"https:\\\/\\\/www.eldiario.net\\\/portal\\\/#organization\"},\"image\":{\"@id\":\"https:\\\/\\\/www.eldiario.net\\\/portal\\\/2023\\\/03\\\/14\\\/iran-eleva-a-13-000-alumnas-intoxicadas-en-centros-educativos\\\/#primaryimage\"},\"thumbnailUrl\":\"\",\"articleSection\":[\"Internacional\"],\"inLanguage\":\"es\"},{\"@type\":\"WebPage\",\"@id\":\"https:\\\/\\\/www.eldiario.net\\\/portal\\\/2023\\\/03\\\/14\\\/iran-eleva-a-13-000-alumnas-intoxicadas-en-centros-educativos\\\/\",\"url\":\"https:\\\/\\\/www.eldiario.net\\\/portal\\\/2023\\\/03\\\/14\\\/iran-eleva-a-13-000-alumnas-intoxicadas-en-centros-educativos\\\/\",\"name\":\"Ir\u00e1n eleva a 13.000 alumnas intoxicadas en centros educativos - El Diario - Bolivia\",\"isPartOf\":{\"@id\":\"https:\\\/\\\/www.eldiario.net\\\/portal\\\/#website\"},\"primaryImageOfPage\":{\"@id\":\"https:\\\/\\\/www.eldiario.net\\\/portal\\\/2023\\\/03\\\/14\\\/iran-eleva-a-13-000-alumnas-intoxicadas-en-centros-educativos\\\/#primaryimage\"},\"image\":{\"@id\":\"https:\\\/\\\/www.eldiario.net\\\/portal\\\/2023\\\/03\\\/14\\\/iran-eleva-a-13-000-alumnas-intoxicadas-en-centros-educativos\\\/#primaryimage\"},\"thumbnailUrl\":\"\",\"datePublished\":\"2023-03-14T10:08:52+00:00\",\"breadcrumb\":{\"@id\":\"https:\\\/\\\/www.eldiario.net\\\/portal\\\/2023\\\/03\\\/14\\\/iran-eleva-a-13-000-alumnas-intoxicadas-en-centros-educativos\\\/#breadcrumb\"},\"inLanguage\":\"es\",\"potentialAction\":[{\"@type\":\"ReadAction\",\"target\":[\"https:\\\/\\\/www.eldiario.net\\\/portal\\\/2023\\\/03\\\/14\\\/iran-eleva-a-13-000-alumnas-intoxicadas-en-centros-educativos\\\/\"]}]},{\"@type\":\"ImageObject\",\"inLanguage\":\"es\",\"@id\":\"https:\\\/\\\/www.eldiario.net\\\/portal\\\/2023\\\/03\\\/14\\\/iran-eleva-a-13-000-alumnas-intoxicadas-en-centros-educativos\\\/#primaryimage\",\"url\":\"\",\"contentUrl\":\"\"},{\"@type\":\"BreadcrumbList\",\"@id\":\"https:\\\/\\\/www.eldiario.net\\\/portal\\\/2023\\\/03\\\/14\\\/iran-eleva-a-13-000-alumnas-intoxicadas-en-centros-educativos\\\/#breadcrumb\",\"itemListElement\":[{\"@type\":\"ListItem\",\"position\":1,\"name\":\"Portada\",\"item\":\"https:\\\/\\\/www.eldiario.net\\\/portal\\\/\"},{\"@type\":\"ListItem\",\"position\":2,\"name\":\"Ir\u00e1n eleva a 13.000 alumnas intoxicadas en centros educativos\"}]},{\"@type\":\"WebSite\",\"@id\":\"https:\\\/\\\/www.eldiario.net\\\/portal\\\/#website\",\"url\":\"https:\\\/\\\/www.eldiario.net\\\/portal\\\/\",\"name\":\"El Diario - Decano de la prensa nacional\",\"description\":\"El Diario - Decano de la prensa nacional\",\"publisher\":{\"@id\":\"https:\\\/\\\/www.eldiario.net\\\/portal\\\/#organization\"},\"potentialAction\":[{\"@type\":\"SearchAction\",\"target\":{\"@type\":\"EntryPoint\",\"urlTemplate\":\"https:\\\/\\\/www.eldiario.net\\\/portal\\\/?s={search_term_string}\"},\"query-input\":{\"@type\":\"PropertyValueSpecification\",\"valueRequired\":true,\"valueName\":\"search_term_string\"}}],\"inLanguage\":\"es\"},{\"@type\":\"Organization\",\"@id\":\"https:\\\/\\\/www.eldiario.net\\\/portal\\\/#organization\",\"name\":\"El Diario - Decano de la prensa nacional\",\"url\":\"https:\\\/\\\/www.eldiario.net\\\/portal\\\/\",\"logo\":{\"@type\":\"ImageObject\",\"inLanguage\":\"es\",\"@id\":\"https:\\\/\\\/www.eldiario.net\\\/portal\\\/#\\\/schema\\\/logo\\\/image\\\/\",\"url\":\"https:\\\/\\\/www.eldiario.net\\\/portal\\\/wp-content\\\/uploads\\\/2023\\\/07\\\/logo_ED.jpg\",\"contentUrl\":\"https:\\\/\\\/www.eldiario.net\\\/portal\\\/wp-content\\\/uploads\\\/2023\\\/07\\\/logo_ED.jpg\",\"width\":272,\"height\":52,\"caption\":\"El Diario - Decano de la prensa nacional\"},\"image\":{\"@id\":\"https:\\\/\\\/www.eldiario.net\\\/portal\\\/#\\\/schema\\\/logo\\\/image\\\/\"},\"sameAs\":[\"https:\\\/\\\/www.facebook.com\\\/eldiario.bolivia\\\/\",\"https:\\\/\\\/x.com\\\/eldiario_net\"]},{\"@type\":\"Person\",\"@id\":\"https:\\\/\\\/www.eldiario.net\\\/portal\\\/#\\\/schema\\\/person\\\/f46445640444750d7d753ccd04ae01b7\",\"name\":\"Jeanette\",\"image\":{\"@type\":\"ImageObject\",\"inLanguage\":\"es\",\"@id\":\"https:\\\/\\\/secure.gravatar.com\\\/avatar\\\/3ea2118a5f7dad2b7138b1187a6b7ee55f160b9968b66013c3a3ef39dd7e5798?s=96&d=mm&r=g\",\"url\":\"https:\\\/\\\/secure.gravatar.com\\\/avatar\\\/3ea2118a5f7dad2b7138b1187a6b7ee55f160b9968b66013c3a3ef39dd7e5798?s=96&d=mm&r=g\",\"contentUrl\":\"https:\\\/\\\/secure.gravatar.com\\\/avatar\\\/3ea2118a5f7dad2b7138b1187a6b7ee55f160b9968b66013c3a3ef39dd7e5798?s=96&d=mm&r=g\",\"caption\":\"Jeanette\"},\"sameAs\":[\"https:\\\/\\\/www.eldiario.net\\\/portal\"],\"url\":\"https:\\\/\\\/www.eldiario.net\\\/portal\\\/author\\\/jeanette\\\/\"}]}<\/script>\n<!-- \/ Yoast SEO plugin. -->","yoast_head_json":{"title":"Ir\u00e1n eleva a 13.000 alumnas intoxicadas en centros educativos - El Diario - Bolivia","robots":{"index":"index","follow":"follow","max-snippet":"max-snippet:-1","max-image-preview":"max-image-preview:large","max-video-preview":"max-video-preview:-1"},"canonical":"https:\/\/www.eldiario.net\/portal\/2023\/03\/14\/iran-eleva-a-13-000-alumnas-intoxicadas-en-centros-educativos\/","og_locale":"es_ES","og_type":"article","og_title":"Ir\u00e1n eleva a 13.000 alumnas intoxicadas en centros educativos - El Diario - Bolivia","og_description":"Las autoridades sanitarias de Ir\u00e1n confirmaron ayer que la cifra de alumnas intoxicadas en el marco de los misteriosos casos de envenenamiento en centros educativos del pa\u00eds aument\u00f3 a 13.000, un centenar de los cuales a\u00fan siguen hospitalizados. Desde el Gobierno iran\u00ed mostraron su condena a esta oleada de intoxicaciones que ya que result\u00f3 al [&hellip;]","og_url":"https:\/\/www.eldiario.net\/portal\/2023\/03\/14\/iran-eleva-a-13-000-alumnas-intoxicadas-en-centros-educativos\/","og_site_name":"El Diario - Bolivia","article_publisher":"https:\/\/www.facebook.com\/eldiario.bolivia\/","article_published_time":"2023-03-14T10:08:52+00:00","author":"Jeanette","twitter_card":"summary_large_image","twitter_creator":"@eldiario_net","twitter_site":"@eldiario_net","twitter_misc":{"Escrito por":"Jeanette","Tiempo de lectura":"2 minutos"},"schema":{"@context":"https:\/\/schema.org","@graph":[{"@type":"Article","@id":"https:\/\/www.eldiario.net\/portal\/2023\/03\/14\/iran-eleva-a-13-000-alumnas-intoxicadas-en-centros-educativos\/#article","isPartOf":{"@id":"https:\/\/www.eldiario.net\/portal\/2023\/03\/14\/iran-eleva-a-13-000-alumnas-intoxicadas-en-centros-educativos\/"},"author":{"name":"Jeanette","@id":"https:\/\/www.eldiario.net\/portal\/#\/schema\/person\/f46445640444750d7d753ccd04ae01b7"},"headline":"Ir\u00e1n eleva a 13.000 alumnas intoxicadas en centros educativos","datePublished":"2023-03-14T10:08:52+00:00","mainEntityOfPage":{"@id":"https:\/\/www.eldiario.net\/portal\/2023\/03\/14\/iran-eleva-a-13-000-alumnas-intoxicadas-en-centros-educativos\/"},"wordCount":341,"publisher":{"@id":"https:\/\/www.eldiario.net\/portal\/#organization"},"image":{"@id":"https:\/\/www.eldiario.net\/portal\/2023\/03\/14\/iran-eleva-a-13-000-alumnas-intoxicadas-en-centros-educativos\/#primaryimage"},"thumbnailUrl":"","articleSection":["Internacional"],"inLanguage":"es"},{"@type":"WebPage","@id":"https:\/\/www.eldiario.net\/portal\/2023\/03\/14\/iran-eleva-a-13-000-alumnas-intoxicadas-en-centros-educativos\/","url":"https:\/\/www.eldiario.net\/portal\/2023\/03\/14\/iran-eleva-a-13-000-alumnas-intoxicadas-en-centros-educativos\/","name":"Ir\u00e1n eleva a 13.000 alumnas intoxicadas en centros educativos - El Diario - Bolivia","isPartOf":{"@id":"https:\/\/www.eldiario.net\/portal\/#website"},"primaryImageOfPage":{"@id":"https:\/\/www.eldiario.net\/portal\/2023\/03\/14\/iran-eleva-a-13-000-alumnas-intoxicadas-en-centros-educativos\/#primaryimage"},"image":{"@id":"https:\/\/www.eldiario.net\/portal\/2023\/03\/14\/iran-eleva-a-13-000-alumnas-intoxicadas-en-centros-educativos\/#primaryimage"},"thumbnailUrl":"","datePublished":"2023-03-14T10:08:52+00:00","breadcrumb":{"@id":"https:\/\/www.eldiario.net\/portal\/2023\/03\/14\/iran-eleva-a-13-000-alumnas-intoxicadas-en-centros-educativos\/#breadcrumb"},"inLanguage":"es","potentialAction":[{"@type":"ReadAction","target":["https:\/\/www.eldiario.net\/portal\/2023\/03\/14\/iran-eleva-a-13-000-alumnas-intoxicadas-en-centros-educativos\/"]}]},{"@type":"ImageObject","inLanguage":"es","@id":"https:\/\/www.eldiario.net\/portal\/2023\/03\/14\/iran-eleva-a-13-000-alumnas-intoxicadas-en-centros-educativos\/#primaryimage","url":"","contentUrl":""},{"@type":"BreadcrumbList","@id":"https:\/\/www.eldiario.net\/portal\/2023\/03\/14\/iran-eleva-a-13-000-alumnas-intoxicadas-en-centros-educativos\/#breadcrumb","itemListElement":[{"@type":"ListItem","position":1,"name":"Portada","item":"https:\/\/www.eldiario.net\/portal\/"},{"@type":"ListItem","position":2,"name":"Ir\u00e1n eleva a 13.000 alumnas intoxicadas en centros educativos"}]},{"@type":"WebSite","@id":"https:\/\/www.eldiario.net\/portal\/#website","url":"https:\/\/www.eldiario.net\/portal\/","name":"El Diario - Decano de la prensa nacional","description":"El Diario - Decano de la prensa nacional","publisher":{"@id":"https:\/\/www.eldiario.net\/portal\/#organization"},"potentialAction":[{"@type":"SearchAction","target":{"@type":"EntryPoint","urlTemplate":"https:\/\/www.eldiario.net\/portal\/?s={search_term_string}"},"query-input":{"@type":"PropertyValueSpecification","valueRequired":true,"valueName":"search_term_string"}}],"inLanguage":"es"},{"@type":"Organization","@id":"https:\/\/www.eldiario.net\/portal\/#organization","name":"El Diario - Decano de la prensa nacional","url":"https:\/\/www.eldiario.net\/portal\/","logo":{"@type":"ImageObject","inLanguage":"es","@id":"https:\/\/www.eldiario.net\/portal\/#\/schema\/logo\/image\/","url":"https:\/\/www.eldiario.net\/portal\/wp-content\/uploads\/2023\/07\/logo_ED.jpg","contentUrl":"https:\/\/www.eldiario.net\/portal\/wp-content\/uploads\/2023\/07\/logo_ED.jpg","width":272,"height":52,"caption":"El Diario - Decano de la prensa nacional"},"image":{"@id":"https:\/\/www.eldiario.net\/portal\/#\/schema\/logo\/image\/"},"sameAs":["https:\/\/www.facebook.com\/eldiario.bolivia\/","https:\/\/x.com\/eldiario_net"]},{"@type":"Person","@id":"https:\/\/www.eldiario.net\/portal\/#\/schema\/person\/f46445640444750d7d753ccd04ae01b7","name":"Jeanette","image":{"@type":"ImageObject","inLanguage":"es","@id":"https:\/\/secure.gravatar.com\/avatar\/3ea2118a5f7dad2b7138b1187a6b7ee55f160b9968b66013c3a3ef39dd7e5798?s=96&d=mm&r=g","url":"https:\/\/secure.gravatar.com\/avatar\/3ea2118a5f7dad2b7138b1187a6b7ee55f160b9968b66013c3a3ef39dd7e5798?s=96&d=mm&r=g","contentUrl":"https:\/\/secure.gravatar.com\/avatar\/3ea2118a5f7dad2b7138b1187a6b7ee55f160b9968b66013c3a3ef39dd7e5798?s=96&d=mm&r=g","caption":"Jeanette"},"sameAs":["https:\/\/www.eldiario.net\/portal"],"url":"https:\/\/www.eldiario.net\/portal\/author\/jeanette\/"}]}},"_links":{"self":[{"href":"https:\/\/www.eldiario.net\/portal\/wp-json\/wp\/v2\/posts\/143025","targetHints":{"allow":["GET"]}}],"collection":[{"href":"https:\/\/www.eldiario.net\/portal\/wp-json\/wp\/v2\/posts"}],"about":[{"href":"https:\/\/www.eldiario.net\/portal\/wp-json\/wp\/v2\/types\/post"}],"author":[{"embeddable":true,"href":"https:\/\/www.eldiario.net\/portal\/wp-json\/wp\/v2\/users\/1"}],"replies":[{"embeddable":true,"href":"https:\/\/www.eldiario.net\/portal\/wp-json\/wp\/v2\/comments?post=143025"}],"version-history":[{"count":0,"href":"https:\/\/www.eldiario.net\/portal\/wp-json\/wp\/v2\/posts\/143025\/revisions"}],"wp:attachment":[{"href":"https:\/\/www.eldiario.net\/portal\/wp-json\/wp\/v2\/media?parent=143025"}],"wp:term":[{"taxonomy":"category","embeddable":true,"href":"https:\/\/www.eldiario.net\/portal\/wp-json\/wp\/v2\/categories?post=143025"},{"taxonomy":"post_tag","embeddable":true,"href":"https:\/\/www.eldiario.net\/portal\/wp-json\/wp\/v2\/tags?post=143025"}],"curies":[{"name":"wp","href":"https:\/\/api.w.org\/{rel}","templated":true}]}}