{"id":143021,"date":"2023-03-14T06:08:02","date_gmt":"2023-03-14T10:08:02","guid":{"rendered":"https:\/\/www.eldiario.net\/portal\/?p=143021"},"modified":"2023-03-14T06:08:02","modified_gmt":"2023-03-14T10:08:02","slug":"por-mis-10-anos-como-papa-regalenme-la-paz","status":"publish","type":"post","link":"https:\/\/www.eldiario.net\/portal\/2023\/03\/14\/por-mis-10-anos-como-papa-regalenme-la-paz\/","title":{"rendered":"Por mis 10 a\u00f1os como  Papa, reg\u00e1lenme la paz"},"content":{"rendered":"<p>Francisco, que celebr\u00f3 ayer su d\u00e9cimo aniversario de Pontificado, solicit\u00f3 que le regalen \u00abpaz\u00bb. \u00abPor mis 10 a\u00f1os como Papa, reg\u00e1lenme la paz\u00bb, dijo la autoridad religiosa en una entrevista en el Vaticano que presentaron &#8216;Popecast&#8217;, un podcast en el que el Papa ofrece una mirada sobre estos diez a\u00f1os de Pontificado.<\/p>\n<p>Tras 40 viajes al extranjero, tres enc\u00edclicas, 899 santos canonizados, miles de audiencias o cientos de visitas a di\u00f3cesis y parroquias, el Papa identific\u00f3 la audiencia con los abuelos de todo el mundo el 28 de septiembre de 2014 como el momento m\u00e1s hermoso de su Pontificado.<\/p>\n<p>\u00abLos ancianos son sabidur\u00eda y me ayudan mucho. Yo tambi\u00e9n soy viejo, \u00bfno? Pero los ancianos son como el buen vino que tiene esa historia a\u00f1eja. Los encuentros con ancianos me renuevan y me rejuvenecen, no s\u00e9 por qu\u00e9&#8230; Son momentos hermosos, preciosos\u00bb, asegur\u00f3.<\/p>\n<p>Respecto a los momentos dolorosos, mencion\u00f3 todos relacionados con el horror de la guerra, como cuando visit\u00f3 los cementerios militares de Redipuglia y Anzio, la conmemoraci\u00f3n del desembarco de Normand\u00eda o la vigilia para evitar la guerra en Siria. \u00abDetr\u00e1s de las guerras est\u00e1 la industria armament\u00edstica, esto es diab\u00f3lico\u00bb, asegur\u00f3 el Papa.<\/p>\n<p>Francisco no esperaba que \u00e9l mismo, un obispo venido del fin del mundo, fuera el Papa que dirigiera la Iglesia universal en tiempos de la Tercera Guerra Mundial. \u00abPensaba que lo de Siria era algo singular, luego vinieron los dem\u00e1s. Me duele ver a los muertos, j\u00f3venes, sean rusos o ucranianos, me da igual que no vuelven. Es duro\u00bb, se\u00f1al\u00f3.<\/p>\n<p>As\u00ed, conden\u00f3 una vez m\u00e1s la barbarie que se vive desde hace m\u00e1s de un a\u00f1o en Ucrania y comparti\u00f3 sus tres sue\u00f1os para la Iglesia, para el mundo y para los que gobiernan el mundo, para la humanidad.<\/p>\n<p>\u00abTres palabras: fraternidad, llanto, sonrisa, Fraternidad humana, todos somos hermanos, reconstruir la fraternidad. Aprender a no tener miedo de llorar y sonre\u00edr: cuando una persona tiene miedo de llorar y sonre\u00edr, es una persona que tiene los pies en el suelo y la mirada en el horizonte del futuro. Si uno se olvida de llorar, algo va mal. Y si uno se olvida de sonre\u00edr, es a\u00fan peor\u00bb, ha comentado. (Europa Press)<\/p>\n","protected":false},"excerpt":{"rendered":"<p>Francisco, que celebr\u00f3 ayer su d\u00e9cimo aniversario de Pontificado, solicit\u00f3 que le regalen \u00abpaz\u00bb. \u00abPor mis 10 a\u00f1os como Papa, reg\u00e1lenme la paz\u00bb, dijo la autoridad religiosa en una entrevista en el Vaticano que presentaron &#8216;Popecast&#8217;, un podcast en el que el Papa ofrece una mirada sobre estos diez a\u00f1os de Pontificado. Tras 40 viajes [&hellip;]<\/p>\n","protected":false},"author":1,"featured_media":143022,"comment_status":"closed","ping_status":"closed","sticky":false,"template":"","format":"standard","meta":{"_acf_changed":false,"footnotes":""},"categories":[3],"tags":[],"class_list":["post-143021","post","type-post","status-publish","format-standard","has-post-thumbnail","category-internacional"],"acf":{"antetitulo":""},"yoast_head":"<!-- This site is optimized with the Yoast SEO plugin v28.4 - https:\/\/yoast.com\/product\/yoast-seo-wordpress\/ -->\n<title>Por mis 10 a\u00f1os como Papa, reg\u00e1lenme la paz - El Diario - Bolivia<\/title>\n<meta name=\"robots\" content=\"index, follow, max-snippet:-1, max-image-preview:large, max-video-preview:-1\" \/>\n<link rel=\"canonical\" href=\"https:\/\/www.eldiario.net\/portal\/2023\/03\/14\/por-mis-10-anos-como-papa-regalenme-la-paz\/\" \/>\n<meta property=\"og:locale\" content=\"es_ES\" \/>\n<meta property=\"og:type\" content=\"article\" \/>\n<meta property=\"og:title\" content=\"Por mis 10 a\u00f1os como Papa, reg\u00e1lenme la paz - El Diario - Bolivia\" \/>\n<meta property=\"og:description\" content=\"Francisco, que celebr\u00f3 ayer su d\u00e9cimo aniversario de Pontificado, solicit\u00f3 que le regalen \u00abpaz\u00bb. \u00abPor mis 10 a\u00f1os como Papa, reg\u00e1lenme la paz\u00bb, dijo la autoridad religiosa en una entrevista en el Vaticano que presentaron &#8216;Popecast&#8217;, un podcast en el que el Papa ofrece una mirada sobre estos diez a\u00f1os de Pontificado. Tras 40 viajes [&hellip;]\" \/>\n<meta property=\"og:url\" content=\"https:\/\/www.eldiario.net\/portal\/2023\/03\/14\/por-mis-10-anos-como-papa-regalenme-la-paz\/\" \/>\n<meta property=\"og:site_name\" content=\"El Diario - Bolivia\" \/>\n<meta property=\"article:publisher\" content=\"https:\/\/www.facebook.com\/eldiario.bolivia\/\" \/>\n<meta property=\"article:published_time\" content=\"2023-03-14T10:08:02+00:00\" \/>\n<meta name=\"author\" content=\"Jeanette\" \/>\n<meta name=\"twitter:card\" content=\"summary_large_image\" \/>\n<meta name=\"twitter:creator\" content=\"@eldiario_net\" \/>\n<meta name=\"twitter:site\" content=\"@eldiario_net\" \/>\n<meta name=\"twitter:label1\" content=\"Escrito por\" \/>\n\t<meta name=\"twitter:data1\" content=\"Jeanette\" \/>\n\t<meta name=\"twitter:label2\" content=\"Tiempo de lectura\" \/>\n\t<meta name=\"twitter:data2\" content=\"2 minutos\" \/>\n<script type=\"application\/ld+json\" class=\"yoast-schema-graph\">{\"@context\":\"https:\\\/\\\/schema.org\",\"@graph\":[{\"@type\":\"Article\",\"@id\":\"https:\\\/\\\/www.eldiario.net\\\/portal\\\/2023\\\/03\\\/14\\\/por-mis-10-anos-como-papa-regalenme-la-paz\\\/#article\",\"isPartOf\":{\"@id\":\"https:\\\/\\\/www.eldiario.net\\\/portal\\\/2023\\\/03\\\/14\\\/por-mis-10-anos-como-papa-regalenme-la-paz\\\/\"},\"author\":{\"name\":\"Jeanette\",\"@id\":\"https:\\\/\\\/www.eldiario.net\\\/portal\\\/#\\\/schema\\\/person\\\/f46445640444750d7d753ccd04ae01b7\"},\"headline\":\"Por mis 10 a\u00f1os como Papa, reg\u00e1lenme la paz\",\"datePublished\":\"2023-03-14T10:08:02+00:00\",\"mainEntityOfPage\":{\"@id\":\"https:\\\/\\\/www.eldiario.net\\\/portal\\\/2023\\\/03\\\/14\\\/por-mis-10-anos-como-papa-regalenme-la-paz\\\/\"},\"wordCount\":398,\"publisher\":{\"@id\":\"https:\\\/\\\/www.eldiario.net\\\/portal\\\/#organization\"},\"image\":{\"@id\":\"https:\\\/\\\/www.eldiario.net\\\/portal\\\/2023\\\/03\\\/14\\\/por-mis-10-anos-como-papa-regalenme-la-paz\\\/#primaryimage\"},\"thumbnailUrl\":\"\",\"articleSection\":[\"Internacional\"],\"inLanguage\":\"es\"},{\"@type\":\"WebPage\",\"@id\":\"https:\\\/\\\/www.eldiario.net\\\/portal\\\/2023\\\/03\\\/14\\\/por-mis-10-anos-como-papa-regalenme-la-paz\\\/\",\"url\":\"https:\\\/\\\/www.eldiario.net\\\/portal\\\/2023\\\/03\\\/14\\\/por-mis-10-anos-como-papa-regalenme-la-paz\\\/\",\"name\":\"Por mis 10 a\u00f1os como Papa, reg\u00e1lenme la paz - El Diario - Bolivia\",\"isPartOf\":{\"@id\":\"https:\\\/\\\/www.eldiario.net\\\/portal\\\/#website\"},\"primaryImageOfPage\":{\"@id\":\"https:\\\/\\\/www.eldiario.net\\\/portal\\\/2023\\\/03\\\/14\\\/por-mis-10-anos-como-papa-regalenme-la-paz\\\/#primaryimage\"},\"image\":{\"@id\":\"https:\\\/\\\/www.eldiario.net\\\/portal\\\/2023\\\/03\\\/14\\\/por-mis-10-anos-como-papa-regalenme-la-paz\\\/#primaryimage\"},\"thumbnailUrl\":\"\",\"datePublished\":\"2023-03-14T10:08:02+00:00\",\"breadcrumb\":{\"@id\":\"https:\\\/\\\/www.eldiario.net\\\/portal\\\/2023\\\/03\\\/14\\\/por-mis-10-anos-como-papa-regalenme-la-paz\\\/#breadcrumb\"},\"inLanguage\":\"es\",\"potentialAction\":[{\"@type\":\"ReadAction\",\"target\":[\"https:\\\/\\\/www.eldiario.net\\\/portal\\\/2023\\\/03\\\/14\\\/por-mis-10-anos-como-papa-regalenme-la-paz\\\/\"]}]},{\"@type\":\"ImageObject\",\"inLanguage\":\"es\",\"@id\":\"https:\\\/\\\/www.eldiario.net\\\/portal\\\/2023\\\/03\\\/14\\\/por-mis-10-anos-como-papa-regalenme-la-paz\\\/#primaryimage\",\"url\":\"\",\"contentUrl\":\"\"},{\"@type\":\"BreadcrumbList\",\"@id\":\"https:\\\/\\\/www.eldiario.net\\\/portal\\\/2023\\\/03\\\/14\\\/por-mis-10-anos-como-papa-regalenme-la-paz\\\/#breadcrumb\",\"itemListElement\":[{\"@type\":\"ListItem\",\"position\":1,\"name\":\"Portada\",\"item\":\"https:\\\/\\\/www.eldiario.net\\\/portal\\\/\"},{\"@type\":\"ListItem\",\"position\":2,\"name\":\"Por mis 10 a\u00f1os como Papa, reg\u00e1lenme la paz\"}]},{\"@type\":\"WebSite\",\"@id\":\"https:\\\/\\\/www.eldiario.net\\\/portal\\\/#website\",\"url\":\"https:\\\/\\\/www.eldiario.net\\\/portal\\\/\",\"name\":\"El Diario - Decano de la prensa nacional\",\"description\":\"El Diario - Decano de la prensa nacional\",\"publisher\":{\"@id\":\"https:\\\/\\\/www.eldiario.net\\\/portal\\\/#organization\"},\"potentialAction\":[{\"@type\":\"SearchAction\",\"target\":{\"@type\":\"EntryPoint\",\"urlTemplate\":\"https:\\\/\\\/www.eldiario.net\\\/portal\\\/?s={search_term_string}\"},\"query-input\":{\"@type\":\"PropertyValueSpecification\",\"valueRequired\":true,\"valueName\":\"search_term_string\"}}],\"inLanguage\":\"es\"},{\"@type\":\"Organization\",\"@id\":\"https:\\\/\\\/www.eldiario.net\\\/portal\\\/#organization\",\"name\":\"El Diario - Decano de la prensa nacional\",\"url\":\"https:\\\/\\\/www.eldiario.net\\\/portal\\\/\",\"logo\":{\"@type\":\"ImageObject\",\"inLanguage\":\"es\",\"@id\":\"https:\\\/\\\/www.eldiario.net\\\/portal\\\/#\\\/schema\\\/logo\\\/image\\\/\",\"url\":\"https:\\\/\\\/www.eldiario.net\\\/portal\\\/wp-content\\\/uploads\\\/2023\\\/07\\\/logo_ED.jpg\",\"contentUrl\":\"https:\\\/\\\/www.eldiario.net\\\/portal\\\/wp-content\\\/uploads\\\/2023\\\/07\\\/logo_ED.jpg\",\"width\":272,\"height\":52,\"caption\":\"El Diario - Decano de la prensa nacional\"},\"image\":{\"@id\":\"https:\\\/\\\/www.eldiario.net\\\/portal\\\/#\\\/schema\\\/logo\\\/image\\\/\"},\"sameAs\":[\"https:\\\/\\\/www.facebook.com\\\/eldiario.bolivia\\\/\",\"https:\\\/\\\/x.com\\\/eldiario_net\"]},{\"@type\":\"Person\",\"@id\":\"https:\\\/\\\/www.eldiario.net\\\/portal\\\/#\\\/schema\\\/person\\\/f46445640444750d7d753ccd04ae01b7\",\"name\":\"Jeanette\",\"image\":{\"@type\":\"ImageObject\",\"inLanguage\":\"es\",\"@id\":\"https:\\\/\\\/secure.gravatar.com\\\/avatar\\\/3ea2118a5f7dad2b7138b1187a6b7ee55f160b9968b66013c3a3ef39dd7e5798?s=96&d=mm&r=g\",\"url\":\"https:\\\/\\\/secure.gravatar.com\\\/avatar\\\/3ea2118a5f7dad2b7138b1187a6b7ee55f160b9968b66013c3a3ef39dd7e5798?s=96&d=mm&r=g\",\"contentUrl\":\"https:\\\/\\\/secure.gravatar.com\\\/avatar\\\/3ea2118a5f7dad2b7138b1187a6b7ee55f160b9968b66013c3a3ef39dd7e5798?s=96&d=mm&r=g\",\"caption\":\"Jeanette\"},\"sameAs\":[\"https:\\\/\\\/www.eldiario.net\\\/portal\"],\"url\":\"https:\\\/\\\/www.eldiario.net\\\/portal\\\/author\\\/jeanette\\\/\"}]}<\/script>\n<!-- \/ Yoast SEO plugin. -->","yoast_head_json":{"title":"Por mis 10 a\u00f1os como Papa, reg\u00e1lenme la paz - El Diario - Bolivia","robots":{"index":"index","follow":"follow","max-snippet":"max-snippet:-1","max-image-preview":"max-image-preview:large","max-video-preview":"max-video-preview:-1"},"canonical":"https:\/\/www.eldiario.net\/portal\/2023\/03\/14\/por-mis-10-anos-como-papa-regalenme-la-paz\/","og_locale":"es_ES","og_type":"article","og_title":"Por mis 10 a\u00f1os como Papa, reg\u00e1lenme la paz - El Diario - Bolivia","og_description":"Francisco, que celebr\u00f3 ayer su d\u00e9cimo aniversario de Pontificado, solicit\u00f3 que le regalen \u00abpaz\u00bb. \u00abPor mis 10 a\u00f1os como Papa, reg\u00e1lenme la paz\u00bb, dijo la autoridad religiosa en una entrevista en el Vaticano que presentaron &#8216;Popecast&#8217;, un podcast en el que el Papa ofrece una mirada sobre estos diez a\u00f1os de Pontificado. Tras 40 viajes [&hellip;]","og_url":"https:\/\/www.eldiario.net\/portal\/2023\/03\/14\/por-mis-10-anos-como-papa-regalenme-la-paz\/","og_site_name":"El Diario - Bolivia","article_publisher":"https:\/\/www.facebook.com\/eldiario.bolivia\/","article_published_time":"2023-03-14T10:08:02+00:00","author":"Jeanette","twitter_card":"summary_large_image","twitter_creator":"@eldiario_net","twitter_site":"@eldiario_net","twitter_misc":{"Escrito por":"Jeanette","Tiempo de lectura":"2 minutos"},"schema":{"@context":"https:\/\/schema.org","@graph":[{"@type":"Article","@id":"https:\/\/www.eldiario.net\/portal\/2023\/03\/14\/por-mis-10-anos-como-papa-regalenme-la-paz\/#article","isPartOf":{"@id":"https:\/\/www.eldiario.net\/portal\/2023\/03\/14\/por-mis-10-anos-como-papa-regalenme-la-paz\/"},"author":{"name":"Jeanette","@id":"https:\/\/www.eldiario.net\/portal\/#\/schema\/person\/f46445640444750d7d753ccd04ae01b7"},"headline":"Por mis 10 a\u00f1os como Papa, reg\u00e1lenme la paz","datePublished":"2023-03-14T10:08:02+00:00","mainEntityOfPage":{"@id":"https:\/\/www.eldiario.net\/portal\/2023\/03\/14\/por-mis-10-anos-como-papa-regalenme-la-paz\/"},"wordCount":398,"publisher":{"@id":"https:\/\/www.eldiario.net\/portal\/#organization"},"image":{"@id":"https:\/\/www.eldiario.net\/portal\/2023\/03\/14\/por-mis-10-anos-como-papa-regalenme-la-paz\/#primaryimage"},"thumbnailUrl":"","articleSection":["Internacional"],"inLanguage":"es"},{"@type":"WebPage","@id":"https:\/\/www.eldiario.net\/portal\/2023\/03\/14\/por-mis-10-anos-como-papa-regalenme-la-paz\/","url":"https:\/\/www.eldiario.net\/portal\/2023\/03\/14\/por-mis-10-anos-como-papa-regalenme-la-paz\/","name":"Por mis 10 a\u00f1os como Papa, reg\u00e1lenme la paz - El Diario - Bolivia","isPartOf":{"@id":"https:\/\/www.eldiario.net\/portal\/#website"},"primaryImageOfPage":{"@id":"https:\/\/www.eldiario.net\/portal\/2023\/03\/14\/por-mis-10-anos-como-papa-regalenme-la-paz\/#primaryimage"},"image":{"@id":"https:\/\/www.eldiario.net\/portal\/2023\/03\/14\/por-mis-10-anos-como-papa-regalenme-la-paz\/#primaryimage"},"thumbnailUrl":"","datePublished":"2023-03-14T10:08:02+00:00","breadcrumb":{"@id":"https:\/\/www.eldiario.net\/portal\/2023\/03\/14\/por-mis-10-anos-como-papa-regalenme-la-paz\/#breadcrumb"},"inLanguage":"es","potentialAction":[{"@type":"ReadAction","target":["https:\/\/www.eldiario.net\/portal\/2023\/03\/14\/por-mis-10-anos-como-papa-regalenme-la-paz\/"]}]},{"@type":"ImageObject","inLanguage":"es","@id":"https:\/\/www.eldiario.net\/portal\/2023\/03\/14\/por-mis-10-anos-como-papa-regalenme-la-paz\/#primaryimage","url":"","contentUrl":""},{"@type":"BreadcrumbList","@id":"https:\/\/www.eldiario.net\/portal\/2023\/03\/14\/por-mis-10-anos-como-papa-regalenme-la-paz\/#breadcrumb","itemListElement":[{"@type":"ListItem","position":1,"name":"Portada","item":"https:\/\/www.eldiario.net\/portal\/"},{"@type":"ListItem","position":2,"name":"Por mis 10 a\u00f1os como Papa, reg\u00e1lenme la paz"}]},{"@type":"WebSite","@id":"https:\/\/www.eldiario.net\/portal\/#website","url":"https:\/\/www.eldiario.net\/portal\/","name":"El Diario - Decano de la prensa nacional","description":"El Diario - Decano de la prensa nacional","publisher":{"@id":"https:\/\/www.eldiario.net\/portal\/#organization"},"potentialAction":[{"@type":"SearchAction","target":{"@type":"EntryPoint","urlTemplate":"https:\/\/www.eldiario.net\/portal\/?s={search_term_string}"},"query-input":{"@type":"PropertyValueSpecification","valueRequired":true,"valueName":"search_term_string"}}],"inLanguage":"es"},{"@type":"Organization","@id":"https:\/\/www.eldiario.net\/portal\/#organization","name":"El Diario - Decano de la prensa nacional","url":"https:\/\/www.eldiario.net\/portal\/","logo":{"@type":"ImageObject","inLanguage":"es","@id":"https:\/\/www.eldiario.net\/portal\/#\/schema\/logo\/image\/","url":"https:\/\/www.eldiario.net\/portal\/wp-content\/uploads\/2023\/07\/logo_ED.jpg","contentUrl":"https:\/\/www.eldiario.net\/portal\/wp-content\/uploads\/2023\/07\/logo_ED.jpg","width":272,"height":52,"caption":"El Diario - Decano de la prensa nacional"},"image":{"@id":"https:\/\/www.eldiario.net\/portal\/#\/schema\/logo\/image\/"},"sameAs":["https:\/\/www.facebook.com\/eldiario.bolivia\/","https:\/\/x.com\/eldiario_net"]},{"@type":"Person","@id":"https:\/\/www.eldiario.net\/portal\/#\/schema\/person\/f46445640444750d7d753ccd04ae01b7","name":"Jeanette","image":{"@type":"ImageObject","inLanguage":"es","@id":"https:\/\/secure.gravatar.com\/avatar\/3ea2118a5f7dad2b7138b1187a6b7ee55f160b9968b66013c3a3ef39dd7e5798?s=96&d=mm&r=g","url":"https:\/\/secure.gravatar.com\/avatar\/3ea2118a5f7dad2b7138b1187a6b7ee55f160b9968b66013c3a3ef39dd7e5798?s=96&d=mm&r=g","contentUrl":"https:\/\/secure.gravatar.com\/avatar\/3ea2118a5f7dad2b7138b1187a6b7ee55f160b9968b66013c3a3ef39dd7e5798?s=96&d=mm&r=g","caption":"Jeanette"},"sameAs":["https:\/\/www.eldiario.net\/portal"],"url":"https:\/\/www.eldiario.net\/portal\/author\/jeanette\/"}]}},"_links":{"self":[{"href":"https:\/\/www.eldiario.net\/portal\/wp-json\/wp\/v2\/posts\/143021","targetHints":{"allow":["GET"]}}],"collection":[{"href":"https:\/\/www.eldiario.net\/portal\/wp-json\/wp\/v2\/posts"}],"about":[{"href":"https:\/\/www.eldiario.net\/portal\/wp-json\/wp\/v2\/types\/post"}],"author":[{"embeddable":true,"href":"https:\/\/www.eldiario.net\/portal\/wp-json\/wp\/v2\/users\/1"}],"replies":[{"embeddable":true,"href":"https:\/\/www.eldiario.net\/portal\/wp-json\/wp\/v2\/comments?post=143021"}],"version-history":[{"count":0,"href":"https:\/\/www.eldiario.net\/portal\/wp-json\/wp\/v2\/posts\/143021\/revisions"}],"wp:attachment":[{"href":"https:\/\/www.eldiario.net\/portal\/wp-json\/wp\/v2\/media?parent=143021"}],"wp:term":[{"taxonomy":"category","embeddable":true,"href":"https:\/\/www.eldiario.net\/portal\/wp-json\/wp\/v2\/categories?post=143021"},{"taxonomy":"post_tag","embeddable":true,"href":"https:\/\/www.eldiario.net\/portal\/wp-json\/wp\/v2\/tags?post=143021"}],"curies":[{"name":"wp","href":"https:\/\/api.w.org\/{rel}","templated":true}]}}