{"id":143018,"date":"2023-03-14T06:06:55","date_gmt":"2023-03-14T10:06:55","guid":{"rendered":"https:\/\/www.eldiario.net\/portal\/?p=143018"},"modified":"2023-03-14T06:06:55","modified_gmt":"2023-03-14T10:06:55","slug":"ciclon-yaku-continua-su-recorrido-en-costa-peruana","status":"publish","type":"post","link":"https:\/\/www.eldiario.net\/portal\/2023\/03\/14\/ciclon-yaku-continua-su-recorrido-en-costa-peruana\/","title":{"rendered":"Cicl\u00f3n Yaku contin\u00faa su  recorrido en costa peruana"},"content":{"rendered":"<p>El cicl\u00f3n Yaku gener\u00f3 desbordes de r\u00edos e inundaciones en distintas zonas del norte del Per\u00fa, incluyendo Tumbes, Piura, Lambayeque y La Libertad. Las autoridades del Servicio Nacional de Meteorolog\u00eda e Hidrolog\u00eda del Per\u00fa (Senamhi) anunciaron que el cicl\u00f3n se desplaza hacia el sur del pa\u00eds, aunque su intensidad como cicl\u00f3n ir\u00e1 disminuyendo.<\/p>\n<p>El presidente del Senamhi, Guillermo Antonio Baigorria Paz, explic\u00f3 que los efectos del cicl\u00f3n a\u00fan estar\u00e1n presentes hasta el 16 de marzo.<\/p>\n<p>El cicl\u00f3n Yaku se desplaza frente a la costa de La Libertad y \u00c1ncash y se espera que en los pr\u00f3ximos d\u00edas contribuya al aumento de humedad en Lima e intensifique las lluvias en estas regiones. Benito Valderrama, especialista en meteorolog\u00eda del Senamhi, explic\u00f3 que Yaku provocar\u00e1 una mayor humedad y, en consecuencia, podr\u00eda presentarse lluvias en la regi\u00f3n costera de \u00c1ncash y Lima.<\/p>\n<p>El fen\u00f3meno tambi\u00e9n afect\u00f3 a varios distritos de Lima, incluyendo Ate, Santa Anita, Chaclacayo, Lurigancho, La Molina, Cieneguilla, San Luis, San Juan de Lurigancho, Chosica, y El Agustino. Las autoridades locales estuvieron trabajando para mitigar los efectos del cicl\u00f3n y proporcionar ayuda a los afectados.<\/p>\n<p>El Senamhi inform\u00f3 que se espera que las fuertes lluvias contin\u00faen hasta el 14 de marzo y que se produzca un incremento en Lima. Baigorria, explic\u00f3 que el calentamiento an\u00f3malo del oc\u00e9ano, cerca de las regiones de Piura y Tumbes, se registr\u00f3 hace seis semanas y que el cicl\u00f3n Yaku ya habr\u00eda estado presente en estas zonas. Asimismo, especific\u00f3 que para el mi\u00e9rcoles 15 de marzo, el cicl\u00f3n Yaku ya se estar\u00e1 alejando o desapareciendo de la costa peruana.<\/p>\n<p>La ciudad de Lima, capital del Per\u00fa, es conocida por su clima \u00e1rido y soleado, con poca presencia de lluvias a lo largo del a\u00f1o. Sin embargo, cuando las precipitaciones se presentan, pueden generar caos e inconvenientes en la ciudad.<\/p>\n<p>En promedio, la ciudad de Lima recibe menos de 10 mil\u00edmetros de lluvia al a\u00f1o, lo que la convierte en una de las ciudades m\u00e1s secas del mundo. Sin embargo, en ocasiones, se presentan lluvias intensas que pueden ocasionar desbordes de r\u00edos, inundaciones y da\u00f1os materiales.<\/p>\n<p>Seg\u00fan los registros del Servicio Nacional de Meteorolog\u00eda e Hidrolog\u00eda del Per\u00fa (Senamhi), en los \u00faltimos a\u00f1os se presentaron lluvias intensas en la ciudad de Lima en varias ocasiones.<\/p>\n<p>En marzo de 2017, Lima fue afectada por un fen\u00f3meno clim\u00e1tico conocido como el \u201cNi\u00f1o costero\u201d, que gener\u00f3 lluvias torrenciales e inundaciones en diversas zonas de la ciudad. La intensidad de las lluvias fue tal que super\u00f3 los registros hist\u00f3ricos de precipitaciones en la ciudad de Lima en los \u00faltimos 50 a\u00f1os.<\/p>\n<p>En febrero de 2020, la capital peruana experiment\u00f3 una lluvia intensa que dej\u00f3 calles inundadas y veh\u00edculos varados. A pesar de que la lluvia no fue tan fuerte como en el \u201cNi\u00f1o costero\u201d de 2017, gener\u00f3 caos en la ciudad y evidenci\u00f3 la falta de infraestructuras de drenaje adecuadas.<\/p>\n<p>Este a\u00f1o, en marzo de 2023, Lima volvi\u00f3 a ser afectada por lluvias intensas generadas por el cicl\u00f3n Yaku. Aunque las lluvias no fueron torrenciales ni generaron caos en la ciudad y afectado a diversas zonas.<\/p>\n<p>La presencia de lluvias en la ciudad de Lima evidenci\u00f3 la necesidad de una adecuada planificaci\u00f3n y gesti\u00f3n del riesgo ante fen\u00f3menos clim\u00e1ticos. Es fundamental que las autoridades locales y nacionales trabajen en la implementaci\u00f3n de infraestructuras de drenaje adecuadas y en la generaci\u00f3n de planes de contingencia para enfrentar situaciones de emergencia.<\/p>\n<p>En conclusi\u00f3n, aunque Lima es conocida por su clima \u00e1rido y soleado, la presencia de lluvias intensas en los \u00faltimos a\u00f1os, evidenciaron la necesidad de una adecuada planificaci\u00f3n y gesti\u00f3n del riesgo ante fen\u00f3menos clim\u00e1ticos. Es fundamental que se tomen medidas para mejorar la infraestructura de drenaje y la capacidad de respuesta ante situaciones de emergencia. (Infobae)<\/p>\n","protected":false},"excerpt":{"rendered":"<p>El cicl\u00f3n Yaku gener\u00f3 desbordes de r\u00edos e inundaciones en distintas zonas del norte del Per\u00fa, incluyendo Tumbes, Piura, Lambayeque y La Libertad. Las autoridades del Servicio Nacional de Meteorolog\u00eda e Hidrolog\u00eda del Per\u00fa (Senamhi) anunciaron que el cicl\u00f3n se desplaza hacia el sur del pa\u00eds, aunque su intensidad como cicl\u00f3n ir\u00e1 disminuyendo. El presidente [&hellip;]<\/p>\n","protected":false},"author":1,"featured_media":143019,"comment_status":"closed","ping_status":"closed","sticky":false,"template":"","format":"standard","meta":{"_acf_changed":false,"footnotes":""},"categories":[3],"tags":[],"class_list":["post-143018","post","type-post","status-publish","format-standard","has-post-thumbnail","category-internacional"],"acf":{"antetitulo":""},"yoast_head":"<!-- This site is optimized with the Yoast SEO plugin v28.4 - https:\/\/yoast.com\/product\/yoast-seo-wordpress\/ -->\n<title>Cicl\u00f3n Yaku contin\u00faa su recorrido en costa peruana - El Diario - Bolivia<\/title>\n<meta name=\"robots\" content=\"index, follow, max-snippet:-1, max-image-preview:large, max-video-preview:-1\" \/>\n<link rel=\"canonical\" href=\"https:\/\/www.eldiario.net\/portal\/2023\/03\/14\/ciclon-yaku-continua-su-recorrido-en-costa-peruana\/\" \/>\n<meta property=\"og:locale\" content=\"es_ES\" \/>\n<meta property=\"og:type\" content=\"article\" \/>\n<meta property=\"og:title\" content=\"Cicl\u00f3n Yaku contin\u00faa su recorrido en costa peruana - El Diario - Bolivia\" \/>\n<meta property=\"og:description\" content=\"El cicl\u00f3n Yaku gener\u00f3 desbordes de r\u00edos e inundaciones en distintas zonas del norte del Per\u00fa, incluyendo Tumbes, Piura, Lambayeque y La Libertad. Las autoridades del Servicio Nacional de Meteorolog\u00eda e Hidrolog\u00eda del Per\u00fa (Senamhi) anunciaron que el cicl\u00f3n se desplaza hacia el sur del pa\u00eds, aunque su intensidad como cicl\u00f3n ir\u00e1 disminuyendo. El presidente [&hellip;]\" \/>\n<meta property=\"og:url\" content=\"https:\/\/www.eldiario.net\/portal\/2023\/03\/14\/ciclon-yaku-continua-su-recorrido-en-costa-peruana\/\" \/>\n<meta property=\"og:site_name\" content=\"El Diario - Bolivia\" \/>\n<meta property=\"article:publisher\" content=\"https:\/\/www.facebook.com\/eldiario.bolivia\/\" \/>\n<meta property=\"article:published_time\" content=\"2023-03-14T10:06:55+00:00\" \/>\n<meta name=\"author\" content=\"Jeanette\" \/>\n<meta name=\"twitter:card\" content=\"summary_large_image\" \/>\n<meta name=\"twitter:creator\" content=\"@eldiario_net\" \/>\n<meta name=\"twitter:site\" content=\"@eldiario_net\" \/>\n<meta name=\"twitter:label1\" content=\"Escrito por\" \/>\n\t<meta name=\"twitter:data1\" content=\"Jeanette\" \/>\n\t<meta name=\"twitter:label2\" content=\"Tiempo de lectura\" \/>\n\t<meta name=\"twitter:data2\" content=\"3 minutos\" \/>\n<script type=\"application\/ld+json\" class=\"yoast-schema-graph\">{\"@context\":\"https:\\\/\\\/schema.org\",\"@graph\":[{\"@type\":\"Article\",\"@id\":\"https:\\\/\\\/www.eldiario.net\\\/portal\\\/2023\\\/03\\\/14\\\/ciclon-yaku-continua-su-recorrido-en-costa-peruana\\\/#article\",\"isPartOf\":{\"@id\":\"https:\\\/\\\/www.eldiario.net\\\/portal\\\/2023\\\/03\\\/14\\\/ciclon-yaku-continua-su-recorrido-en-costa-peruana\\\/\"},\"author\":{\"name\":\"Jeanette\",\"@id\":\"https:\\\/\\\/www.eldiario.net\\\/portal\\\/#\\\/schema\\\/person\\\/f46445640444750d7d753ccd04ae01b7\"},\"headline\":\"Cicl\u00f3n Yaku contin\u00faa su recorrido en costa peruana\",\"datePublished\":\"2023-03-14T10:06:55+00:00\",\"mainEntityOfPage\":{\"@id\":\"https:\\\/\\\/www.eldiario.net\\\/portal\\\/2023\\\/03\\\/14\\\/ciclon-yaku-continua-su-recorrido-en-costa-peruana\\\/\"},\"wordCount\":683,\"publisher\":{\"@id\":\"https:\\\/\\\/www.eldiario.net\\\/portal\\\/#organization\"},\"image\":{\"@id\":\"https:\\\/\\\/www.eldiario.net\\\/portal\\\/2023\\\/03\\\/14\\\/ciclon-yaku-continua-su-recorrido-en-costa-peruana\\\/#primaryimage\"},\"thumbnailUrl\":\"\",\"articleSection\":[\"Internacional\"],\"inLanguage\":\"es\"},{\"@type\":\"WebPage\",\"@id\":\"https:\\\/\\\/www.eldiario.net\\\/portal\\\/2023\\\/03\\\/14\\\/ciclon-yaku-continua-su-recorrido-en-costa-peruana\\\/\",\"url\":\"https:\\\/\\\/www.eldiario.net\\\/portal\\\/2023\\\/03\\\/14\\\/ciclon-yaku-continua-su-recorrido-en-costa-peruana\\\/\",\"name\":\"Cicl\u00f3n Yaku contin\u00faa su recorrido en costa peruana - El Diario - Bolivia\",\"isPartOf\":{\"@id\":\"https:\\\/\\\/www.eldiario.net\\\/portal\\\/#website\"},\"primaryImageOfPage\":{\"@id\":\"https:\\\/\\\/www.eldiario.net\\\/portal\\\/2023\\\/03\\\/14\\\/ciclon-yaku-continua-su-recorrido-en-costa-peruana\\\/#primaryimage\"},\"image\":{\"@id\":\"https:\\\/\\\/www.eldiario.net\\\/portal\\\/2023\\\/03\\\/14\\\/ciclon-yaku-continua-su-recorrido-en-costa-peruana\\\/#primaryimage\"},\"thumbnailUrl\":\"\",\"datePublished\":\"2023-03-14T10:06:55+00:00\",\"breadcrumb\":{\"@id\":\"https:\\\/\\\/www.eldiario.net\\\/portal\\\/2023\\\/03\\\/14\\\/ciclon-yaku-continua-su-recorrido-en-costa-peruana\\\/#breadcrumb\"},\"inLanguage\":\"es\",\"potentialAction\":[{\"@type\":\"ReadAction\",\"target\":[\"https:\\\/\\\/www.eldiario.net\\\/portal\\\/2023\\\/03\\\/14\\\/ciclon-yaku-continua-su-recorrido-en-costa-peruana\\\/\"]}]},{\"@type\":\"ImageObject\",\"inLanguage\":\"es\",\"@id\":\"https:\\\/\\\/www.eldiario.net\\\/portal\\\/2023\\\/03\\\/14\\\/ciclon-yaku-continua-su-recorrido-en-costa-peruana\\\/#primaryimage\",\"url\":\"\",\"contentUrl\":\"\"},{\"@type\":\"BreadcrumbList\",\"@id\":\"https:\\\/\\\/www.eldiario.net\\\/portal\\\/2023\\\/03\\\/14\\\/ciclon-yaku-continua-su-recorrido-en-costa-peruana\\\/#breadcrumb\",\"itemListElement\":[{\"@type\":\"ListItem\",\"position\":1,\"name\":\"Portada\",\"item\":\"https:\\\/\\\/www.eldiario.net\\\/portal\\\/\"},{\"@type\":\"ListItem\",\"position\":2,\"name\":\"Cicl\u00f3n Yaku contin\u00faa su recorrido en costa peruana\"}]},{\"@type\":\"WebSite\",\"@id\":\"https:\\\/\\\/www.eldiario.net\\\/portal\\\/#website\",\"url\":\"https:\\\/\\\/www.eldiario.net\\\/portal\\\/\",\"name\":\"El Diario - Decano de la prensa nacional\",\"description\":\"El Diario - Decano de la prensa nacional\",\"publisher\":{\"@id\":\"https:\\\/\\\/www.eldiario.net\\\/portal\\\/#organization\"},\"potentialAction\":[{\"@type\":\"SearchAction\",\"target\":{\"@type\":\"EntryPoint\",\"urlTemplate\":\"https:\\\/\\\/www.eldiario.net\\\/portal\\\/?s={search_term_string}\"},\"query-input\":{\"@type\":\"PropertyValueSpecification\",\"valueRequired\":true,\"valueName\":\"search_term_string\"}}],\"inLanguage\":\"es\"},{\"@type\":\"Organization\",\"@id\":\"https:\\\/\\\/www.eldiario.net\\\/portal\\\/#organization\",\"name\":\"El Diario - Decano de la prensa nacional\",\"url\":\"https:\\\/\\\/www.eldiario.net\\\/portal\\\/\",\"logo\":{\"@type\":\"ImageObject\",\"inLanguage\":\"es\",\"@id\":\"https:\\\/\\\/www.eldiario.net\\\/portal\\\/#\\\/schema\\\/logo\\\/image\\\/\",\"url\":\"https:\\\/\\\/www.eldiario.net\\\/portal\\\/wp-content\\\/uploads\\\/2023\\\/07\\\/logo_ED.jpg\",\"contentUrl\":\"https:\\\/\\\/www.eldiario.net\\\/portal\\\/wp-content\\\/uploads\\\/2023\\\/07\\\/logo_ED.jpg\",\"width\":272,\"height\":52,\"caption\":\"El Diario - Decano de la prensa nacional\"},\"image\":{\"@id\":\"https:\\\/\\\/www.eldiario.net\\\/portal\\\/#\\\/schema\\\/logo\\\/image\\\/\"},\"sameAs\":[\"https:\\\/\\\/www.facebook.com\\\/eldiario.bolivia\\\/\",\"https:\\\/\\\/x.com\\\/eldiario_net\"]},{\"@type\":\"Person\",\"@id\":\"https:\\\/\\\/www.eldiario.net\\\/portal\\\/#\\\/schema\\\/person\\\/f46445640444750d7d753ccd04ae01b7\",\"name\":\"Jeanette\",\"image\":{\"@type\":\"ImageObject\",\"inLanguage\":\"es\",\"@id\":\"https:\\\/\\\/secure.gravatar.com\\\/avatar\\\/3ea2118a5f7dad2b7138b1187a6b7ee55f160b9968b66013c3a3ef39dd7e5798?s=96&d=mm&r=g\",\"url\":\"https:\\\/\\\/secure.gravatar.com\\\/avatar\\\/3ea2118a5f7dad2b7138b1187a6b7ee55f160b9968b66013c3a3ef39dd7e5798?s=96&d=mm&r=g\",\"contentUrl\":\"https:\\\/\\\/secure.gravatar.com\\\/avatar\\\/3ea2118a5f7dad2b7138b1187a6b7ee55f160b9968b66013c3a3ef39dd7e5798?s=96&d=mm&r=g\",\"caption\":\"Jeanette\"},\"sameAs\":[\"https:\\\/\\\/www.eldiario.net\\\/portal\"],\"url\":\"https:\\\/\\\/www.eldiario.net\\\/portal\\\/author\\\/jeanette\\\/\"}]}<\/script>\n<!-- \/ Yoast SEO plugin. -->","yoast_head_json":{"title":"Cicl\u00f3n Yaku contin\u00faa su recorrido en costa peruana - El Diario - Bolivia","robots":{"index":"index","follow":"follow","max-snippet":"max-snippet:-1","max-image-preview":"max-image-preview:large","max-video-preview":"max-video-preview:-1"},"canonical":"https:\/\/www.eldiario.net\/portal\/2023\/03\/14\/ciclon-yaku-continua-su-recorrido-en-costa-peruana\/","og_locale":"es_ES","og_type":"article","og_title":"Cicl\u00f3n Yaku contin\u00faa su recorrido en costa peruana - El Diario - Bolivia","og_description":"El cicl\u00f3n Yaku gener\u00f3 desbordes de r\u00edos e inundaciones en distintas zonas del norte del Per\u00fa, incluyendo Tumbes, Piura, Lambayeque y La Libertad. Las autoridades del Servicio Nacional de Meteorolog\u00eda e Hidrolog\u00eda del Per\u00fa (Senamhi) anunciaron que el cicl\u00f3n se desplaza hacia el sur del pa\u00eds, aunque su intensidad como cicl\u00f3n ir\u00e1 disminuyendo. El presidente [&hellip;]","og_url":"https:\/\/www.eldiario.net\/portal\/2023\/03\/14\/ciclon-yaku-continua-su-recorrido-en-costa-peruana\/","og_site_name":"El Diario - Bolivia","article_publisher":"https:\/\/www.facebook.com\/eldiario.bolivia\/","article_published_time":"2023-03-14T10:06:55+00:00","author":"Jeanette","twitter_card":"summary_large_image","twitter_creator":"@eldiario_net","twitter_site":"@eldiario_net","twitter_misc":{"Escrito por":"Jeanette","Tiempo de lectura":"3 minutos"},"schema":{"@context":"https:\/\/schema.org","@graph":[{"@type":"Article","@id":"https:\/\/www.eldiario.net\/portal\/2023\/03\/14\/ciclon-yaku-continua-su-recorrido-en-costa-peruana\/#article","isPartOf":{"@id":"https:\/\/www.eldiario.net\/portal\/2023\/03\/14\/ciclon-yaku-continua-su-recorrido-en-costa-peruana\/"},"author":{"name":"Jeanette","@id":"https:\/\/www.eldiario.net\/portal\/#\/schema\/person\/f46445640444750d7d753ccd04ae01b7"},"headline":"Cicl\u00f3n Yaku contin\u00faa su recorrido en costa peruana","datePublished":"2023-03-14T10:06:55+00:00","mainEntityOfPage":{"@id":"https:\/\/www.eldiario.net\/portal\/2023\/03\/14\/ciclon-yaku-continua-su-recorrido-en-costa-peruana\/"},"wordCount":683,"publisher":{"@id":"https:\/\/www.eldiario.net\/portal\/#organization"},"image":{"@id":"https:\/\/www.eldiario.net\/portal\/2023\/03\/14\/ciclon-yaku-continua-su-recorrido-en-costa-peruana\/#primaryimage"},"thumbnailUrl":"","articleSection":["Internacional"],"inLanguage":"es"},{"@type":"WebPage","@id":"https:\/\/www.eldiario.net\/portal\/2023\/03\/14\/ciclon-yaku-continua-su-recorrido-en-costa-peruana\/","url":"https:\/\/www.eldiario.net\/portal\/2023\/03\/14\/ciclon-yaku-continua-su-recorrido-en-costa-peruana\/","name":"Cicl\u00f3n Yaku contin\u00faa su recorrido en costa peruana - El Diario - Bolivia","isPartOf":{"@id":"https:\/\/www.eldiario.net\/portal\/#website"},"primaryImageOfPage":{"@id":"https:\/\/www.eldiario.net\/portal\/2023\/03\/14\/ciclon-yaku-continua-su-recorrido-en-costa-peruana\/#primaryimage"},"image":{"@id":"https:\/\/www.eldiario.net\/portal\/2023\/03\/14\/ciclon-yaku-continua-su-recorrido-en-costa-peruana\/#primaryimage"},"thumbnailUrl":"","datePublished":"2023-03-14T10:06:55+00:00","breadcrumb":{"@id":"https:\/\/www.eldiario.net\/portal\/2023\/03\/14\/ciclon-yaku-continua-su-recorrido-en-costa-peruana\/#breadcrumb"},"inLanguage":"es","potentialAction":[{"@type":"ReadAction","target":["https:\/\/www.eldiario.net\/portal\/2023\/03\/14\/ciclon-yaku-continua-su-recorrido-en-costa-peruana\/"]}]},{"@type":"ImageObject","inLanguage":"es","@id":"https:\/\/www.eldiario.net\/portal\/2023\/03\/14\/ciclon-yaku-continua-su-recorrido-en-costa-peruana\/#primaryimage","url":"","contentUrl":""},{"@type":"BreadcrumbList","@id":"https:\/\/www.eldiario.net\/portal\/2023\/03\/14\/ciclon-yaku-continua-su-recorrido-en-costa-peruana\/#breadcrumb","itemListElement":[{"@type":"ListItem","position":1,"name":"Portada","item":"https:\/\/www.eldiario.net\/portal\/"},{"@type":"ListItem","position":2,"name":"Cicl\u00f3n Yaku contin\u00faa su recorrido en costa peruana"}]},{"@type":"WebSite","@id":"https:\/\/www.eldiario.net\/portal\/#website","url":"https:\/\/www.eldiario.net\/portal\/","name":"El Diario - Decano de la prensa nacional","description":"El Diario - Decano de la prensa nacional","publisher":{"@id":"https:\/\/www.eldiario.net\/portal\/#organization"},"potentialAction":[{"@type":"SearchAction","target":{"@type":"EntryPoint","urlTemplate":"https:\/\/www.eldiario.net\/portal\/?s={search_term_string}"},"query-input":{"@type":"PropertyValueSpecification","valueRequired":true,"valueName":"search_term_string"}}],"inLanguage":"es"},{"@type":"Organization","@id":"https:\/\/www.eldiario.net\/portal\/#organization","name":"El Diario - Decano de la prensa nacional","url":"https:\/\/www.eldiario.net\/portal\/","logo":{"@type":"ImageObject","inLanguage":"es","@id":"https:\/\/www.eldiario.net\/portal\/#\/schema\/logo\/image\/","url":"https:\/\/www.eldiario.net\/portal\/wp-content\/uploads\/2023\/07\/logo_ED.jpg","contentUrl":"https:\/\/www.eldiario.net\/portal\/wp-content\/uploads\/2023\/07\/logo_ED.jpg","width":272,"height":52,"caption":"El Diario - Decano de la prensa nacional"},"image":{"@id":"https:\/\/www.eldiario.net\/portal\/#\/schema\/logo\/image\/"},"sameAs":["https:\/\/www.facebook.com\/eldiario.bolivia\/","https:\/\/x.com\/eldiario_net"]},{"@type":"Person","@id":"https:\/\/www.eldiario.net\/portal\/#\/schema\/person\/f46445640444750d7d753ccd04ae01b7","name":"Jeanette","image":{"@type":"ImageObject","inLanguage":"es","@id":"https:\/\/secure.gravatar.com\/avatar\/3ea2118a5f7dad2b7138b1187a6b7ee55f160b9968b66013c3a3ef39dd7e5798?s=96&d=mm&r=g","url":"https:\/\/secure.gravatar.com\/avatar\/3ea2118a5f7dad2b7138b1187a6b7ee55f160b9968b66013c3a3ef39dd7e5798?s=96&d=mm&r=g","contentUrl":"https:\/\/secure.gravatar.com\/avatar\/3ea2118a5f7dad2b7138b1187a6b7ee55f160b9968b66013c3a3ef39dd7e5798?s=96&d=mm&r=g","caption":"Jeanette"},"sameAs":["https:\/\/www.eldiario.net\/portal"],"url":"https:\/\/www.eldiario.net\/portal\/author\/jeanette\/"}]}},"_links":{"self":[{"href":"https:\/\/www.eldiario.net\/portal\/wp-json\/wp\/v2\/posts\/143018","targetHints":{"allow":["GET"]}}],"collection":[{"href":"https:\/\/www.eldiario.net\/portal\/wp-json\/wp\/v2\/posts"}],"about":[{"href":"https:\/\/www.eldiario.net\/portal\/wp-json\/wp\/v2\/types\/post"}],"author":[{"embeddable":true,"href":"https:\/\/www.eldiario.net\/portal\/wp-json\/wp\/v2\/users\/1"}],"replies":[{"embeddable":true,"href":"https:\/\/www.eldiario.net\/portal\/wp-json\/wp\/v2\/comments?post=143018"}],"version-history":[{"count":0,"href":"https:\/\/www.eldiario.net\/portal\/wp-json\/wp\/v2\/posts\/143018\/revisions"}],"wp:attachment":[{"href":"https:\/\/www.eldiario.net\/portal\/wp-json\/wp\/v2\/media?parent=143018"}],"wp:term":[{"taxonomy":"category","embeddable":true,"href":"https:\/\/www.eldiario.net\/portal\/wp-json\/wp\/v2\/categories?post=143018"},{"taxonomy":"post_tag","embeddable":true,"href":"https:\/\/www.eldiario.net\/portal\/wp-json\/wp\/v2\/tags?post=143018"}],"curies":[{"name":"wp","href":"https:\/\/api.w.org\/{rel}","templated":true}]}}