{"id":143015,"date":"2023-03-14T06:06:00","date_gmt":"2023-03-14T10:06:00","guid":{"rendered":"https:\/\/www.eldiario.net\/portal\/?p=143015"},"modified":"2023-03-14T06:06:00","modified_gmt":"2023-03-14T10:06:00","slug":"cpi-abrira-dos-causas-contra-funcionarios-rusos","status":"publish","type":"post","link":"https:\/\/www.eldiario.net\/portal\/2023\/03\/14\/cpi-abrira-dos-causas-contra-funcionarios-rusos\/","title":{"rendered":"CPI abrir\u00e1 dos causas  contra funcionarios rusos"},"content":{"rendered":"<p>La Corte Penal Internacional (CPI) tiene previsto solicitar la detenci\u00f3n de funcionarios rusos por deportar a la fuerza a ni\u00f1os de Ucrania y atacar infraestructuras civiles, de acuerdo a lo confirmado ayer por medios de comunicaci\u00f3n en lo que ser\u00edan los primeros casos de cr\u00edmenes de guerra internacionales derivados de la invasi\u00f3n de las tropas de Vladimir Putin al pa\u00eds vecino.<\/p>\n<p>La fuente dijo que las \u00f3rdenes de detenci\u00f3n podr\u00edan incluir el delito de genocidio, y que se esperaba que llegaran a corto plazo si la petici\u00f3n del fiscal general, Karim Khan, era aprobada por un juez de instrucci\u00f3n del tribunal con sede en La Haya.<\/p>\n<p>Mosc\u00fa rechazar\u00eda con toda seguridad cualquier orden de detenci\u00f3n contra alguno de sus funcionarios. Pero un proceso internacional por cr\u00edmenes de guerra podr\u00eda agravar el aislamiento diplom\u00e1tico de Mosc\u00fa y dificultar los viajes al extranjero de los acusados.<\/p>\n<p>Rusia niega haber atacado deliberadamente infraestructuras civiles en Ucrania y afirma que sus ataques pretenden reducir la capacidad de lucha de Kiev. No ocult\u00f3 un programa en virtud del cual llev\u00f3 a Rusia a miles de ni\u00f1os ucranianos, pero lo presenta como una campa\u00f1a humanitaria para proteger a los hu\u00e9rfanos y a ni\u00f1os abandonados en la zona de conflicto.<\/p>\n<p>Kiev afirma que miles de ni\u00f1os ucranianos deportados son adoptados por familias rusas, alojados en campamentos y orfanatos rusos, reciben pasaportes rusos y son educados para rechazar la nacionalidad ucraniana y considerarse rusos.<\/p>\n<p>La convenci\u00f3n de la ONU sobre el genocidio define el traslado forzoso de ni\u00f1os del grupo a otro grupo como uno de los cinco actos que pueden ser perseguidos como genocidio. A la pregunta de si los cargos de la CPI contra los funcionarios rusos podr\u00edan incluir el genocidio, la fuente respondi\u00f3: \u201cEso parece\u201d.<\/p>\n<p>La CPI, con sede en La Haya, inici\u00f3 una investigaci\u00f3n sobre presuntos cr\u00edmenes de guerra y contra la humanidad en Ucrania pocos d\u00edas despu\u00e9s de la invasi\u00f3n rusa del 24 de febrero de 2022.<\/p>\n<p>El fiscal Khan dijo a principios de este mes, tras una visita a Ucrania, que los supuestos secuestros de ni\u00f1os \u201cest\u00e1n siendo investigados por mi oficina con car\u00e1cter prioritario\u201d.<\/p>\n<p>Ni Rusia ni Ucrania son miembros de la CPI, pero el gobierno de Kiev acept\u00f3 la jurisdicci\u00f3n del tribunal y est\u00e1 colaborando con la oficina de Khan.<\/p>\n<p>La ONG Human Rights Watch (HRW), especializada en el seguimiento de la situaci\u00f3n humanitaria internacional, alert\u00f3 de las devastadoras consecuencias de la guerra en Ucrania para la poblaci\u00f3n infantil, en especial para los ni\u00f1os que se encontraban internados en instituciones del Estado ucraniano en zonas que acabaron tomadas por Rusia durante la invasi\u00f3n, con la consiguiente deportaci\u00f3n forzada de los menores a territorio ruso.<\/p>\n<p>De acuerdo con las cifras del Gobierno ucraniano recogidas por la ONG, justo antes de la invasi\u00f3n rusa hab\u00eda aproximadamente 105.000 ni\u00f1os en instituciones residenciales ucranianas, casi la mitad de ellos discapacitados, seg\u00fan la ONU. Tras la invasi\u00f3n, un centenar de estas instituciones, que albergaban aproximadamente a 32.000 menores, acabaron bajo control total o parcial de Rusia.<\/p>\n<p>En resumen, activistas y abogados ucranianos indican que al menos varios miles de esos ni\u00f1os acabaron deportados por la fuerza a Rusia o a otros territorios que ocupa.<\/p>\n<p>Sobre el terreno, ambas partes describieron combates incesantes en Bakhmut y sus alrededores, una peque\u00f1a ciudad en ruinas del este de Ucrania que se convirti\u00f3 en el principal foco de una campa\u00f1a invernal rusa.<\/p>\n<p>Cerca de Kreminna, al norte de Bakhmut, los soldados ucranianos dijeron que estaban repeliendo los ataques intensificados de soldados cada vez m\u00e1s profesionales, mientras que los rusos acercaban equipos pesados a la l\u00ednea del frente.<\/p>\n<p>A medida que se intensificaban los combates en el este de Ucrania, Mosc\u00fa parec\u00eda estar a punto de lograr un avance diplom\u00e1tico largamente buscado: varias fuentes dijeron que el presidente de China, Xi Jinping, podr\u00eda visitar Rusia la pr\u00f3xima semana, una respuesta m\u00e1s temprana de lo esperado a una antigua invitaci\u00f3n.<\/p>\n<p>Putin promocion\u00f3 esta visita como una muestra de apoyo, pero podr\u00eda verse eclipsada por los planes de Xi de hablar por videoconferencia con el mandatario ucraniano, Volodimir Zelenski, por primera vez desde la invasi\u00f3n.<\/p>\n<p>El Ministerio de Relaciones Exteriores chino no respondi\u00f3 de inmediato a las peticiones de comentarios. El Kremlin dijo que a\u00fan no tiene nada que anunciar. La oficina del presidente ucraniano tampoco respondi\u00f3 de inmediato.<\/p>\n<p>\u201cPor regla general, los anuncios de visitas oficiales al extranjero se coordinan de forma sincronizada por mutuo acuerdo de las partes\u201d, dijo a la prensa el portavoz del Kremlin, Dmitry Peskov. \u201cCuando haya tal disposici\u00f3n, se lo haremos saber\u201d. (Infobae)<\/p>\n","protected":false},"excerpt":{"rendered":"<p>La Corte Penal Internacional (CPI) tiene previsto solicitar la detenci\u00f3n de funcionarios rusos por deportar a la fuerza a ni\u00f1os de Ucrania y atacar infraestructuras civiles, de acuerdo a lo confirmado ayer por medios de comunicaci\u00f3n en lo que ser\u00edan los primeros casos de cr\u00edmenes de guerra internacionales derivados de la invasi\u00f3n de las tropas [&hellip;]<\/p>\n","protected":false},"author":1,"featured_media":143016,"comment_status":"closed","ping_status":"closed","sticky":false,"template":"","format":"standard","meta":{"_acf_changed":false,"footnotes":""},"categories":[3],"tags":[],"class_list":["post-143015","post","type-post","status-publish","format-standard","has-post-thumbnail","category-internacional"],"acf":{"antetitulo":""},"yoast_head":"<!-- This site is optimized with the Yoast SEO plugin v28.4 - https:\/\/yoast.com\/product\/yoast-seo-wordpress\/ -->\n<title>CPI abrir\u00e1 dos causas contra funcionarios rusos - El Diario - Bolivia<\/title>\n<meta name=\"robots\" content=\"index, follow, max-snippet:-1, max-image-preview:large, max-video-preview:-1\" \/>\n<link rel=\"canonical\" href=\"https:\/\/www.eldiario.net\/portal\/2023\/03\/14\/cpi-abrira-dos-causas-contra-funcionarios-rusos\/\" \/>\n<meta property=\"og:locale\" content=\"es_ES\" \/>\n<meta property=\"og:type\" content=\"article\" \/>\n<meta property=\"og:title\" content=\"CPI abrir\u00e1 dos causas contra funcionarios rusos - El Diario - Bolivia\" \/>\n<meta property=\"og:description\" content=\"La Corte Penal Internacional (CPI) tiene previsto solicitar la detenci\u00f3n de funcionarios rusos por deportar a la fuerza a ni\u00f1os de Ucrania y atacar infraestructuras civiles, de acuerdo a lo confirmado ayer por medios de comunicaci\u00f3n en lo que ser\u00edan los primeros casos de cr\u00edmenes de guerra internacionales derivados de la invasi\u00f3n de las tropas [&hellip;]\" \/>\n<meta property=\"og:url\" content=\"https:\/\/www.eldiario.net\/portal\/2023\/03\/14\/cpi-abrira-dos-causas-contra-funcionarios-rusos\/\" \/>\n<meta property=\"og:site_name\" content=\"El Diario - Bolivia\" \/>\n<meta property=\"article:publisher\" content=\"https:\/\/www.facebook.com\/eldiario.bolivia\/\" \/>\n<meta property=\"article:published_time\" content=\"2023-03-14T10:06:00+00:00\" \/>\n<meta name=\"author\" content=\"Jeanette\" \/>\n<meta name=\"twitter:card\" content=\"summary_large_image\" \/>\n<meta name=\"twitter:creator\" content=\"@eldiario_net\" \/>\n<meta name=\"twitter:site\" content=\"@eldiario_net\" \/>\n<meta name=\"twitter:label1\" content=\"Escrito por\" \/>\n\t<meta name=\"twitter:data1\" content=\"Jeanette\" \/>\n\t<meta name=\"twitter:label2\" content=\"Tiempo de lectura\" \/>\n\t<meta name=\"twitter:data2\" content=\"4 minutos\" \/>\n<script type=\"application\/ld+json\" class=\"yoast-schema-graph\">{\"@context\":\"https:\\\/\\\/schema.org\",\"@graph\":[{\"@type\":\"Article\",\"@id\":\"https:\\\/\\\/www.eldiario.net\\\/portal\\\/2023\\\/03\\\/14\\\/cpi-abrira-dos-causas-contra-funcionarios-rusos\\\/#article\",\"isPartOf\":{\"@id\":\"https:\\\/\\\/www.eldiario.net\\\/portal\\\/2023\\\/03\\\/14\\\/cpi-abrira-dos-causas-contra-funcionarios-rusos\\\/\"},\"author\":{\"name\":\"Jeanette\",\"@id\":\"https:\\\/\\\/www.eldiario.net\\\/portal\\\/#\\\/schema\\\/person\\\/f46445640444750d7d753ccd04ae01b7\"},\"headline\":\"CPI abrir\u00e1 dos causas contra funcionarios rusos\",\"datePublished\":\"2023-03-14T10:06:00+00:00\",\"mainEntityOfPage\":{\"@id\":\"https:\\\/\\\/www.eldiario.net\\\/portal\\\/2023\\\/03\\\/14\\\/cpi-abrira-dos-causas-contra-funcionarios-rusos\\\/\"},\"wordCount\":818,\"publisher\":{\"@id\":\"https:\\\/\\\/www.eldiario.net\\\/portal\\\/#organization\"},\"image\":{\"@id\":\"https:\\\/\\\/www.eldiario.net\\\/portal\\\/2023\\\/03\\\/14\\\/cpi-abrira-dos-causas-contra-funcionarios-rusos\\\/#primaryimage\"},\"thumbnailUrl\":\"\",\"articleSection\":[\"Internacional\"],\"inLanguage\":\"es\"},{\"@type\":\"WebPage\",\"@id\":\"https:\\\/\\\/www.eldiario.net\\\/portal\\\/2023\\\/03\\\/14\\\/cpi-abrira-dos-causas-contra-funcionarios-rusos\\\/\",\"url\":\"https:\\\/\\\/www.eldiario.net\\\/portal\\\/2023\\\/03\\\/14\\\/cpi-abrira-dos-causas-contra-funcionarios-rusos\\\/\",\"name\":\"CPI abrir\u00e1 dos causas contra funcionarios rusos - El Diario - Bolivia\",\"isPartOf\":{\"@id\":\"https:\\\/\\\/www.eldiario.net\\\/portal\\\/#website\"},\"primaryImageOfPage\":{\"@id\":\"https:\\\/\\\/www.eldiario.net\\\/portal\\\/2023\\\/03\\\/14\\\/cpi-abrira-dos-causas-contra-funcionarios-rusos\\\/#primaryimage\"},\"image\":{\"@id\":\"https:\\\/\\\/www.eldiario.net\\\/portal\\\/2023\\\/03\\\/14\\\/cpi-abrira-dos-causas-contra-funcionarios-rusos\\\/#primaryimage\"},\"thumbnailUrl\":\"\",\"datePublished\":\"2023-03-14T10:06:00+00:00\",\"breadcrumb\":{\"@id\":\"https:\\\/\\\/www.eldiario.net\\\/portal\\\/2023\\\/03\\\/14\\\/cpi-abrira-dos-causas-contra-funcionarios-rusos\\\/#breadcrumb\"},\"inLanguage\":\"es\",\"potentialAction\":[{\"@type\":\"ReadAction\",\"target\":[\"https:\\\/\\\/www.eldiario.net\\\/portal\\\/2023\\\/03\\\/14\\\/cpi-abrira-dos-causas-contra-funcionarios-rusos\\\/\"]}]},{\"@type\":\"ImageObject\",\"inLanguage\":\"es\",\"@id\":\"https:\\\/\\\/www.eldiario.net\\\/portal\\\/2023\\\/03\\\/14\\\/cpi-abrira-dos-causas-contra-funcionarios-rusos\\\/#primaryimage\",\"url\":\"\",\"contentUrl\":\"\"},{\"@type\":\"BreadcrumbList\",\"@id\":\"https:\\\/\\\/www.eldiario.net\\\/portal\\\/2023\\\/03\\\/14\\\/cpi-abrira-dos-causas-contra-funcionarios-rusos\\\/#breadcrumb\",\"itemListElement\":[{\"@type\":\"ListItem\",\"position\":1,\"name\":\"Portada\",\"item\":\"https:\\\/\\\/www.eldiario.net\\\/portal\\\/\"},{\"@type\":\"ListItem\",\"position\":2,\"name\":\"CPI abrir\u00e1 dos causas contra funcionarios rusos\"}]},{\"@type\":\"WebSite\",\"@id\":\"https:\\\/\\\/www.eldiario.net\\\/portal\\\/#website\",\"url\":\"https:\\\/\\\/www.eldiario.net\\\/portal\\\/\",\"name\":\"El Diario - Decano de la prensa nacional\",\"description\":\"El Diario - Decano de la prensa nacional\",\"publisher\":{\"@id\":\"https:\\\/\\\/www.eldiario.net\\\/portal\\\/#organization\"},\"potentialAction\":[{\"@type\":\"SearchAction\",\"target\":{\"@type\":\"EntryPoint\",\"urlTemplate\":\"https:\\\/\\\/www.eldiario.net\\\/portal\\\/?s={search_term_string}\"},\"query-input\":{\"@type\":\"PropertyValueSpecification\",\"valueRequired\":true,\"valueName\":\"search_term_string\"}}],\"inLanguage\":\"es\"},{\"@type\":\"Organization\",\"@id\":\"https:\\\/\\\/www.eldiario.net\\\/portal\\\/#organization\",\"name\":\"El Diario - Decano de la prensa nacional\",\"url\":\"https:\\\/\\\/www.eldiario.net\\\/portal\\\/\",\"logo\":{\"@type\":\"ImageObject\",\"inLanguage\":\"es\",\"@id\":\"https:\\\/\\\/www.eldiario.net\\\/portal\\\/#\\\/schema\\\/logo\\\/image\\\/\",\"url\":\"https:\\\/\\\/www.eldiario.net\\\/portal\\\/wp-content\\\/uploads\\\/2023\\\/07\\\/logo_ED.jpg\",\"contentUrl\":\"https:\\\/\\\/www.eldiario.net\\\/portal\\\/wp-content\\\/uploads\\\/2023\\\/07\\\/logo_ED.jpg\",\"width\":272,\"height\":52,\"caption\":\"El Diario - Decano de la prensa nacional\"},\"image\":{\"@id\":\"https:\\\/\\\/www.eldiario.net\\\/portal\\\/#\\\/schema\\\/logo\\\/image\\\/\"},\"sameAs\":[\"https:\\\/\\\/www.facebook.com\\\/eldiario.bolivia\\\/\",\"https:\\\/\\\/x.com\\\/eldiario_net\"]},{\"@type\":\"Person\",\"@id\":\"https:\\\/\\\/www.eldiario.net\\\/portal\\\/#\\\/schema\\\/person\\\/f46445640444750d7d753ccd04ae01b7\",\"name\":\"Jeanette\",\"image\":{\"@type\":\"ImageObject\",\"inLanguage\":\"es\",\"@id\":\"https:\\\/\\\/secure.gravatar.com\\\/avatar\\\/3ea2118a5f7dad2b7138b1187a6b7ee55f160b9968b66013c3a3ef39dd7e5798?s=96&d=mm&r=g\",\"url\":\"https:\\\/\\\/secure.gravatar.com\\\/avatar\\\/3ea2118a5f7dad2b7138b1187a6b7ee55f160b9968b66013c3a3ef39dd7e5798?s=96&d=mm&r=g\",\"contentUrl\":\"https:\\\/\\\/secure.gravatar.com\\\/avatar\\\/3ea2118a5f7dad2b7138b1187a6b7ee55f160b9968b66013c3a3ef39dd7e5798?s=96&d=mm&r=g\",\"caption\":\"Jeanette\"},\"sameAs\":[\"https:\\\/\\\/www.eldiario.net\\\/portal\"],\"url\":\"https:\\\/\\\/www.eldiario.net\\\/portal\\\/author\\\/jeanette\\\/\"}]}<\/script>\n<!-- \/ Yoast SEO plugin. -->","yoast_head_json":{"title":"CPI abrir\u00e1 dos causas contra funcionarios rusos - El Diario - Bolivia","robots":{"index":"index","follow":"follow","max-snippet":"max-snippet:-1","max-image-preview":"max-image-preview:large","max-video-preview":"max-video-preview:-1"},"canonical":"https:\/\/www.eldiario.net\/portal\/2023\/03\/14\/cpi-abrira-dos-causas-contra-funcionarios-rusos\/","og_locale":"es_ES","og_type":"article","og_title":"CPI abrir\u00e1 dos causas contra funcionarios rusos - El Diario - Bolivia","og_description":"La Corte Penal Internacional (CPI) tiene previsto solicitar la detenci\u00f3n de funcionarios rusos por deportar a la fuerza a ni\u00f1os de Ucrania y atacar infraestructuras civiles, de acuerdo a lo confirmado ayer por medios de comunicaci\u00f3n en lo que ser\u00edan los primeros casos de cr\u00edmenes de guerra internacionales derivados de la invasi\u00f3n de las tropas [&hellip;]","og_url":"https:\/\/www.eldiario.net\/portal\/2023\/03\/14\/cpi-abrira-dos-causas-contra-funcionarios-rusos\/","og_site_name":"El Diario - Bolivia","article_publisher":"https:\/\/www.facebook.com\/eldiario.bolivia\/","article_published_time":"2023-03-14T10:06:00+00:00","author":"Jeanette","twitter_card":"summary_large_image","twitter_creator":"@eldiario_net","twitter_site":"@eldiario_net","twitter_misc":{"Escrito por":"Jeanette","Tiempo de lectura":"4 minutos"},"schema":{"@context":"https:\/\/schema.org","@graph":[{"@type":"Article","@id":"https:\/\/www.eldiario.net\/portal\/2023\/03\/14\/cpi-abrira-dos-causas-contra-funcionarios-rusos\/#article","isPartOf":{"@id":"https:\/\/www.eldiario.net\/portal\/2023\/03\/14\/cpi-abrira-dos-causas-contra-funcionarios-rusos\/"},"author":{"name":"Jeanette","@id":"https:\/\/www.eldiario.net\/portal\/#\/schema\/person\/f46445640444750d7d753ccd04ae01b7"},"headline":"CPI abrir\u00e1 dos causas contra funcionarios rusos","datePublished":"2023-03-14T10:06:00+00:00","mainEntityOfPage":{"@id":"https:\/\/www.eldiario.net\/portal\/2023\/03\/14\/cpi-abrira-dos-causas-contra-funcionarios-rusos\/"},"wordCount":818,"publisher":{"@id":"https:\/\/www.eldiario.net\/portal\/#organization"},"image":{"@id":"https:\/\/www.eldiario.net\/portal\/2023\/03\/14\/cpi-abrira-dos-causas-contra-funcionarios-rusos\/#primaryimage"},"thumbnailUrl":"","articleSection":["Internacional"],"inLanguage":"es"},{"@type":"WebPage","@id":"https:\/\/www.eldiario.net\/portal\/2023\/03\/14\/cpi-abrira-dos-causas-contra-funcionarios-rusos\/","url":"https:\/\/www.eldiario.net\/portal\/2023\/03\/14\/cpi-abrira-dos-causas-contra-funcionarios-rusos\/","name":"CPI abrir\u00e1 dos causas contra funcionarios rusos - El Diario - Bolivia","isPartOf":{"@id":"https:\/\/www.eldiario.net\/portal\/#website"},"primaryImageOfPage":{"@id":"https:\/\/www.eldiario.net\/portal\/2023\/03\/14\/cpi-abrira-dos-causas-contra-funcionarios-rusos\/#primaryimage"},"image":{"@id":"https:\/\/www.eldiario.net\/portal\/2023\/03\/14\/cpi-abrira-dos-causas-contra-funcionarios-rusos\/#primaryimage"},"thumbnailUrl":"","datePublished":"2023-03-14T10:06:00+00:00","breadcrumb":{"@id":"https:\/\/www.eldiario.net\/portal\/2023\/03\/14\/cpi-abrira-dos-causas-contra-funcionarios-rusos\/#breadcrumb"},"inLanguage":"es","potentialAction":[{"@type":"ReadAction","target":["https:\/\/www.eldiario.net\/portal\/2023\/03\/14\/cpi-abrira-dos-causas-contra-funcionarios-rusos\/"]}]},{"@type":"ImageObject","inLanguage":"es","@id":"https:\/\/www.eldiario.net\/portal\/2023\/03\/14\/cpi-abrira-dos-causas-contra-funcionarios-rusos\/#primaryimage","url":"","contentUrl":""},{"@type":"BreadcrumbList","@id":"https:\/\/www.eldiario.net\/portal\/2023\/03\/14\/cpi-abrira-dos-causas-contra-funcionarios-rusos\/#breadcrumb","itemListElement":[{"@type":"ListItem","position":1,"name":"Portada","item":"https:\/\/www.eldiario.net\/portal\/"},{"@type":"ListItem","position":2,"name":"CPI abrir\u00e1 dos causas contra funcionarios rusos"}]},{"@type":"WebSite","@id":"https:\/\/www.eldiario.net\/portal\/#website","url":"https:\/\/www.eldiario.net\/portal\/","name":"El Diario - Decano de la prensa nacional","description":"El Diario - Decano de la prensa nacional","publisher":{"@id":"https:\/\/www.eldiario.net\/portal\/#organization"},"potentialAction":[{"@type":"SearchAction","target":{"@type":"EntryPoint","urlTemplate":"https:\/\/www.eldiario.net\/portal\/?s={search_term_string}"},"query-input":{"@type":"PropertyValueSpecification","valueRequired":true,"valueName":"search_term_string"}}],"inLanguage":"es"},{"@type":"Organization","@id":"https:\/\/www.eldiario.net\/portal\/#organization","name":"El Diario - Decano de la prensa nacional","url":"https:\/\/www.eldiario.net\/portal\/","logo":{"@type":"ImageObject","inLanguage":"es","@id":"https:\/\/www.eldiario.net\/portal\/#\/schema\/logo\/image\/","url":"https:\/\/www.eldiario.net\/portal\/wp-content\/uploads\/2023\/07\/logo_ED.jpg","contentUrl":"https:\/\/www.eldiario.net\/portal\/wp-content\/uploads\/2023\/07\/logo_ED.jpg","width":272,"height":52,"caption":"El Diario - Decano de la prensa nacional"},"image":{"@id":"https:\/\/www.eldiario.net\/portal\/#\/schema\/logo\/image\/"},"sameAs":["https:\/\/www.facebook.com\/eldiario.bolivia\/","https:\/\/x.com\/eldiario_net"]},{"@type":"Person","@id":"https:\/\/www.eldiario.net\/portal\/#\/schema\/person\/f46445640444750d7d753ccd04ae01b7","name":"Jeanette","image":{"@type":"ImageObject","inLanguage":"es","@id":"https:\/\/secure.gravatar.com\/avatar\/3ea2118a5f7dad2b7138b1187a6b7ee55f160b9968b66013c3a3ef39dd7e5798?s=96&d=mm&r=g","url":"https:\/\/secure.gravatar.com\/avatar\/3ea2118a5f7dad2b7138b1187a6b7ee55f160b9968b66013c3a3ef39dd7e5798?s=96&d=mm&r=g","contentUrl":"https:\/\/secure.gravatar.com\/avatar\/3ea2118a5f7dad2b7138b1187a6b7ee55f160b9968b66013c3a3ef39dd7e5798?s=96&d=mm&r=g","caption":"Jeanette"},"sameAs":["https:\/\/www.eldiario.net\/portal"],"url":"https:\/\/www.eldiario.net\/portal\/author\/jeanette\/"}]}},"_links":{"self":[{"href":"https:\/\/www.eldiario.net\/portal\/wp-json\/wp\/v2\/posts\/143015","targetHints":{"allow":["GET"]}}],"collection":[{"href":"https:\/\/www.eldiario.net\/portal\/wp-json\/wp\/v2\/posts"}],"about":[{"href":"https:\/\/www.eldiario.net\/portal\/wp-json\/wp\/v2\/types\/post"}],"author":[{"embeddable":true,"href":"https:\/\/www.eldiario.net\/portal\/wp-json\/wp\/v2\/users\/1"}],"replies":[{"embeddable":true,"href":"https:\/\/www.eldiario.net\/portal\/wp-json\/wp\/v2\/comments?post=143015"}],"version-history":[{"count":0,"href":"https:\/\/www.eldiario.net\/portal\/wp-json\/wp\/v2\/posts\/143015\/revisions"}],"wp:attachment":[{"href":"https:\/\/www.eldiario.net\/portal\/wp-json\/wp\/v2\/media?parent=143015"}],"wp:term":[{"taxonomy":"category","embeddable":true,"href":"https:\/\/www.eldiario.net\/portal\/wp-json\/wp\/v2\/categories?post=143015"},{"taxonomy":"post_tag","embeddable":true,"href":"https:\/\/www.eldiario.net\/portal\/wp-json\/wp\/v2\/tags?post=143015"}],"curies":[{"name":"wp","href":"https:\/\/api.w.org\/{rel}","templated":true}]}}