{"id":143011,"date":"2023-03-14T06:04:31","date_gmt":"2023-03-14T10:04:31","guid":{"rendered":"https:\/\/www.eldiario.net\/portal\/?p=143011"},"modified":"2023-03-14T06:04:31","modified_gmt":"2023-03-14T10:04:31","slug":"advierten-con-sanciones-a-maestros-por-movilizaciones","status":"publish","type":"post","link":"https:\/\/www.eldiario.net\/portal\/2023\/03\/14\/advierten-con-sanciones-a-maestros-por-movilizaciones\/","title":{"rendered":"Advierten con sanciones a  maestros por movilizaciones"},"content":{"rendered":"<p>Al menos tres direcciones departamentales de Educaci\u00f3n del pa\u00eds advirtieron con sancionar con posibles descuentos a los maestros que participaron de las movilizaciones que se registraron en la ciudad de La Paz la semana pasada. En tanto que educadores ratifican reiniciar protestas desde este 15 de marzo.<\/p>\n<p>Otra de las razones para posiblemente aplicar las sanciones es la confirmaci\u00f3n de las movilizaciones anunciadas por el magisterio urbano para esta semana.<\/p>\n<p>\u201cLes decimos colegas que el compromiso de ustedes, su vocaci\u00f3n de servicio a la sociedad, nos ha convocado a trabajar y, por tanto, no podemos perjudicar. En todo lugar, hasta todos ustedes vivimos trabajando, porque es un don de Dios, y en consecuencia el d\u00eda que no hayamos trabajado ustedes saben que no ser\u00e1 renumerado\u201d, se\u00f1al\u00f3 el director departamental de Educaci\u00f3n de La Paz, Carmelo L\u00f3pez.<\/p>\n<p>Detall\u00f3 que el pasado viernes, dos unidades educativas de la zona Sur suspendieron labores escolares y, ante ese hecho, se procedi\u00f3 con el descuento bajo planilla.<\/p>\n<p>\u201cHay dos unidades educativas que en la zona Sur han parado el d\u00eda viernes, por lo que el d\u00eda de hoy est\u00e1 corriendo ya su descuento en planillas que (\u2026) se han ido enviando al Ministerio de Educaci\u00f3n\u201d, apunt\u00f3.<\/p>\n<p>En la misma l\u00ednea, el director Departamental de Educaci\u00f3n en Cochabamba, Iv\u00e1n Vila, se\u00f1al\u00f3 que los directores distritales de esa regi\u00f3n evidenciaron que la semana pasada, algunos maestros viajaron para las movilizaciones en La Paz.<\/p>\n<p>\u201cHemos logrado conseguir el listado de todos los maestros que han viajado (a La Paz) evidentemente se ha verificado que los maestros no estaban trabajando. Por cada d\u00eda no trabajado, descuento correspondiente\u201d, asegur\u00f3.<\/p>\n<p>Otra direcci\u00f3n departamental de Educaci\u00f3n que anunci\u00f3 similar medida es la de Beni, desde donde indicaron que maestros que estuvieron en la urbe pace\u00f1a para participar de las protestas ser\u00e1n multados.<\/p>\n<p>El director de esa instancia beniana, Pedro Tanaka, detall\u00f3 que identificaron a 67 maestros urbanos que participaron en las movilizaciones del sector en la Sede de Gobierno, la semana pasada.<\/p>\n<p>\u201cLos maestros que han salido hacia la marcha en la ciudad de La Paz, hemos constatado mediante informe, que tienen reemplazo, los cursos no estar\u00edan abandonados; sin embargo, esto es ilegal desde todo punto de vista\u201d, manifest\u00f3.<\/p>\n<p>Explic\u00f3 que los permisos son otorgados mediante las direcciones de unidades educativas de las direcciones distritales, por razones de enfermedad y con baja m\u00e9dica de la Caja Nacional de Salud (CNS) o certificadas por medicina laboral por atenci\u00f3n externa, \u201cpor ning\u00fan otro motivo existen los permisos o las licencias para dejar reemplazantes\u201d.<\/p>\n<p>&nbsp;<\/p>\n<p>MOLESTIA<\/p>\n<p>Ante declaraciones del ministro de Educaci\u00f3n, \u00c9dgar Pary, respecto a la comparaci\u00f3n del magisterio con la Resistencia o la Uni\u00f3n Cruce\u00f1ista, el ejecutivo nacional del Magisterio Urbano, Patricio Molina, exterioriz\u00f3 la molestia del sector y sugiri\u00f3 que el ministro deber\u00eda dar un paso al costado si no puede resolver el conflicto.<\/p>\n<p>\u201cQue haga este tipo de declaraciones el ministro de confrontaci\u00f3n y amedrentamiento me parece algo totalmente descabellado, me parece algo irresponsable. En ese marco, lo \u00fanico que me queda decir al ministro de Educaci\u00f3n es que, si no tiene la voluntad y la capacidad para resolver esto, pues que d\u00e9 un paso al costado y que permita que otro ministro que tenga la capacidad y la voluntad asuma su cargo\u201d, expres\u00f3 el dirigente.<\/p>\n<p>Reiter\u00f3 la voluntad de dialogar y ratific\u00f3 las movilizaciones, de ma\u00f1ana con bloqueos y movilizaciones regionales y del 20, con manifestaciones acompa\u00f1ados con padres de familia.<\/p>\n<p>Cinco son las demandas de los maestros: rechazo a la nueva malla curricular, incremento al presupuesto, mayor cantidad de \u00edtems, jubilaci\u00f3n con el 100% y la realizaci\u00f3n del Congreso Educativo, aunque este \u00faltimo punto est\u00e1 casi resuelto.<\/p>\n","protected":false},"excerpt":{"rendered":"<p>Al menos tres direcciones departamentales de Educaci\u00f3n del pa\u00eds advirtieron con sancionar con posibles descuentos a los maestros que participaron de las movilizaciones que se registraron en la ciudad de La Paz la semana pasada. En tanto que educadores ratifican reiniciar protestas desde este 15 de marzo. Otra de las razones para posiblemente aplicar las [&hellip;]<\/p>\n","protected":false},"author":1,"featured_media":143012,"comment_status":"closed","ping_status":"closed","sticky":false,"template":"","format":"standard","meta":{"_acf_changed":false,"footnotes":""},"categories":[12],"tags":[],"class_list":["post-143011","post","type-post","status-publish","format-standard","has-post-thumbnail","category-nacional"],"acf":{"antetitulo":""},"yoast_head":"<!-- This site is optimized with the Yoast SEO plugin v28.4 - https:\/\/yoast.com\/product\/yoast-seo-wordpress\/ -->\n<title>Advierten con sanciones a maestros por movilizaciones - El Diario - Bolivia<\/title>\n<meta name=\"robots\" content=\"index, follow, max-snippet:-1, max-image-preview:large, max-video-preview:-1\" \/>\n<link rel=\"canonical\" href=\"https:\/\/www.eldiario.net\/portal\/2023\/03\/14\/advierten-con-sanciones-a-maestros-por-movilizaciones\/\" \/>\n<meta property=\"og:locale\" content=\"es_ES\" \/>\n<meta property=\"og:type\" content=\"article\" \/>\n<meta property=\"og:title\" content=\"Advierten con sanciones a maestros por movilizaciones - El Diario - Bolivia\" \/>\n<meta property=\"og:description\" content=\"Al menos tres direcciones departamentales de Educaci\u00f3n del pa\u00eds advirtieron con sancionar con posibles descuentos a los maestros que participaron de las movilizaciones que se registraron en la ciudad de La Paz la semana pasada. En tanto que educadores ratifican reiniciar protestas desde este 15 de marzo. Otra de las razones para posiblemente aplicar las [&hellip;]\" \/>\n<meta property=\"og:url\" content=\"https:\/\/www.eldiario.net\/portal\/2023\/03\/14\/advierten-con-sanciones-a-maestros-por-movilizaciones\/\" \/>\n<meta property=\"og:site_name\" content=\"El Diario - Bolivia\" \/>\n<meta property=\"article:publisher\" content=\"https:\/\/www.facebook.com\/eldiario.bolivia\/\" \/>\n<meta property=\"article:published_time\" content=\"2023-03-14T10:04:31+00:00\" \/>\n<meta name=\"author\" content=\"Jeanette\" \/>\n<meta name=\"twitter:card\" content=\"summary_large_image\" \/>\n<meta name=\"twitter:creator\" content=\"@eldiario_net\" \/>\n<meta name=\"twitter:site\" content=\"@eldiario_net\" \/>\n<meta name=\"twitter:label1\" content=\"Escrito por\" \/>\n\t<meta name=\"twitter:data1\" content=\"Jeanette\" \/>\n\t<meta name=\"twitter:label2\" content=\"Tiempo de lectura\" \/>\n\t<meta name=\"twitter:data2\" content=\"3 minutos\" \/>\n<script type=\"application\/ld+json\" class=\"yoast-schema-graph\">{\"@context\":\"https:\\\/\\\/schema.org\",\"@graph\":[{\"@type\":\"Article\",\"@id\":\"https:\\\/\\\/www.eldiario.net\\\/portal\\\/2023\\\/03\\\/14\\\/advierten-con-sanciones-a-maestros-por-movilizaciones\\\/#article\",\"isPartOf\":{\"@id\":\"https:\\\/\\\/www.eldiario.net\\\/portal\\\/2023\\\/03\\\/14\\\/advierten-con-sanciones-a-maestros-por-movilizaciones\\\/\"},\"author\":{\"name\":\"Jeanette\",\"@id\":\"https:\\\/\\\/www.eldiario.net\\\/portal\\\/#\\\/schema\\\/person\\\/2c57cf2b7a7ae032e449e4c9b1019eac\"},\"headline\":\"Advierten con sanciones a maestros por movilizaciones\",\"datePublished\":\"2023-03-14T10:04:31+00:00\",\"mainEntityOfPage\":{\"@id\":\"https:\\\/\\\/www.eldiario.net\\\/portal\\\/2023\\\/03\\\/14\\\/advierten-con-sanciones-a-maestros-por-movilizaciones\\\/\"},\"wordCount\":646,\"publisher\":{\"@id\":\"https:\\\/\\\/www.eldiario.net\\\/portal\\\/#organization\"},\"image\":{\"@id\":\"https:\\\/\\\/www.eldiario.net\\\/portal\\\/2023\\\/03\\\/14\\\/advierten-con-sanciones-a-maestros-por-movilizaciones\\\/#primaryimage\"},\"thumbnailUrl\":\"\",\"articleSection\":[\"Nacional\"],\"inLanguage\":\"es\"},{\"@type\":\"WebPage\",\"@id\":\"https:\\\/\\\/www.eldiario.net\\\/portal\\\/2023\\\/03\\\/14\\\/advierten-con-sanciones-a-maestros-por-movilizaciones\\\/\",\"url\":\"https:\\\/\\\/www.eldiario.net\\\/portal\\\/2023\\\/03\\\/14\\\/advierten-con-sanciones-a-maestros-por-movilizaciones\\\/\",\"name\":\"Advierten con sanciones a maestros por movilizaciones - El Diario - Bolivia\",\"isPartOf\":{\"@id\":\"https:\\\/\\\/www.eldiario.net\\\/portal\\\/#website\"},\"primaryImageOfPage\":{\"@id\":\"https:\\\/\\\/www.eldiario.net\\\/portal\\\/2023\\\/03\\\/14\\\/advierten-con-sanciones-a-maestros-por-movilizaciones\\\/#primaryimage\"},\"image\":{\"@id\":\"https:\\\/\\\/www.eldiario.net\\\/portal\\\/2023\\\/03\\\/14\\\/advierten-con-sanciones-a-maestros-por-movilizaciones\\\/#primaryimage\"},\"thumbnailUrl\":\"\",\"datePublished\":\"2023-03-14T10:04:31+00:00\",\"breadcrumb\":{\"@id\":\"https:\\\/\\\/www.eldiario.net\\\/portal\\\/2023\\\/03\\\/14\\\/advierten-con-sanciones-a-maestros-por-movilizaciones\\\/#breadcrumb\"},\"inLanguage\":\"es\",\"potentialAction\":[{\"@type\":\"ReadAction\",\"target\":[\"https:\\\/\\\/www.eldiario.net\\\/portal\\\/2023\\\/03\\\/14\\\/advierten-con-sanciones-a-maestros-por-movilizaciones\\\/\"]}]},{\"@type\":\"ImageObject\",\"inLanguage\":\"es\",\"@id\":\"https:\\\/\\\/www.eldiario.net\\\/portal\\\/2023\\\/03\\\/14\\\/advierten-con-sanciones-a-maestros-por-movilizaciones\\\/#primaryimage\",\"url\":\"\",\"contentUrl\":\"\"},{\"@type\":\"BreadcrumbList\",\"@id\":\"https:\\\/\\\/www.eldiario.net\\\/portal\\\/2023\\\/03\\\/14\\\/advierten-con-sanciones-a-maestros-por-movilizaciones\\\/#breadcrumb\",\"itemListElement\":[{\"@type\":\"ListItem\",\"position\":1,\"name\":\"Portada\",\"item\":\"https:\\\/\\\/www.eldiario.net\\\/portal\\\/\"},{\"@type\":\"ListItem\",\"position\":2,\"name\":\"Advierten con sanciones a maestros por movilizaciones\"}]},{\"@type\":\"WebSite\",\"@id\":\"https:\\\/\\\/www.eldiario.net\\\/portal\\\/#website\",\"url\":\"https:\\\/\\\/www.eldiario.net\\\/portal\\\/\",\"name\":\"El Diario - Decano de la prensa nacional\",\"description\":\"El Diario - Decano de la prensa nacional\",\"publisher\":{\"@id\":\"https:\\\/\\\/www.eldiario.net\\\/portal\\\/#organization\"},\"potentialAction\":[{\"@type\":\"SearchAction\",\"target\":{\"@type\":\"EntryPoint\",\"urlTemplate\":\"https:\\\/\\\/www.eldiario.net\\\/portal\\\/?s={search_term_string}\"},\"query-input\":{\"@type\":\"PropertyValueSpecification\",\"valueRequired\":true,\"valueName\":\"search_term_string\"}}],\"inLanguage\":\"es\"},{\"@type\":\"Organization\",\"@id\":\"https:\\\/\\\/www.eldiario.net\\\/portal\\\/#organization\",\"name\":\"El Diario - Decano de la prensa nacional\",\"url\":\"https:\\\/\\\/www.eldiario.net\\\/portal\\\/\",\"logo\":{\"@type\":\"ImageObject\",\"inLanguage\":\"es\",\"@id\":\"https:\\\/\\\/www.eldiario.net\\\/portal\\\/#\\\/schema\\\/logo\\\/image\\\/\",\"url\":\"https:\\\/\\\/www.eldiario.net\\\/portal\\\/wp-content\\\/uploads\\\/2023\\\/07\\\/logo_ED.jpg\",\"contentUrl\":\"https:\\\/\\\/www.eldiario.net\\\/portal\\\/wp-content\\\/uploads\\\/2023\\\/07\\\/logo_ED.jpg\",\"width\":272,\"height\":52,\"caption\":\"El Diario - Decano de la prensa nacional\"},\"image\":{\"@id\":\"https:\\\/\\\/www.eldiario.net\\\/portal\\\/#\\\/schema\\\/logo\\\/image\\\/\"},\"sameAs\":[\"https:\\\/\\\/www.facebook.com\\\/eldiario.bolivia\\\/\",\"https:\\\/\\\/x.com\\\/eldiario_net\"]},{\"@type\":\"Person\",\"@id\":\"https:\\\/\\\/www.eldiario.net\\\/portal\\\/#\\\/schema\\\/person\\\/2c57cf2b7a7ae032e449e4c9b1019eac\",\"name\":\"Jeanette\",\"image\":{\"@type\":\"ImageObject\",\"inLanguage\":\"es\",\"@id\":\"https:\\\/\\\/secure.gravatar.com\\\/avatar\\\/3ea2118a5f7dad2b7138b1187a6b7ee55f160b9968b66013c3a3ef39dd7e5798?s=96&d=mm&r=g\",\"url\":\"https:\\\/\\\/secure.gravatar.com\\\/avatar\\\/3ea2118a5f7dad2b7138b1187a6b7ee55f160b9968b66013c3a3ef39dd7e5798?s=96&d=mm&r=g\",\"contentUrl\":\"https:\\\/\\\/secure.gravatar.com\\\/avatar\\\/3ea2118a5f7dad2b7138b1187a6b7ee55f160b9968b66013c3a3ef39dd7e5798?s=96&d=mm&r=g\",\"caption\":\"Jeanette\"},\"sameAs\":[\"https:\\\/\\\/www.eldiario.net\\\/portal\"],\"url\":\"https:\\\/\\\/www.eldiario.net\\\/portal\\\/author\\\/jeanette\\\/\"}]}<\/script>\n<!-- \/ Yoast SEO plugin. -->","yoast_head_json":{"title":"Advierten con sanciones a maestros por movilizaciones - El Diario - Bolivia","robots":{"index":"index","follow":"follow","max-snippet":"max-snippet:-1","max-image-preview":"max-image-preview:large","max-video-preview":"max-video-preview:-1"},"canonical":"https:\/\/www.eldiario.net\/portal\/2023\/03\/14\/advierten-con-sanciones-a-maestros-por-movilizaciones\/","og_locale":"es_ES","og_type":"article","og_title":"Advierten con sanciones a maestros por movilizaciones - El Diario - Bolivia","og_description":"Al menos tres direcciones departamentales de Educaci\u00f3n del pa\u00eds advirtieron con sancionar con posibles descuentos a los maestros que participaron de las movilizaciones que se registraron en la ciudad de La Paz la semana pasada. En tanto que educadores ratifican reiniciar protestas desde este 15 de marzo. Otra de las razones para posiblemente aplicar las [&hellip;]","og_url":"https:\/\/www.eldiario.net\/portal\/2023\/03\/14\/advierten-con-sanciones-a-maestros-por-movilizaciones\/","og_site_name":"El Diario - Bolivia","article_publisher":"https:\/\/www.facebook.com\/eldiario.bolivia\/","article_published_time":"2023-03-14T10:04:31+00:00","author":"Jeanette","twitter_card":"summary_large_image","twitter_creator":"@eldiario_net","twitter_site":"@eldiario_net","twitter_misc":{"Escrito por":"Jeanette","Tiempo de lectura":"3 minutos"},"schema":{"@context":"https:\/\/schema.org","@graph":[{"@type":"Article","@id":"https:\/\/www.eldiario.net\/portal\/2023\/03\/14\/advierten-con-sanciones-a-maestros-por-movilizaciones\/#article","isPartOf":{"@id":"https:\/\/www.eldiario.net\/portal\/2023\/03\/14\/advierten-con-sanciones-a-maestros-por-movilizaciones\/"},"author":{"name":"Jeanette","@id":"https:\/\/www.eldiario.net\/portal\/#\/schema\/person\/2c57cf2b7a7ae032e449e4c9b1019eac"},"headline":"Advierten con sanciones a maestros por movilizaciones","datePublished":"2023-03-14T10:04:31+00:00","mainEntityOfPage":{"@id":"https:\/\/www.eldiario.net\/portal\/2023\/03\/14\/advierten-con-sanciones-a-maestros-por-movilizaciones\/"},"wordCount":646,"publisher":{"@id":"https:\/\/www.eldiario.net\/portal\/#organization"},"image":{"@id":"https:\/\/www.eldiario.net\/portal\/2023\/03\/14\/advierten-con-sanciones-a-maestros-por-movilizaciones\/#primaryimage"},"thumbnailUrl":"","articleSection":["Nacional"],"inLanguage":"es"},{"@type":"WebPage","@id":"https:\/\/www.eldiario.net\/portal\/2023\/03\/14\/advierten-con-sanciones-a-maestros-por-movilizaciones\/","url":"https:\/\/www.eldiario.net\/portal\/2023\/03\/14\/advierten-con-sanciones-a-maestros-por-movilizaciones\/","name":"Advierten con sanciones a maestros por movilizaciones - El Diario - Bolivia","isPartOf":{"@id":"https:\/\/www.eldiario.net\/portal\/#website"},"primaryImageOfPage":{"@id":"https:\/\/www.eldiario.net\/portal\/2023\/03\/14\/advierten-con-sanciones-a-maestros-por-movilizaciones\/#primaryimage"},"image":{"@id":"https:\/\/www.eldiario.net\/portal\/2023\/03\/14\/advierten-con-sanciones-a-maestros-por-movilizaciones\/#primaryimage"},"thumbnailUrl":"","datePublished":"2023-03-14T10:04:31+00:00","breadcrumb":{"@id":"https:\/\/www.eldiario.net\/portal\/2023\/03\/14\/advierten-con-sanciones-a-maestros-por-movilizaciones\/#breadcrumb"},"inLanguage":"es","potentialAction":[{"@type":"ReadAction","target":["https:\/\/www.eldiario.net\/portal\/2023\/03\/14\/advierten-con-sanciones-a-maestros-por-movilizaciones\/"]}]},{"@type":"ImageObject","inLanguage":"es","@id":"https:\/\/www.eldiario.net\/portal\/2023\/03\/14\/advierten-con-sanciones-a-maestros-por-movilizaciones\/#primaryimage","url":"","contentUrl":""},{"@type":"BreadcrumbList","@id":"https:\/\/www.eldiario.net\/portal\/2023\/03\/14\/advierten-con-sanciones-a-maestros-por-movilizaciones\/#breadcrumb","itemListElement":[{"@type":"ListItem","position":1,"name":"Portada","item":"https:\/\/www.eldiario.net\/portal\/"},{"@type":"ListItem","position":2,"name":"Advierten con sanciones a maestros por movilizaciones"}]},{"@type":"WebSite","@id":"https:\/\/www.eldiario.net\/portal\/#website","url":"https:\/\/www.eldiario.net\/portal\/","name":"El Diario - Decano de la prensa nacional","description":"El Diario - Decano de la prensa nacional","publisher":{"@id":"https:\/\/www.eldiario.net\/portal\/#organization"},"potentialAction":[{"@type":"SearchAction","target":{"@type":"EntryPoint","urlTemplate":"https:\/\/www.eldiario.net\/portal\/?s={search_term_string}"},"query-input":{"@type":"PropertyValueSpecification","valueRequired":true,"valueName":"search_term_string"}}],"inLanguage":"es"},{"@type":"Organization","@id":"https:\/\/www.eldiario.net\/portal\/#organization","name":"El Diario - Decano de la prensa nacional","url":"https:\/\/www.eldiario.net\/portal\/","logo":{"@type":"ImageObject","inLanguage":"es","@id":"https:\/\/www.eldiario.net\/portal\/#\/schema\/logo\/image\/","url":"https:\/\/www.eldiario.net\/portal\/wp-content\/uploads\/2023\/07\/logo_ED.jpg","contentUrl":"https:\/\/www.eldiario.net\/portal\/wp-content\/uploads\/2023\/07\/logo_ED.jpg","width":272,"height":52,"caption":"El Diario - Decano de la prensa nacional"},"image":{"@id":"https:\/\/www.eldiario.net\/portal\/#\/schema\/logo\/image\/"},"sameAs":["https:\/\/www.facebook.com\/eldiario.bolivia\/","https:\/\/x.com\/eldiario_net"]},{"@type":"Person","@id":"https:\/\/www.eldiario.net\/portal\/#\/schema\/person\/2c57cf2b7a7ae032e449e4c9b1019eac","name":"Jeanette","image":{"@type":"ImageObject","inLanguage":"es","@id":"https:\/\/secure.gravatar.com\/avatar\/3ea2118a5f7dad2b7138b1187a6b7ee55f160b9968b66013c3a3ef39dd7e5798?s=96&d=mm&r=g","url":"https:\/\/secure.gravatar.com\/avatar\/3ea2118a5f7dad2b7138b1187a6b7ee55f160b9968b66013c3a3ef39dd7e5798?s=96&d=mm&r=g","contentUrl":"https:\/\/secure.gravatar.com\/avatar\/3ea2118a5f7dad2b7138b1187a6b7ee55f160b9968b66013c3a3ef39dd7e5798?s=96&d=mm&r=g","caption":"Jeanette"},"sameAs":["https:\/\/www.eldiario.net\/portal"],"url":"https:\/\/www.eldiario.net\/portal\/author\/jeanette\/"}]}},"_links":{"self":[{"href":"https:\/\/www.eldiario.net\/portal\/wp-json\/wp\/v2\/posts\/143011","targetHints":{"allow":["GET"]}}],"collection":[{"href":"https:\/\/www.eldiario.net\/portal\/wp-json\/wp\/v2\/posts"}],"about":[{"href":"https:\/\/www.eldiario.net\/portal\/wp-json\/wp\/v2\/types\/post"}],"author":[{"embeddable":true,"href":"https:\/\/www.eldiario.net\/portal\/wp-json\/wp\/v2\/users\/1"}],"replies":[{"embeddable":true,"href":"https:\/\/www.eldiario.net\/portal\/wp-json\/wp\/v2\/comments?post=143011"}],"version-history":[{"count":0,"href":"https:\/\/www.eldiario.net\/portal\/wp-json\/wp\/v2\/posts\/143011\/revisions"}],"wp:attachment":[{"href":"https:\/\/www.eldiario.net\/portal\/wp-json\/wp\/v2\/media?parent=143011"}],"wp:term":[{"taxonomy":"category","embeddable":true,"href":"https:\/\/www.eldiario.net\/portal\/wp-json\/wp\/v2\/categories?post=143011"},{"taxonomy":"post_tag","embeddable":true,"href":"https:\/\/www.eldiario.net\/portal\/wp-json\/wp\/v2\/tags?post=143011"}],"curies":[{"name":"wp","href":"https:\/\/api.w.org\/{rel}","templated":true}]}}