{"id":143005,"date":"2023-03-14T06:03:04","date_gmt":"2023-03-14T10:03:04","guid":{"rendered":"https:\/\/www.eldiario.net\/portal\/?p=143005"},"modified":"2023-03-14T06:03:04","modified_gmt":"2023-03-14T10:03:04","slug":"fenaena-levanta-medidas-y-firma-acuerdo-con-alcaldia","status":"publish","type":"post","link":"https:\/\/www.eldiario.net\/portal\/2023\/03\/14\/fenaena-levanta-medidas-y-firma-acuerdo-con-alcaldia\/","title":{"rendered":"Fenaena levanta medidas y firma acuerdo con Alcald\u00eda"},"content":{"rendered":"<p>Luego de protagonizar una marcha por el centro pace\u00f1o, artesanos de la Federaci\u00f3n Nacional de Artesanos y Expositores de la Feria de Navidad y Alasitas (Fenaena), sostuvieron una reuni\u00f3n con autoridades ediles, el secretario municipal de Gesti\u00f3n Integral de Riesgos (Smgir), Juan Pablo Palma, inform\u00f3 que se firm\u00f3 un acta de compromiso en el cual se establece que se realizar\u00e1n las refacciones a la b\u00f3veda del r\u00edo Choqueyapu a la altura del play\u00f3n \u201cA\u201d del Campo Ferial del Bicentenario hasta octubre para que se pueda rehabilitar este espacio.<\/p>\n<p>\u201cHemos estado reunidos con los 66 representantes de los sectores (de Fenaena) y lo que se vino anunciando desde diciembre del a\u00f1o pasado ha sido plasmado en un acta que establece claramente el compromiso del alcalde Iv\u00e1n Arias para resolver el problema en el tema de infraestructura (de la b\u00f3veda), tambi\u00e9n otras solicitudes que ten\u00eda Fenaena respecto al uso del predio el campo ferial\u201d, inform\u00f3 el representante edil.<\/p>\n<p>Por su parte, la secretaria ejecutiva de Fenaena, Judith Mancilla, asegur\u00f3 que se aguardar\u00e1 la firma del alcalde Arias, en el documento, hasta hoy para que, una vez ocurra esto, se levanten los puestos de la Feria de la Alasita.<\/p>\n<p>\u201cHemos firmado un acta de compromiso entre el Gobierno Municipal y Fenaena, se\u00f1alando claramente como lo ha se\u00f1alado el secretario (Palma), se van a hacer todos los trabajos de infraestructura en el play\u00f3n A, por ende, en todo lo que es el Parque Urbano Central en nuestro Campo Ferial del Bicentenario\u201d, indic\u00f3.<\/p>\n<p>Palma explic\u00f3 que la b\u00f3veda tiene deterioros debido a que es una obra de larga data (2008) y que no ha recibido mantenimiento en el \u00faltimo tiempo. La autoridad garantiz\u00f3 que la obra estar\u00e1 concluida hasta el mes de octubre como se ha se\u00f1alado en \u201ctodos los ampliados y reuniones, donde hemos sido claros y contundentes de que el campo ferial est\u00e1 destinado para la feria\u201d.<\/p>\n<p>\u201c(La b\u00f3veda) tiene mucho deterioro, es por la data del embovedado, tambi\u00e9n porque no ha habido un mantenimiento importante al respecto, pero lo importante es que vamos a trabajar conjuntamente, se ha creado una comisi\u00f3n (con Fenaena) para ir evaluando peri\u00f3dicamente el trabajo. Los feriantes y la ciudad entera van a saber que se va a hacer el trabajo y eso es algo que queremos puntualizar, no es un trabajo para Fenaena, es un trabajo del cual se va a beneficiar la ciudad en pleno\u201d, a\u00f1adi\u00f3 Palma.<\/p>\n<p>El Play\u00f3n A del Parque Urbano Central fue deshabilitado esta gesti\u00f3n debido a que presentaba rajaduras que podr\u00edan afectar tanto a comerciantes como a la poblaci\u00f3n que se apersone al lugar, esto llev\u00f3 a que los feriantes se trasladen a la avenida Argando\u00f1a.<\/p>\n<p>En horas de la ma\u00f1ana de ayer, Mansilla inform\u00f3 que ese sector estaba en estado de emergencia y exig\u00edan que se habilite los predios del Play\u00f3n \u201cA\u201d del Parque Urbano Central (PUC) y no les reubiquen en otro sector como lo hicieron este a\u00f1o, advirtieron con masificar sus medidas en caso que no haya una mesa de di\u00e1logo por parte de autoridades ediles.<\/p>\n","protected":false},"excerpt":{"rendered":"<p>Luego de protagonizar una marcha por el centro pace\u00f1o, artesanos de la Federaci\u00f3n Nacional de Artesanos y Expositores de la Feria de Navidad y Alasitas (Fenaena), sostuvieron una reuni\u00f3n con autoridades ediles, el secretario municipal de Gesti\u00f3n Integral de Riesgos (Smgir), Juan Pablo Palma, inform\u00f3 que se firm\u00f3 un acta de compromiso en el cual [&hellip;]<\/p>\n","protected":false},"author":1,"featured_media":143006,"comment_status":"closed","ping_status":"closed","sticky":false,"template":"","format":"standard","meta":{"_acf_changed":false,"footnotes":""},"categories":[12],"tags":[],"class_list":["post-143005","post","type-post","status-publish","format-standard","has-post-thumbnail","category-nacional"],"acf":{"antetitulo":""},"yoast_head":"<!-- This site is optimized with the Yoast SEO plugin v28.4 - https:\/\/yoast.com\/product\/yoast-seo-wordpress\/ -->\n<title>Fenaena levanta medidas y firma acuerdo con Alcald\u00eda - El Diario - Bolivia<\/title>\n<meta name=\"robots\" content=\"index, follow, max-snippet:-1, max-image-preview:large, max-video-preview:-1\" \/>\n<link rel=\"canonical\" href=\"https:\/\/www.eldiario.net\/portal\/2023\/03\/14\/fenaena-levanta-medidas-y-firma-acuerdo-con-alcaldia\/\" \/>\n<meta property=\"og:locale\" content=\"es_ES\" \/>\n<meta property=\"og:type\" content=\"article\" \/>\n<meta property=\"og:title\" content=\"Fenaena levanta medidas y firma acuerdo con Alcald\u00eda - El Diario - Bolivia\" \/>\n<meta property=\"og:description\" content=\"Luego de protagonizar una marcha por el centro pace\u00f1o, artesanos de la Federaci\u00f3n Nacional de Artesanos y Expositores de la Feria de Navidad y Alasitas (Fenaena), sostuvieron una reuni\u00f3n con autoridades ediles, el secretario municipal de Gesti\u00f3n Integral de Riesgos (Smgir), Juan Pablo Palma, inform\u00f3 que se firm\u00f3 un acta de compromiso en el cual [&hellip;]\" \/>\n<meta property=\"og:url\" content=\"https:\/\/www.eldiario.net\/portal\/2023\/03\/14\/fenaena-levanta-medidas-y-firma-acuerdo-con-alcaldia\/\" \/>\n<meta property=\"og:site_name\" content=\"El Diario - Bolivia\" \/>\n<meta property=\"article:publisher\" content=\"https:\/\/www.facebook.com\/eldiario.bolivia\/\" \/>\n<meta property=\"article:published_time\" content=\"2023-03-14T10:03:04+00:00\" \/>\n<meta name=\"author\" content=\"Jeanette\" \/>\n<meta name=\"twitter:card\" content=\"summary_large_image\" \/>\n<meta name=\"twitter:creator\" content=\"@eldiario_net\" \/>\n<meta name=\"twitter:site\" content=\"@eldiario_net\" \/>\n<meta name=\"twitter:label1\" content=\"Escrito por\" \/>\n\t<meta name=\"twitter:data1\" content=\"Jeanette\" \/>\n\t<meta name=\"twitter:label2\" content=\"Tiempo de lectura\" \/>\n\t<meta name=\"twitter:data2\" content=\"3 minutos\" \/>\n<script type=\"application\/ld+json\" class=\"yoast-schema-graph\">{\"@context\":\"https:\\\/\\\/schema.org\",\"@graph\":[{\"@type\":\"Article\",\"@id\":\"https:\\\/\\\/www.eldiario.net\\\/portal\\\/2023\\\/03\\\/14\\\/fenaena-levanta-medidas-y-firma-acuerdo-con-alcaldia\\\/#article\",\"isPartOf\":{\"@id\":\"https:\\\/\\\/www.eldiario.net\\\/portal\\\/2023\\\/03\\\/14\\\/fenaena-levanta-medidas-y-firma-acuerdo-con-alcaldia\\\/\"},\"author\":{\"name\":\"Jeanette\",\"@id\":\"https:\\\/\\\/www.eldiario.net\\\/portal\\\/#\\\/schema\\\/person\\\/2c57cf2b7a7ae032e449e4c9b1019eac\"},\"headline\":\"Fenaena levanta medidas y firma acuerdo con Alcald\u00eda\",\"datePublished\":\"2023-03-14T10:03:04+00:00\",\"mainEntityOfPage\":{\"@id\":\"https:\\\/\\\/www.eldiario.net\\\/portal\\\/2023\\\/03\\\/14\\\/fenaena-levanta-medidas-y-firma-acuerdo-con-alcaldia\\\/\"},\"wordCount\":547,\"publisher\":{\"@id\":\"https:\\\/\\\/www.eldiario.net\\\/portal\\\/#organization\"},\"image\":{\"@id\":\"https:\\\/\\\/www.eldiario.net\\\/portal\\\/2023\\\/03\\\/14\\\/fenaena-levanta-medidas-y-firma-acuerdo-con-alcaldia\\\/#primaryimage\"},\"thumbnailUrl\":\"\",\"articleSection\":[\"Nacional\"],\"inLanguage\":\"es\"},{\"@type\":\"WebPage\",\"@id\":\"https:\\\/\\\/www.eldiario.net\\\/portal\\\/2023\\\/03\\\/14\\\/fenaena-levanta-medidas-y-firma-acuerdo-con-alcaldia\\\/\",\"url\":\"https:\\\/\\\/www.eldiario.net\\\/portal\\\/2023\\\/03\\\/14\\\/fenaena-levanta-medidas-y-firma-acuerdo-con-alcaldia\\\/\",\"name\":\"Fenaena levanta medidas y firma acuerdo con Alcald\u00eda - El Diario - Bolivia\",\"isPartOf\":{\"@id\":\"https:\\\/\\\/www.eldiario.net\\\/portal\\\/#website\"},\"primaryImageOfPage\":{\"@id\":\"https:\\\/\\\/www.eldiario.net\\\/portal\\\/2023\\\/03\\\/14\\\/fenaena-levanta-medidas-y-firma-acuerdo-con-alcaldia\\\/#primaryimage\"},\"image\":{\"@id\":\"https:\\\/\\\/www.eldiario.net\\\/portal\\\/2023\\\/03\\\/14\\\/fenaena-levanta-medidas-y-firma-acuerdo-con-alcaldia\\\/#primaryimage\"},\"thumbnailUrl\":\"\",\"datePublished\":\"2023-03-14T10:03:04+00:00\",\"breadcrumb\":{\"@id\":\"https:\\\/\\\/www.eldiario.net\\\/portal\\\/2023\\\/03\\\/14\\\/fenaena-levanta-medidas-y-firma-acuerdo-con-alcaldia\\\/#breadcrumb\"},\"inLanguage\":\"es\",\"potentialAction\":[{\"@type\":\"ReadAction\",\"target\":[\"https:\\\/\\\/www.eldiario.net\\\/portal\\\/2023\\\/03\\\/14\\\/fenaena-levanta-medidas-y-firma-acuerdo-con-alcaldia\\\/\"]}]},{\"@type\":\"ImageObject\",\"inLanguage\":\"es\",\"@id\":\"https:\\\/\\\/www.eldiario.net\\\/portal\\\/2023\\\/03\\\/14\\\/fenaena-levanta-medidas-y-firma-acuerdo-con-alcaldia\\\/#primaryimage\",\"url\":\"\",\"contentUrl\":\"\"},{\"@type\":\"BreadcrumbList\",\"@id\":\"https:\\\/\\\/www.eldiario.net\\\/portal\\\/2023\\\/03\\\/14\\\/fenaena-levanta-medidas-y-firma-acuerdo-con-alcaldia\\\/#breadcrumb\",\"itemListElement\":[{\"@type\":\"ListItem\",\"position\":1,\"name\":\"Portada\",\"item\":\"https:\\\/\\\/www.eldiario.net\\\/portal\\\/\"},{\"@type\":\"ListItem\",\"position\":2,\"name\":\"Fenaena levanta medidas y firma acuerdo con Alcald\u00eda\"}]},{\"@type\":\"WebSite\",\"@id\":\"https:\\\/\\\/www.eldiario.net\\\/portal\\\/#website\",\"url\":\"https:\\\/\\\/www.eldiario.net\\\/portal\\\/\",\"name\":\"El Diario - Decano de la prensa nacional\",\"description\":\"El Diario - Decano de la prensa nacional\",\"publisher\":{\"@id\":\"https:\\\/\\\/www.eldiario.net\\\/portal\\\/#organization\"},\"potentialAction\":[{\"@type\":\"SearchAction\",\"target\":{\"@type\":\"EntryPoint\",\"urlTemplate\":\"https:\\\/\\\/www.eldiario.net\\\/portal\\\/?s={search_term_string}\"},\"query-input\":{\"@type\":\"PropertyValueSpecification\",\"valueRequired\":true,\"valueName\":\"search_term_string\"}}],\"inLanguage\":\"es\"},{\"@type\":\"Organization\",\"@id\":\"https:\\\/\\\/www.eldiario.net\\\/portal\\\/#organization\",\"name\":\"El Diario - Decano de la prensa nacional\",\"url\":\"https:\\\/\\\/www.eldiario.net\\\/portal\\\/\",\"logo\":{\"@type\":\"ImageObject\",\"inLanguage\":\"es\",\"@id\":\"https:\\\/\\\/www.eldiario.net\\\/portal\\\/#\\\/schema\\\/logo\\\/image\\\/\",\"url\":\"https:\\\/\\\/www.eldiario.net\\\/portal\\\/wp-content\\\/uploads\\\/2023\\\/07\\\/logo_ED.jpg\",\"contentUrl\":\"https:\\\/\\\/www.eldiario.net\\\/portal\\\/wp-content\\\/uploads\\\/2023\\\/07\\\/logo_ED.jpg\",\"width\":272,\"height\":52,\"caption\":\"El Diario - Decano de la prensa nacional\"},\"image\":{\"@id\":\"https:\\\/\\\/www.eldiario.net\\\/portal\\\/#\\\/schema\\\/logo\\\/image\\\/\"},\"sameAs\":[\"https:\\\/\\\/www.facebook.com\\\/eldiario.bolivia\\\/\",\"https:\\\/\\\/x.com\\\/eldiario_net\"]},{\"@type\":\"Person\",\"@id\":\"https:\\\/\\\/www.eldiario.net\\\/portal\\\/#\\\/schema\\\/person\\\/2c57cf2b7a7ae032e449e4c9b1019eac\",\"name\":\"Jeanette\",\"image\":{\"@type\":\"ImageObject\",\"inLanguage\":\"es\",\"@id\":\"https:\\\/\\\/secure.gravatar.com\\\/avatar\\\/3ea2118a5f7dad2b7138b1187a6b7ee55f160b9968b66013c3a3ef39dd7e5798?s=96&d=mm&r=g\",\"url\":\"https:\\\/\\\/secure.gravatar.com\\\/avatar\\\/3ea2118a5f7dad2b7138b1187a6b7ee55f160b9968b66013c3a3ef39dd7e5798?s=96&d=mm&r=g\",\"contentUrl\":\"https:\\\/\\\/secure.gravatar.com\\\/avatar\\\/3ea2118a5f7dad2b7138b1187a6b7ee55f160b9968b66013c3a3ef39dd7e5798?s=96&d=mm&r=g\",\"caption\":\"Jeanette\"},\"sameAs\":[\"https:\\\/\\\/www.eldiario.net\\\/portal\"],\"url\":\"https:\\\/\\\/www.eldiario.net\\\/portal\\\/author\\\/jeanette\\\/\"}]}<\/script>\n<!-- \/ Yoast SEO plugin. -->","yoast_head_json":{"title":"Fenaena levanta medidas y firma acuerdo con Alcald\u00eda - El Diario - Bolivia","robots":{"index":"index","follow":"follow","max-snippet":"max-snippet:-1","max-image-preview":"max-image-preview:large","max-video-preview":"max-video-preview:-1"},"canonical":"https:\/\/www.eldiario.net\/portal\/2023\/03\/14\/fenaena-levanta-medidas-y-firma-acuerdo-con-alcaldia\/","og_locale":"es_ES","og_type":"article","og_title":"Fenaena levanta medidas y firma acuerdo con Alcald\u00eda - El Diario - Bolivia","og_description":"Luego de protagonizar una marcha por el centro pace\u00f1o, artesanos de la Federaci\u00f3n Nacional de Artesanos y Expositores de la Feria de Navidad y Alasitas (Fenaena), sostuvieron una reuni\u00f3n con autoridades ediles, el secretario municipal de Gesti\u00f3n Integral de Riesgos (Smgir), Juan Pablo Palma, inform\u00f3 que se firm\u00f3 un acta de compromiso en el cual [&hellip;]","og_url":"https:\/\/www.eldiario.net\/portal\/2023\/03\/14\/fenaena-levanta-medidas-y-firma-acuerdo-con-alcaldia\/","og_site_name":"El Diario - Bolivia","article_publisher":"https:\/\/www.facebook.com\/eldiario.bolivia\/","article_published_time":"2023-03-14T10:03:04+00:00","author":"Jeanette","twitter_card":"summary_large_image","twitter_creator":"@eldiario_net","twitter_site":"@eldiario_net","twitter_misc":{"Escrito por":"Jeanette","Tiempo de lectura":"3 minutos"},"schema":{"@context":"https:\/\/schema.org","@graph":[{"@type":"Article","@id":"https:\/\/www.eldiario.net\/portal\/2023\/03\/14\/fenaena-levanta-medidas-y-firma-acuerdo-con-alcaldia\/#article","isPartOf":{"@id":"https:\/\/www.eldiario.net\/portal\/2023\/03\/14\/fenaena-levanta-medidas-y-firma-acuerdo-con-alcaldia\/"},"author":{"name":"Jeanette","@id":"https:\/\/www.eldiario.net\/portal\/#\/schema\/person\/2c57cf2b7a7ae032e449e4c9b1019eac"},"headline":"Fenaena levanta medidas y firma acuerdo con Alcald\u00eda","datePublished":"2023-03-14T10:03:04+00:00","mainEntityOfPage":{"@id":"https:\/\/www.eldiario.net\/portal\/2023\/03\/14\/fenaena-levanta-medidas-y-firma-acuerdo-con-alcaldia\/"},"wordCount":547,"publisher":{"@id":"https:\/\/www.eldiario.net\/portal\/#organization"},"image":{"@id":"https:\/\/www.eldiario.net\/portal\/2023\/03\/14\/fenaena-levanta-medidas-y-firma-acuerdo-con-alcaldia\/#primaryimage"},"thumbnailUrl":"","articleSection":["Nacional"],"inLanguage":"es"},{"@type":"WebPage","@id":"https:\/\/www.eldiario.net\/portal\/2023\/03\/14\/fenaena-levanta-medidas-y-firma-acuerdo-con-alcaldia\/","url":"https:\/\/www.eldiario.net\/portal\/2023\/03\/14\/fenaena-levanta-medidas-y-firma-acuerdo-con-alcaldia\/","name":"Fenaena levanta medidas y firma acuerdo con Alcald\u00eda - El Diario - Bolivia","isPartOf":{"@id":"https:\/\/www.eldiario.net\/portal\/#website"},"primaryImageOfPage":{"@id":"https:\/\/www.eldiario.net\/portal\/2023\/03\/14\/fenaena-levanta-medidas-y-firma-acuerdo-con-alcaldia\/#primaryimage"},"image":{"@id":"https:\/\/www.eldiario.net\/portal\/2023\/03\/14\/fenaena-levanta-medidas-y-firma-acuerdo-con-alcaldia\/#primaryimage"},"thumbnailUrl":"","datePublished":"2023-03-14T10:03:04+00:00","breadcrumb":{"@id":"https:\/\/www.eldiario.net\/portal\/2023\/03\/14\/fenaena-levanta-medidas-y-firma-acuerdo-con-alcaldia\/#breadcrumb"},"inLanguage":"es","potentialAction":[{"@type":"ReadAction","target":["https:\/\/www.eldiario.net\/portal\/2023\/03\/14\/fenaena-levanta-medidas-y-firma-acuerdo-con-alcaldia\/"]}]},{"@type":"ImageObject","inLanguage":"es","@id":"https:\/\/www.eldiario.net\/portal\/2023\/03\/14\/fenaena-levanta-medidas-y-firma-acuerdo-con-alcaldia\/#primaryimage","url":"","contentUrl":""},{"@type":"BreadcrumbList","@id":"https:\/\/www.eldiario.net\/portal\/2023\/03\/14\/fenaena-levanta-medidas-y-firma-acuerdo-con-alcaldia\/#breadcrumb","itemListElement":[{"@type":"ListItem","position":1,"name":"Portada","item":"https:\/\/www.eldiario.net\/portal\/"},{"@type":"ListItem","position":2,"name":"Fenaena levanta medidas y firma acuerdo con Alcald\u00eda"}]},{"@type":"WebSite","@id":"https:\/\/www.eldiario.net\/portal\/#website","url":"https:\/\/www.eldiario.net\/portal\/","name":"El Diario - Decano de la prensa nacional","description":"El Diario - Decano de la prensa nacional","publisher":{"@id":"https:\/\/www.eldiario.net\/portal\/#organization"},"potentialAction":[{"@type":"SearchAction","target":{"@type":"EntryPoint","urlTemplate":"https:\/\/www.eldiario.net\/portal\/?s={search_term_string}"},"query-input":{"@type":"PropertyValueSpecification","valueRequired":true,"valueName":"search_term_string"}}],"inLanguage":"es"},{"@type":"Organization","@id":"https:\/\/www.eldiario.net\/portal\/#organization","name":"El Diario - Decano de la prensa nacional","url":"https:\/\/www.eldiario.net\/portal\/","logo":{"@type":"ImageObject","inLanguage":"es","@id":"https:\/\/www.eldiario.net\/portal\/#\/schema\/logo\/image\/","url":"https:\/\/www.eldiario.net\/portal\/wp-content\/uploads\/2023\/07\/logo_ED.jpg","contentUrl":"https:\/\/www.eldiario.net\/portal\/wp-content\/uploads\/2023\/07\/logo_ED.jpg","width":272,"height":52,"caption":"El Diario - Decano de la prensa nacional"},"image":{"@id":"https:\/\/www.eldiario.net\/portal\/#\/schema\/logo\/image\/"},"sameAs":["https:\/\/www.facebook.com\/eldiario.bolivia\/","https:\/\/x.com\/eldiario_net"]},{"@type":"Person","@id":"https:\/\/www.eldiario.net\/portal\/#\/schema\/person\/2c57cf2b7a7ae032e449e4c9b1019eac","name":"Jeanette","image":{"@type":"ImageObject","inLanguage":"es","@id":"https:\/\/secure.gravatar.com\/avatar\/3ea2118a5f7dad2b7138b1187a6b7ee55f160b9968b66013c3a3ef39dd7e5798?s=96&d=mm&r=g","url":"https:\/\/secure.gravatar.com\/avatar\/3ea2118a5f7dad2b7138b1187a6b7ee55f160b9968b66013c3a3ef39dd7e5798?s=96&d=mm&r=g","contentUrl":"https:\/\/secure.gravatar.com\/avatar\/3ea2118a5f7dad2b7138b1187a6b7ee55f160b9968b66013c3a3ef39dd7e5798?s=96&d=mm&r=g","caption":"Jeanette"},"sameAs":["https:\/\/www.eldiario.net\/portal"],"url":"https:\/\/www.eldiario.net\/portal\/author\/jeanette\/"}]}},"_links":{"self":[{"href":"https:\/\/www.eldiario.net\/portal\/wp-json\/wp\/v2\/posts\/143005","targetHints":{"allow":["GET"]}}],"collection":[{"href":"https:\/\/www.eldiario.net\/portal\/wp-json\/wp\/v2\/posts"}],"about":[{"href":"https:\/\/www.eldiario.net\/portal\/wp-json\/wp\/v2\/types\/post"}],"author":[{"embeddable":true,"href":"https:\/\/www.eldiario.net\/portal\/wp-json\/wp\/v2\/users\/1"}],"replies":[{"embeddable":true,"href":"https:\/\/www.eldiario.net\/portal\/wp-json\/wp\/v2\/comments?post=143005"}],"version-history":[{"count":0,"href":"https:\/\/www.eldiario.net\/portal\/wp-json\/wp\/v2\/posts\/143005\/revisions"}],"wp:attachment":[{"href":"https:\/\/www.eldiario.net\/portal\/wp-json\/wp\/v2\/media?parent=143005"}],"wp:term":[{"taxonomy":"category","embeddable":true,"href":"https:\/\/www.eldiario.net\/portal\/wp-json\/wp\/v2\/categories?post=143005"},{"taxonomy":"post_tag","embeddable":true,"href":"https:\/\/www.eldiario.net\/portal\/wp-json\/wp\/v2\/tags?post=143005"}],"curies":[{"name":"wp","href":"https:\/\/api.w.org\/{rel}","templated":true}]}}