{"id":143002,"date":"2023-03-14T06:02:16","date_gmt":"2023-03-14T10:02:16","guid":{"rendered":"https:\/\/www.eldiario.net\/portal\/?p=143002"},"modified":"2023-03-14T06:02:16","modified_gmt":"2023-03-14T10:02:16","slug":"anuncian-asfaltado-doble-via-a-mallasa-y-monumento-al-senor-jesus-del-gran-poder","status":"publish","type":"post","link":"https:\/\/www.eldiario.net\/portal\/2023\/03\/14\/anuncian-asfaltado-doble-via-a-mallasa-y-monumento-al-senor-jesus-del-gran-poder\/","title":{"rendered":"Anuncian asfaltado doble v\u00eda a Mallasa y monumento al Se\u00f1or Jes\u00fas del Gran Poder"},"content":{"rendered":"<p>La comuna pace\u00f1a anuncio el a\u00f1o de las \u201csuperobras\u201d, entre los trabajos planificados est\u00e1n el asfaltado de varias rutas como la doble v\u00eda a Mallasa, la ruta ecol\u00f3gica del bicentenario que va a ser desde la plaza de la Mujer (de Seg\u00fcencoma) va a ir por detr\u00e1s, por la parte de (la zona) Amor de Dios y el pavimentado desde el Teatro al Aire Libre hasta la calle cero de Obrajes, adem\u00e1s de la construcci\u00f3n del monumento al Se\u00f1or Jes\u00fas del Gran Poder que tendr\u00e1 su iglesia, cholets de fiesta y espacio para conciertos.<\/p>\n<p>\u201cLa ruta ecol\u00f3gica del bicentenario que va a ser desde la plaza de la Mujer (de Seg\u00fcencoma) va a ir por detr\u00e1s, por la parte de (la zona) Amor de Dios, y vamos a llegar al puente V\u00edctor Paz, ah\u00ed vamos a hacer un puente y empezamos a carretera ya a Mallasa. Estamos buscando los financiadores\u201d, asegur\u00f3 el alcalde de La Paz, Iv\u00e1n Arias.<\/p>\n<p>Tambi\u00e9n se prev\u00e9 adjudicar la construcci\u00f3n de la ampliaci\u00f3n de la avenida Apumalla que conectar\u00e1 este sector del macrodistrito Max Paredes y con la avenida Naciones Unidas, para as\u00ed vincular La Paz con la ciudad de El Alto.<\/p>\n<p>En el macrodistrito Sur tambi\u00e9n se realizar\u00e1n trabajos de asfaltado en la avenida Costanera y afirm\u00f3 que se buscar\u00e1 financiamiento para que los cambios lleguen hasta Chasquipampa. Una de las obras que se encuentra en marcha es el Puente Play\u00f3n Verde, que conectar\u00e1 los barrios de Villa Copacabana (Miraflores) con San Antonio.<\/p>\n<p>Asimismo, el burgomaestre anunci\u00f3 la construcci\u00f3n del monumento al Se\u00f1or Jes\u00fas del Gran Poder de 70 metros de alto, con una iglesia, dos cholets para fiestas, un espacio para conciertos musicales, entre otras obras.<\/p>\n<p>\u201cUna iglesia para 200 personas, para los que quieran casarse a los pies del Se\u00f1or del Gran Poder, y quieran bautizar a sus hijos, ah\u00ed lo van a hacer. Ser\u00e1 un lugar tur\u00edstico muy grande y abajo vamos a hacer dos cholets para 1.500 personas cada una, para juntar tres mil personas que quieran bailar\u201d, detall\u00f3 Arias.<\/p>\n<p>Adelant\u00f3 que \u201ceste a\u00f1o es el a\u00f1o de las superobras\u201d y explic\u00f3 que la estatua tendr\u00e1 en total 70 metros de alto. \u201cVa a ser un monumento de 10 metros de base, 50 de cuerpo y 10 de corona, en total setenta metros de alto\u201d, precis\u00f3 e indic\u00f3 que la obra estar\u00e1 en un lugar visible para toda la ciudad.<\/p>\n<p>En la planta baja de la imagen estar\u00e1n distribuidos patios de comida, ba\u00f1os amplios y otros espacios comunes. \u201cVamos a tener una arena para hacer conciertos para 5.000 personas a campo abierto (\u2026) con ba\u00f1os, con servicios higi\u00e9nicos, con salas de comidas, para una cocina\u201d.<\/p>\n<p>&nbsp;<\/p>\n","protected":false},"excerpt":{"rendered":"<p>La comuna pace\u00f1a anuncio el a\u00f1o de las \u201csuperobras\u201d, entre los trabajos planificados est\u00e1n el asfaltado de varias rutas como la doble v\u00eda a Mallasa, la ruta ecol\u00f3gica del bicentenario que va a ser desde la plaza de la Mujer (de Seg\u00fcencoma) va a ir por detr\u00e1s, por la parte de (la zona) Amor de [&hellip;]<\/p>\n","protected":false},"author":1,"featured_media":143003,"comment_status":"closed","ping_status":"closed","sticky":false,"template":"","format":"standard","meta":{"_acf_changed":false,"footnotes":""},"categories":[12],"tags":[],"class_list":["post-143002","post","type-post","status-publish","format-standard","has-post-thumbnail","category-nacional"],"acf":{"antetitulo":""},"yoast_head":"<!-- This site is optimized with the Yoast SEO plugin v28.4 - https:\/\/yoast.com\/product\/yoast-seo-wordpress\/ -->\n<title>Anuncian asfaltado doble v\u00eda a Mallasa y monumento al Se\u00f1or Jes\u00fas del Gran Poder - El Diario - Bolivia<\/title>\n<meta name=\"robots\" content=\"index, follow, max-snippet:-1, max-image-preview:large, max-video-preview:-1\" \/>\n<link rel=\"canonical\" href=\"https:\/\/www.eldiario.net\/portal\/2023\/03\/14\/anuncian-asfaltado-doble-via-a-mallasa-y-monumento-al-senor-jesus-del-gran-poder\/\" \/>\n<meta property=\"og:locale\" content=\"es_ES\" \/>\n<meta property=\"og:type\" content=\"article\" \/>\n<meta property=\"og:title\" content=\"Anuncian asfaltado doble v\u00eda a Mallasa y monumento al Se\u00f1or Jes\u00fas del Gran Poder - El Diario - Bolivia\" \/>\n<meta property=\"og:description\" content=\"La comuna pace\u00f1a anuncio el a\u00f1o de las \u201csuperobras\u201d, entre los trabajos planificados est\u00e1n el asfaltado de varias rutas como la doble v\u00eda a Mallasa, la ruta ecol\u00f3gica del bicentenario que va a ser desde la plaza de la Mujer (de Seg\u00fcencoma) va a ir por detr\u00e1s, por la parte de (la zona) Amor de [&hellip;]\" \/>\n<meta property=\"og:url\" content=\"https:\/\/www.eldiario.net\/portal\/2023\/03\/14\/anuncian-asfaltado-doble-via-a-mallasa-y-monumento-al-senor-jesus-del-gran-poder\/\" \/>\n<meta property=\"og:site_name\" content=\"El Diario - Bolivia\" \/>\n<meta property=\"article:publisher\" content=\"https:\/\/www.facebook.com\/eldiario.bolivia\/\" \/>\n<meta property=\"article:published_time\" content=\"2023-03-14T10:02:16+00:00\" \/>\n<meta name=\"author\" content=\"Jeanette\" \/>\n<meta name=\"twitter:card\" content=\"summary_large_image\" \/>\n<meta name=\"twitter:creator\" content=\"@eldiario_net\" \/>\n<meta name=\"twitter:site\" content=\"@eldiario_net\" \/>\n<meta name=\"twitter:label1\" content=\"Escrito por\" \/>\n\t<meta name=\"twitter:data1\" content=\"Jeanette\" \/>\n\t<meta name=\"twitter:label2\" content=\"Tiempo de lectura\" \/>\n\t<meta name=\"twitter:data2\" content=\"3 minutos\" \/>\n<script type=\"application\/ld+json\" class=\"yoast-schema-graph\">{\"@context\":\"https:\\\/\\\/schema.org\",\"@graph\":[{\"@type\":\"Article\",\"@id\":\"https:\\\/\\\/www.eldiario.net\\\/portal\\\/2023\\\/03\\\/14\\\/anuncian-asfaltado-doble-via-a-mallasa-y-monumento-al-senor-jesus-del-gran-poder\\\/#article\",\"isPartOf\":{\"@id\":\"https:\\\/\\\/www.eldiario.net\\\/portal\\\/2023\\\/03\\\/14\\\/anuncian-asfaltado-doble-via-a-mallasa-y-monumento-al-senor-jesus-del-gran-poder\\\/\"},\"author\":{\"name\":\"Jeanette\",\"@id\":\"https:\\\/\\\/www.eldiario.net\\\/portal\\\/#\\\/schema\\\/person\\\/2c57cf2b7a7ae032e449e4c9b1019eac\"},\"headline\":\"Anuncian asfaltado doble v\u00eda a Mallasa y monumento al Se\u00f1or Jes\u00fas del Gran Poder\",\"datePublished\":\"2023-03-14T10:02:16+00:00\",\"mainEntityOfPage\":{\"@id\":\"https:\\\/\\\/www.eldiario.net\\\/portal\\\/2023\\\/03\\\/14\\\/anuncian-asfaltado-doble-via-a-mallasa-y-monumento-al-senor-jesus-del-gran-poder\\\/\"},\"wordCount\":486,\"publisher\":{\"@id\":\"https:\\\/\\\/www.eldiario.net\\\/portal\\\/#organization\"},\"image\":{\"@id\":\"https:\\\/\\\/www.eldiario.net\\\/portal\\\/2023\\\/03\\\/14\\\/anuncian-asfaltado-doble-via-a-mallasa-y-monumento-al-senor-jesus-del-gran-poder\\\/#primaryimage\"},\"thumbnailUrl\":\"\",\"articleSection\":[\"Nacional\"],\"inLanguage\":\"es\"},{\"@type\":\"WebPage\",\"@id\":\"https:\\\/\\\/www.eldiario.net\\\/portal\\\/2023\\\/03\\\/14\\\/anuncian-asfaltado-doble-via-a-mallasa-y-monumento-al-senor-jesus-del-gran-poder\\\/\",\"url\":\"https:\\\/\\\/www.eldiario.net\\\/portal\\\/2023\\\/03\\\/14\\\/anuncian-asfaltado-doble-via-a-mallasa-y-monumento-al-senor-jesus-del-gran-poder\\\/\",\"name\":\"Anuncian asfaltado doble v\u00eda a Mallasa y monumento al Se\u00f1or Jes\u00fas del Gran Poder - El Diario - Bolivia\",\"isPartOf\":{\"@id\":\"https:\\\/\\\/www.eldiario.net\\\/portal\\\/#website\"},\"primaryImageOfPage\":{\"@id\":\"https:\\\/\\\/www.eldiario.net\\\/portal\\\/2023\\\/03\\\/14\\\/anuncian-asfaltado-doble-via-a-mallasa-y-monumento-al-senor-jesus-del-gran-poder\\\/#primaryimage\"},\"image\":{\"@id\":\"https:\\\/\\\/www.eldiario.net\\\/portal\\\/2023\\\/03\\\/14\\\/anuncian-asfaltado-doble-via-a-mallasa-y-monumento-al-senor-jesus-del-gran-poder\\\/#primaryimage\"},\"thumbnailUrl\":\"\",\"datePublished\":\"2023-03-14T10:02:16+00:00\",\"breadcrumb\":{\"@id\":\"https:\\\/\\\/www.eldiario.net\\\/portal\\\/2023\\\/03\\\/14\\\/anuncian-asfaltado-doble-via-a-mallasa-y-monumento-al-senor-jesus-del-gran-poder\\\/#breadcrumb\"},\"inLanguage\":\"es\",\"potentialAction\":[{\"@type\":\"ReadAction\",\"target\":[\"https:\\\/\\\/www.eldiario.net\\\/portal\\\/2023\\\/03\\\/14\\\/anuncian-asfaltado-doble-via-a-mallasa-y-monumento-al-senor-jesus-del-gran-poder\\\/\"]}]},{\"@type\":\"ImageObject\",\"inLanguage\":\"es\",\"@id\":\"https:\\\/\\\/www.eldiario.net\\\/portal\\\/2023\\\/03\\\/14\\\/anuncian-asfaltado-doble-via-a-mallasa-y-monumento-al-senor-jesus-del-gran-poder\\\/#primaryimage\",\"url\":\"\",\"contentUrl\":\"\"},{\"@type\":\"BreadcrumbList\",\"@id\":\"https:\\\/\\\/www.eldiario.net\\\/portal\\\/2023\\\/03\\\/14\\\/anuncian-asfaltado-doble-via-a-mallasa-y-monumento-al-senor-jesus-del-gran-poder\\\/#breadcrumb\",\"itemListElement\":[{\"@type\":\"ListItem\",\"position\":1,\"name\":\"Portada\",\"item\":\"https:\\\/\\\/www.eldiario.net\\\/portal\\\/\"},{\"@type\":\"ListItem\",\"position\":2,\"name\":\"Anuncian asfaltado doble v\u00eda a Mallasa y monumento al Se\u00f1or Jes\u00fas del Gran Poder\"}]},{\"@type\":\"WebSite\",\"@id\":\"https:\\\/\\\/www.eldiario.net\\\/portal\\\/#website\",\"url\":\"https:\\\/\\\/www.eldiario.net\\\/portal\\\/\",\"name\":\"El Diario - Decano de la prensa nacional\",\"description\":\"El Diario - Decano de la prensa nacional\",\"publisher\":{\"@id\":\"https:\\\/\\\/www.eldiario.net\\\/portal\\\/#organization\"},\"potentialAction\":[{\"@type\":\"SearchAction\",\"target\":{\"@type\":\"EntryPoint\",\"urlTemplate\":\"https:\\\/\\\/www.eldiario.net\\\/portal\\\/?s={search_term_string}\"},\"query-input\":{\"@type\":\"PropertyValueSpecification\",\"valueRequired\":true,\"valueName\":\"search_term_string\"}}],\"inLanguage\":\"es\"},{\"@type\":\"Organization\",\"@id\":\"https:\\\/\\\/www.eldiario.net\\\/portal\\\/#organization\",\"name\":\"El Diario - Decano de la prensa nacional\",\"url\":\"https:\\\/\\\/www.eldiario.net\\\/portal\\\/\",\"logo\":{\"@type\":\"ImageObject\",\"inLanguage\":\"es\",\"@id\":\"https:\\\/\\\/www.eldiario.net\\\/portal\\\/#\\\/schema\\\/logo\\\/image\\\/\",\"url\":\"https:\\\/\\\/www.eldiario.net\\\/portal\\\/wp-content\\\/uploads\\\/2023\\\/07\\\/logo_ED.jpg\",\"contentUrl\":\"https:\\\/\\\/www.eldiario.net\\\/portal\\\/wp-content\\\/uploads\\\/2023\\\/07\\\/logo_ED.jpg\",\"width\":272,\"height\":52,\"caption\":\"El Diario - Decano de la prensa nacional\"},\"image\":{\"@id\":\"https:\\\/\\\/www.eldiario.net\\\/portal\\\/#\\\/schema\\\/logo\\\/image\\\/\"},\"sameAs\":[\"https:\\\/\\\/www.facebook.com\\\/eldiario.bolivia\\\/\",\"https:\\\/\\\/x.com\\\/eldiario_net\"]},{\"@type\":\"Person\",\"@id\":\"https:\\\/\\\/www.eldiario.net\\\/portal\\\/#\\\/schema\\\/person\\\/2c57cf2b7a7ae032e449e4c9b1019eac\",\"name\":\"Jeanette\",\"image\":{\"@type\":\"ImageObject\",\"inLanguage\":\"es\",\"@id\":\"https:\\\/\\\/secure.gravatar.com\\\/avatar\\\/3ea2118a5f7dad2b7138b1187a6b7ee55f160b9968b66013c3a3ef39dd7e5798?s=96&d=mm&r=g\",\"url\":\"https:\\\/\\\/secure.gravatar.com\\\/avatar\\\/3ea2118a5f7dad2b7138b1187a6b7ee55f160b9968b66013c3a3ef39dd7e5798?s=96&d=mm&r=g\",\"contentUrl\":\"https:\\\/\\\/secure.gravatar.com\\\/avatar\\\/3ea2118a5f7dad2b7138b1187a6b7ee55f160b9968b66013c3a3ef39dd7e5798?s=96&d=mm&r=g\",\"caption\":\"Jeanette\"},\"sameAs\":[\"https:\\\/\\\/www.eldiario.net\\\/portal\"],\"url\":\"https:\\\/\\\/www.eldiario.net\\\/portal\\\/author\\\/jeanette\\\/\"}]}<\/script>\n<!-- \/ Yoast SEO plugin. -->","yoast_head_json":{"title":"Anuncian asfaltado doble v\u00eda a Mallasa y monumento al Se\u00f1or Jes\u00fas del Gran Poder - El Diario - Bolivia","robots":{"index":"index","follow":"follow","max-snippet":"max-snippet:-1","max-image-preview":"max-image-preview:large","max-video-preview":"max-video-preview:-1"},"canonical":"https:\/\/www.eldiario.net\/portal\/2023\/03\/14\/anuncian-asfaltado-doble-via-a-mallasa-y-monumento-al-senor-jesus-del-gran-poder\/","og_locale":"es_ES","og_type":"article","og_title":"Anuncian asfaltado doble v\u00eda a Mallasa y monumento al Se\u00f1or Jes\u00fas del Gran Poder - El Diario - Bolivia","og_description":"La comuna pace\u00f1a anuncio el a\u00f1o de las \u201csuperobras\u201d, entre los trabajos planificados est\u00e1n el asfaltado de varias rutas como la doble v\u00eda a Mallasa, la ruta ecol\u00f3gica del bicentenario que va a ser desde la plaza de la Mujer (de Seg\u00fcencoma) va a ir por detr\u00e1s, por la parte de (la zona) Amor de [&hellip;]","og_url":"https:\/\/www.eldiario.net\/portal\/2023\/03\/14\/anuncian-asfaltado-doble-via-a-mallasa-y-monumento-al-senor-jesus-del-gran-poder\/","og_site_name":"El Diario - Bolivia","article_publisher":"https:\/\/www.facebook.com\/eldiario.bolivia\/","article_published_time":"2023-03-14T10:02:16+00:00","author":"Jeanette","twitter_card":"summary_large_image","twitter_creator":"@eldiario_net","twitter_site":"@eldiario_net","twitter_misc":{"Escrito por":"Jeanette","Tiempo de lectura":"3 minutos"},"schema":{"@context":"https:\/\/schema.org","@graph":[{"@type":"Article","@id":"https:\/\/www.eldiario.net\/portal\/2023\/03\/14\/anuncian-asfaltado-doble-via-a-mallasa-y-monumento-al-senor-jesus-del-gran-poder\/#article","isPartOf":{"@id":"https:\/\/www.eldiario.net\/portal\/2023\/03\/14\/anuncian-asfaltado-doble-via-a-mallasa-y-monumento-al-senor-jesus-del-gran-poder\/"},"author":{"name":"Jeanette","@id":"https:\/\/www.eldiario.net\/portal\/#\/schema\/person\/2c57cf2b7a7ae032e449e4c9b1019eac"},"headline":"Anuncian asfaltado doble v\u00eda a Mallasa y monumento al Se\u00f1or Jes\u00fas del Gran Poder","datePublished":"2023-03-14T10:02:16+00:00","mainEntityOfPage":{"@id":"https:\/\/www.eldiario.net\/portal\/2023\/03\/14\/anuncian-asfaltado-doble-via-a-mallasa-y-monumento-al-senor-jesus-del-gran-poder\/"},"wordCount":486,"publisher":{"@id":"https:\/\/www.eldiario.net\/portal\/#organization"},"image":{"@id":"https:\/\/www.eldiario.net\/portal\/2023\/03\/14\/anuncian-asfaltado-doble-via-a-mallasa-y-monumento-al-senor-jesus-del-gran-poder\/#primaryimage"},"thumbnailUrl":"","articleSection":["Nacional"],"inLanguage":"es"},{"@type":"WebPage","@id":"https:\/\/www.eldiario.net\/portal\/2023\/03\/14\/anuncian-asfaltado-doble-via-a-mallasa-y-monumento-al-senor-jesus-del-gran-poder\/","url":"https:\/\/www.eldiario.net\/portal\/2023\/03\/14\/anuncian-asfaltado-doble-via-a-mallasa-y-monumento-al-senor-jesus-del-gran-poder\/","name":"Anuncian asfaltado doble v\u00eda a Mallasa y monumento al Se\u00f1or Jes\u00fas del Gran Poder - El Diario - Bolivia","isPartOf":{"@id":"https:\/\/www.eldiario.net\/portal\/#website"},"primaryImageOfPage":{"@id":"https:\/\/www.eldiario.net\/portal\/2023\/03\/14\/anuncian-asfaltado-doble-via-a-mallasa-y-monumento-al-senor-jesus-del-gran-poder\/#primaryimage"},"image":{"@id":"https:\/\/www.eldiario.net\/portal\/2023\/03\/14\/anuncian-asfaltado-doble-via-a-mallasa-y-monumento-al-senor-jesus-del-gran-poder\/#primaryimage"},"thumbnailUrl":"","datePublished":"2023-03-14T10:02:16+00:00","breadcrumb":{"@id":"https:\/\/www.eldiario.net\/portal\/2023\/03\/14\/anuncian-asfaltado-doble-via-a-mallasa-y-monumento-al-senor-jesus-del-gran-poder\/#breadcrumb"},"inLanguage":"es","potentialAction":[{"@type":"ReadAction","target":["https:\/\/www.eldiario.net\/portal\/2023\/03\/14\/anuncian-asfaltado-doble-via-a-mallasa-y-monumento-al-senor-jesus-del-gran-poder\/"]}]},{"@type":"ImageObject","inLanguage":"es","@id":"https:\/\/www.eldiario.net\/portal\/2023\/03\/14\/anuncian-asfaltado-doble-via-a-mallasa-y-monumento-al-senor-jesus-del-gran-poder\/#primaryimage","url":"","contentUrl":""},{"@type":"BreadcrumbList","@id":"https:\/\/www.eldiario.net\/portal\/2023\/03\/14\/anuncian-asfaltado-doble-via-a-mallasa-y-monumento-al-senor-jesus-del-gran-poder\/#breadcrumb","itemListElement":[{"@type":"ListItem","position":1,"name":"Portada","item":"https:\/\/www.eldiario.net\/portal\/"},{"@type":"ListItem","position":2,"name":"Anuncian asfaltado doble v\u00eda a Mallasa y monumento al Se\u00f1or Jes\u00fas del Gran Poder"}]},{"@type":"WebSite","@id":"https:\/\/www.eldiario.net\/portal\/#website","url":"https:\/\/www.eldiario.net\/portal\/","name":"El Diario - Decano de la prensa nacional","description":"El Diario - Decano de la prensa nacional","publisher":{"@id":"https:\/\/www.eldiario.net\/portal\/#organization"},"potentialAction":[{"@type":"SearchAction","target":{"@type":"EntryPoint","urlTemplate":"https:\/\/www.eldiario.net\/portal\/?s={search_term_string}"},"query-input":{"@type":"PropertyValueSpecification","valueRequired":true,"valueName":"search_term_string"}}],"inLanguage":"es"},{"@type":"Organization","@id":"https:\/\/www.eldiario.net\/portal\/#organization","name":"El Diario - Decano de la prensa nacional","url":"https:\/\/www.eldiario.net\/portal\/","logo":{"@type":"ImageObject","inLanguage":"es","@id":"https:\/\/www.eldiario.net\/portal\/#\/schema\/logo\/image\/","url":"https:\/\/www.eldiario.net\/portal\/wp-content\/uploads\/2023\/07\/logo_ED.jpg","contentUrl":"https:\/\/www.eldiario.net\/portal\/wp-content\/uploads\/2023\/07\/logo_ED.jpg","width":272,"height":52,"caption":"El Diario - Decano de la prensa nacional"},"image":{"@id":"https:\/\/www.eldiario.net\/portal\/#\/schema\/logo\/image\/"},"sameAs":["https:\/\/www.facebook.com\/eldiario.bolivia\/","https:\/\/x.com\/eldiario_net"]},{"@type":"Person","@id":"https:\/\/www.eldiario.net\/portal\/#\/schema\/person\/2c57cf2b7a7ae032e449e4c9b1019eac","name":"Jeanette","image":{"@type":"ImageObject","inLanguage":"es","@id":"https:\/\/secure.gravatar.com\/avatar\/3ea2118a5f7dad2b7138b1187a6b7ee55f160b9968b66013c3a3ef39dd7e5798?s=96&d=mm&r=g","url":"https:\/\/secure.gravatar.com\/avatar\/3ea2118a5f7dad2b7138b1187a6b7ee55f160b9968b66013c3a3ef39dd7e5798?s=96&d=mm&r=g","contentUrl":"https:\/\/secure.gravatar.com\/avatar\/3ea2118a5f7dad2b7138b1187a6b7ee55f160b9968b66013c3a3ef39dd7e5798?s=96&d=mm&r=g","caption":"Jeanette"},"sameAs":["https:\/\/www.eldiario.net\/portal"],"url":"https:\/\/www.eldiario.net\/portal\/author\/jeanette\/"}]}},"_links":{"self":[{"href":"https:\/\/www.eldiario.net\/portal\/wp-json\/wp\/v2\/posts\/143002","targetHints":{"allow":["GET"]}}],"collection":[{"href":"https:\/\/www.eldiario.net\/portal\/wp-json\/wp\/v2\/posts"}],"about":[{"href":"https:\/\/www.eldiario.net\/portal\/wp-json\/wp\/v2\/types\/post"}],"author":[{"embeddable":true,"href":"https:\/\/www.eldiario.net\/portal\/wp-json\/wp\/v2\/users\/1"}],"replies":[{"embeddable":true,"href":"https:\/\/www.eldiario.net\/portal\/wp-json\/wp\/v2\/comments?post=143002"}],"version-history":[{"count":0,"href":"https:\/\/www.eldiario.net\/portal\/wp-json\/wp\/v2\/posts\/143002\/revisions"}],"wp:attachment":[{"href":"https:\/\/www.eldiario.net\/portal\/wp-json\/wp\/v2\/media?parent=143002"}],"wp:term":[{"taxonomy":"category","embeddable":true,"href":"https:\/\/www.eldiario.net\/portal\/wp-json\/wp\/v2\/categories?post=143002"},{"taxonomy":"post_tag","embeddable":true,"href":"https:\/\/www.eldiario.net\/portal\/wp-json\/wp\/v2\/tags?post=143002"}],"curies":[{"name":"wp","href":"https:\/\/api.w.org\/{rel}","templated":true}]}}