{"id":142704,"date":"2023-03-12T06:14:30","date_gmt":"2023-03-12T10:14:30","guid":{"rendered":"https:\/\/www.eldiario.net\/portal\/?p=142704"},"modified":"2023-03-12T06:14:30","modified_gmt":"2023-03-12T10:14:30","slug":"plantean-mesa-interinstitucional-para-frenar-los-avasallamientos","status":"publish","type":"post","link":"https:\/\/www.eldiario.net\/portal\/2023\/03\/12\/plantean-mesa-interinstitucional-para-frenar-los-avasallamientos\/","title":{"rendered":"Plantean mesa interinstitucional  para frenar los avasallamientos"},"content":{"rendered":"<p>Ante los constantes avasallamientos que en la actualidad se registran en el \u00c1rea Protegida Municipal Bajo Paragu\u00e1, en el municipio de San Ignacio de Velasco, la diputada por Creemos, Mar\u00eda Ren\u00e9 \u00c1lvarez, en coordinaci\u00f3n con representantes ind\u00edgenas en Cabildos ciudadanos, declararon estado de emergencia en la zona y pidi\u00f3 que se convoque a una mesa interinstitucional para dar soluci\u00f3n al tema.<br \/>\n\u201cBajo Paragu\u00e1 se ha declarado en emergencia ante los avasallamientos y la falta de soluciones por parte de las autoridades. Nos adherimos al Voto Resolutivo de los Cabildos Ind\u00edgenas y convocamos a instalar una mesa interinstitucional para defender nuestra \u00c1rea Protegida Municipal\u201d, manifest\u00f3 la diputada representante de la Chiquitan\u00eda.<br \/>\nLa legisladora pidi\u00f3 que en esa instancia de di\u00e1logo participen representantes de la Gobernaci\u00f3n de Santa Cruz, la Alcald\u00eda de San Ignacio de Velasco, el Comit\u00e9 de Gesti\u00f3n del Bajo Paragu\u00e1, el Comit\u00e9 C\u00edvico de San Ignacio de Velasco, asamble\u00edstas departamentales de Santa Cruz, adem\u00e1s de la Autoridad de Fiscalizaci\u00f3n y Control Social de Bosques Y Tierras (ABT) y el Instituto Nacional de Reforma Agraria (INRA).<br \/>\nLa asamblea extraordinaria de los cabildos ind\u00edgenas de la TCO Bajo Paragu\u00e1 reuni\u00f3 el 3 y 4 de marzo, a las comunidades del \u00e1rea protegida municipal, conformada por representantes de provenir, Piso Firme, Florida y Picaflor.<br \/>\nMediante Voto Resolutivo la asamblea determin\u00f3 conformar un comit\u00e9 interinstitucional de defensa, exigir a la Alcald\u00eda que d\u00e9 seguimiento a los procesos pro avasallamiento, as\u00ed como la contrataci\u00f3n de guardaparques para la zona.<br \/>\n\u201cDado que existe un abandono y desinter\u00e9s de las autoridades locales al cumplimiento de sus funciones asignadas por ley y dado que se conoce que existen avasallamientos de nuestro territorio y explotaci\u00f3n de nuestros recursos naturales de forma descontrolada al interior del \u00e1rea protegida municipal Bajo Paragu\u00e1 de San Ignacio de Velasco, es urgente tomar medidas frente a estos hechos ilegales\u201d, agrega parte del documento.<br \/>\nAsimismo, entre otras determinaciones regionales, se resolvi\u00f3 que las comunidades de la TCO Bajo Paragu\u00e1 puedan aprovechar las tierras de acuerdo con los usos y costumbres en agricultura y actividad forestal.<br \/>\nLos avasallamientos en la zona fueron denunciados por la diputada cruce\u00f1a, incluso con intentos de grupos colonizadores para levantar el car\u00e1cter de \u00e1rea protegida a esta reserva forestal del oriente boliviano.<\/p>\n","protected":false},"excerpt":{"rendered":"<p>Ante los constantes avasallamientos que en la actualidad se registran en el \u00c1rea Protegida Municipal Bajo Paragu\u00e1, en el municipio de San Ignacio de Velasco, la diputada por Creemos, Mar\u00eda Ren\u00e9 \u00c1lvarez, en coordinaci\u00f3n con representantes ind\u00edgenas en Cabildos ciudadanos, declararon estado de emergencia en la zona y pidi\u00f3 que se convoque a una mesa [&hellip;]<\/p>\n","protected":false},"author":1,"featured_media":0,"comment_status":"closed","ping_status":"closed","sticky":false,"template":"","format":"standard","meta":{"_acf_changed":false,"footnotes":""},"categories":[14],"tags":[],"class_list":["post-142704","post","type-post","status-publish","format-standard","category-politica"],"acf":{"antetitulo":""},"yoast_head":"<!-- This site is optimized with the Yoast SEO plugin v28.4 - https:\/\/yoast.com\/product\/yoast-seo-wordpress\/ -->\n<title>Plantean mesa interinstitucional para frenar los avasallamientos - El Diario - Bolivia<\/title>\n<meta name=\"robots\" content=\"index, follow, max-snippet:-1, max-image-preview:large, max-video-preview:-1\" \/>\n<link rel=\"canonical\" href=\"https:\/\/www.eldiario.net\/portal\/2023\/03\/12\/plantean-mesa-interinstitucional-para-frenar-los-avasallamientos\/\" \/>\n<meta property=\"og:locale\" content=\"es_ES\" \/>\n<meta property=\"og:type\" content=\"article\" \/>\n<meta property=\"og:title\" content=\"Plantean mesa interinstitucional para frenar los avasallamientos - El Diario - Bolivia\" \/>\n<meta property=\"og:description\" content=\"Ante los constantes avasallamientos que en la actualidad se registran en el \u00c1rea Protegida Municipal Bajo Paragu\u00e1, en el municipio de San Ignacio de Velasco, la diputada por Creemos, Mar\u00eda Ren\u00e9 \u00c1lvarez, en coordinaci\u00f3n con representantes ind\u00edgenas en Cabildos ciudadanos, declararon estado de emergencia en la zona y pidi\u00f3 que se convoque a una mesa [&hellip;]\" \/>\n<meta property=\"og:url\" content=\"https:\/\/www.eldiario.net\/portal\/2023\/03\/12\/plantean-mesa-interinstitucional-para-frenar-los-avasallamientos\/\" \/>\n<meta property=\"og:site_name\" content=\"El Diario - Bolivia\" \/>\n<meta property=\"article:publisher\" content=\"https:\/\/www.facebook.com\/eldiario.bolivia\/\" \/>\n<meta property=\"article:published_time\" content=\"2023-03-12T10:14:30+00:00\" \/>\n<meta name=\"author\" content=\"Jeanette\" \/>\n<meta name=\"twitter:card\" content=\"summary_large_image\" \/>\n<meta name=\"twitter:creator\" content=\"@eldiario_net\" \/>\n<meta name=\"twitter:site\" content=\"@eldiario_net\" \/>\n<meta name=\"twitter:label1\" content=\"Escrito por\" \/>\n\t<meta name=\"twitter:data1\" content=\"Jeanette\" \/>\n\t<meta name=\"twitter:label2\" content=\"Tiempo de lectura\" \/>\n\t<meta name=\"twitter:data2\" content=\"2 minutos\" \/>\n<script type=\"application\/ld+json\" class=\"yoast-schema-graph\">{\"@context\":\"https:\\\/\\\/schema.org\",\"@graph\":[{\"@type\":\"Article\",\"@id\":\"https:\\\/\\\/www.eldiario.net\\\/portal\\\/2023\\\/03\\\/12\\\/plantean-mesa-interinstitucional-para-frenar-los-avasallamientos\\\/#article\",\"isPartOf\":{\"@id\":\"https:\\\/\\\/www.eldiario.net\\\/portal\\\/2023\\\/03\\\/12\\\/plantean-mesa-interinstitucional-para-frenar-los-avasallamientos\\\/\"},\"author\":{\"name\":\"Jeanette\",\"@id\":\"https:\\\/\\\/www.eldiario.net\\\/portal\\\/#\\\/schema\\\/person\\\/2c57cf2b7a7ae032e449e4c9b1019eac\"},\"headline\":\"Plantean mesa interinstitucional para frenar los avasallamientos\",\"datePublished\":\"2023-03-12T10:14:30+00:00\",\"mainEntityOfPage\":{\"@id\":\"https:\\\/\\\/www.eldiario.net\\\/portal\\\/2023\\\/03\\\/12\\\/plantean-mesa-interinstitucional-para-frenar-los-avasallamientos\\\/\"},\"wordCount\":398,\"publisher\":{\"@id\":\"https:\\\/\\\/www.eldiario.net\\\/portal\\\/#organization\"},\"articleSection\":[\"Pol\u00edtica\"],\"inLanguage\":\"es\"},{\"@type\":\"WebPage\",\"@id\":\"https:\\\/\\\/www.eldiario.net\\\/portal\\\/2023\\\/03\\\/12\\\/plantean-mesa-interinstitucional-para-frenar-los-avasallamientos\\\/\",\"url\":\"https:\\\/\\\/www.eldiario.net\\\/portal\\\/2023\\\/03\\\/12\\\/plantean-mesa-interinstitucional-para-frenar-los-avasallamientos\\\/\",\"name\":\"Plantean mesa interinstitucional para frenar los avasallamientos - El Diario - Bolivia\",\"isPartOf\":{\"@id\":\"https:\\\/\\\/www.eldiario.net\\\/portal\\\/#website\"},\"datePublished\":\"2023-03-12T10:14:30+00:00\",\"breadcrumb\":{\"@id\":\"https:\\\/\\\/www.eldiario.net\\\/portal\\\/2023\\\/03\\\/12\\\/plantean-mesa-interinstitucional-para-frenar-los-avasallamientos\\\/#breadcrumb\"},\"inLanguage\":\"es\",\"potentialAction\":[{\"@type\":\"ReadAction\",\"target\":[\"https:\\\/\\\/www.eldiario.net\\\/portal\\\/2023\\\/03\\\/12\\\/plantean-mesa-interinstitucional-para-frenar-los-avasallamientos\\\/\"]}]},{\"@type\":\"BreadcrumbList\",\"@id\":\"https:\\\/\\\/www.eldiario.net\\\/portal\\\/2023\\\/03\\\/12\\\/plantean-mesa-interinstitucional-para-frenar-los-avasallamientos\\\/#breadcrumb\",\"itemListElement\":[{\"@type\":\"ListItem\",\"position\":1,\"name\":\"Portada\",\"item\":\"https:\\\/\\\/www.eldiario.net\\\/portal\\\/\"},{\"@type\":\"ListItem\",\"position\":2,\"name\":\"Plantean mesa interinstitucional para frenar los avasallamientos\"}]},{\"@type\":\"WebSite\",\"@id\":\"https:\\\/\\\/www.eldiario.net\\\/portal\\\/#website\",\"url\":\"https:\\\/\\\/www.eldiario.net\\\/portal\\\/\",\"name\":\"El Diario - Decano de la prensa nacional\",\"description\":\"El Diario - Decano de la prensa nacional\",\"publisher\":{\"@id\":\"https:\\\/\\\/www.eldiario.net\\\/portal\\\/#organization\"},\"potentialAction\":[{\"@type\":\"SearchAction\",\"target\":{\"@type\":\"EntryPoint\",\"urlTemplate\":\"https:\\\/\\\/www.eldiario.net\\\/portal\\\/?s={search_term_string}\"},\"query-input\":{\"@type\":\"PropertyValueSpecification\",\"valueRequired\":true,\"valueName\":\"search_term_string\"}}],\"inLanguage\":\"es\"},{\"@type\":\"Organization\",\"@id\":\"https:\\\/\\\/www.eldiario.net\\\/portal\\\/#organization\",\"name\":\"El Diario - Decano de la prensa nacional\",\"url\":\"https:\\\/\\\/www.eldiario.net\\\/portal\\\/\",\"logo\":{\"@type\":\"ImageObject\",\"inLanguage\":\"es\",\"@id\":\"https:\\\/\\\/www.eldiario.net\\\/portal\\\/#\\\/schema\\\/logo\\\/image\\\/\",\"url\":\"https:\\\/\\\/www.eldiario.net\\\/portal\\\/wp-content\\\/uploads\\\/2023\\\/07\\\/logo_ED.jpg\",\"contentUrl\":\"https:\\\/\\\/www.eldiario.net\\\/portal\\\/wp-content\\\/uploads\\\/2023\\\/07\\\/logo_ED.jpg\",\"width\":272,\"height\":52,\"caption\":\"El Diario - Decano de la prensa nacional\"},\"image\":{\"@id\":\"https:\\\/\\\/www.eldiario.net\\\/portal\\\/#\\\/schema\\\/logo\\\/image\\\/\"},\"sameAs\":[\"https:\\\/\\\/www.facebook.com\\\/eldiario.bolivia\\\/\",\"https:\\\/\\\/x.com\\\/eldiario_net\"]},{\"@type\":\"Person\",\"@id\":\"https:\\\/\\\/www.eldiario.net\\\/portal\\\/#\\\/schema\\\/person\\\/2c57cf2b7a7ae032e449e4c9b1019eac\",\"name\":\"Jeanette\",\"image\":{\"@type\":\"ImageObject\",\"inLanguage\":\"es\",\"@id\":\"https:\\\/\\\/secure.gravatar.com\\\/avatar\\\/3ea2118a5f7dad2b7138b1187a6b7ee55f160b9968b66013c3a3ef39dd7e5798?s=96&d=mm&r=g\",\"url\":\"https:\\\/\\\/secure.gravatar.com\\\/avatar\\\/3ea2118a5f7dad2b7138b1187a6b7ee55f160b9968b66013c3a3ef39dd7e5798?s=96&d=mm&r=g\",\"contentUrl\":\"https:\\\/\\\/secure.gravatar.com\\\/avatar\\\/3ea2118a5f7dad2b7138b1187a6b7ee55f160b9968b66013c3a3ef39dd7e5798?s=96&d=mm&r=g\",\"caption\":\"Jeanette\"},\"sameAs\":[\"https:\\\/\\\/www.eldiario.net\\\/portal\"],\"url\":\"https:\\\/\\\/www.eldiario.net\\\/portal\\\/author\\\/jeanette\\\/\"}]}<\/script>\n<!-- \/ Yoast SEO plugin. -->","yoast_head_json":{"title":"Plantean mesa interinstitucional para frenar los avasallamientos - El Diario - Bolivia","robots":{"index":"index","follow":"follow","max-snippet":"max-snippet:-1","max-image-preview":"max-image-preview:large","max-video-preview":"max-video-preview:-1"},"canonical":"https:\/\/www.eldiario.net\/portal\/2023\/03\/12\/plantean-mesa-interinstitucional-para-frenar-los-avasallamientos\/","og_locale":"es_ES","og_type":"article","og_title":"Plantean mesa interinstitucional para frenar los avasallamientos - El Diario - Bolivia","og_description":"Ante los constantes avasallamientos que en la actualidad se registran en el \u00c1rea Protegida Municipal Bajo Paragu\u00e1, en el municipio de San Ignacio de Velasco, la diputada por Creemos, Mar\u00eda Ren\u00e9 \u00c1lvarez, en coordinaci\u00f3n con representantes ind\u00edgenas en Cabildos ciudadanos, declararon estado de emergencia en la zona y pidi\u00f3 que se convoque a una mesa [&hellip;]","og_url":"https:\/\/www.eldiario.net\/portal\/2023\/03\/12\/plantean-mesa-interinstitucional-para-frenar-los-avasallamientos\/","og_site_name":"El Diario - Bolivia","article_publisher":"https:\/\/www.facebook.com\/eldiario.bolivia\/","article_published_time":"2023-03-12T10:14:30+00:00","author":"Jeanette","twitter_card":"summary_large_image","twitter_creator":"@eldiario_net","twitter_site":"@eldiario_net","twitter_misc":{"Escrito por":"Jeanette","Tiempo de lectura":"2 minutos"},"schema":{"@context":"https:\/\/schema.org","@graph":[{"@type":"Article","@id":"https:\/\/www.eldiario.net\/portal\/2023\/03\/12\/plantean-mesa-interinstitucional-para-frenar-los-avasallamientos\/#article","isPartOf":{"@id":"https:\/\/www.eldiario.net\/portal\/2023\/03\/12\/plantean-mesa-interinstitucional-para-frenar-los-avasallamientos\/"},"author":{"name":"Jeanette","@id":"https:\/\/www.eldiario.net\/portal\/#\/schema\/person\/2c57cf2b7a7ae032e449e4c9b1019eac"},"headline":"Plantean mesa interinstitucional para frenar los avasallamientos","datePublished":"2023-03-12T10:14:30+00:00","mainEntityOfPage":{"@id":"https:\/\/www.eldiario.net\/portal\/2023\/03\/12\/plantean-mesa-interinstitucional-para-frenar-los-avasallamientos\/"},"wordCount":398,"publisher":{"@id":"https:\/\/www.eldiario.net\/portal\/#organization"},"articleSection":["Pol\u00edtica"],"inLanguage":"es"},{"@type":"WebPage","@id":"https:\/\/www.eldiario.net\/portal\/2023\/03\/12\/plantean-mesa-interinstitucional-para-frenar-los-avasallamientos\/","url":"https:\/\/www.eldiario.net\/portal\/2023\/03\/12\/plantean-mesa-interinstitucional-para-frenar-los-avasallamientos\/","name":"Plantean mesa interinstitucional para frenar los avasallamientos - El Diario - Bolivia","isPartOf":{"@id":"https:\/\/www.eldiario.net\/portal\/#website"},"datePublished":"2023-03-12T10:14:30+00:00","breadcrumb":{"@id":"https:\/\/www.eldiario.net\/portal\/2023\/03\/12\/plantean-mesa-interinstitucional-para-frenar-los-avasallamientos\/#breadcrumb"},"inLanguage":"es","potentialAction":[{"@type":"ReadAction","target":["https:\/\/www.eldiario.net\/portal\/2023\/03\/12\/plantean-mesa-interinstitucional-para-frenar-los-avasallamientos\/"]}]},{"@type":"BreadcrumbList","@id":"https:\/\/www.eldiario.net\/portal\/2023\/03\/12\/plantean-mesa-interinstitucional-para-frenar-los-avasallamientos\/#breadcrumb","itemListElement":[{"@type":"ListItem","position":1,"name":"Portada","item":"https:\/\/www.eldiario.net\/portal\/"},{"@type":"ListItem","position":2,"name":"Plantean mesa interinstitucional para frenar los avasallamientos"}]},{"@type":"WebSite","@id":"https:\/\/www.eldiario.net\/portal\/#website","url":"https:\/\/www.eldiario.net\/portal\/","name":"El Diario - Decano de la prensa nacional","description":"El Diario - Decano de la prensa nacional","publisher":{"@id":"https:\/\/www.eldiario.net\/portal\/#organization"},"potentialAction":[{"@type":"SearchAction","target":{"@type":"EntryPoint","urlTemplate":"https:\/\/www.eldiario.net\/portal\/?s={search_term_string}"},"query-input":{"@type":"PropertyValueSpecification","valueRequired":true,"valueName":"search_term_string"}}],"inLanguage":"es"},{"@type":"Organization","@id":"https:\/\/www.eldiario.net\/portal\/#organization","name":"El Diario - Decano de la prensa nacional","url":"https:\/\/www.eldiario.net\/portal\/","logo":{"@type":"ImageObject","inLanguage":"es","@id":"https:\/\/www.eldiario.net\/portal\/#\/schema\/logo\/image\/","url":"https:\/\/www.eldiario.net\/portal\/wp-content\/uploads\/2023\/07\/logo_ED.jpg","contentUrl":"https:\/\/www.eldiario.net\/portal\/wp-content\/uploads\/2023\/07\/logo_ED.jpg","width":272,"height":52,"caption":"El Diario - Decano de la prensa nacional"},"image":{"@id":"https:\/\/www.eldiario.net\/portal\/#\/schema\/logo\/image\/"},"sameAs":["https:\/\/www.facebook.com\/eldiario.bolivia\/","https:\/\/x.com\/eldiario_net"]},{"@type":"Person","@id":"https:\/\/www.eldiario.net\/portal\/#\/schema\/person\/2c57cf2b7a7ae032e449e4c9b1019eac","name":"Jeanette","image":{"@type":"ImageObject","inLanguage":"es","@id":"https:\/\/secure.gravatar.com\/avatar\/3ea2118a5f7dad2b7138b1187a6b7ee55f160b9968b66013c3a3ef39dd7e5798?s=96&d=mm&r=g","url":"https:\/\/secure.gravatar.com\/avatar\/3ea2118a5f7dad2b7138b1187a6b7ee55f160b9968b66013c3a3ef39dd7e5798?s=96&d=mm&r=g","contentUrl":"https:\/\/secure.gravatar.com\/avatar\/3ea2118a5f7dad2b7138b1187a6b7ee55f160b9968b66013c3a3ef39dd7e5798?s=96&d=mm&r=g","caption":"Jeanette"},"sameAs":["https:\/\/www.eldiario.net\/portal"],"url":"https:\/\/www.eldiario.net\/portal\/author\/jeanette\/"}]}},"_links":{"self":[{"href":"https:\/\/www.eldiario.net\/portal\/wp-json\/wp\/v2\/posts\/142704","targetHints":{"allow":["GET"]}}],"collection":[{"href":"https:\/\/www.eldiario.net\/portal\/wp-json\/wp\/v2\/posts"}],"about":[{"href":"https:\/\/www.eldiario.net\/portal\/wp-json\/wp\/v2\/types\/post"}],"author":[{"embeddable":true,"href":"https:\/\/www.eldiario.net\/portal\/wp-json\/wp\/v2\/users\/1"}],"replies":[{"embeddable":true,"href":"https:\/\/www.eldiario.net\/portal\/wp-json\/wp\/v2\/comments?post=142704"}],"version-history":[{"count":0,"href":"https:\/\/www.eldiario.net\/portal\/wp-json\/wp\/v2\/posts\/142704\/revisions"}],"wp:attachment":[{"href":"https:\/\/www.eldiario.net\/portal\/wp-json\/wp\/v2\/media?parent=142704"}],"wp:term":[{"taxonomy":"category","embeddable":true,"href":"https:\/\/www.eldiario.net\/portal\/wp-json\/wp\/v2\/categories?post=142704"},{"taxonomy":"post_tag","embeddable":true,"href":"https:\/\/www.eldiario.net\/portal\/wp-json\/wp\/v2\/tags?post=142704"}],"curies":[{"name":"wp","href":"https:\/\/api.w.org\/{rel}","templated":true}]}}