{"id":142697,"date":"2023-03-12T06:12:48","date_gmt":"2023-03-12T10:12:48","guid":{"rendered":"https:\/\/www.eldiario.net\/portal\/?p=142697"},"modified":"2023-03-12T06:12:48","modified_gmt":"2023-03-12T10:12:48","slug":"patrullaje-aereo-en-el-alto-debe-considerar-plan-de-vuelo-distrital","status":"publish","type":"post","link":"https:\/\/www.eldiario.net\/portal\/2023\/03\/12\/patrullaje-aereo-en-el-alto-debe-considerar-plan-de-vuelo-distrital\/","title":{"rendered":"Patrullaje a\u00e9reo en El Alto debe  considerar plan de vuelo distrital"},"content":{"rendered":"<p>El presidente de la comisi\u00f3n de Seguridad Ciudadana de El Alto, Juan Carlos Rojas Romero, manifest\u00f3 a EL DIARIO que todo proyecto tiene un dise\u00f1o final con costos operacionales y presupuesto para su funcionamiento, por lo que exige la aplicaci\u00f3n de plan de vuelo de patrullaje a\u00e9reo por distritos municipales.<br \/>\nEl s\u00e1bado 4 de marzo de 2023, el Ministerio de Gobierno inform\u00f3 que desde un d\u00eda anterior la Polic\u00eda Boliviana ejecut\u00f3 el plan \u201cpatrullaje mixto a\u00e9reo terrestre\u201d en diferentes zonas de la ciudad de El Alto.<br \/>\n\u201cSe desplegaron 263 efectivos policiales con el objetivo de recuperar espacios p\u00fablicos, implementar Dispositivos Est\u00e1ticos de Control (DEC) y reforzar labores de seguridad. Asimismo, 20 autom\u00f3viles, 10 motocicletas, un veh\u00edculo multiprop\u00f3sito y un helic\u00f3ptero fueron utilizados para el resguardo de toda poblaci\u00f3n alte\u00f1a\u201d, public\u00f3 el Ministerio de Gobierno.<br \/>\nLa Alcald\u00eda de El Alto indic\u00f3 que las operaciones del helic\u00f3ptero que destin\u00f3 el Gobierno para la ciudad son insostenibles si se tienen que financiar con los recursos del municipio, porque el costo de una hora de sobrevuelo demandar\u00eda 3.000 d\u00f3lares y el gasto por el seguro exige 600.000 bolivianos por a\u00f1o.<br \/>\nRojas Romero apunt\u00f3 que antes de la entrega del helic\u00f3ptero se debi\u00f3 coordinar entre el Ministerio de Gobierno y el municipio porque se debieron tomar en cuenta varios elementos como el costo de operaci\u00f3n que supone al menos un equipo t\u00e9cnico como el piloto, asistentes de vuelo, t\u00e9cnicos y el personal que programe los vuelos que deben ser autorizados por la Direcci\u00f3n General de Aeron\u00e1utica Civil (DGAC), para utilizar el espacio a\u00e9reo.<br \/>\n\u201cSe debi\u00f3 tambi\u00e9n tomar en cuenta el tema de mantenimiento, repuestos, se necesita un hangar, hay un helipuerto en el Distrito 8, pero desde ah\u00ed a la Ceja son al menos 20 minutos de vuelo y eso supone un gasto de combustible, por ello creemos que ya se hicieron esos estudios\u201d, dijo.<br \/>\nApunt\u00f3 que si bien el objetivo del patrullaje a\u00e9reo no est\u00e1 muy claro porque se desconoce la forma de operaci\u00f3n, si se coordina puede ser efectivo en beneficio de la urbe alte\u00f1a.<br \/>\n\u201cA una altura como la de El Alto, el nivel de la presi\u00f3n es mayor, no se puede utilizar cualquier helic\u00f3ptero, tiene que ser especial, y entendemos que el que entregaron es el que usaba el expresidente Evo Morales, y debe requerir mantenimiento, etc., porque no es nuevo. Ese helic\u00f3ptero no va a poder sobrevolar a una altura en la que se pueda visibilizar los atracos. Es necesario montar todo un sistema de monitoreo y operaci\u00f3n, lo que supone inversi\u00f3n\u201d, advirti\u00f3.<\/p>\n<p>SIN OPERACIONES<br \/>\nAsimismo, el dirigente manifest\u00f3 que desde el lunes 6 de marzo, a la fecha no se volvi\u00f3 a ver al helic\u00f3ptero haciendo un patrullaje a\u00e9reo en El Alto, por lo que piden al Gobierno socializar el plan de vuelo por distrito municipal.<br \/>\n\u201cDesde el d\u00eda de la entrega hasta el d\u00eda de hoy, en una semana de trabajo, no hemos visto resultados. Nosotros como comisi\u00f3n de Seguridad Ciudadana tambi\u00e9n tenemos una propuesta para realizar un plan de vuelo en la ciudad de El Alto, para que el control sea m\u00e1s efectivo\u201d, dijo.<br \/>\nRojas Romero record\u00f3 que cuando el exministro de Gobierno, Carlos Romero, inaugur\u00f3 el Bol-110, en el 2019, hab\u00eda un dron grande, de largo alcance, cuyo objetivo tambi\u00e9n era el patrullaje a\u00e9reo en la ciudad de El Alto, empero no se supo m\u00e1s del equipo.<br \/>\n\u201c(Ese dron) ten\u00eda que patrullar por horas, incluso ten\u00eda que salir desde la ciudad de La Paz, desde la Villalobos donde est\u00e1n las oficinas del Bol \u2013 110, y llegar hasta la \u00faltima zona de la ciudad de El Alto, ya sea camino a Oruro hasta ventilla o Achica, y por el otro lado hasta San Roque y m\u00e1s all\u00e1, sin embargo desde el lanzamiento del Bol &#8211; 110 hasta la fecha no se ve el dron gigante que nos hab\u00edan mostrado y que se supone est\u00e1n en la base en el centro de operaciones que tienen en la final Villalobos en el centro de monitoreo\u201d, lament\u00f3.<br \/>\nTambi\u00e9n record\u00f3 que con el mismo Bol \u2013 110 se dispusieron c\u00e1maras de seguridad que fueron instaladas en la ciudad de El Alto con reconocimiento facial e identificaci\u00f3n de placas.<br \/>\n\u201cNo sabemos si est\u00e1n funcionando o no (c\u00e1maras de seguridad) sabemos que est\u00e1n instaladas en una especie de arcos en las carreteras troncales en la ciudad de El Alto, camino a Copacabana, Laja, Oruro, Viacha. No hay datos si ha habido un caso de reconocimiento facial con estas c\u00e1maras a diferentes delincuentes que podr\u00edan estar pasando por esos lugares\u201d, lament\u00f3.<br \/>\nRecord\u00f3 tambi\u00e9n que a la par de las c\u00e1maras de seguridad se entregaron camionetas, las mismas que se supone ten\u00edan identificaci\u00f3n de placas, empero tampoco se vieron resultados ni un informe al respecto.<br \/>\n\u201cSe supone que estas c\u00e1maras que son de alta categor\u00eda no son como las c\u00e1maras domo que est\u00e1n instaladas en la ciudad de La Paz y en la ciudad de El Alto, pero no se sabe nada, por eso, la pr\u00f3xima semana, pediremos ese informe de forma escrita\u201d, dijo.<\/p>\n<p>BOL \u2013 110<br \/>\nEn agosto de 2019, se puso en marcha el sistema integrado BOL-110, cuya fortaleza era la tecnolog\u00eda de \u00faltima generaci\u00f3n para luchar contra la delincuencia. El entonces ministro de Gobierno, Carlos Romero, dijo que ese proyecto iba de la mano con la incorporaci\u00f3n de equipamiento para la Polic\u00eda Boliviana con el fin de facilitar la atenci\u00f3n inmediata, oportuna y eficiente ante cualquier emergencia.<\/p>\n\n","protected":false},"excerpt":{"rendered":"<p>El presidente de la comisi\u00f3n de Seguridad Ciudadana de El Alto, Juan Carlos Rojas Romero, manifest\u00f3 a EL DIARIO que todo proyecto tiene un dise\u00f1o final con costos operacionales y presupuesto para su funcionamiento, por lo que exige la aplicaci\u00f3n de plan de vuelo de patrullaje a\u00e9reo por distritos municipales. El s\u00e1bado 4 de marzo [&hellip;]<\/p>\n","protected":false},"author":1,"featured_media":142698,"comment_status":"closed","ping_status":"closed","sticky":false,"template":"","format":"standard","meta":{"_acf_changed":false,"footnotes":""},"categories":[39],"tags":[],"class_list":["post-142697","post","type-post","status-publish","format-standard","has-post-thumbnail","category-sociedad"],"acf":{"antetitulo":""},"yoast_head":"<!-- This site is optimized with the Yoast SEO plugin v28.4 - https:\/\/yoast.com\/product\/yoast-seo-wordpress\/ -->\n<title>Patrullaje a\u00e9reo en El Alto debe considerar plan de vuelo distrital - El Diario - Bolivia<\/title>\n<meta name=\"robots\" content=\"index, follow, max-snippet:-1, max-image-preview:large, max-video-preview:-1\" \/>\n<link rel=\"canonical\" href=\"https:\/\/www.eldiario.net\/portal\/2023\/03\/12\/patrullaje-aereo-en-el-alto-debe-considerar-plan-de-vuelo-distrital\/\" \/>\n<meta property=\"og:locale\" content=\"es_ES\" \/>\n<meta property=\"og:type\" content=\"article\" \/>\n<meta property=\"og:title\" content=\"Patrullaje a\u00e9reo en El Alto debe considerar plan de vuelo distrital - El Diario - Bolivia\" \/>\n<meta property=\"og:description\" content=\"El presidente de la comisi\u00f3n de Seguridad Ciudadana de El Alto, Juan Carlos Rojas Romero, manifest\u00f3 a EL DIARIO que todo proyecto tiene un dise\u00f1o final con costos operacionales y presupuesto para su funcionamiento, por lo que exige la aplicaci\u00f3n de plan de vuelo de patrullaje a\u00e9reo por distritos municipales. El s\u00e1bado 4 de marzo [&hellip;]\" \/>\n<meta property=\"og:url\" content=\"https:\/\/www.eldiario.net\/portal\/2023\/03\/12\/patrullaje-aereo-en-el-alto-debe-considerar-plan-de-vuelo-distrital\/\" \/>\n<meta property=\"og:site_name\" content=\"El Diario - Bolivia\" \/>\n<meta property=\"article:publisher\" content=\"https:\/\/www.facebook.com\/eldiario.bolivia\/\" \/>\n<meta property=\"article:published_time\" content=\"2023-03-12T10:12:48+00:00\" \/>\n<meta name=\"author\" content=\"Jeanette\" \/>\n<meta name=\"twitter:card\" content=\"summary_large_image\" \/>\n<meta name=\"twitter:creator\" content=\"@eldiario_net\" \/>\n<meta name=\"twitter:site\" content=\"@eldiario_net\" \/>\n<meta name=\"twitter:label1\" content=\"Escrito por\" \/>\n\t<meta name=\"twitter:data1\" content=\"Jeanette\" \/>\n\t<meta name=\"twitter:label2\" content=\"Tiempo de lectura\" \/>\n\t<meta name=\"twitter:data2\" content=\"5 minutos\" \/>\n<script type=\"application\/ld+json\" class=\"yoast-schema-graph\">{\"@context\":\"https:\\\/\\\/schema.org\",\"@graph\":[{\"@type\":\"Article\",\"@id\":\"https:\\\/\\\/www.eldiario.net\\\/portal\\\/2023\\\/03\\\/12\\\/patrullaje-aereo-en-el-alto-debe-considerar-plan-de-vuelo-distrital\\\/#article\",\"isPartOf\":{\"@id\":\"https:\\\/\\\/www.eldiario.net\\\/portal\\\/2023\\\/03\\\/12\\\/patrullaje-aereo-en-el-alto-debe-considerar-plan-de-vuelo-distrital\\\/\"},\"author\":{\"name\":\"Jeanette\",\"@id\":\"https:\\\/\\\/www.eldiario.net\\\/portal\\\/#\\\/schema\\\/person\\\/2c57cf2b7a7ae032e449e4c9b1019eac\"},\"headline\":\"Patrullaje a\u00e9reo en El Alto debe considerar plan de vuelo distrital\",\"datePublished\":\"2023-03-12T10:12:48+00:00\",\"mainEntityOfPage\":{\"@id\":\"https:\\\/\\\/www.eldiario.net\\\/portal\\\/2023\\\/03\\\/12\\\/patrullaje-aereo-en-el-alto-debe-considerar-plan-de-vuelo-distrital\\\/\"},\"wordCount\":979,\"publisher\":{\"@id\":\"https:\\\/\\\/www.eldiario.net\\\/portal\\\/#organization\"},\"image\":{\"@id\":\"https:\\\/\\\/www.eldiario.net\\\/portal\\\/2023\\\/03\\\/12\\\/patrullaje-aereo-en-el-alto-debe-considerar-plan-de-vuelo-distrital\\\/#primaryimage\"},\"thumbnailUrl\":\"\",\"articleSection\":[\"Sociedad - Seguridad\"],\"inLanguage\":\"es\"},{\"@type\":\"WebPage\",\"@id\":\"https:\\\/\\\/www.eldiario.net\\\/portal\\\/2023\\\/03\\\/12\\\/patrullaje-aereo-en-el-alto-debe-considerar-plan-de-vuelo-distrital\\\/\",\"url\":\"https:\\\/\\\/www.eldiario.net\\\/portal\\\/2023\\\/03\\\/12\\\/patrullaje-aereo-en-el-alto-debe-considerar-plan-de-vuelo-distrital\\\/\",\"name\":\"Patrullaje a\u00e9reo en El Alto debe considerar plan de vuelo distrital - El Diario - Bolivia\",\"isPartOf\":{\"@id\":\"https:\\\/\\\/www.eldiario.net\\\/portal\\\/#website\"},\"primaryImageOfPage\":{\"@id\":\"https:\\\/\\\/www.eldiario.net\\\/portal\\\/2023\\\/03\\\/12\\\/patrullaje-aereo-en-el-alto-debe-considerar-plan-de-vuelo-distrital\\\/#primaryimage\"},\"image\":{\"@id\":\"https:\\\/\\\/www.eldiario.net\\\/portal\\\/2023\\\/03\\\/12\\\/patrullaje-aereo-en-el-alto-debe-considerar-plan-de-vuelo-distrital\\\/#primaryimage\"},\"thumbnailUrl\":\"\",\"datePublished\":\"2023-03-12T10:12:48+00:00\",\"breadcrumb\":{\"@id\":\"https:\\\/\\\/www.eldiario.net\\\/portal\\\/2023\\\/03\\\/12\\\/patrullaje-aereo-en-el-alto-debe-considerar-plan-de-vuelo-distrital\\\/#breadcrumb\"},\"inLanguage\":\"es\",\"potentialAction\":[{\"@type\":\"ReadAction\",\"target\":[\"https:\\\/\\\/www.eldiario.net\\\/portal\\\/2023\\\/03\\\/12\\\/patrullaje-aereo-en-el-alto-debe-considerar-plan-de-vuelo-distrital\\\/\"]}]},{\"@type\":\"ImageObject\",\"inLanguage\":\"es\",\"@id\":\"https:\\\/\\\/www.eldiario.net\\\/portal\\\/2023\\\/03\\\/12\\\/patrullaje-aereo-en-el-alto-debe-considerar-plan-de-vuelo-distrital\\\/#primaryimage\",\"url\":\"\",\"contentUrl\":\"\"},{\"@type\":\"BreadcrumbList\",\"@id\":\"https:\\\/\\\/www.eldiario.net\\\/portal\\\/2023\\\/03\\\/12\\\/patrullaje-aereo-en-el-alto-debe-considerar-plan-de-vuelo-distrital\\\/#breadcrumb\",\"itemListElement\":[{\"@type\":\"ListItem\",\"position\":1,\"name\":\"Portada\",\"item\":\"https:\\\/\\\/www.eldiario.net\\\/portal\\\/\"},{\"@type\":\"ListItem\",\"position\":2,\"name\":\"Patrullaje a\u00e9reo en El Alto debe considerar plan de vuelo distrital\"}]},{\"@type\":\"WebSite\",\"@id\":\"https:\\\/\\\/www.eldiario.net\\\/portal\\\/#website\",\"url\":\"https:\\\/\\\/www.eldiario.net\\\/portal\\\/\",\"name\":\"El Diario - Decano de la prensa nacional\",\"description\":\"El Diario - Decano de la prensa nacional\",\"publisher\":{\"@id\":\"https:\\\/\\\/www.eldiario.net\\\/portal\\\/#organization\"},\"potentialAction\":[{\"@type\":\"SearchAction\",\"target\":{\"@type\":\"EntryPoint\",\"urlTemplate\":\"https:\\\/\\\/www.eldiario.net\\\/portal\\\/?s={search_term_string}\"},\"query-input\":{\"@type\":\"PropertyValueSpecification\",\"valueRequired\":true,\"valueName\":\"search_term_string\"}}],\"inLanguage\":\"es\"},{\"@type\":\"Organization\",\"@id\":\"https:\\\/\\\/www.eldiario.net\\\/portal\\\/#organization\",\"name\":\"El Diario - Decano de la prensa nacional\",\"url\":\"https:\\\/\\\/www.eldiario.net\\\/portal\\\/\",\"logo\":{\"@type\":\"ImageObject\",\"inLanguage\":\"es\",\"@id\":\"https:\\\/\\\/www.eldiario.net\\\/portal\\\/#\\\/schema\\\/logo\\\/image\\\/\",\"url\":\"https:\\\/\\\/www.eldiario.net\\\/portal\\\/wp-content\\\/uploads\\\/2023\\\/07\\\/logo_ED.jpg\",\"contentUrl\":\"https:\\\/\\\/www.eldiario.net\\\/portal\\\/wp-content\\\/uploads\\\/2023\\\/07\\\/logo_ED.jpg\",\"width\":272,\"height\":52,\"caption\":\"El Diario - Decano de la prensa nacional\"},\"image\":{\"@id\":\"https:\\\/\\\/www.eldiario.net\\\/portal\\\/#\\\/schema\\\/logo\\\/image\\\/\"},\"sameAs\":[\"https:\\\/\\\/www.facebook.com\\\/eldiario.bolivia\\\/\",\"https:\\\/\\\/x.com\\\/eldiario_net\"]},{\"@type\":\"Person\",\"@id\":\"https:\\\/\\\/www.eldiario.net\\\/portal\\\/#\\\/schema\\\/person\\\/2c57cf2b7a7ae032e449e4c9b1019eac\",\"name\":\"Jeanette\",\"image\":{\"@type\":\"ImageObject\",\"inLanguage\":\"es\",\"@id\":\"https:\\\/\\\/secure.gravatar.com\\\/avatar\\\/3ea2118a5f7dad2b7138b1187a6b7ee55f160b9968b66013c3a3ef39dd7e5798?s=96&d=mm&r=g\",\"url\":\"https:\\\/\\\/secure.gravatar.com\\\/avatar\\\/3ea2118a5f7dad2b7138b1187a6b7ee55f160b9968b66013c3a3ef39dd7e5798?s=96&d=mm&r=g\",\"contentUrl\":\"https:\\\/\\\/secure.gravatar.com\\\/avatar\\\/3ea2118a5f7dad2b7138b1187a6b7ee55f160b9968b66013c3a3ef39dd7e5798?s=96&d=mm&r=g\",\"caption\":\"Jeanette\"},\"sameAs\":[\"https:\\\/\\\/www.eldiario.net\\\/portal\"],\"url\":\"https:\\\/\\\/www.eldiario.net\\\/portal\\\/author\\\/jeanette\\\/\"}]}<\/script>\n<!-- \/ Yoast SEO plugin. -->","yoast_head_json":{"title":"Patrullaje a\u00e9reo en El Alto debe considerar plan de vuelo distrital - El Diario - Bolivia","robots":{"index":"index","follow":"follow","max-snippet":"max-snippet:-1","max-image-preview":"max-image-preview:large","max-video-preview":"max-video-preview:-1"},"canonical":"https:\/\/www.eldiario.net\/portal\/2023\/03\/12\/patrullaje-aereo-en-el-alto-debe-considerar-plan-de-vuelo-distrital\/","og_locale":"es_ES","og_type":"article","og_title":"Patrullaje a\u00e9reo en El Alto debe considerar plan de vuelo distrital - El Diario - Bolivia","og_description":"El presidente de la comisi\u00f3n de Seguridad Ciudadana de El Alto, Juan Carlos Rojas Romero, manifest\u00f3 a EL DIARIO que todo proyecto tiene un dise\u00f1o final con costos operacionales y presupuesto para su funcionamiento, por lo que exige la aplicaci\u00f3n de plan de vuelo de patrullaje a\u00e9reo por distritos municipales. El s\u00e1bado 4 de marzo [&hellip;]","og_url":"https:\/\/www.eldiario.net\/portal\/2023\/03\/12\/patrullaje-aereo-en-el-alto-debe-considerar-plan-de-vuelo-distrital\/","og_site_name":"El Diario - Bolivia","article_publisher":"https:\/\/www.facebook.com\/eldiario.bolivia\/","article_published_time":"2023-03-12T10:12:48+00:00","author":"Jeanette","twitter_card":"summary_large_image","twitter_creator":"@eldiario_net","twitter_site":"@eldiario_net","twitter_misc":{"Escrito por":"Jeanette","Tiempo de lectura":"5 minutos"},"schema":{"@context":"https:\/\/schema.org","@graph":[{"@type":"Article","@id":"https:\/\/www.eldiario.net\/portal\/2023\/03\/12\/patrullaje-aereo-en-el-alto-debe-considerar-plan-de-vuelo-distrital\/#article","isPartOf":{"@id":"https:\/\/www.eldiario.net\/portal\/2023\/03\/12\/patrullaje-aereo-en-el-alto-debe-considerar-plan-de-vuelo-distrital\/"},"author":{"name":"Jeanette","@id":"https:\/\/www.eldiario.net\/portal\/#\/schema\/person\/2c57cf2b7a7ae032e449e4c9b1019eac"},"headline":"Patrullaje a\u00e9reo en El Alto debe considerar plan de vuelo distrital","datePublished":"2023-03-12T10:12:48+00:00","mainEntityOfPage":{"@id":"https:\/\/www.eldiario.net\/portal\/2023\/03\/12\/patrullaje-aereo-en-el-alto-debe-considerar-plan-de-vuelo-distrital\/"},"wordCount":979,"publisher":{"@id":"https:\/\/www.eldiario.net\/portal\/#organization"},"image":{"@id":"https:\/\/www.eldiario.net\/portal\/2023\/03\/12\/patrullaje-aereo-en-el-alto-debe-considerar-plan-de-vuelo-distrital\/#primaryimage"},"thumbnailUrl":"","articleSection":["Sociedad - Seguridad"],"inLanguage":"es"},{"@type":"WebPage","@id":"https:\/\/www.eldiario.net\/portal\/2023\/03\/12\/patrullaje-aereo-en-el-alto-debe-considerar-plan-de-vuelo-distrital\/","url":"https:\/\/www.eldiario.net\/portal\/2023\/03\/12\/patrullaje-aereo-en-el-alto-debe-considerar-plan-de-vuelo-distrital\/","name":"Patrullaje a\u00e9reo en El Alto debe considerar plan de vuelo distrital - El Diario - Bolivia","isPartOf":{"@id":"https:\/\/www.eldiario.net\/portal\/#website"},"primaryImageOfPage":{"@id":"https:\/\/www.eldiario.net\/portal\/2023\/03\/12\/patrullaje-aereo-en-el-alto-debe-considerar-plan-de-vuelo-distrital\/#primaryimage"},"image":{"@id":"https:\/\/www.eldiario.net\/portal\/2023\/03\/12\/patrullaje-aereo-en-el-alto-debe-considerar-plan-de-vuelo-distrital\/#primaryimage"},"thumbnailUrl":"","datePublished":"2023-03-12T10:12:48+00:00","breadcrumb":{"@id":"https:\/\/www.eldiario.net\/portal\/2023\/03\/12\/patrullaje-aereo-en-el-alto-debe-considerar-plan-de-vuelo-distrital\/#breadcrumb"},"inLanguage":"es","potentialAction":[{"@type":"ReadAction","target":["https:\/\/www.eldiario.net\/portal\/2023\/03\/12\/patrullaje-aereo-en-el-alto-debe-considerar-plan-de-vuelo-distrital\/"]}]},{"@type":"ImageObject","inLanguage":"es","@id":"https:\/\/www.eldiario.net\/portal\/2023\/03\/12\/patrullaje-aereo-en-el-alto-debe-considerar-plan-de-vuelo-distrital\/#primaryimage","url":"","contentUrl":""},{"@type":"BreadcrumbList","@id":"https:\/\/www.eldiario.net\/portal\/2023\/03\/12\/patrullaje-aereo-en-el-alto-debe-considerar-plan-de-vuelo-distrital\/#breadcrumb","itemListElement":[{"@type":"ListItem","position":1,"name":"Portada","item":"https:\/\/www.eldiario.net\/portal\/"},{"@type":"ListItem","position":2,"name":"Patrullaje a\u00e9reo en El Alto debe considerar plan de vuelo distrital"}]},{"@type":"WebSite","@id":"https:\/\/www.eldiario.net\/portal\/#website","url":"https:\/\/www.eldiario.net\/portal\/","name":"El Diario - Decano de la prensa nacional","description":"El Diario - Decano de la prensa nacional","publisher":{"@id":"https:\/\/www.eldiario.net\/portal\/#organization"},"potentialAction":[{"@type":"SearchAction","target":{"@type":"EntryPoint","urlTemplate":"https:\/\/www.eldiario.net\/portal\/?s={search_term_string}"},"query-input":{"@type":"PropertyValueSpecification","valueRequired":true,"valueName":"search_term_string"}}],"inLanguage":"es"},{"@type":"Organization","@id":"https:\/\/www.eldiario.net\/portal\/#organization","name":"El Diario - Decano de la prensa nacional","url":"https:\/\/www.eldiario.net\/portal\/","logo":{"@type":"ImageObject","inLanguage":"es","@id":"https:\/\/www.eldiario.net\/portal\/#\/schema\/logo\/image\/","url":"https:\/\/www.eldiario.net\/portal\/wp-content\/uploads\/2023\/07\/logo_ED.jpg","contentUrl":"https:\/\/www.eldiario.net\/portal\/wp-content\/uploads\/2023\/07\/logo_ED.jpg","width":272,"height":52,"caption":"El Diario - Decano de la prensa nacional"},"image":{"@id":"https:\/\/www.eldiario.net\/portal\/#\/schema\/logo\/image\/"},"sameAs":["https:\/\/www.facebook.com\/eldiario.bolivia\/","https:\/\/x.com\/eldiario_net"]},{"@type":"Person","@id":"https:\/\/www.eldiario.net\/portal\/#\/schema\/person\/2c57cf2b7a7ae032e449e4c9b1019eac","name":"Jeanette","image":{"@type":"ImageObject","inLanguage":"es","@id":"https:\/\/secure.gravatar.com\/avatar\/3ea2118a5f7dad2b7138b1187a6b7ee55f160b9968b66013c3a3ef39dd7e5798?s=96&d=mm&r=g","url":"https:\/\/secure.gravatar.com\/avatar\/3ea2118a5f7dad2b7138b1187a6b7ee55f160b9968b66013c3a3ef39dd7e5798?s=96&d=mm&r=g","contentUrl":"https:\/\/secure.gravatar.com\/avatar\/3ea2118a5f7dad2b7138b1187a6b7ee55f160b9968b66013c3a3ef39dd7e5798?s=96&d=mm&r=g","caption":"Jeanette"},"sameAs":["https:\/\/www.eldiario.net\/portal"],"url":"https:\/\/www.eldiario.net\/portal\/author\/jeanette\/"}]}},"_links":{"self":[{"href":"https:\/\/www.eldiario.net\/portal\/wp-json\/wp\/v2\/posts\/142697","targetHints":{"allow":["GET"]}}],"collection":[{"href":"https:\/\/www.eldiario.net\/portal\/wp-json\/wp\/v2\/posts"}],"about":[{"href":"https:\/\/www.eldiario.net\/portal\/wp-json\/wp\/v2\/types\/post"}],"author":[{"embeddable":true,"href":"https:\/\/www.eldiario.net\/portal\/wp-json\/wp\/v2\/users\/1"}],"replies":[{"embeddable":true,"href":"https:\/\/www.eldiario.net\/portal\/wp-json\/wp\/v2\/comments?post=142697"}],"version-history":[{"count":0,"href":"https:\/\/www.eldiario.net\/portal\/wp-json\/wp\/v2\/posts\/142697\/revisions"}],"wp:attachment":[{"href":"https:\/\/www.eldiario.net\/portal\/wp-json\/wp\/v2\/media?parent=142697"}],"wp:term":[{"taxonomy":"category","embeddable":true,"href":"https:\/\/www.eldiario.net\/portal\/wp-json\/wp\/v2\/categories?post=142697"},{"taxonomy":"post_tag","embeddable":true,"href":"https:\/\/www.eldiario.net\/portal\/wp-json\/wp\/v2\/tags?post=142697"}],"curies":[{"name":"wp","href":"https:\/\/api.w.org\/{rel}","templated":true}]}}