{"id":142693,"date":"2023-03-12T06:11:08","date_gmt":"2023-03-12T10:11:08","guid":{"rendered":"https:\/\/www.eldiario.net\/portal\/?p=142693"},"modified":"2023-03-12T06:11:08","modified_gmt":"2023-03-12T10:11:08","slug":"hombre-imputado-por-estupro-huyo-de-estacion-policial","status":"publish","type":"post","link":"https:\/\/www.eldiario.net\/portal\/2023\/03\/12\/hombre-imputado-por-estupro-huyo-de-estacion-policial\/","title":{"rendered":"Hombre imputado por estupro huy\u00f3 de estaci\u00f3n policial"},"content":{"rendered":"<p>Un hombre de 31 a\u00f1os que se llev\u00f3 a una adolescente de 15 a\u00f1os, por cinco d\u00edas, fue imputado por estupro y enviado con detenci\u00f3n preventiva, empero el procesado logr\u00f3 darse a la fuga de celdas de la Estaci\u00f3n Policial Sur de Cochabamba, antes de ser trasladado a la c\u00e1rcel de San Sebasti\u00e1n.<br \/>\nLa denuncia la hizo una de las hermanas de la adolescente. Ella relat\u00f3 que su hermanita de 15 a\u00f1os desapareci\u00f3 el 3 de marzo de 2023. Sali\u00f3 de su casa a las 7:30 de la ma\u00f1ana rumbo a su colegio y no retorn\u00f3 a su casa.<br \/>\nLa familia acudi\u00f3 a la Polic\u00eda, peg\u00f3 docenas de carteles con la foto de la quincea\u00f1era extraviada y la busc\u00f3 en todas partes.<br \/>\nDespu\u00e9s de cinco d\u00edas, la adolescente logr\u00f3 mandarle su ubicaci\u00f3n a una amiga y ella les avis\u00f3. Fueron a recogerla y aprehendieron al hombre que se la hab\u00eda llevado: Jorge M. C., de 31 a\u00f1os.<br \/>\n\u201cLa encontramos a ella, tenemos entendido que este hombre la forz\u00f3 a irse con \u00e9l, atrapamos al tipo y en una audiencia cautelar que se realiz\u00f3 en el Juzgado de la avenida San Mart\u00edn, un juez le dio detenci\u00f3n preventiva por cuatro meses en el penal de San Sebasti\u00e1n. No s\u00e9 porqu\u00e9 los polic\u00edas se llevaron a la EPI SUR y de ah\u00ed se dio a la fuga. Solo nos explicaron que este tipo logr\u00f3 burlar la seguridad pues un solo polic\u00eda estaba a cargo de su custodia. Queremos garant\u00edas para nuestra familia\u201d, exigi\u00f3 la hermana de la adolescente.<br \/>\nCualquier dato sobre el paradero de Jorge M. C. debe ser denunciado a la Fuerza Especial de Lucha Contra la Violencia.<\/p>\n","protected":false},"excerpt":{"rendered":"<p>Un hombre de 31 a\u00f1os que se llev\u00f3 a una adolescente de 15 a\u00f1os, por cinco d\u00edas, fue imputado por estupro y enviado con detenci\u00f3n preventiva, empero el procesado logr\u00f3 darse a la fuga de celdas de la Estaci\u00f3n Policial Sur de Cochabamba, antes de ser trasladado a la c\u00e1rcel de San Sebasti\u00e1n. La denuncia [&hellip;]<\/p>\n","protected":false},"author":1,"featured_media":0,"comment_status":"closed","ping_status":"closed","sticky":false,"template":"","format":"standard","meta":{"_acf_changed":false,"footnotes":""},"categories":[39],"tags":[],"class_list":["post-142693","post","type-post","status-publish","format-standard","category-sociedad"],"acf":{"antetitulo":""},"yoast_head":"<!-- This site is optimized with the Yoast SEO plugin v28.4 - https:\/\/yoast.com\/product\/yoast-seo-wordpress\/ -->\n<title>Hombre imputado por estupro huy\u00f3 de estaci\u00f3n policial - El Diario - Bolivia<\/title>\n<meta name=\"robots\" content=\"index, follow, max-snippet:-1, max-image-preview:large, max-video-preview:-1\" \/>\n<link rel=\"canonical\" href=\"https:\/\/www.eldiario.net\/portal\/2023\/03\/12\/hombre-imputado-por-estupro-huyo-de-estacion-policial\/\" \/>\n<meta property=\"og:locale\" content=\"es_ES\" \/>\n<meta property=\"og:type\" content=\"article\" \/>\n<meta property=\"og:title\" content=\"Hombre imputado por estupro huy\u00f3 de estaci\u00f3n policial - El Diario - Bolivia\" \/>\n<meta property=\"og:description\" content=\"Un hombre de 31 a\u00f1os que se llev\u00f3 a una adolescente de 15 a\u00f1os, por cinco d\u00edas, fue imputado por estupro y enviado con detenci\u00f3n preventiva, empero el procesado logr\u00f3 darse a la fuga de celdas de la Estaci\u00f3n Policial Sur de Cochabamba, antes de ser trasladado a la c\u00e1rcel de San Sebasti\u00e1n. La denuncia [&hellip;]\" \/>\n<meta property=\"og:url\" content=\"https:\/\/www.eldiario.net\/portal\/2023\/03\/12\/hombre-imputado-por-estupro-huyo-de-estacion-policial\/\" \/>\n<meta property=\"og:site_name\" content=\"El Diario - Bolivia\" \/>\n<meta property=\"article:publisher\" content=\"https:\/\/www.facebook.com\/eldiario.bolivia\/\" \/>\n<meta property=\"article:published_time\" content=\"2023-03-12T10:11:08+00:00\" \/>\n<meta name=\"author\" content=\"Jeanette\" \/>\n<meta name=\"twitter:card\" content=\"summary_large_image\" \/>\n<meta name=\"twitter:creator\" content=\"@eldiario_net\" \/>\n<meta name=\"twitter:site\" content=\"@eldiario_net\" \/>\n<meta name=\"twitter:label1\" content=\"Escrito por\" \/>\n\t<meta name=\"twitter:data1\" content=\"Jeanette\" \/>\n\t<meta name=\"twitter:label2\" content=\"Tiempo de lectura\" \/>\n\t<meta name=\"twitter:data2\" content=\"2 minutos\" \/>\n<script type=\"application\/ld+json\" class=\"yoast-schema-graph\">{\"@context\":\"https:\\\/\\\/schema.org\",\"@graph\":[{\"@type\":\"Article\",\"@id\":\"https:\\\/\\\/www.eldiario.net\\\/portal\\\/2023\\\/03\\\/12\\\/hombre-imputado-por-estupro-huyo-de-estacion-policial\\\/#article\",\"isPartOf\":{\"@id\":\"https:\\\/\\\/www.eldiario.net\\\/portal\\\/2023\\\/03\\\/12\\\/hombre-imputado-por-estupro-huyo-de-estacion-policial\\\/\"},\"author\":{\"name\":\"Jeanette\",\"@id\":\"https:\\\/\\\/www.eldiario.net\\\/portal\\\/#\\\/schema\\\/person\\\/2c57cf2b7a7ae032e449e4c9b1019eac\"},\"headline\":\"Hombre imputado por estupro huy\u00f3 de estaci\u00f3n policial\",\"datePublished\":\"2023-03-12T10:11:08+00:00\",\"mainEntityOfPage\":{\"@id\":\"https:\\\/\\\/www.eldiario.net\\\/portal\\\/2023\\\/03\\\/12\\\/hombre-imputado-por-estupro-huyo-de-estacion-policial\\\/\"},\"wordCount\":301,\"publisher\":{\"@id\":\"https:\\\/\\\/www.eldiario.net\\\/portal\\\/#organization\"},\"articleSection\":[\"Sociedad - Seguridad\"],\"inLanguage\":\"es\"},{\"@type\":\"WebPage\",\"@id\":\"https:\\\/\\\/www.eldiario.net\\\/portal\\\/2023\\\/03\\\/12\\\/hombre-imputado-por-estupro-huyo-de-estacion-policial\\\/\",\"url\":\"https:\\\/\\\/www.eldiario.net\\\/portal\\\/2023\\\/03\\\/12\\\/hombre-imputado-por-estupro-huyo-de-estacion-policial\\\/\",\"name\":\"Hombre imputado por estupro huy\u00f3 de estaci\u00f3n policial - El Diario - Bolivia\",\"isPartOf\":{\"@id\":\"https:\\\/\\\/www.eldiario.net\\\/portal\\\/#website\"},\"datePublished\":\"2023-03-12T10:11:08+00:00\",\"breadcrumb\":{\"@id\":\"https:\\\/\\\/www.eldiario.net\\\/portal\\\/2023\\\/03\\\/12\\\/hombre-imputado-por-estupro-huyo-de-estacion-policial\\\/#breadcrumb\"},\"inLanguage\":\"es\",\"potentialAction\":[{\"@type\":\"ReadAction\",\"target\":[\"https:\\\/\\\/www.eldiario.net\\\/portal\\\/2023\\\/03\\\/12\\\/hombre-imputado-por-estupro-huyo-de-estacion-policial\\\/\"]}]},{\"@type\":\"BreadcrumbList\",\"@id\":\"https:\\\/\\\/www.eldiario.net\\\/portal\\\/2023\\\/03\\\/12\\\/hombre-imputado-por-estupro-huyo-de-estacion-policial\\\/#breadcrumb\",\"itemListElement\":[{\"@type\":\"ListItem\",\"position\":1,\"name\":\"Portada\",\"item\":\"https:\\\/\\\/www.eldiario.net\\\/portal\\\/\"},{\"@type\":\"ListItem\",\"position\":2,\"name\":\"Hombre imputado por estupro huy\u00f3 de estaci\u00f3n policial\"}]},{\"@type\":\"WebSite\",\"@id\":\"https:\\\/\\\/www.eldiario.net\\\/portal\\\/#website\",\"url\":\"https:\\\/\\\/www.eldiario.net\\\/portal\\\/\",\"name\":\"El Diario - Decano de la prensa nacional\",\"description\":\"El Diario - Decano de la prensa nacional\",\"publisher\":{\"@id\":\"https:\\\/\\\/www.eldiario.net\\\/portal\\\/#organization\"},\"potentialAction\":[{\"@type\":\"SearchAction\",\"target\":{\"@type\":\"EntryPoint\",\"urlTemplate\":\"https:\\\/\\\/www.eldiario.net\\\/portal\\\/?s={search_term_string}\"},\"query-input\":{\"@type\":\"PropertyValueSpecification\",\"valueRequired\":true,\"valueName\":\"search_term_string\"}}],\"inLanguage\":\"es\"},{\"@type\":\"Organization\",\"@id\":\"https:\\\/\\\/www.eldiario.net\\\/portal\\\/#organization\",\"name\":\"El Diario - Decano de la prensa nacional\",\"url\":\"https:\\\/\\\/www.eldiario.net\\\/portal\\\/\",\"logo\":{\"@type\":\"ImageObject\",\"inLanguage\":\"es\",\"@id\":\"https:\\\/\\\/www.eldiario.net\\\/portal\\\/#\\\/schema\\\/logo\\\/image\\\/\",\"url\":\"https:\\\/\\\/www.eldiario.net\\\/portal\\\/wp-content\\\/uploads\\\/2023\\\/07\\\/logo_ED.jpg\",\"contentUrl\":\"https:\\\/\\\/www.eldiario.net\\\/portal\\\/wp-content\\\/uploads\\\/2023\\\/07\\\/logo_ED.jpg\",\"width\":272,\"height\":52,\"caption\":\"El Diario - Decano de la prensa nacional\"},\"image\":{\"@id\":\"https:\\\/\\\/www.eldiario.net\\\/portal\\\/#\\\/schema\\\/logo\\\/image\\\/\"},\"sameAs\":[\"https:\\\/\\\/www.facebook.com\\\/eldiario.bolivia\\\/\",\"https:\\\/\\\/x.com\\\/eldiario_net\"]},{\"@type\":\"Person\",\"@id\":\"https:\\\/\\\/www.eldiario.net\\\/portal\\\/#\\\/schema\\\/person\\\/2c57cf2b7a7ae032e449e4c9b1019eac\",\"name\":\"Jeanette\",\"image\":{\"@type\":\"ImageObject\",\"inLanguage\":\"es\",\"@id\":\"https:\\\/\\\/secure.gravatar.com\\\/avatar\\\/3ea2118a5f7dad2b7138b1187a6b7ee55f160b9968b66013c3a3ef39dd7e5798?s=96&d=mm&r=g\",\"url\":\"https:\\\/\\\/secure.gravatar.com\\\/avatar\\\/3ea2118a5f7dad2b7138b1187a6b7ee55f160b9968b66013c3a3ef39dd7e5798?s=96&d=mm&r=g\",\"contentUrl\":\"https:\\\/\\\/secure.gravatar.com\\\/avatar\\\/3ea2118a5f7dad2b7138b1187a6b7ee55f160b9968b66013c3a3ef39dd7e5798?s=96&d=mm&r=g\",\"caption\":\"Jeanette\"},\"sameAs\":[\"https:\\\/\\\/www.eldiario.net\\\/portal\"],\"url\":\"https:\\\/\\\/www.eldiario.net\\\/portal\\\/author\\\/jeanette\\\/\"}]}<\/script>\n<!-- \/ Yoast SEO plugin. -->","yoast_head_json":{"title":"Hombre imputado por estupro huy\u00f3 de estaci\u00f3n policial - El Diario - Bolivia","robots":{"index":"index","follow":"follow","max-snippet":"max-snippet:-1","max-image-preview":"max-image-preview:large","max-video-preview":"max-video-preview:-1"},"canonical":"https:\/\/www.eldiario.net\/portal\/2023\/03\/12\/hombre-imputado-por-estupro-huyo-de-estacion-policial\/","og_locale":"es_ES","og_type":"article","og_title":"Hombre imputado por estupro huy\u00f3 de estaci\u00f3n policial - El Diario - Bolivia","og_description":"Un hombre de 31 a\u00f1os que se llev\u00f3 a una adolescente de 15 a\u00f1os, por cinco d\u00edas, fue imputado por estupro y enviado con detenci\u00f3n preventiva, empero el procesado logr\u00f3 darse a la fuga de celdas de la Estaci\u00f3n Policial Sur de Cochabamba, antes de ser trasladado a la c\u00e1rcel de San Sebasti\u00e1n. La denuncia [&hellip;]","og_url":"https:\/\/www.eldiario.net\/portal\/2023\/03\/12\/hombre-imputado-por-estupro-huyo-de-estacion-policial\/","og_site_name":"El Diario - Bolivia","article_publisher":"https:\/\/www.facebook.com\/eldiario.bolivia\/","article_published_time":"2023-03-12T10:11:08+00:00","author":"Jeanette","twitter_card":"summary_large_image","twitter_creator":"@eldiario_net","twitter_site":"@eldiario_net","twitter_misc":{"Escrito por":"Jeanette","Tiempo de lectura":"2 minutos"},"schema":{"@context":"https:\/\/schema.org","@graph":[{"@type":"Article","@id":"https:\/\/www.eldiario.net\/portal\/2023\/03\/12\/hombre-imputado-por-estupro-huyo-de-estacion-policial\/#article","isPartOf":{"@id":"https:\/\/www.eldiario.net\/portal\/2023\/03\/12\/hombre-imputado-por-estupro-huyo-de-estacion-policial\/"},"author":{"name":"Jeanette","@id":"https:\/\/www.eldiario.net\/portal\/#\/schema\/person\/2c57cf2b7a7ae032e449e4c9b1019eac"},"headline":"Hombre imputado por estupro huy\u00f3 de estaci\u00f3n policial","datePublished":"2023-03-12T10:11:08+00:00","mainEntityOfPage":{"@id":"https:\/\/www.eldiario.net\/portal\/2023\/03\/12\/hombre-imputado-por-estupro-huyo-de-estacion-policial\/"},"wordCount":301,"publisher":{"@id":"https:\/\/www.eldiario.net\/portal\/#organization"},"articleSection":["Sociedad - Seguridad"],"inLanguage":"es"},{"@type":"WebPage","@id":"https:\/\/www.eldiario.net\/portal\/2023\/03\/12\/hombre-imputado-por-estupro-huyo-de-estacion-policial\/","url":"https:\/\/www.eldiario.net\/portal\/2023\/03\/12\/hombre-imputado-por-estupro-huyo-de-estacion-policial\/","name":"Hombre imputado por estupro huy\u00f3 de estaci\u00f3n policial - El Diario - Bolivia","isPartOf":{"@id":"https:\/\/www.eldiario.net\/portal\/#website"},"datePublished":"2023-03-12T10:11:08+00:00","breadcrumb":{"@id":"https:\/\/www.eldiario.net\/portal\/2023\/03\/12\/hombre-imputado-por-estupro-huyo-de-estacion-policial\/#breadcrumb"},"inLanguage":"es","potentialAction":[{"@type":"ReadAction","target":["https:\/\/www.eldiario.net\/portal\/2023\/03\/12\/hombre-imputado-por-estupro-huyo-de-estacion-policial\/"]}]},{"@type":"BreadcrumbList","@id":"https:\/\/www.eldiario.net\/portal\/2023\/03\/12\/hombre-imputado-por-estupro-huyo-de-estacion-policial\/#breadcrumb","itemListElement":[{"@type":"ListItem","position":1,"name":"Portada","item":"https:\/\/www.eldiario.net\/portal\/"},{"@type":"ListItem","position":2,"name":"Hombre imputado por estupro huy\u00f3 de estaci\u00f3n policial"}]},{"@type":"WebSite","@id":"https:\/\/www.eldiario.net\/portal\/#website","url":"https:\/\/www.eldiario.net\/portal\/","name":"El Diario - Decano de la prensa nacional","description":"El Diario - Decano de la prensa nacional","publisher":{"@id":"https:\/\/www.eldiario.net\/portal\/#organization"},"potentialAction":[{"@type":"SearchAction","target":{"@type":"EntryPoint","urlTemplate":"https:\/\/www.eldiario.net\/portal\/?s={search_term_string}"},"query-input":{"@type":"PropertyValueSpecification","valueRequired":true,"valueName":"search_term_string"}}],"inLanguage":"es"},{"@type":"Organization","@id":"https:\/\/www.eldiario.net\/portal\/#organization","name":"El Diario - Decano de la prensa nacional","url":"https:\/\/www.eldiario.net\/portal\/","logo":{"@type":"ImageObject","inLanguage":"es","@id":"https:\/\/www.eldiario.net\/portal\/#\/schema\/logo\/image\/","url":"https:\/\/www.eldiario.net\/portal\/wp-content\/uploads\/2023\/07\/logo_ED.jpg","contentUrl":"https:\/\/www.eldiario.net\/portal\/wp-content\/uploads\/2023\/07\/logo_ED.jpg","width":272,"height":52,"caption":"El Diario - Decano de la prensa nacional"},"image":{"@id":"https:\/\/www.eldiario.net\/portal\/#\/schema\/logo\/image\/"},"sameAs":["https:\/\/www.facebook.com\/eldiario.bolivia\/","https:\/\/x.com\/eldiario_net"]},{"@type":"Person","@id":"https:\/\/www.eldiario.net\/portal\/#\/schema\/person\/2c57cf2b7a7ae032e449e4c9b1019eac","name":"Jeanette","image":{"@type":"ImageObject","inLanguage":"es","@id":"https:\/\/secure.gravatar.com\/avatar\/3ea2118a5f7dad2b7138b1187a6b7ee55f160b9968b66013c3a3ef39dd7e5798?s=96&d=mm&r=g","url":"https:\/\/secure.gravatar.com\/avatar\/3ea2118a5f7dad2b7138b1187a6b7ee55f160b9968b66013c3a3ef39dd7e5798?s=96&d=mm&r=g","contentUrl":"https:\/\/secure.gravatar.com\/avatar\/3ea2118a5f7dad2b7138b1187a6b7ee55f160b9968b66013c3a3ef39dd7e5798?s=96&d=mm&r=g","caption":"Jeanette"},"sameAs":["https:\/\/www.eldiario.net\/portal"],"url":"https:\/\/www.eldiario.net\/portal\/author\/jeanette\/"}]}},"_links":{"self":[{"href":"https:\/\/www.eldiario.net\/portal\/wp-json\/wp\/v2\/posts\/142693","targetHints":{"allow":["GET"]}}],"collection":[{"href":"https:\/\/www.eldiario.net\/portal\/wp-json\/wp\/v2\/posts"}],"about":[{"href":"https:\/\/www.eldiario.net\/portal\/wp-json\/wp\/v2\/types\/post"}],"author":[{"embeddable":true,"href":"https:\/\/www.eldiario.net\/portal\/wp-json\/wp\/v2\/users\/1"}],"replies":[{"embeddable":true,"href":"https:\/\/www.eldiario.net\/portal\/wp-json\/wp\/v2\/comments?post=142693"}],"version-history":[{"count":0,"href":"https:\/\/www.eldiario.net\/portal\/wp-json\/wp\/v2\/posts\/142693\/revisions"}],"wp:attachment":[{"href":"https:\/\/www.eldiario.net\/portal\/wp-json\/wp\/v2\/media?parent=142693"}],"wp:term":[{"taxonomy":"category","embeddable":true,"href":"https:\/\/www.eldiario.net\/portal\/wp-json\/wp\/v2\/categories?post=142693"},{"taxonomy":"post_tag","embeddable":true,"href":"https:\/\/www.eldiario.net\/portal\/wp-json\/wp\/v2\/tags?post=142693"}],"curies":[{"name":"wp","href":"https:\/\/api.w.org\/{rel}","templated":true}]}}