{"id":142688,"date":"2023-03-12T06:09:36","date_gmt":"2023-03-12T10:09:36","guid":{"rendered":"https:\/\/www.eldiario.net\/portal\/?p=142688"},"modified":"2023-03-12T06:09:36","modified_gmt":"2023-03-12T10:09:36","slug":"nueva-via-conectara-sopocachi-con-avenida-buenos-aires-y-el-alto","status":"publish","type":"post","link":"https:\/\/www.eldiario.net\/portal\/2023\/03\/12\/nueva-via-conectara-sopocachi-con-avenida-buenos-aires-y-el-alto\/","title":{"rendered":"Nueva v\u00eda conectar\u00e1  Sopocachi con avenida  Buenos Aires y El Alto"},"content":{"rendered":"<p>La consolidaci\u00f3n de la avenida Canad\u00e1 ubicada entre los distritos tres y cuatro de la zona de Cotahuma en La Paz, permitir\u00e1 la conexi\u00f3n con el sector de Sopocachi y la avenida Buenos Aires, a la altura de la rotonda Melchuco, tambi\u00e9n ser\u00e1 una nueva v\u00eda de conexi\u00f3n vehicular entre los municipios de La Paz y El Alto.<br \/>\nAnte esta nueva obra, representantes vecinales de los mencionados distritos y autoridades ediles expresaron su satisfacci\u00f3n por el proyecto. \u201cHemos visto el enorme inter\u00e9s que genera en la poblaci\u00f3n tener al fin esta avenida habilitada, es muy importante este proyecto porque ser\u00e1 una alternativa para quienes a diario transitan desde La Paz a El Alto\u201d, manifest\u00f3 el subalcalde de Cotahuma, Fausto Terrazas.<br \/>\nLa avenida Canad\u00e1 empieza con un tramo en zigzag en tres curvas de bajada desde la rotonda Melchuco en la avenida Buenos Aires, contin\u00faa con una v\u00eda de tierra de 15 metros de ancho con una longitud de aproximadamente 200 metros que ser\u00e1 empedrada en un plazo de tres meses.<br \/>\n\u201cSabemos de la importancia de esta v\u00eda para los vecinos que viven en este sector y tambi\u00e9n para los barrios colindantes porque el tener una v\u00eda en buenas condiciones mejora la calidad de vida y es m\u00e1s f\u00e1cil acceder para ampliar y construir\u201d, indic\u00f3 el presidente de la junta vecinal de Villa Jucumarini en el Distrito 4 de Cotahuma, Florencio Yanarico.<br \/>\nJucumarini, Nueva Esperanza, Jinchupalla, Mar\u00eda Auxiliadora y Obispo Bosque Bajo, son algunas de las zonas que ser\u00e1n beneficiadas con la consolidaci\u00f3n de la avenida Canad\u00e1, proyecto a cargo de varias unidades organizacionales del Gobierno Aut\u00f3nomo Municipal de La Paz.<\/p>\n","protected":false},"excerpt":{"rendered":"<p>La consolidaci\u00f3n de la avenida Canad\u00e1 ubicada entre los distritos tres y cuatro de la zona de Cotahuma en La Paz, permitir\u00e1 la conexi\u00f3n con el sector de Sopocachi y la avenida Buenos Aires, a la altura de la rotonda Melchuco, tambi\u00e9n ser\u00e1 una nueva v\u00eda de conexi\u00f3n vehicular entre los municipios de La Paz [&hellip;]<\/p>\n","protected":false},"author":1,"featured_media":0,"comment_status":"closed","ping_status":"closed","sticky":false,"template":"","format":"standard","meta":{"_acf_changed":false,"footnotes":""},"categories":[12],"tags":[],"class_list":["post-142688","post","type-post","status-publish","format-standard","category-nacional"],"acf":{"antetitulo":""},"yoast_head":"<!-- This site is optimized with the Yoast SEO plugin v28.4 - https:\/\/yoast.com\/product\/yoast-seo-wordpress\/ -->\n<title>Nueva v\u00eda conectar\u00e1 Sopocachi con avenida Buenos Aires y El Alto - El Diario - Bolivia<\/title>\n<meta name=\"robots\" content=\"index, follow, max-snippet:-1, max-image-preview:large, max-video-preview:-1\" \/>\n<link rel=\"canonical\" href=\"https:\/\/www.eldiario.net\/portal\/2023\/03\/12\/nueva-via-conectara-sopocachi-con-avenida-buenos-aires-y-el-alto\/\" \/>\n<meta property=\"og:locale\" content=\"es_ES\" \/>\n<meta property=\"og:type\" content=\"article\" \/>\n<meta property=\"og:title\" content=\"Nueva v\u00eda conectar\u00e1 Sopocachi con avenida Buenos Aires y El Alto - El Diario - Bolivia\" \/>\n<meta property=\"og:description\" content=\"La consolidaci\u00f3n de la avenida Canad\u00e1 ubicada entre los distritos tres y cuatro de la zona de Cotahuma en La Paz, permitir\u00e1 la conexi\u00f3n con el sector de Sopocachi y la avenida Buenos Aires, a la altura de la rotonda Melchuco, tambi\u00e9n ser\u00e1 una nueva v\u00eda de conexi\u00f3n vehicular entre los municipios de La Paz [&hellip;]\" \/>\n<meta property=\"og:url\" content=\"https:\/\/www.eldiario.net\/portal\/2023\/03\/12\/nueva-via-conectara-sopocachi-con-avenida-buenos-aires-y-el-alto\/\" \/>\n<meta property=\"og:site_name\" content=\"El Diario - Bolivia\" \/>\n<meta property=\"article:publisher\" content=\"https:\/\/www.facebook.com\/eldiario.bolivia\/\" \/>\n<meta property=\"article:published_time\" content=\"2023-03-12T10:09:36+00:00\" \/>\n<meta name=\"author\" content=\"Jeanette\" \/>\n<meta name=\"twitter:card\" content=\"summary_large_image\" \/>\n<meta name=\"twitter:creator\" content=\"@eldiario_net\" \/>\n<meta name=\"twitter:site\" content=\"@eldiario_net\" \/>\n<meta name=\"twitter:label1\" content=\"Escrito por\" \/>\n\t<meta name=\"twitter:data1\" content=\"Jeanette\" \/>\n<script type=\"application\/ld+json\" class=\"yoast-schema-graph\">{\"@context\":\"https:\\\/\\\/schema.org\",\"@graph\":[{\"@type\":\"Article\",\"@id\":\"https:\\\/\\\/www.eldiario.net\\\/portal\\\/2023\\\/03\\\/12\\\/nueva-via-conectara-sopocachi-con-avenida-buenos-aires-y-el-alto\\\/#article\",\"isPartOf\":{\"@id\":\"https:\\\/\\\/www.eldiario.net\\\/portal\\\/2023\\\/03\\\/12\\\/nueva-via-conectara-sopocachi-con-avenida-buenos-aires-y-el-alto\\\/\"},\"author\":{\"name\":\"Jeanette\",\"@id\":\"https:\\\/\\\/www.eldiario.net\\\/portal\\\/#\\\/schema\\\/person\\\/2c57cf2b7a7ae032e449e4c9b1019eac\"},\"headline\":\"Nueva v\u00eda conectar\u00e1 Sopocachi con avenida Buenos Aires y El Alto\",\"datePublished\":\"2023-03-12T10:09:36+00:00\",\"mainEntityOfPage\":{\"@id\":\"https:\\\/\\\/www.eldiario.net\\\/portal\\\/2023\\\/03\\\/12\\\/nueva-via-conectara-sopocachi-con-avenida-buenos-aires-y-el-alto\\\/\"},\"wordCount\":298,\"publisher\":{\"@id\":\"https:\\\/\\\/www.eldiario.net\\\/portal\\\/#organization\"},\"articleSection\":[\"Nacional\"],\"inLanguage\":\"es\"},{\"@type\":\"WebPage\",\"@id\":\"https:\\\/\\\/www.eldiario.net\\\/portal\\\/2023\\\/03\\\/12\\\/nueva-via-conectara-sopocachi-con-avenida-buenos-aires-y-el-alto\\\/\",\"url\":\"https:\\\/\\\/www.eldiario.net\\\/portal\\\/2023\\\/03\\\/12\\\/nueva-via-conectara-sopocachi-con-avenida-buenos-aires-y-el-alto\\\/\",\"name\":\"Nueva v\u00eda conectar\u00e1 Sopocachi con avenida Buenos Aires y El Alto - El Diario - Bolivia\",\"isPartOf\":{\"@id\":\"https:\\\/\\\/www.eldiario.net\\\/portal\\\/#website\"},\"datePublished\":\"2023-03-12T10:09:36+00:00\",\"breadcrumb\":{\"@id\":\"https:\\\/\\\/www.eldiario.net\\\/portal\\\/2023\\\/03\\\/12\\\/nueva-via-conectara-sopocachi-con-avenida-buenos-aires-y-el-alto\\\/#breadcrumb\"},\"inLanguage\":\"es\",\"potentialAction\":[{\"@type\":\"ReadAction\",\"target\":[\"https:\\\/\\\/www.eldiario.net\\\/portal\\\/2023\\\/03\\\/12\\\/nueva-via-conectara-sopocachi-con-avenida-buenos-aires-y-el-alto\\\/\"]}]},{\"@type\":\"BreadcrumbList\",\"@id\":\"https:\\\/\\\/www.eldiario.net\\\/portal\\\/2023\\\/03\\\/12\\\/nueva-via-conectara-sopocachi-con-avenida-buenos-aires-y-el-alto\\\/#breadcrumb\",\"itemListElement\":[{\"@type\":\"ListItem\",\"position\":1,\"name\":\"Portada\",\"item\":\"https:\\\/\\\/www.eldiario.net\\\/portal\\\/\"},{\"@type\":\"ListItem\",\"position\":2,\"name\":\"Nueva v\u00eda conectar\u00e1 Sopocachi con avenida Buenos Aires y El Alto\"}]},{\"@type\":\"WebSite\",\"@id\":\"https:\\\/\\\/www.eldiario.net\\\/portal\\\/#website\",\"url\":\"https:\\\/\\\/www.eldiario.net\\\/portal\\\/\",\"name\":\"El Diario - Decano de la prensa nacional\",\"description\":\"El Diario - Decano de la prensa nacional\",\"publisher\":{\"@id\":\"https:\\\/\\\/www.eldiario.net\\\/portal\\\/#organization\"},\"potentialAction\":[{\"@type\":\"SearchAction\",\"target\":{\"@type\":\"EntryPoint\",\"urlTemplate\":\"https:\\\/\\\/www.eldiario.net\\\/portal\\\/?s={search_term_string}\"},\"query-input\":{\"@type\":\"PropertyValueSpecification\",\"valueRequired\":true,\"valueName\":\"search_term_string\"}}],\"inLanguage\":\"es\"},{\"@type\":\"Organization\",\"@id\":\"https:\\\/\\\/www.eldiario.net\\\/portal\\\/#organization\",\"name\":\"El Diario - Decano de la prensa nacional\",\"url\":\"https:\\\/\\\/www.eldiario.net\\\/portal\\\/\",\"logo\":{\"@type\":\"ImageObject\",\"inLanguage\":\"es\",\"@id\":\"https:\\\/\\\/www.eldiario.net\\\/portal\\\/#\\\/schema\\\/logo\\\/image\\\/\",\"url\":\"https:\\\/\\\/www.eldiario.net\\\/portal\\\/wp-content\\\/uploads\\\/2023\\\/07\\\/logo_ED.jpg\",\"contentUrl\":\"https:\\\/\\\/www.eldiario.net\\\/portal\\\/wp-content\\\/uploads\\\/2023\\\/07\\\/logo_ED.jpg\",\"width\":272,\"height\":52,\"caption\":\"El Diario - Decano de la prensa nacional\"},\"image\":{\"@id\":\"https:\\\/\\\/www.eldiario.net\\\/portal\\\/#\\\/schema\\\/logo\\\/image\\\/\"},\"sameAs\":[\"https:\\\/\\\/www.facebook.com\\\/eldiario.bolivia\\\/\",\"https:\\\/\\\/x.com\\\/eldiario_net\"]},{\"@type\":\"Person\",\"@id\":\"https:\\\/\\\/www.eldiario.net\\\/portal\\\/#\\\/schema\\\/person\\\/2c57cf2b7a7ae032e449e4c9b1019eac\",\"name\":\"Jeanette\",\"image\":{\"@type\":\"ImageObject\",\"inLanguage\":\"es\",\"@id\":\"https:\\\/\\\/secure.gravatar.com\\\/avatar\\\/3ea2118a5f7dad2b7138b1187a6b7ee55f160b9968b66013c3a3ef39dd7e5798?s=96&d=mm&r=g\",\"url\":\"https:\\\/\\\/secure.gravatar.com\\\/avatar\\\/3ea2118a5f7dad2b7138b1187a6b7ee55f160b9968b66013c3a3ef39dd7e5798?s=96&d=mm&r=g\",\"contentUrl\":\"https:\\\/\\\/secure.gravatar.com\\\/avatar\\\/3ea2118a5f7dad2b7138b1187a6b7ee55f160b9968b66013c3a3ef39dd7e5798?s=96&d=mm&r=g\",\"caption\":\"Jeanette\"},\"sameAs\":[\"https:\\\/\\\/www.eldiario.net\\\/portal\"],\"url\":\"https:\\\/\\\/www.eldiario.net\\\/portal\\\/author\\\/jeanette\\\/\"}]}<\/script>\n<!-- \/ Yoast SEO plugin. -->","yoast_head_json":{"title":"Nueva v\u00eda conectar\u00e1 Sopocachi con avenida Buenos Aires y El Alto - El Diario - Bolivia","robots":{"index":"index","follow":"follow","max-snippet":"max-snippet:-1","max-image-preview":"max-image-preview:large","max-video-preview":"max-video-preview:-1"},"canonical":"https:\/\/www.eldiario.net\/portal\/2023\/03\/12\/nueva-via-conectara-sopocachi-con-avenida-buenos-aires-y-el-alto\/","og_locale":"es_ES","og_type":"article","og_title":"Nueva v\u00eda conectar\u00e1 Sopocachi con avenida Buenos Aires y El Alto - El Diario - Bolivia","og_description":"La consolidaci\u00f3n de la avenida Canad\u00e1 ubicada entre los distritos tres y cuatro de la zona de Cotahuma en La Paz, permitir\u00e1 la conexi\u00f3n con el sector de Sopocachi y la avenida Buenos Aires, a la altura de la rotonda Melchuco, tambi\u00e9n ser\u00e1 una nueva v\u00eda de conexi\u00f3n vehicular entre los municipios de La Paz [&hellip;]","og_url":"https:\/\/www.eldiario.net\/portal\/2023\/03\/12\/nueva-via-conectara-sopocachi-con-avenida-buenos-aires-y-el-alto\/","og_site_name":"El Diario - Bolivia","article_publisher":"https:\/\/www.facebook.com\/eldiario.bolivia\/","article_published_time":"2023-03-12T10:09:36+00:00","author":"Jeanette","twitter_card":"summary_large_image","twitter_creator":"@eldiario_net","twitter_site":"@eldiario_net","twitter_misc":{"Escrito por":"Jeanette"},"schema":{"@context":"https:\/\/schema.org","@graph":[{"@type":"Article","@id":"https:\/\/www.eldiario.net\/portal\/2023\/03\/12\/nueva-via-conectara-sopocachi-con-avenida-buenos-aires-y-el-alto\/#article","isPartOf":{"@id":"https:\/\/www.eldiario.net\/portal\/2023\/03\/12\/nueva-via-conectara-sopocachi-con-avenida-buenos-aires-y-el-alto\/"},"author":{"name":"Jeanette","@id":"https:\/\/www.eldiario.net\/portal\/#\/schema\/person\/2c57cf2b7a7ae032e449e4c9b1019eac"},"headline":"Nueva v\u00eda conectar\u00e1 Sopocachi con avenida Buenos Aires y El Alto","datePublished":"2023-03-12T10:09:36+00:00","mainEntityOfPage":{"@id":"https:\/\/www.eldiario.net\/portal\/2023\/03\/12\/nueva-via-conectara-sopocachi-con-avenida-buenos-aires-y-el-alto\/"},"wordCount":298,"publisher":{"@id":"https:\/\/www.eldiario.net\/portal\/#organization"},"articleSection":["Nacional"],"inLanguage":"es"},{"@type":"WebPage","@id":"https:\/\/www.eldiario.net\/portal\/2023\/03\/12\/nueva-via-conectara-sopocachi-con-avenida-buenos-aires-y-el-alto\/","url":"https:\/\/www.eldiario.net\/portal\/2023\/03\/12\/nueva-via-conectara-sopocachi-con-avenida-buenos-aires-y-el-alto\/","name":"Nueva v\u00eda conectar\u00e1 Sopocachi con avenida Buenos Aires y El Alto - El Diario - Bolivia","isPartOf":{"@id":"https:\/\/www.eldiario.net\/portal\/#website"},"datePublished":"2023-03-12T10:09:36+00:00","breadcrumb":{"@id":"https:\/\/www.eldiario.net\/portal\/2023\/03\/12\/nueva-via-conectara-sopocachi-con-avenida-buenos-aires-y-el-alto\/#breadcrumb"},"inLanguage":"es","potentialAction":[{"@type":"ReadAction","target":["https:\/\/www.eldiario.net\/portal\/2023\/03\/12\/nueva-via-conectara-sopocachi-con-avenida-buenos-aires-y-el-alto\/"]}]},{"@type":"BreadcrumbList","@id":"https:\/\/www.eldiario.net\/portal\/2023\/03\/12\/nueva-via-conectara-sopocachi-con-avenida-buenos-aires-y-el-alto\/#breadcrumb","itemListElement":[{"@type":"ListItem","position":1,"name":"Portada","item":"https:\/\/www.eldiario.net\/portal\/"},{"@type":"ListItem","position":2,"name":"Nueva v\u00eda conectar\u00e1 Sopocachi con avenida Buenos Aires y El Alto"}]},{"@type":"WebSite","@id":"https:\/\/www.eldiario.net\/portal\/#website","url":"https:\/\/www.eldiario.net\/portal\/","name":"El Diario - Decano de la prensa nacional","description":"El Diario - Decano de la prensa nacional","publisher":{"@id":"https:\/\/www.eldiario.net\/portal\/#organization"},"potentialAction":[{"@type":"SearchAction","target":{"@type":"EntryPoint","urlTemplate":"https:\/\/www.eldiario.net\/portal\/?s={search_term_string}"},"query-input":{"@type":"PropertyValueSpecification","valueRequired":true,"valueName":"search_term_string"}}],"inLanguage":"es"},{"@type":"Organization","@id":"https:\/\/www.eldiario.net\/portal\/#organization","name":"El Diario - Decano de la prensa nacional","url":"https:\/\/www.eldiario.net\/portal\/","logo":{"@type":"ImageObject","inLanguage":"es","@id":"https:\/\/www.eldiario.net\/portal\/#\/schema\/logo\/image\/","url":"https:\/\/www.eldiario.net\/portal\/wp-content\/uploads\/2023\/07\/logo_ED.jpg","contentUrl":"https:\/\/www.eldiario.net\/portal\/wp-content\/uploads\/2023\/07\/logo_ED.jpg","width":272,"height":52,"caption":"El Diario - Decano de la prensa nacional"},"image":{"@id":"https:\/\/www.eldiario.net\/portal\/#\/schema\/logo\/image\/"},"sameAs":["https:\/\/www.facebook.com\/eldiario.bolivia\/","https:\/\/x.com\/eldiario_net"]},{"@type":"Person","@id":"https:\/\/www.eldiario.net\/portal\/#\/schema\/person\/2c57cf2b7a7ae032e449e4c9b1019eac","name":"Jeanette","image":{"@type":"ImageObject","inLanguage":"es","@id":"https:\/\/secure.gravatar.com\/avatar\/3ea2118a5f7dad2b7138b1187a6b7ee55f160b9968b66013c3a3ef39dd7e5798?s=96&d=mm&r=g","url":"https:\/\/secure.gravatar.com\/avatar\/3ea2118a5f7dad2b7138b1187a6b7ee55f160b9968b66013c3a3ef39dd7e5798?s=96&d=mm&r=g","contentUrl":"https:\/\/secure.gravatar.com\/avatar\/3ea2118a5f7dad2b7138b1187a6b7ee55f160b9968b66013c3a3ef39dd7e5798?s=96&d=mm&r=g","caption":"Jeanette"},"sameAs":["https:\/\/www.eldiario.net\/portal"],"url":"https:\/\/www.eldiario.net\/portal\/author\/jeanette\/"}]}},"_links":{"self":[{"href":"https:\/\/www.eldiario.net\/portal\/wp-json\/wp\/v2\/posts\/142688","targetHints":{"allow":["GET"]}}],"collection":[{"href":"https:\/\/www.eldiario.net\/portal\/wp-json\/wp\/v2\/posts"}],"about":[{"href":"https:\/\/www.eldiario.net\/portal\/wp-json\/wp\/v2\/types\/post"}],"author":[{"embeddable":true,"href":"https:\/\/www.eldiario.net\/portal\/wp-json\/wp\/v2\/users\/1"}],"replies":[{"embeddable":true,"href":"https:\/\/www.eldiario.net\/portal\/wp-json\/wp\/v2\/comments?post=142688"}],"version-history":[{"count":0,"href":"https:\/\/www.eldiario.net\/portal\/wp-json\/wp\/v2\/posts\/142688\/revisions"}],"wp:attachment":[{"href":"https:\/\/www.eldiario.net\/portal\/wp-json\/wp\/v2\/media?parent=142688"}],"wp:term":[{"taxonomy":"category","embeddable":true,"href":"https:\/\/www.eldiario.net\/portal\/wp-json\/wp\/v2\/categories?post=142688"},{"taxonomy":"post_tag","embeddable":true,"href":"https:\/\/www.eldiario.net\/portal\/wp-json\/wp\/v2\/tags?post=142688"}],"curies":[{"name":"wp","href":"https:\/\/api.w.org\/{rel}","templated":true}]}}