{"id":142686,"date":"2023-03-12T06:09:16","date_gmt":"2023-03-12T10:09:16","guid":{"rendered":"https:\/\/www.eldiario.net\/portal\/?p=142686"},"modified":"2023-03-12T06:09:16","modified_gmt":"2023-03-12T10:09:16","slug":"anuncian-campana-de-deteccion-de-glaucoma-y-vacunacion-de-vph","status":"publish","type":"post","link":"https:\/\/www.eldiario.net\/portal\/2023\/03\/12\/anuncian-campana-de-deteccion-de-glaucoma-y-vacunacion-de-vph\/","title":{"rendered":"Anuncian campa\u00f1a de detecci\u00f3n  de glaucoma y vacunaci\u00f3n de VPH"},"content":{"rendered":"<p>Con el objetivo de detectar casos y prevenir la presencia o desarrollo de enfermedades relacionadas al glaucoma (grupo de afecciones del ojo que da\u00f1an el nervio \u00f3ptico), el Servicio Departamental de Salud (Sedes) La Paz, a trav\u00e9s del Instituto Nacional de Oftalmolog\u00eda (INO), realizar\u00e1 la Campa\u00f1a de atenci\u00f3n del diagn\u00f3stico temprano del padecimiento. Asimismo, convoca a que ni\u00f1as de 10 a\u00f1os acudan a centros de salud a vacunarse contra el VPH (Virus de Papiloma Humano) para prevenir el desarrollo de c\u00e1ncer de cuello uterino.<br \/>\nDe acuerdo con la especialista del INO, Mar\u00eda Laura Alvares, el glaucoma es un padecimiento que engloba hasta 60 enfermedades oculares que pueden ocasionar la ceguera del paciente, producto de una degeneraci\u00f3n progresiva del nervio ocular.<br \/>\nPor eso, la profesional invit\u00f3 a la poblaci\u00f3n a participar de la campa\u00f1a que se realizar\u00e1 los d\u00edas 13, 14 y 15 de marzo, de 8:00 a 18:00 horas.<br \/>\n\u201cQueremos invitar a toda la poblaci\u00f3n de la ciudad de La Paz a acudir al Instituto Nacional de Oftalmolog\u00eda (INO) donde se realizar\u00e1 la atenci\u00f3n del diagn\u00f3stico temprano del glaucoma, porque esta enfermedad puede llevar a la ceguera si es que no se trata a tiempo\u201d, sostuvo.<br \/>\nPor otro lado, el director t\u00e9cnico del Sedes La Paz, Presley Riveros, lanz\u00f3 oficialmente la vacunaci\u00f3n contra el VPH a ni\u00f1as de 10 a\u00f1os, con el fin de prevenir el c\u00e1ncer de cuello uterino, primera causa de muerte en la mujer en Bolivia.<br \/>\n\u201cSomos el primer pa\u00eds en Latinoam\u00e9rica que reporta m\u00e1s casos de fallecidos por esta enfermedad, todos los d\u00edas de tres a cuatro mujeres mueren en el pa\u00eds por el c\u00e1ncer de cuello uterino, y se puede prevenir a trav\u00e9s de la vacuna, por eso llamamos a los padres de familia para que lleven a sus hijas de 10 a 13 a\u00f1os a su Centro de Salud, la vacuna est\u00e1 distribuida en todos los centros de salud, en las ciudades de La Paz, El Alto y en el \u00e1rea rural\u201d, indic\u00f3.<br \/>\nPara la vacuna solo se necesita el consentimiento firmado por los padres de familia y el carnet de identidad de la ni\u00f1a.<\/p>\n","protected":false},"excerpt":{"rendered":"<p>Con el objetivo de detectar casos y prevenir la presencia o desarrollo de enfermedades relacionadas al glaucoma (grupo de afecciones del ojo que da\u00f1an el nervio \u00f3ptico), el Servicio Departamental de Salud (Sedes) La Paz, a trav\u00e9s del Instituto Nacional de Oftalmolog\u00eda (INO), realizar\u00e1 la Campa\u00f1a de atenci\u00f3n del diagn\u00f3stico temprano del padecimiento. Asimismo, convoca [&hellip;]<\/p>\n","protected":false},"author":1,"featured_media":0,"comment_status":"closed","ping_status":"closed","sticky":false,"template":"","format":"standard","meta":{"_acf_changed":false,"footnotes":""},"categories":[12],"tags":[],"class_list":["post-142686","post","type-post","status-publish","format-standard","category-nacional"],"acf":{"antetitulo":""},"yoast_head":"<!-- This site is optimized with the Yoast SEO plugin v28.4 - https:\/\/yoast.com\/product\/yoast-seo-wordpress\/ -->\n<title>Anuncian campa\u00f1a de detecci\u00f3n de glaucoma y vacunaci\u00f3n de VPH - El Diario - Bolivia<\/title>\n<meta name=\"robots\" content=\"index, follow, max-snippet:-1, max-image-preview:large, max-video-preview:-1\" \/>\n<link rel=\"canonical\" href=\"https:\/\/www.eldiario.net\/portal\/2023\/03\/12\/anuncian-campana-de-deteccion-de-glaucoma-y-vacunacion-de-vph\/\" \/>\n<meta property=\"og:locale\" content=\"es_ES\" \/>\n<meta property=\"og:type\" content=\"article\" \/>\n<meta property=\"og:title\" content=\"Anuncian campa\u00f1a de detecci\u00f3n de glaucoma y vacunaci\u00f3n de VPH - El Diario - Bolivia\" \/>\n<meta property=\"og:description\" content=\"Con el objetivo de detectar casos y prevenir la presencia o desarrollo de enfermedades relacionadas al glaucoma (grupo de afecciones del ojo que da\u00f1an el nervio \u00f3ptico), el Servicio Departamental de Salud (Sedes) La Paz, a trav\u00e9s del Instituto Nacional de Oftalmolog\u00eda (INO), realizar\u00e1 la Campa\u00f1a de atenci\u00f3n del diagn\u00f3stico temprano del padecimiento. Asimismo, convoca [&hellip;]\" \/>\n<meta property=\"og:url\" content=\"https:\/\/www.eldiario.net\/portal\/2023\/03\/12\/anuncian-campana-de-deteccion-de-glaucoma-y-vacunacion-de-vph\/\" \/>\n<meta property=\"og:site_name\" content=\"El Diario - Bolivia\" \/>\n<meta property=\"article:publisher\" content=\"https:\/\/www.facebook.com\/eldiario.bolivia\/\" \/>\n<meta property=\"article:published_time\" content=\"2023-03-12T10:09:16+00:00\" \/>\n<meta name=\"author\" content=\"Jeanette\" \/>\n<meta name=\"twitter:card\" content=\"summary_large_image\" \/>\n<meta name=\"twitter:creator\" content=\"@eldiario_net\" \/>\n<meta name=\"twitter:site\" content=\"@eldiario_net\" \/>\n<meta name=\"twitter:label1\" content=\"Escrito por\" \/>\n\t<meta name=\"twitter:data1\" content=\"Jeanette\" \/>\n<script type=\"application\/ld+json\" class=\"yoast-schema-graph\">{\"@context\":\"https:\\\/\\\/schema.org\",\"@graph\":[{\"@type\":\"Article\",\"@id\":\"https:\\\/\\\/www.eldiario.net\\\/portal\\\/2023\\\/03\\\/12\\\/anuncian-campana-de-deteccion-de-glaucoma-y-vacunacion-de-vph\\\/#article\",\"isPartOf\":{\"@id\":\"https:\\\/\\\/www.eldiario.net\\\/portal\\\/2023\\\/03\\\/12\\\/anuncian-campana-de-deteccion-de-glaucoma-y-vacunacion-de-vph\\\/\"},\"author\":{\"name\":\"Jeanette\",\"@id\":\"https:\\\/\\\/www.eldiario.net\\\/portal\\\/#\\\/schema\\\/person\\\/2c57cf2b7a7ae032e449e4c9b1019eac\"},\"headline\":\"Anuncian campa\u00f1a de detecci\u00f3n de glaucoma y vacunaci\u00f3n de VPH\",\"datePublished\":\"2023-03-12T10:09:16+00:00\",\"mainEntityOfPage\":{\"@id\":\"https:\\\/\\\/www.eldiario.net\\\/portal\\\/2023\\\/03\\\/12\\\/anuncian-campana-de-deteccion-de-glaucoma-y-vacunacion-de-vph\\\/\"},\"wordCount\":386,\"publisher\":{\"@id\":\"https:\\\/\\\/www.eldiario.net\\\/portal\\\/#organization\"},\"articleSection\":[\"Nacional\"],\"inLanguage\":\"es\"},{\"@type\":\"WebPage\",\"@id\":\"https:\\\/\\\/www.eldiario.net\\\/portal\\\/2023\\\/03\\\/12\\\/anuncian-campana-de-deteccion-de-glaucoma-y-vacunacion-de-vph\\\/\",\"url\":\"https:\\\/\\\/www.eldiario.net\\\/portal\\\/2023\\\/03\\\/12\\\/anuncian-campana-de-deteccion-de-glaucoma-y-vacunacion-de-vph\\\/\",\"name\":\"Anuncian campa\u00f1a de detecci\u00f3n de glaucoma y vacunaci\u00f3n de VPH - El Diario - Bolivia\",\"isPartOf\":{\"@id\":\"https:\\\/\\\/www.eldiario.net\\\/portal\\\/#website\"},\"datePublished\":\"2023-03-12T10:09:16+00:00\",\"breadcrumb\":{\"@id\":\"https:\\\/\\\/www.eldiario.net\\\/portal\\\/2023\\\/03\\\/12\\\/anuncian-campana-de-deteccion-de-glaucoma-y-vacunacion-de-vph\\\/#breadcrumb\"},\"inLanguage\":\"es\",\"potentialAction\":[{\"@type\":\"ReadAction\",\"target\":[\"https:\\\/\\\/www.eldiario.net\\\/portal\\\/2023\\\/03\\\/12\\\/anuncian-campana-de-deteccion-de-glaucoma-y-vacunacion-de-vph\\\/\"]}]},{\"@type\":\"BreadcrumbList\",\"@id\":\"https:\\\/\\\/www.eldiario.net\\\/portal\\\/2023\\\/03\\\/12\\\/anuncian-campana-de-deteccion-de-glaucoma-y-vacunacion-de-vph\\\/#breadcrumb\",\"itemListElement\":[{\"@type\":\"ListItem\",\"position\":1,\"name\":\"Portada\",\"item\":\"https:\\\/\\\/www.eldiario.net\\\/portal\\\/\"},{\"@type\":\"ListItem\",\"position\":2,\"name\":\"Anuncian campa\u00f1a de detecci\u00f3n de glaucoma y vacunaci\u00f3n de VPH\"}]},{\"@type\":\"WebSite\",\"@id\":\"https:\\\/\\\/www.eldiario.net\\\/portal\\\/#website\",\"url\":\"https:\\\/\\\/www.eldiario.net\\\/portal\\\/\",\"name\":\"El Diario - Decano de la prensa nacional\",\"description\":\"El Diario - Decano de la prensa nacional\",\"publisher\":{\"@id\":\"https:\\\/\\\/www.eldiario.net\\\/portal\\\/#organization\"},\"potentialAction\":[{\"@type\":\"SearchAction\",\"target\":{\"@type\":\"EntryPoint\",\"urlTemplate\":\"https:\\\/\\\/www.eldiario.net\\\/portal\\\/?s={search_term_string}\"},\"query-input\":{\"@type\":\"PropertyValueSpecification\",\"valueRequired\":true,\"valueName\":\"search_term_string\"}}],\"inLanguage\":\"es\"},{\"@type\":\"Organization\",\"@id\":\"https:\\\/\\\/www.eldiario.net\\\/portal\\\/#organization\",\"name\":\"El Diario - Decano de la prensa nacional\",\"url\":\"https:\\\/\\\/www.eldiario.net\\\/portal\\\/\",\"logo\":{\"@type\":\"ImageObject\",\"inLanguage\":\"es\",\"@id\":\"https:\\\/\\\/www.eldiario.net\\\/portal\\\/#\\\/schema\\\/logo\\\/image\\\/\",\"url\":\"https:\\\/\\\/www.eldiario.net\\\/portal\\\/wp-content\\\/uploads\\\/2023\\\/07\\\/logo_ED.jpg\",\"contentUrl\":\"https:\\\/\\\/www.eldiario.net\\\/portal\\\/wp-content\\\/uploads\\\/2023\\\/07\\\/logo_ED.jpg\",\"width\":272,\"height\":52,\"caption\":\"El Diario - Decano de la prensa nacional\"},\"image\":{\"@id\":\"https:\\\/\\\/www.eldiario.net\\\/portal\\\/#\\\/schema\\\/logo\\\/image\\\/\"},\"sameAs\":[\"https:\\\/\\\/www.facebook.com\\\/eldiario.bolivia\\\/\",\"https:\\\/\\\/x.com\\\/eldiario_net\"]},{\"@type\":\"Person\",\"@id\":\"https:\\\/\\\/www.eldiario.net\\\/portal\\\/#\\\/schema\\\/person\\\/2c57cf2b7a7ae032e449e4c9b1019eac\",\"name\":\"Jeanette\",\"image\":{\"@type\":\"ImageObject\",\"inLanguage\":\"es\",\"@id\":\"https:\\\/\\\/secure.gravatar.com\\\/avatar\\\/3ea2118a5f7dad2b7138b1187a6b7ee55f160b9968b66013c3a3ef39dd7e5798?s=96&d=mm&r=g\",\"url\":\"https:\\\/\\\/secure.gravatar.com\\\/avatar\\\/3ea2118a5f7dad2b7138b1187a6b7ee55f160b9968b66013c3a3ef39dd7e5798?s=96&d=mm&r=g\",\"contentUrl\":\"https:\\\/\\\/secure.gravatar.com\\\/avatar\\\/3ea2118a5f7dad2b7138b1187a6b7ee55f160b9968b66013c3a3ef39dd7e5798?s=96&d=mm&r=g\",\"caption\":\"Jeanette\"},\"sameAs\":[\"https:\\\/\\\/www.eldiario.net\\\/portal\"],\"url\":\"https:\\\/\\\/www.eldiario.net\\\/portal\\\/author\\\/jeanette\\\/\"}]}<\/script>\n<!-- \/ Yoast SEO plugin. -->","yoast_head_json":{"title":"Anuncian campa\u00f1a de detecci\u00f3n de glaucoma y vacunaci\u00f3n de VPH - El Diario - Bolivia","robots":{"index":"index","follow":"follow","max-snippet":"max-snippet:-1","max-image-preview":"max-image-preview:large","max-video-preview":"max-video-preview:-1"},"canonical":"https:\/\/www.eldiario.net\/portal\/2023\/03\/12\/anuncian-campana-de-deteccion-de-glaucoma-y-vacunacion-de-vph\/","og_locale":"es_ES","og_type":"article","og_title":"Anuncian campa\u00f1a de detecci\u00f3n de glaucoma y vacunaci\u00f3n de VPH - El Diario - Bolivia","og_description":"Con el objetivo de detectar casos y prevenir la presencia o desarrollo de enfermedades relacionadas al glaucoma (grupo de afecciones del ojo que da\u00f1an el nervio \u00f3ptico), el Servicio Departamental de Salud (Sedes) La Paz, a trav\u00e9s del Instituto Nacional de Oftalmolog\u00eda (INO), realizar\u00e1 la Campa\u00f1a de atenci\u00f3n del diagn\u00f3stico temprano del padecimiento. Asimismo, convoca [&hellip;]","og_url":"https:\/\/www.eldiario.net\/portal\/2023\/03\/12\/anuncian-campana-de-deteccion-de-glaucoma-y-vacunacion-de-vph\/","og_site_name":"El Diario - Bolivia","article_publisher":"https:\/\/www.facebook.com\/eldiario.bolivia\/","article_published_time":"2023-03-12T10:09:16+00:00","author":"Jeanette","twitter_card":"summary_large_image","twitter_creator":"@eldiario_net","twitter_site":"@eldiario_net","twitter_misc":{"Escrito por":"Jeanette"},"schema":{"@context":"https:\/\/schema.org","@graph":[{"@type":"Article","@id":"https:\/\/www.eldiario.net\/portal\/2023\/03\/12\/anuncian-campana-de-deteccion-de-glaucoma-y-vacunacion-de-vph\/#article","isPartOf":{"@id":"https:\/\/www.eldiario.net\/portal\/2023\/03\/12\/anuncian-campana-de-deteccion-de-glaucoma-y-vacunacion-de-vph\/"},"author":{"name":"Jeanette","@id":"https:\/\/www.eldiario.net\/portal\/#\/schema\/person\/2c57cf2b7a7ae032e449e4c9b1019eac"},"headline":"Anuncian campa\u00f1a de detecci\u00f3n de glaucoma y vacunaci\u00f3n de VPH","datePublished":"2023-03-12T10:09:16+00:00","mainEntityOfPage":{"@id":"https:\/\/www.eldiario.net\/portal\/2023\/03\/12\/anuncian-campana-de-deteccion-de-glaucoma-y-vacunacion-de-vph\/"},"wordCount":386,"publisher":{"@id":"https:\/\/www.eldiario.net\/portal\/#organization"},"articleSection":["Nacional"],"inLanguage":"es"},{"@type":"WebPage","@id":"https:\/\/www.eldiario.net\/portal\/2023\/03\/12\/anuncian-campana-de-deteccion-de-glaucoma-y-vacunacion-de-vph\/","url":"https:\/\/www.eldiario.net\/portal\/2023\/03\/12\/anuncian-campana-de-deteccion-de-glaucoma-y-vacunacion-de-vph\/","name":"Anuncian campa\u00f1a de detecci\u00f3n de glaucoma y vacunaci\u00f3n de VPH - El Diario - Bolivia","isPartOf":{"@id":"https:\/\/www.eldiario.net\/portal\/#website"},"datePublished":"2023-03-12T10:09:16+00:00","breadcrumb":{"@id":"https:\/\/www.eldiario.net\/portal\/2023\/03\/12\/anuncian-campana-de-deteccion-de-glaucoma-y-vacunacion-de-vph\/#breadcrumb"},"inLanguage":"es","potentialAction":[{"@type":"ReadAction","target":["https:\/\/www.eldiario.net\/portal\/2023\/03\/12\/anuncian-campana-de-deteccion-de-glaucoma-y-vacunacion-de-vph\/"]}]},{"@type":"BreadcrumbList","@id":"https:\/\/www.eldiario.net\/portal\/2023\/03\/12\/anuncian-campana-de-deteccion-de-glaucoma-y-vacunacion-de-vph\/#breadcrumb","itemListElement":[{"@type":"ListItem","position":1,"name":"Portada","item":"https:\/\/www.eldiario.net\/portal\/"},{"@type":"ListItem","position":2,"name":"Anuncian campa\u00f1a de detecci\u00f3n de glaucoma y vacunaci\u00f3n de VPH"}]},{"@type":"WebSite","@id":"https:\/\/www.eldiario.net\/portal\/#website","url":"https:\/\/www.eldiario.net\/portal\/","name":"El Diario - Decano de la prensa nacional","description":"El Diario - Decano de la prensa nacional","publisher":{"@id":"https:\/\/www.eldiario.net\/portal\/#organization"},"potentialAction":[{"@type":"SearchAction","target":{"@type":"EntryPoint","urlTemplate":"https:\/\/www.eldiario.net\/portal\/?s={search_term_string}"},"query-input":{"@type":"PropertyValueSpecification","valueRequired":true,"valueName":"search_term_string"}}],"inLanguage":"es"},{"@type":"Organization","@id":"https:\/\/www.eldiario.net\/portal\/#organization","name":"El Diario - Decano de la prensa nacional","url":"https:\/\/www.eldiario.net\/portal\/","logo":{"@type":"ImageObject","inLanguage":"es","@id":"https:\/\/www.eldiario.net\/portal\/#\/schema\/logo\/image\/","url":"https:\/\/www.eldiario.net\/portal\/wp-content\/uploads\/2023\/07\/logo_ED.jpg","contentUrl":"https:\/\/www.eldiario.net\/portal\/wp-content\/uploads\/2023\/07\/logo_ED.jpg","width":272,"height":52,"caption":"El Diario - Decano de la prensa nacional"},"image":{"@id":"https:\/\/www.eldiario.net\/portal\/#\/schema\/logo\/image\/"},"sameAs":["https:\/\/www.facebook.com\/eldiario.bolivia\/","https:\/\/x.com\/eldiario_net"]},{"@type":"Person","@id":"https:\/\/www.eldiario.net\/portal\/#\/schema\/person\/2c57cf2b7a7ae032e449e4c9b1019eac","name":"Jeanette","image":{"@type":"ImageObject","inLanguage":"es","@id":"https:\/\/secure.gravatar.com\/avatar\/3ea2118a5f7dad2b7138b1187a6b7ee55f160b9968b66013c3a3ef39dd7e5798?s=96&d=mm&r=g","url":"https:\/\/secure.gravatar.com\/avatar\/3ea2118a5f7dad2b7138b1187a6b7ee55f160b9968b66013c3a3ef39dd7e5798?s=96&d=mm&r=g","contentUrl":"https:\/\/secure.gravatar.com\/avatar\/3ea2118a5f7dad2b7138b1187a6b7ee55f160b9968b66013c3a3ef39dd7e5798?s=96&d=mm&r=g","caption":"Jeanette"},"sameAs":["https:\/\/www.eldiario.net\/portal"],"url":"https:\/\/www.eldiario.net\/portal\/author\/jeanette\/"}]}},"_links":{"self":[{"href":"https:\/\/www.eldiario.net\/portal\/wp-json\/wp\/v2\/posts\/142686","targetHints":{"allow":["GET"]}}],"collection":[{"href":"https:\/\/www.eldiario.net\/portal\/wp-json\/wp\/v2\/posts"}],"about":[{"href":"https:\/\/www.eldiario.net\/portal\/wp-json\/wp\/v2\/types\/post"}],"author":[{"embeddable":true,"href":"https:\/\/www.eldiario.net\/portal\/wp-json\/wp\/v2\/users\/1"}],"replies":[{"embeddable":true,"href":"https:\/\/www.eldiario.net\/portal\/wp-json\/wp\/v2\/comments?post=142686"}],"version-history":[{"count":0,"href":"https:\/\/www.eldiario.net\/portal\/wp-json\/wp\/v2\/posts\/142686\/revisions"}],"wp:attachment":[{"href":"https:\/\/www.eldiario.net\/portal\/wp-json\/wp\/v2\/media?parent=142686"}],"wp:term":[{"taxonomy":"category","embeddable":true,"href":"https:\/\/www.eldiario.net\/portal\/wp-json\/wp\/v2\/categories?post=142686"},{"taxonomy":"post_tag","embeddable":true,"href":"https:\/\/www.eldiario.net\/portal\/wp-json\/wp\/v2\/tags?post=142686"}],"curies":[{"name":"wp","href":"https:\/\/api.w.org\/{rel}","templated":true}]}}