{"id":142681,"date":"2023-03-12T06:08:08","date_gmt":"2023-03-12T10:08:08","guid":{"rendered":"https:\/\/www.eldiario.net\/portal\/?p=142681"},"modified":"2023-03-12T06:08:08","modified_gmt":"2023-03-12T10:08:08","slug":"gobierno-declara-emergencia-en-lima-y-otras-regiones-del-norte","status":"publish","type":"post","link":"https:\/\/www.eldiario.net\/portal\/2023\/03\/12\/gobierno-declara-emergencia-en-lima-y-otras-regiones-del-norte\/","title":{"rendered":"Gobierno declara emergencia en Lima y otras regiones del norte"},"content":{"rendered":"<p>Ante el incremento de las intensas lluvias por influencia del cicl\u00f3n Yaku en el Per\u00fa, el ministro de Defensa, Jorge Ch\u00e1vez Cresta, anunci\u00f3 la declaratoria de emergencia desde las regiones de Tumbes hasta Lima.<br \/>\nEn ese sentido, el funcionario gubernamental inform\u00f3 que las regiones de Tumbes, Piura, Lambayeque, La Libertad, \u00c1ncash, Cajamarca y Lima fueron declaradas en emergencia con el fin de tomar acciones frente a los efectos del fen\u00f3meno climatol\u00f3gico que dej\u00f3 hasta el momento 6 personas fallecidas y miles de personas damnificadas, seg\u00fan informaci\u00f3n del Centro de Operaciones de Emergencia Nacional (COEN).<br \/>\nAsimismo, Ch\u00e1vez Cresta indic\u00f3 que dentro de las acciones que vienen tomando de manera articulada y coordinada entre el gobierno central con los gobiernos regionales y locales, es solicitarles la activaci\u00f3n de manera permanente sus plataformas de Defensa Civil, esto como acci\u00f3n de contingencia y emergencia.<br \/>\nEn ese sentido, coment\u00f3 que la presidenta de la Rep\u00fablica, Dina Boluarte llev\u00f3 acabo la instalaci\u00f3n del COEN y el Consejo Nacional de Gesti\u00f3n de Riesgo de Desastres (Conagerd), en la cual se van a constituir todos los miembros a partir de hoy.<br \/>\nTambi\u00e9n, el titular del Ministerio de Defensa se\u00f1al\u00f3 que se vienen evaluando las provincias de Tarapoto y Oxapampa, en las regiones San Mart\u00edn y Pasco, respectivamente, a fin de determinar las acciones para decretar estado de emergencia en estas zonas debido, tambi\u00e9n al impacto que dej\u00f3 las precipitaciones.<br \/>\nLluvias y activaci\u00f3n de quebradas en Lima<br \/>\nPor otra parte, el ministro se\u00f1al\u00f3 que debido a la alerta de lluvias frente a las costas de Lima tambi\u00e9n se consider\u00f3 declara en emergencia a la capital ante el riesgo del incremento de los caudales del r\u00edo R\u00edmac, r\u00edo Chill\u00f3n y r\u00edo Lur\u00edn.<br \/>\n\u201cEsta declaratoria de emergencia es para tomar todas las previsiones presupuestales en el sentido de proteger a la ciudad de Lima\u201d, sostuvo el funcionario luego de su salida de Palacio de Gobierno, donde se reuni\u00f3 con la presidenta Dina Boluarte.<br \/>\nAdem\u00e1s, el titular del Ministerio de Defensa inform\u00f3 que, de acuerdo a la comunidad cient\u00edfica, el cicl\u00f3n Yaku, que desciende de la zona norte, eleve la temperatura de las aguas provocando lluvias en la zona costera de Lima y activando las m\u00e1s de 30 quebradas ubicadas en Chosica, Chaclacayo y Santa Eulalia.<br \/>\n\u201cLas previsiones que se tomar\u00e1n en cuenta son desplazar maquinar\u00eda, desplazar a miembros de las Fuerzas Armadas, personal de la gesti\u00f3n de riesgos y desastres para estar atentos a la evacuaci\u00f3n que se podr\u00eda producir como consecuencia de la activaci\u00f3n de quebradas. Lamentablemente, estas quebradas est\u00e1n con viviendas, y en algunos casos en su mayor\u00eda, por tanto debemos estar alertas y tomar acciones con la debida responsabilidad\u201d, indic\u00f3 el ministro.<br \/>\nPor su parte, la minista de Vivienda, Hania P\u00e9rez de Cuellar, indic\u00f3 que se edespleg\u00f3 gran parte del Gabinete de Ministros junto a la presidenta de la Rep\u00fablica, Dina Boluarte, desde Tumbes, Piura, Lambayeque y La Libertad para hacer una inspecci\u00f3n y levantamiento de las zonas afectadas, as\u00ed como llevar ayuda humanitaria con el apoyo del sector privado.<\/p>\n<p>SUSPENSI\u00d3N DE CLASES<br \/>\nEn cuanto a las clases en Lima, el ministro de Defensa indic\u00f3 que ante esta previsi\u00f3n, cada una de las Ugel, en coordinaci\u00f3n con el Ministerio de Educaci\u00f3n, har\u00e1n un an\u00e1lisis profundo para evaluar y luego solicitar la pertinencia de continuar con clases o no, \u201cLes pido su comprensi\u00f3n que esto es un movimiento evolutivo, la finalidad es trabajar articuladamente entre gobiernos para proteger a nuestra poblaci\u00f3n\u201d, puntualiz\u00f3. (Infobae).<\/p>\n","protected":false},"excerpt":{"rendered":"<p>Ante el incremento de las intensas lluvias por influencia del cicl\u00f3n Yaku en el Per\u00fa, el ministro de Defensa, Jorge Ch\u00e1vez Cresta, anunci\u00f3 la declaratoria de emergencia desde las regiones de Tumbes hasta Lima. En ese sentido, el funcionario gubernamental inform\u00f3 que las regiones de Tumbes, Piura, Lambayeque, La Libertad, \u00c1ncash, Cajamarca y Lima fueron [&hellip;]<\/p>\n","protected":false},"author":1,"featured_media":142682,"comment_status":"closed","ping_status":"closed","sticky":false,"template":"","format":"standard","meta":{"_acf_changed":false,"footnotes":""},"categories":[3],"tags":[],"class_list":["post-142681","post","type-post","status-publish","format-standard","has-post-thumbnail","category-internacional"],"acf":{"antetitulo":""},"yoast_head":"<!-- This site is optimized with the Yoast SEO plugin v28.4 - https:\/\/yoast.com\/product\/yoast-seo-wordpress\/ -->\n<title>Gobierno declara emergencia en Lima y otras regiones del norte - El Diario - Bolivia<\/title>\n<meta name=\"robots\" content=\"index, follow, max-snippet:-1, max-image-preview:large, max-video-preview:-1\" \/>\n<link rel=\"canonical\" href=\"https:\/\/www.eldiario.net\/portal\/2023\/03\/12\/gobierno-declara-emergencia-en-lima-y-otras-regiones-del-norte\/\" \/>\n<meta property=\"og:locale\" content=\"es_ES\" \/>\n<meta property=\"og:type\" content=\"article\" \/>\n<meta property=\"og:title\" content=\"Gobierno declara emergencia en Lima y otras regiones del norte - El Diario - Bolivia\" \/>\n<meta property=\"og:description\" content=\"Ante el incremento de las intensas lluvias por influencia del cicl\u00f3n Yaku en el Per\u00fa, el ministro de Defensa, Jorge Ch\u00e1vez Cresta, anunci\u00f3 la declaratoria de emergencia desde las regiones de Tumbes hasta Lima. En ese sentido, el funcionario gubernamental inform\u00f3 que las regiones de Tumbes, Piura, Lambayeque, La Libertad, \u00c1ncash, Cajamarca y Lima fueron [&hellip;]\" \/>\n<meta property=\"og:url\" content=\"https:\/\/www.eldiario.net\/portal\/2023\/03\/12\/gobierno-declara-emergencia-en-lima-y-otras-regiones-del-norte\/\" \/>\n<meta property=\"og:site_name\" content=\"El Diario - Bolivia\" \/>\n<meta property=\"article:publisher\" content=\"https:\/\/www.facebook.com\/eldiario.bolivia\/\" \/>\n<meta property=\"article:published_time\" content=\"2023-03-12T10:08:08+00:00\" \/>\n<meta name=\"author\" content=\"Jeanette\" \/>\n<meta name=\"twitter:card\" content=\"summary_large_image\" \/>\n<meta name=\"twitter:creator\" content=\"@eldiario_net\" \/>\n<meta name=\"twitter:site\" content=\"@eldiario_net\" \/>\n<meta name=\"twitter:label1\" content=\"Escrito por\" \/>\n\t<meta name=\"twitter:data1\" content=\"Jeanette\" \/>\n\t<meta name=\"twitter:label2\" content=\"Tiempo de lectura\" \/>\n\t<meta name=\"twitter:data2\" content=\"3 minutos\" \/>\n<script type=\"application\/ld+json\" class=\"yoast-schema-graph\">{\"@context\":\"https:\\\/\\\/schema.org\",\"@graph\":[{\"@type\":\"Article\",\"@id\":\"https:\\\/\\\/www.eldiario.net\\\/portal\\\/2023\\\/03\\\/12\\\/gobierno-declara-emergencia-en-lima-y-otras-regiones-del-norte\\\/#article\",\"isPartOf\":{\"@id\":\"https:\\\/\\\/www.eldiario.net\\\/portal\\\/2023\\\/03\\\/12\\\/gobierno-declara-emergencia-en-lima-y-otras-regiones-del-norte\\\/\"},\"author\":{\"name\":\"Jeanette\",\"@id\":\"https:\\\/\\\/www.eldiario.net\\\/portal\\\/#\\\/schema\\\/person\\\/f46445640444750d7d753ccd04ae01b7\"},\"headline\":\"Gobierno declara emergencia en Lima y otras regiones del norte\",\"datePublished\":\"2023-03-12T10:08:08+00:00\",\"mainEntityOfPage\":{\"@id\":\"https:\\\/\\\/www.eldiario.net\\\/portal\\\/2023\\\/03\\\/12\\\/gobierno-declara-emergencia-en-lima-y-otras-regiones-del-norte\\\/\"},\"wordCount\":630,\"publisher\":{\"@id\":\"https:\\\/\\\/www.eldiario.net\\\/portal\\\/#organization\"},\"image\":{\"@id\":\"https:\\\/\\\/www.eldiario.net\\\/portal\\\/2023\\\/03\\\/12\\\/gobierno-declara-emergencia-en-lima-y-otras-regiones-del-norte\\\/#primaryimage\"},\"thumbnailUrl\":\"\",\"articleSection\":[\"Internacional\"],\"inLanguage\":\"es\"},{\"@type\":\"WebPage\",\"@id\":\"https:\\\/\\\/www.eldiario.net\\\/portal\\\/2023\\\/03\\\/12\\\/gobierno-declara-emergencia-en-lima-y-otras-regiones-del-norte\\\/\",\"url\":\"https:\\\/\\\/www.eldiario.net\\\/portal\\\/2023\\\/03\\\/12\\\/gobierno-declara-emergencia-en-lima-y-otras-regiones-del-norte\\\/\",\"name\":\"Gobierno declara emergencia en Lima y otras regiones del norte - El Diario - Bolivia\",\"isPartOf\":{\"@id\":\"https:\\\/\\\/www.eldiario.net\\\/portal\\\/#website\"},\"primaryImageOfPage\":{\"@id\":\"https:\\\/\\\/www.eldiario.net\\\/portal\\\/2023\\\/03\\\/12\\\/gobierno-declara-emergencia-en-lima-y-otras-regiones-del-norte\\\/#primaryimage\"},\"image\":{\"@id\":\"https:\\\/\\\/www.eldiario.net\\\/portal\\\/2023\\\/03\\\/12\\\/gobierno-declara-emergencia-en-lima-y-otras-regiones-del-norte\\\/#primaryimage\"},\"thumbnailUrl\":\"\",\"datePublished\":\"2023-03-12T10:08:08+00:00\",\"breadcrumb\":{\"@id\":\"https:\\\/\\\/www.eldiario.net\\\/portal\\\/2023\\\/03\\\/12\\\/gobierno-declara-emergencia-en-lima-y-otras-regiones-del-norte\\\/#breadcrumb\"},\"inLanguage\":\"es\",\"potentialAction\":[{\"@type\":\"ReadAction\",\"target\":[\"https:\\\/\\\/www.eldiario.net\\\/portal\\\/2023\\\/03\\\/12\\\/gobierno-declara-emergencia-en-lima-y-otras-regiones-del-norte\\\/\"]}]},{\"@type\":\"ImageObject\",\"inLanguage\":\"es\",\"@id\":\"https:\\\/\\\/www.eldiario.net\\\/portal\\\/2023\\\/03\\\/12\\\/gobierno-declara-emergencia-en-lima-y-otras-regiones-del-norte\\\/#primaryimage\",\"url\":\"\",\"contentUrl\":\"\"},{\"@type\":\"BreadcrumbList\",\"@id\":\"https:\\\/\\\/www.eldiario.net\\\/portal\\\/2023\\\/03\\\/12\\\/gobierno-declara-emergencia-en-lima-y-otras-regiones-del-norte\\\/#breadcrumb\",\"itemListElement\":[{\"@type\":\"ListItem\",\"position\":1,\"name\":\"Portada\",\"item\":\"https:\\\/\\\/www.eldiario.net\\\/portal\\\/\"},{\"@type\":\"ListItem\",\"position\":2,\"name\":\"Gobierno declara emergencia en Lima y otras regiones del norte\"}]},{\"@type\":\"WebSite\",\"@id\":\"https:\\\/\\\/www.eldiario.net\\\/portal\\\/#website\",\"url\":\"https:\\\/\\\/www.eldiario.net\\\/portal\\\/\",\"name\":\"El Diario - Decano de la prensa nacional\",\"description\":\"El Diario - Decano de la prensa nacional\",\"publisher\":{\"@id\":\"https:\\\/\\\/www.eldiario.net\\\/portal\\\/#organization\"},\"potentialAction\":[{\"@type\":\"SearchAction\",\"target\":{\"@type\":\"EntryPoint\",\"urlTemplate\":\"https:\\\/\\\/www.eldiario.net\\\/portal\\\/?s={search_term_string}\"},\"query-input\":{\"@type\":\"PropertyValueSpecification\",\"valueRequired\":true,\"valueName\":\"search_term_string\"}}],\"inLanguage\":\"es\"},{\"@type\":\"Organization\",\"@id\":\"https:\\\/\\\/www.eldiario.net\\\/portal\\\/#organization\",\"name\":\"El Diario - Decano de la prensa nacional\",\"url\":\"https:\\\/\\\/www.eldiario.net\\\/portal\\\/\",\"logo\":{\"@type\":\"ImageObject\",\"inLanguage\":\"es\",\"@id\":\"https:\\\/\\\/www.eldiario.net\\\/portal\\\/#\\\/schema\\\/logo\\\/image\\\/\",\"url\":\"https:\\\/\\\/www.eldiario.net\\\/portal\\\/wp-content\\\/uploads\\\/2023\\\/07\\\/logo_ED.jpg\",\"contentUrl\":\"https:\\\/\\\/www.eldiario.net\\\/portal\\\/wp-content\\\/uploads\\\/2023\\\/07\\\/logo_ED.jpg\",\"width\":272,\"height\":52,\"caption\":\"El Diario - Decano de la prensa nacional\"},\"image\":{\"@id\":\"https:\\\/\\\/www.eldiario.net\\\/portal\\\/#\\\/schema\\\/logo\\\/image\\\/\"},\"sameAs\":[\"https:\\\/\\\/www.facebook.com\\\/eldiario.bolivia\\\/\",\"https:\\\/\\\/x.com\\\/eldiario_net\"]},{\"@type\":\"Person\",\"@id\":\"https:\\\/\\\/www.eldiario.net\\\/portal\\\/#\\\/schema\\\/person\\\/f46445640444750d7d753ccd04ae01b7\",\"name\":\"Jeanette\",\"image\":{\"@type\":\"ImageObject\",\"inLanguage\":\"es\",\"@id\":\"https:\\\/\\\/secure.gravatar.com\\\/avatar\\\/3ea2118a5f7dad2b7138b1187a6b7ee55f160b9968b66013c3a3ef39dd7e5798?s=96&d=mm&r=g\",\"url\":\"https:\\\/\\\/secure.gravatar.com\\\/avatar\\\/3ea2118a5f7dad2b7138b1187a6b7ee55f160b9968b66013c3a3ef39dd7e5798?s=96&d=mm&r=g\",\"contentUrl\":\"https:\\\/\\\/secure.gravatar.com\\\/avatar\\\/3ea2118a5f7dad2b7138b1187a6b7ee55f160b9968b66013c3a3ef39dd7e5798?s=96&d=mm&r=g\",\"caption\":\"Jeanette\"},\"sameAs\":[\"https:\\\/\\\/www.eldiario.net\\\/portal\"],\"url\":\"https:\\\/\\\/www.eldiario.net\\\/portal\\\/author\\\/jeanette\\\/\"}]}<\/script>\n<!-- \/ Yoast SEO plugin. -->","yoast_head_json":{"title":"Gobierno declara emergencia en Lima y otras regiones del norte - El Diario - Bolivia","robots":{"index":"index","follow":"follow","max-snippet":"max-snippet:-1","max-image-preview":"max-image-preview:large","max-video-preview":"max-video-preview:-1"},"canonical":"https:\/\/www.eldiario.net\/portal\/2023\/03\/12\/gobierno-declara-emergencia-en-lima-y-otras-regiones-del-norte\/","og_locale":"es_ES","og_type":"article","og_title":"Gobierno declara emergencia en Lima y otras regiones del norte - El Diario - Bolivia","og_description":"Ante el incremento de las intensas lluvias por influencia del cicl\u00f3n Yaku en el Per\u00fa, el ministro de Defensa, Jorge Ch\u00e1vez Cresta, anunci\u00f3 la declaratoria de emergencia desde las regiones de Tumbes hasta Lima. En ese sentido, el funcionario gubernamental inform\u00f3 que las regiones de Tumbes, Piura, Lambayeque, La Libertad, \u00c1ncash, Cajamarca y Lima fueron [&hellip;]","og_url":"https:\/\/www.eldiario.net\/portal\/2023\/03\/12\/gobierno-declara-emergencia-en-lima-y-otras-regiones-del-norte\/","og_site_name":"El Diario - Bolivia","article_publisher":"https:\/\/www.facebook.com\/eldiario.bolivia\/","article_published_time":"2023-03-12T10:08:08+00:00","author":"Jeanette","twitter_card":"summary_large_image","twitter_creator":"@eldiario_net","twitter_site":"@eldiario_net","twitter_misc":{"Escrito por":"Jeanette","Tiempo de lectura":"3 minutos"},"schema":{"@context":"https:\/\/schema.org","@graph":[{"@type":"Article","@id":"https:\/\/www.eldiario.net\/portal\/2023\/03\/12\/gobierno-declara-emergencia-en-lima-y-otras-regiones-del-norte\/#article","isPartOf":{"@id":"https:\/\/www.eldiario.net\/portal\/2023\/03\/12\/gobierno-declara-emergencia-en-lima-y-otras-regiones-del-norte\/"},"author":{"name":"Jeanette","@id":"https:\/\/www.eldiario.net\/portal\/#\/schema\/person\/f46445640444750d7d753ccd04ae01b7"},"headline":"Gobierno declara emergencia en Lima y otras regiones del norte","datePublished":"2023-03-12T10:08:08+00:00","mainEntityOfPage":{"@id":"https:\/\/www.eldiario.net\/portal\/2023\/03\/12\/gobierno-declara-emergencia-en-lima-y-otras-regiones-del-norte\/"},"wordCount":630,"publisher":{"@id":"https:\/\/www.eldiario.net\/portal\/#organization"},"image":{"@id":"https:\/\/www.eldiario.net\/portal\/2023\/03\/12\/gobierno-declara-emergencia-en-lima-y-otras-regiones-del-norte\/#primaryimage"},"thumbnailUrl":"","articleSection":["Internacional"],"inLanguage":"es"},{"@type":"WebPage","@id":"https:\/\/www.eldiario.net\/portal\/2023\/03\/12\/gobierno-declara-emergencia-en-lima-y-otras-regiones-del-norte\/","url":"https:\/\/www.eldiario.net\/portal\/2023\/03\/12\/gobierno-declara-emergencia-en-lima-y-otras-regiones-del-norte\/","name":"Gobierno declara emergencia en Lima y otras regiones del norte - El Diario - Bolivia","isPartOf":{"@id":"https:\/\/www.eldiario.net\/portal\/#website"},"primaryImageOfPage":{"@id":"https:\/\/www.eldiario.net\/portal\/2023\/03\/12\/gobierno-declara-emergencia-en-lima-y-otras-regiones-del-norte\/#primaryimage"},"image":{"@id":"https:\/\/www.eldiario.net\/portal\/2023\/03\/12\/gobierno-declara-emergencia-en-lima-y-otras-regiones-del-norte\/#primaryimage"},"thumbnailUrl":"","datePublished":"2023-03-12T10:08:08+00:00","breadcrumb":{"@id":"https:\/\/www.eldiario.net\/portal\/2023\/03\/12\/gobierno-declara-emergencia-en-lima-y-otras-regiones-del-norte\/#breadcrumb"},"inLanguage":"es","potentialAction":[{"@type":"ReadAction","target":["https:\/\/www.eldiario.net\/portal\/2023\/03\/12\/gobierno-declara-emergencia-en-lima-y-otras-regiones-del-norte\/"]}]},{"@type":"ImageObject","inLanguage":"es","@id":"https:\/\/www.eldiario.net\/portal\/2023\/03\/12\/gobierno-declara-emergencia-en-lima-y-otras-regiones-del-norte\/#primaryimage","url":"","contentUrl":""},{"@type":"BreadcrumbList","@id":"https:\/\/www.eldiario.net\/portal\/2023\/03\/12\/gobierno-declara-emergencia-en-lima-y-otras-regiones-del-norte\/#breadcrumb","itemListElement":[{"@type":"ListItem","position":1,"name":"Portada","item":"https:\/\/www.eldiario.net\/portal\/"},{"@type":"ListItem","position":2,"name":"Gobierno declara emergencia en Lima y otras regiones del norte"}]},{"@type":"WebSite","@id":"https:\/\/www.eldiario.net\/portal\/#website","url":"https:\/\/www.eldiario.net\/portal\/","name":"El Diario - Decano de la prensa nacional","description":"El Diario - Decano de la prensa nacional","publisher":{"@id":"https:\/\/www.eldiario.net\/portal\/#organization"},"potentialAction":[{"@type":"SearchAction","target":{"@type":"EntryPoint","urlTemplate":"https:\/\/www.eldiario.net\/portal\/?s={search_term_string}"},"query-input":{"@type":"PropertyValueSpecification","valueRequired":true,"valueName":"search_term_string"}}],"inLanguage":"es"},{"@type":"Organization","@id":"https:\/\/www.eldiario.net\/portal\/#organization","name":"El Diario - Decano de la prensa nacional","url":"https:\/\/www.eldiario.net\/portal\/","logo":{"@type":"ImageObject","inLanguage":"es","@id":"https:\/\/www.eldiario.net\/portal\/#\/schema\/logo\/image\/","url":"https:\/\/www.eldiario.net\/portal\/wp-content\/uploads\/2023\/07\/logo_ED.jpg","contentUrl":"https:\/\/www.eldiario.net\/portal\/wp-content\/uploads\/2023\/07\/logo_ED.jpg","width":272,"height":52,"caption":"El Diario - Decano de la prensa nacional"},"image":{"@id":"https:\/\/www.eldiario.net\/portal\/#\/schema\/logo\/image\/"},"sameAs":["https:\/\/www.facebook.com\/eldiario.bolivia\/","https:\/\/x.com\/eldiario_net"]},{"@type":"Person","@id":"https:\/\/www.eldiario.net\/portal\/#\/schema\/person\/f46445640444750d7d753ccd04ae01b7","name":"Jeanette","image":{"@type":"ImageObject","inLanguage":"es","@id":"https:\/\/secure.gravatar.com\/avatar\/3ea2118a5f7dad2b7138b1187a6b7ee55f160b9968b66013c3a3ef39dd7e5798?s=96&d=mm&r=g","url":"https:\/\/secure.gravatar.com\/avatar\/3ea2118a5f7dad2b7138b1187a6b7ee55f160b9968b66013c3a3ef39dd7e5798?s=96&d=mm&r=g","contentUrl":"https:\/\/secure.gravatar.com\/avatar\/3ea2118a5f7dad2b7138b1187a6b7ee55f160b9968b66013c3a3ef39dd7e5798?s=96&d=mm&r=g","caption":"Jeanette"},"sameAs":["https:\/\/www.eldiario.net\/portal"],"url":"https:\/\/www.eldiario.net\/portal\/author\/jeanette\/"}]}},"_links":{"self":[{"href":"https:\/\/www.eldiario.net\/portal\/wp-json\/wp\/v2\/posts\/142681","targetHints":{"allow":["GET"]}}],"collection":[{"href":"https:\/\/www.eldiario.net\/portal\/wp-json\/wp\/v2\/posts"}],"about":[{"href":"https:\/\/www.eldiario.net\/portal\/wp-json\/wp\/v2\/types\/post"}],"author":[{"embeddable":true,"href":"https:\/\/www.eldiario.net\/portal\/wp-json\/wp\/v2\/users\/1"}],"replies":[{"embeddable":true,"href":"https:\/\/www.eldiario.net\/portal\/wp-json\/wp\/v2\/comments?post=142681"}],"version-history":[{"count":0,"href":"https:\/\/www.eldiario.net\/portal\/wp-json\/wp\/v2\/posts\/142681\/revisions"}],"wp:attachment":[{"href":"https:\/\/www.eldiario.net\/portal\/wp-json\/wp\/v2\/media?parent=142681"}],"wp:term":[{"taxonomy":"category","embeddable":true,"href":"https:\/\/www.eldiario.net\/portal\/wp-json\/wp\/v2\/categories?post=142681"},{"taxonomy":"post_tag","embeddable":true,"href":"https:\/\/www.eldiario.net\/portal\/wp-json\/wp\/v2\/tags?post=142681"}],"curies":[{"name":"wp","href":"https:\/\/api.w.org\/{rel}","templated":true}]}}