{"id":142678,"date":"2023-03-12T06:07:13","date_gmt":"2023-03-12T10:07:13","guid":{"rendered":"https:\/\/www.eldiario.net\/portal\/?p=142678"},"modified":"2023-03-12T06:07:13","modified_gmt":"2023-03-12T10:07:13","slug":"comienzan-conversaciones-sobre-crimenes-de-al-bashir","status":"publish","type":"post","link":"https:\/\/www.eldiario.net\/portal\/2023\/03\/12\/comienzan-conversaciones-sobre-crimenes-de-al-bashir\/","title":{"rendered":"Comienzan conversaciones  sobre cr\u00edmenes de Al Bashir"},"content":{"rendered":"<p>La Misi\u00f3n Integrada de Asistencia para la Transici\u00f3n de la ONU en Sud\u00e1n (Unitams), la Uni\u00f3n Africana y el mecanismo trilateral de la Autoridad Intergubernamental para el Desarrollo (IGAD) iniciaron ayer una ronda de conferencias en Sud\u00e1n donde estudiar\u00e1n un proceso de justicia transicional para abordar los cr\u00edmenes cometidos por la dictadura del depuesto Omar al Bashir, clave en las dif\u00edciles conversaciones en el pa\u00eds africano.<br \/>\nLa figura de Al Bashir, depuesto en 2019 tras una revoluci\u00f3n popular con apoyo militar, y ahora mismo encarcelado en Jartum, sigue arrojando una larga sombra en Sud\u00e1n.<br \/>\nEl pa\u00eds est\u00e1 ahora gobernado por una junta militar acusada de decenas de muertos durante una reciente ola de represi\u00f3n, y bajo el escepticismo de los mismos grupos civiles que alentaron el levantamiento contra el dictador, algunos de los cuales est\u00e1n implicados en un proceso paralelo de transici\u00f3n bajo los auspicios de Egipto.<br \/>\nEstos grupos consideran imprescindible la existencia de un proceso que depure responsabilidades de treinta a\u00f1os de dictadura, de ah\u00ed la importancia de la conferencia que empez\u00f3 ayer, repartida en varias ciudades del pa\u00eds y con la asistencia de organizaciones de la sociedad civil, expertos nacionales y los m\u00e1s de 40 signatarios del Acuerdo Marco del 5 de diciembre, que en principio es el proceso oficial desarrollado por los militares para entregar el poder.<br \/>\nTras completar los talleres regionales comenzar\u00e1 en la capital, Jartum, una Conferencia Nacional para la Justicia Transicional con la esperanza de acercar al Ej\u00e9rcito y a una organizaci\u00f3n instrumental en la ca\u00edda de Al Bashir, las Fuerzas de la Libertad y el Cambio, que sospechan de la presencia de aliados de Al Bashir en la junta que lidera el pa\u00eds, encabezada por Abdelfat\u00e1 al Burhan.<br \/>\nDagalo volvi\u00f3 a mostrar el mes pasado su disconformidad con el derrotero que est\u00e1 adoptando el proceso de transici\u00f3n en Sud\u00e1n, a su juicio un error que abri\u00f3 la puerta a un retorno del antiguo r\u00e9gimen del dictador Al Bashir.<br \/>\nLas declaraciones del l\u00edder de las RSF, una fuerza paramilitar estrechamente vinculada a los trascendentales eventos que atraves\u00f3 el pa\u00eds africano hasta la consolidaci\u00f3n de la actual junta militar, ocurri\u00f3 en un momento extremadamente delicado del proceso de transici\u00f3n que pasa el pa\u00eds tras d\u00e9cadas de dictadura, ante la aparici\u00f3n del proceso paralelo de paz en El Cairo, desaconsejado por los aliados occidentales de Sud\u00e1n, con la UE a la cabeza, para no enturbiar todav\u00eda m\u00e1s las conversaciones. (Europa Press).<\/p>\n","protected":false},"excerpt":{"rendered":"<p>La Misi\u00f3n Integrada de Asistencia para la Transici\u00f3n de la ONU en Sud\u00e1n (Unitams), la Uni\u00f3n Africana y el mecanismo trilateral de la Autoridad Intergubernamental para el Desarrollo (IGAD) iniciaron ayer una ronda de conferencias en Sud\u00e1n donde estudiar\u00e1n un proceso de justicia transicional para abordar los cr\u00edmenes cometidos por la dictadura del depuesto Omar [&hellip;]<\/p>\n","protected":false},"author":1,"featured_media":142679,"comment_status":"closed","ping_status":"closed","sticky":false,"template":"","format":"standard","meta":{"_acf_changed":false,"footnotes":""},"categories":[3],"tags":[],"class_list":["post-142678","post","type-post","status-publish","format-standard","has-post-thumbnail","category-internacional"],"acf":{"antetitulo":""},"yoast_head":"<!-- This site is optimized with the Yoast SEO plugin v28.4 - https:\/\/yoast.com\/product\/yoast-seo-wordpress\/ -->\n<title>Comienzan conversaciones sobre cr\u00edmenes de Al Bashir - El Diario - Bolivia<\/title>\n<meta name=\"robots\" content=\"index, follow, max-snippet:-1, max-image-preview:large, max-video-preview:-1\" \/>\n<link rel=\"canonical\" href=\"https:\/\/www.eldiario.net\/portal\/2023\/03\/12\/comienzan-conversaciones-sobre-crimenes-de-al-bashir\/\" \/>\n<meta property=\"og:locale\" content=\"es_ES\" \/>\n<meta property=\"og:type\" content=\"article\" \/>\n<meta property=\"og:title\" content=\"Comienzan conversaciones sobre cr\u00edmenes de Al Bashir - El Diario - Bolivia\" \/>\n<meta property=\"og:description\" content=\"La Misi\u00f3n Integrada de Asistencia para la Transici\u00f3n de la ONU en Sud\u00e1n (Unitams), la Uni\u00f3n Africana y el mecanismo trilateral de la Autoridad Intergubernamental para el Desarrollo (IGAD) iniciaron ayer una ronda de conferencias en Sud\u00e1n donde estudiar\u00e1n un proceso de justicia transicional para abordar los cr\u00edmenes cometidos por la dictadura del depuesto Omar [&hellip;]\" \/>\n<meta property=\"og:url\" content=\"https:\/\/www.eldiario.net\/portal\/2023\/03\/12\/comienzan-conversaciones-sobre-crimenes-de-al-bashir\/\" \/>\n<meta property=\"og:site_name\" content=\"El Diario - Bolivia\" \/>\n<meta property=\"article:publisher\" content=\"https:\/\/www.facebook.com\/eldiario.bolivia\/\" \/>\n<meta property=\"article:published_time\" content=\"2023-03-12T10:07:13+00:00\" \/>\n<meta name=\"author\" content=\"Jeanette\" \/>\n<meta name=\"twitter:card\" content=\"summary_large_image\" \/>\n<meta name=\"twitter:creator\" content=\"@eldiario_net\" \/>\n<meta name=\"twitter:site\" content=\"@eldiario_net\" \/>\n<meta name=\"twitter:label1\" content=\"Escrito por\" \/>\n\t<meta name=\"twitter:data1\" content=\"Jeanette\" \/>\n\t<meta name=\"twitter:label2\" content=\"Tiempo de lectura\" \/>\n\t<meta name=\"twitter:data2\" content=\"2 minutos\" \/>\n<script type=\"application\/ld+json\" class=\"yoast-schema-graph\">{\"@context\":\"https:\\\/\\\/schema.org\",\"@graph\":[{\"@type\":\"Article\",\"@id\":\"https:\\\/\\\/www.eldiario.net\\\/portal\\\/2023\\\/03\\\/12\\\/comienzan-conversaciones-sobre-crimenes-de-al-bashir\\\/#article\",\"isPartOf\":{\"@id\":\"https:\\\/\\\/www.eldiario.net\\\/portal\\\/2023\\\/03\\\/12\\\/comienzan-conversaciones-sobre-crimenes-de-al-bashir\\\/\"},\"author\":{\"name\":\"Jeanette\",\"@id\":\"https:\\\/\\\/www.eldiario.net\\\/portal\\\/#\\\/schema\\\/person\\\/f46445640444750d7d753ccd04ae01b7\"},\"headline\":\"Comienzan conversaciones sobre cr\u00edmenes de Al Bashir\",\"datePublished\":\"2023-03-12T10:07:13+00:00\",\"mainEntityOfPage\":{\"@id\":\"https:\\\/\\\/www.eldiario.net\\\/portal\\\/2023\\\/03\\\/12\\\/comienzan-conversaciones-sobre-crimenes-de-al-bashir\\\/\"},\"wordCount\":445,\"publisher\":{\"@id\":\"https:\\\/\\\/www.eldiario.net\\\/portal\\\/#organization\"},\"image\":{\"@id\":\"https:\\\/\\\/www.eldiario.net\\\/portal\\\/2023\\\/03\\\/12\\\/comienzan-conversaciones-sobre-crimenes-de-al-bashir\\\/#primaryimage\"},\"thumbnailUrl\":\"\",\"articleSection\":[\"Internacional\"],\"inLanguage\":\"es\"},{\"@type\":\"WebPage\",\"@id\":\"https:\\\/\\\/www.eldiario.net\\\/portal\\\/2023\\\/03\\\/12\\\/comienzan-conversaciones-sobre-crimenes-de-al-bashir\\\/\",\"url\":\"https:\\\/\\\/www.eldiario.net\\\/portal\\\/2023\\\/03\\\/12\\\/comienzan-conversaciones-sobre-crimenes-de-al-bashir\\\/\",\"name\":\"Comienzan conversaciones sobre cr\u00edmenes de Al Bashir - El Diario - Bolivia\",\"isPartOf\":{\"@id\":\"https:\\\/\\\/www.eldiario.net\\\/portal\\\/#website\"},\"primaryImageOfPage\":{\"@id\":\"https:\\\/\\\/www.eldiario.net\\\/portal\\\/2023\\\/03\\\/12\\\/comienzan-conversaciones-sobre-crimenes-de-al-bashir\\\/#primaryimage\"},\"image\":{\"@id\":\"https:\\\/\\\/www.eldiario.net\\\/portal\\\/2023\\\/03\\\/12\\\/comienzan-conversaciones-sobre-crimenes-de-al-bashir\\\/#primaryimage\"},\"thumbnailUrl\":\"\",\"datePublished\":\"2023-03-12T10:07:13+00:00\",\"breadcrumb\":{\"@id\":\"https:\\\/\\\/www.eldiario.net\\\/portal\\\/2023\\\/03\\\/12\\\/comienzan-conversaciones-sobre-crimenes-de-al-bashir\\\/#breadcrumb\"},\"inLanguage\":\"es\",\"potentialAction\":[{\"@type\":\"ReadAction\",\"target\":[\"https:\\\/\\\/www.eldiario.net\\\/portal\\\/2023\\\/03\\\/12\\\/comienzan-conversaciones-sobre-crimenes-de-al-bashir\\\/\"]}]},{\"@type\":\"ImageObject\",\"inLanguage\":\"es\",\"@id\":\"https:\\\/\\\/www.eldiario.net\\\/portal\\\/2023\\\/03\\\/12\\\/comienzan-conversaciones-sobre-crimenes-de-al-bashir\\\/#primaryimage\",\"url\":\"\",\"contentUrl\":\"\"},{\"@type\":\"BreadcrumbList\",\"@id\":\"https:\\\/\\\/www.eldiario.net\\\/portal\\\/2023\\\/03\\\/12\\\/comienzan-conversaciones-sobre-crimenes-de-al-bashir\\\/#breadcrumb\",\"itemListElement\":[{\"@type\":\"ListItem\",\"position\":1,\"name\":\"Portada\",\"item\":\"https:\\\/\\\/www.eldiario.net\\\/portal\\\/\"},{\"@type\":\"ListItem\",\"position\":2,\"name\":\"Comienzan conversaciones sobre cr\u00edmenes de Al Bashir\"}]},{\"@type\":\"WebSite\",\"@id\":\"https:\\\/\\\/www.eldiario.net\\\/portal\\\/#website\",\"url\":\"https:\\\/\\\/www.eldiario.net\\\/portal\\\/\",\"name\":\"El Diario - Decano de la prensa nacional\",\"description\":\"El Diario - Decano de la prensa nacional\",\"publisher\":{\"@id\":\"https:\\\/\\\/www.eldiario.net\\\/portal\\\/#organization\"},\"potentialAction\":[{\"@type\":\"SearchAction\",\"target\":{\"@type\":\"EntryPoint\",\"urlTemplate\":\"https:\\\/\\\/www.eldiario.net\\\/portal\\\/?s={search_term_string}\"},\"query-input\":{\"@type\":\"PropertyValueSpecification\",\"valueRequired\":true,\"valueName\":\"search_term_string\"}}],\"inLanguage\":\"es\"},{\"@type\":\"Organization\",\"@id\":\"https:\\\/\\\/www.eldiario.net\\\/portal\\\/#organization\",\"name\":\"El Diario - Decano de la prensa nacional\",\"url\":\"https:\\\/\\\/www.eldiario.net\\\/portal\\\/\",\"logo\":{\"@type\":\"ImageObject\",\"inLanguage\":\"es\",\"@id\":\"https:\\\/\\\/www.eldiario.net\\\/portal\\\/#\\\/schema\\\/logo\\\/image\\\/\",\"url\":\"https:\\\/\\\/www.eldiario.net\\\/portal\\\/wp-content\\\/uploads\\\/2023\\\/07\\\/logo_ED.jpg\",\"contentUrl\":\"https:\\\/\\\/www.eldiario.net\\\/portal\\\/wp-content\\\/uploads\\\/2023\\\/07\\\/logo_ED.jpg\",\"width\":272,\"height\":52,\"caption\":\"El Diario - Decano de la prensa nacional\"},\"image\":{\"@id\":\"https:\\\/\\\/www.eldiario.net\\\/portal\\\/#\\\/schema\\\/logo\\\/image\\\/\"},\"sameAs\":[\"https:\\\/\\\/www.facebook.com\\\/eldiario.bolivia\\\/\",\"https:\\\/\\\/x.com\\\/eldiario_net\"]},{\"@type\":\"Person\",\"@id\":\"https:\\\/\\\/www.eldiario.net\\\/portal\\\/#\\\/schema\\\/person\\\/f46445640444750d7d753ccd04ae01b7\",\"name\":\"Jeanette\",\"image\":{\"@type\":\"ImageObject\",\"inLanguage\":\"es\",\"@id\":\"https:\\\/\\\/secure.gravatar.com\\\/avatar\\\/3ea2118a5f7dad2b7138b1187a6b7ee55f160b9968b66013c3a3ef39dd7e5798?s=96&d=mm&r=g\",\"url\":\"https:\\\/\\\/secure.gravatar.com\\\/avatar\\\/3ea2118a5f7dad2b7138b1187a6b7ee55f160b9968b66013c3a3ef39dd7e5798?s=96&d=mm&r=g\",\"contentUrl\":\"https:\\\/\\\/secure.gravatar.com\\\/avatar\\\/3ea2118a5f7dad2b7138b1187a6b7ee55f160b9968b66013c3a3ef39dd7e5798?s=96&d=mm&r=g\",\"caption\":\"Jeanette\"},\"sameAs\":[\"https:\\\/\\\/www.eldiario.net\\\/portal\"],\"url\":\"https:\\\/\\\/www.eldiario.net\\\/portal\\\/author\\\/jeanette\\\/\"}]}<\/script>\n<!-- \/ Yoast SEO plugin. -->","yoast_head_json":{"title":"Comienzan conversaciones sobre cr\u00edmenes de Al Bashir - El Diario - Bolivia","robots":{"index":"index","follow":"follow","max-snippet":"max-snippet:-1","max-image-preview":"max-image-preview:large","max-video-preview":"max-video-preview:-1"},"canonical":"https:\/\/www.eldiario.net\/portal\/2023\/03\/12\/comienzan-conversaciones-sobre-crimenes-de-al-bashir\/","og_locale":"es_ES","og_type":"article","og_title":"Comienzan conversaciones sobre cr\u00edmenes de Al Bashir - El Diario - Bolivia","og_description":"La Misi\u00f3n Integrada de Asistencia para la Transici\u00f3n de la ONU en Sud\u00e1n (Unitams), la Uni\u00f3n Africana y el mecanismo trilateral de la Autoridad Intergubernamental para el Desarrollo (IGAD) iniciaron ayer una ronda de conferencias en Sud\u00e1n donde estudiar\u00e1n un proceso de justicia transicional para abordar los cr\u00edmenes cometidos por la dictadura del depuesto Omar [&hellip;]","og_url":"https:\/\/www.eldiario.net\/portal\/2023\/03\/12\/comienzan-conversaciones-sobre-crimenes-de-al-bashir\/","og_site_name":"El Diario - Bolivia","article_publisher":"https:\/\/www.facebook.com\/eldiario.bolivia\/","article_published_time":"2023-03-12T10:07:13+00:00","author":"Jeanette","twitter_card":"summary_large_image","twitter_creator":"@eldiario_net","twitter_site":"@eldiario_net","twitter_misc":{"Escrito por":"Jeanette","Tiempo de lectura":"2 minutos"},"schema":{"@context":"https:\/\/schema.org","@graph":[{"@type":"Article","@id":"https:\/\/www.eldiario.net\/portal\/2023\/03\/12\/comienzan-conversaciones-sobre-crimenes-de-al-bashir\/#article","isPartOf":{"@id":"https:\/\/www.eldiario.net\/portal\/2023\/03\/12\/comienzan-conversaciones-sobre-crimenes-de-al-bashir\/"},"author":{"name":"Jeanette","@id":"https:\/\/www.eldiario.net\/portal\/#\/schema\/person\/f46445640444750d7d753ccd04ae01b7"},"headline":"Comienzan conversaciones sobre cr\u00edmenes de Al Bashir","datePublished":"2023-03-12T10:07:13+00:00","mainEntityOfPage":{"@id":"https:\/\/www.eldiario.net\/portal\/2023\/03\/12\/comienzan-conversaciones-sobre-crimenes-de-al-bashir\/"},"wordCount":445,"publisher":{"@id":"https:\/\/www.eldiario.net\/portal\/#organization"},"image":{"@id":"https:\/\/www.eldiario.net\/portal\/2023\/03\/12\/comienzan-conversaciones-sobre-crimenes-de-al-bashir\/#primaryimage"},"thumbnailUrl":"","articleSection":["Internacional"],"inLanguage":"es"},{"@type":"WebPage","@id":"https:\/\/www.eldiario.net\/portal\/2023\/03\/12\/comienzan-conversaciones-sobre-crimenes-de-al-bashir\/","url":"https:\/\/www.eldiario.net\/portal\/2023\/03\/12\/comienzan-conversaciones-sobre-crimenes-de-al-bashir\/","name":"Comienzan conversaciones sobre cr\u00edmenes de Al Bashir - El Diario - Bolivia","isPartOf":{"@id":"https:\/\/www.eldiario.net\/portal\/#website"},"primaryImageOfPage":{"@id":"https:\/\/www.eldiario.net\/portal\/2023\/03\/12\/comienzan-conversaciones-sobre-crimenes-de-al-bashir\/#primaryimage"},"image":{"@id":"https:\/\/www.eldiario.net\/portal\/2023\/03\/12\/comienzan-conversaciones-sobre-crimenes-de-al-bashir\/#primaryimage"},"thumbnailUrl":"","datePublished":"2023-03-12T10:07:13+00:00","breadcrumb":{"@id":"https:\/\/www.eldiario.net\/portal\/2023\/03\/12\/comienzan-conversaciones-sobre-crimenes-de-al-bashir\/#breadcrumb"},"inLanguage":"es","potentialAction":[{"@type":"ReadAction","target":["https:\/\/www.eldiario.net\/portal\/2023\/03\/12\/comienzan-conversaciones-sobre-crimenes-de-al-bashir\/"]}]},{"@type":"ImageObject","inLanguage":"es","@id":"https:\/\/www.eldiario.net\/portal\/2023\/03\/12\/comienzan-conversaciones-sobre-crimenes-de-al-bashir\/#primaryimage","url":"","contentUrl":""},{"@type":"BreadcrumbList","@id":"https:\/\/www.eldiario.net\/portal\/2023\/03\/12\/comienzan-conversaciones-sobre-crimenes-de-al-bashir\/#breadcrumb","itemListElement":[{"@type":"ListItem","position":1,"name":"Portada","item":"https:\/\/www.eldiario.net\/portal\/"},{"@type":"ListItem","position":2,"name":"Comienzan conversaciones sobre cr\u00edmenes de Al Bashir"}]},{"@type":"WebSite","@id":"https:\/\/www.eldiario.net\/portal\/#website","url":"https:\/\/www.eldiario.net\/portal\/","name":"El Diario - Decano de la prensa nacional","description":"El Diario - Decano de la prensa nacional","publisher":{"@id":"https:\/\/www.eldiario.net\/portal\/#organization"},"potentialAction":[{"@type":"SearchAction","target":{"@type":"EntryPoint","urlTemplate":"https:\/\/www.eldiario.net\/portal\/?s={search_term_string}"},"query-input":{"@type":"PropertyValueSpecification","valueRequired":true,"valueName":"search_term_string"}}],"inLanguage":"es"},{"@type":"Organization","@id":"https:\/\/www.eldiario.net\/portal\/#organization","name":"El Diario - Decano de la prensa nacional","url":"https:\/\/www.eldiario.net\/portal\/","logo":{"@type":"ImageObject","inLanguage":"es","@id":"https:\/\/www.eldiario.net\/portal\/#\/schema\/logo\/image\/","url":"https:\/\/www.eldiario.net\/portal\/wp-content\/uploads\/2023\/07\/logo_ED.jpg","contentUrl":"https:\/\/www.eldiario.net\/portal\/wp-content\/uploads\/2023\/07\/logo_ED.jpg","width":272,"height":52,"caption":"El Diario - Decano de la prensa nacional"},"image":{"@id":"https:\/\/www.eldiario.net\/portal\/#\/schema\/logo\/image\/"},"sameAs":["https:\/\/www.facebook.com\/eldiario.bolivia\/","https:\/\/x.com\/eldiario_net"]},{"@type":"Person","@id":"https:\/\/www.eldiario.net\/portal\/#\/schema\/person\/f46445640444750d7d753ccd04ae01b7","name":"Jeanette","image":{"@type":"ImageObject","inLanguage":"es","@id":"https:\/\/secure.gravatar.com\/avatar\/3ea2118a5f7dad2b7138b1187a6b7ee55f160b9968b66013c3a3ef39dd7e5798?s=96&d=mm&r=g","url":"https:\/\/secure.gravatar.com\/avatar\/3ea2118a5f7dad2b7138b1187a6b7ee55f160b9968b66013c3a3ef39dd7e5798?s=96&d=mm&r=g","contentUrl":"https:\/\/secure.gravatar.com\/avatar\/3ea2118a5f7dad2b7138b1187a6b7ee55f160b9968b66013c3a3ef39dd7e5798?s=96&d=mm&r=g","caption":"Jeanette"},"sameAs":["https:\/\/www.eldiario.net\/portal"],"url":"https:\/\/www.eldiario.net\/portal\/author\/jeanette\/"}]}},"_links":{"self":[{"href":"https:\/\/www.eldiario.net\/portal\/wp-json\/wp\/v2\/posts\/142678","targetHints":{"allow":["GET"]}}],"collection":[{"href":"https:\/\/www.eldiario.net\/portal\/wp-json\/wp\/v2\/posts"}],"about":[{"href":"https:\/\/www.eldiario.net\/portal\/wp-json\/wp\/v2\/types\/post"}],"author":[{"embeddable":true,"href":"https:\/\/www.eldiario.net\/portal\/wp-json\/wp\/v2\/users\/1"}],"replies":[{"embeddable":true,"href":"https:\/\/www.eldiario.net\/portal\/wp-json\/wp\/v2\/comments?post=142678"}],"version-history":[{"count":0,"href":"https:\/\/www.eldiario.net\/portal\/wp-json\/wp\/v2\/posts\/142678\/revisions"}],"wp:attachment":[{"href":"https:\/\/www.eldiario.net\/portal\/wp-json\/wp\/v2\/media?parent=142678"}],"wp:term":[{"taxonomy":"category","embeddable":true,"href":"https:\/\/www.eldiario.net\/portal\/wp-json\/wp\/v2\/categories?post=142678"},{"taxonomy":"post_tag","embeddable":true,"href":"https:\/\/www.eldiario.net\/portal\/wp-json\/wp\/v2\/tags?post=142678"}],"curies":[{"name":"wp","href":"https:\/\/api.w.org\/{rel}","templated":true}]}}