{"id":142675,"date":"2023-03-12T06:06:19","date_gmt":"2023-03-12T10:06:19","guid":{"rendered":"https:\/\/www.eldiario.net\/portal\/?p=142675"},"modified":"2023-03-12T06:06:19","modified_gmt":"2023-03-12T10:06:19","slug":"onu-alerta-que-grupo-wagner-recluta-presos-de-carceles-rusas","status":"publish","type":"post","link":"https:\/\/www.eldiario.net\/portal\/2023\/03\/12\/onu-alerta-que-grupo-wagner-recluta-presos-de-carceles-rusas\/","title":{"rendered":"ONU alerta que Grupo Wagner  recluta presos de c\u00e1rceles rusas"},"content":{"rendered":"<p>Expertos de la ONU alertaron del alarmante reclutamiento de prisioneros en c\u00e1rceles rusas por parte del Grupo Wagner, una organizaci\u00f3n de mercenarios afines al Kremlin, mediante t\u00e1cticas que violan los Derechos Humanos y ponen en peligro sus libertades individuales.<br \/>\n\u201cEstamos profundamente preocupados por las informaciones de las visitas de miembros del llamado Grupo Wagner a instituciones penitenciarias en varias regiones de Rusia, ofreciendo indultos por sentencias criminales a los prisioneros que se unen al Grupo y participan en la guerra en Ucrania, adem\u00e1s de hacer pagos mensuales a sus familias\u201d, explicaron los expertos en un comunicado.<br \/>\nEl Grupo habr\u00eda reclutado presuntamente tanto a ciudadanos rusos como a extranjeros cumpliendo condena en Rusia, y utilizar\u00edan t\u00e9cnicas de presi\u00f3n para ello, mediante amenazas e intimidaci\u00f3n, por ejemplo impidiendo a los presos hablar con sus familias y abogados.<br \/>\n\u201cTenemos informaci\u00f3n de que varios reclutas fueron ejecutados por intentar escapar y, en otros casos, heridos de gravedad como advertencia para otros prisioneros\u201d, explicaron los expertos. \u201cEstas t\u00e1cticas constituyen violaciones de los Derechos Humanos y podr\u00edan ser cr\u00edmenes de guerra\u201d.<br \/>\nTambi\u00e9n informaron de que, presuntamente, los prisioneros reclutados habr\u00edan sido trasladados a un centro en Rostov, regi\u00f3n rusa muy cercana a la frontera ucraniana, para ser entrenados antes de su traslado al frente. Adem\u00e1s, los habr\u00edan introducido en Ucrania sin estar en posesi\u00f3n de sus documentos identificativos y habiendo firmado un contrato con el Grupo.<br \/>\n\u201cNos preocupa especialmente que el Grupo Wagner haya extendido el reclutamiento a prisiones de la regi\u00f3n de Donetsk en Ucrania\u201d, contin\u00faa el comunicado, que detalla que las actividades llevadas a cabo por estos presos ir\u00edan desde participar directamente en el conflicto armado hasta la reconstrucci\u00f3n de infraestructuras en los territorios bajo control ruso. (Europa Press).<br \/>\nLos expertos de la ONU hacen un llamamiento a la comunidad internacional, as\u00ed como a Rusia, para recordar que los Estados tienen la obligaci\u00f3n de prohibir a individuos y compa\u00f1\u00edas explotar la vulnerabilidad de los prisioneros para su propio beneficio.<\/p>\n","protected":false},"excerpt":{"rendered":"<p>Expertos de la ONU alertaron del alarmante reclutamiento de prisioneros en c\u00e1rceles rusas por parte del Grupo Wagner, una organizaci\u00f3n de mercenarios afines al Kremlin, mediante t\u00e1cticas que violan los Derechos Humanos y ponen en peligro sus libertades individuales. \u201cEstamos profundamente preocupados por las informaciones de las visitas de miembros del llamado Grupo Wagner a [&hellip;]<\/p>\n","protected":false},"author":1,"featured_media":142676,"comment_status":"closed","ping_status":"closed","sticky":false,"template":"","format":"standard","meta":{"_acf_changed":false,"footnotes":""},"categories":[3],"tags":[],"class_list":["post-142675","post","type-post","status-publish","format-standard","has-post-thumbnail","category-internacional"],"acf":{"antetitulo":""},"yoast_head":"<!-- This site is optimized with the Yoast SEO plugin v28.4 - https:\/\/yoast.com\/product\/yoast-seo-wordpress\/ -->\n<title>ONU alerta que Grupo Wagner recluta presos de c\u00e1rceles rusas - El Diario - Bolivia<\/title>\n<meta name=\"robots\" content=\"index, follow, max-snippet:-1, max-image-preview:large, max-video-preview:-1\" \/>\n<link rel=\"canonical\" href=\"https:\/\/www.eldiario.net\/portal\/2023\/03\/12\/onu-alerta-que-grupo-wagner-recluta-presos-de-carceles-rusas\/\" \/>\n<meta property=\"og:locale\" content=\"es_ES\" \/>\n<meta property=\"og:type\" content=\"article\" \/>\n<meta property=\"og:title\" content=\"ONU alerta que Grupo Wagner recluta presos de c\u00e1rceles rusas - El Diario - Bolivia\" \/>\n<meta property=\"og:description\" content=\"Expertos de la ONU alertaron del alarmante reclutamiento de prisioneros en c\u00e1rceles rusas por parte del Grupo Wagner, una organizaci\u00f3n de mercenarios afines al Kremlin, mediante t\u00e1cticas que violan los Derechos Humanos y ponen en peligro sus libertades individuales. \u201cEstamos profundamente preocupados por las informaciones de las visitas de miembros del llamado Grupo Wagner a [&hellip;]\" \/>\n<meta property=\"og:url\" content=\"https:\/\/www.eldiario.net\/portal\/2023\/03\/12\/onu-alerta-que-grupo-wagner-recluta-presos-de-carceles-rusas\/\" \/>\n<meta property=\"og:site_name\" content=\"El Diario - Bolivia\" \/>\n<meta property=\"article:publisher\" content=\"https:\/\/www.facebook.com\/eldiario.bolivia\/\" \/>\n<meta property=\"article:published_time\" content=\"2023-03-12T10:06:19+00:00\" \/>\n<meta name=\"author\" content=\"Jeanette\" \/>\n<meta name=\"twitter:card\" content=\"summary_large_image\" \/>\n<meta name=\"twitter:creator\" content=\"@eldiario_net\" \/>\n<meta name=\"twitter:site\" content=\"@eldiario_net\" \/>\n<meta name=\"twitter:label1\" content=\"Escrito por\" \/>\n\t<meta name=\"twitter:data1\" content=\"Jeanette\" \/>\n\t<meta name=\"twitter:label2\" content=\"Tiempo de lectura\" \/>\n\t<meta name=\"twitter:data2\" content=\"2 minutos\" \/>\n<script type=\"application\/ld+json\" class=\"yoast-schema-graph\">{\"@context\":\"https:\\\/\\\/schema.org\",\"@graph\":[{\"@type\":\"Article\",\"@id\":\"https:\\\/\\\/www.eldiario.net\\\/portal\\\/2023\\\/03\\\/12\\\/onu-alerta-que-grupo-wagner-recluta-presos-de-carceles-rusas\\\/#article\",\"isPartOf\":{\"@id\":\"https:\\\/\\\/www.eldiario.net\\\/portal\\\/2023\\\/03\\\/12\\\/onu-alerta-que-grupo-wagner-recluta-presos-de-carceles-rusas\\\/\"},\"author\":{\"name\":\"Jeanette\",\"@id\":\"https:\\\/\\\/www.eldiario.net\\\/portal\\\/#\\\/schema\\\/person\\\/f46445640444750d7d753ccd04ae01b7\"},\"headline\":\"ONU alerta que Grupo Wagner recluta presos de c\u00e1rceles rusas\",\"datePublished\":\"2023-03-12T10:06:19+00:00\",\"mainEntityOfPage\":{\"@id\":\"https:\\\/\\\/www.eldiario.net\\\/portal\\\/2023\\\/03\\\/12\\\/onu-alerta-que-grupo-wagner-recluta-presos-de-carceles-rusas\\\/\"},\"wordCount\":361,\"publisher\":{\"@id\":\"https:\\\/\\\/www.eldiario.net\\\/portal\\\/#organization\"},\"image\":{\"@id\":\"https:\\\/\\\/www.eldiario.net\\\/portal\\\/2023\\\/03\\\/12\\\/onu-alerta-que-grupo-wagner-recluta-presos-de-carceles-rusas\\\/#primaryimage\"},\"thumbnailUrl\":\"\",\"articleSection\":[\"Internacional\"],\"inLanguage\":\"es\"},{\"@type\":\"WebPage\",\"@id\":\"https:\\\/\\\/www.eldiario.net\\\/portal\\\/2023\\\/03\\\/12\\\/onu-alerta-que-grupo-wagner-recluta-presos-de-carceles-rusas\\\/\",\"url\":\"https:\\\/\\\/www.eldiario.net\\\/portal\\\/2023\\\/03\\\/12\\\/onu-alerta-que-grupo-wagner-recluta-presos-de-carceles-rusas\\\/\",\"name\":\"ONU alerta que Grupo Wagner recluta presos de c\u00e1rceles rusas - El Diario - Bolivia\",\"isPartOf\":{\"@id\":\"https:\\\/\\\/www.eldiario.net\\\/portal\\\/#website\"},\"primaryImageOfPage\":{\"@id\":\"https:\\\/\\\/www.eldiario.net\\\/portal\\\/2023\\\/03\\\/12\\\/onu-alerta-que-grupo-wagner-recluta-presos-de-carceles-rusas\\\/#primaryimage\"},\"image\":{\"@id\":\"https:\\\/\\\/www.eldiario.net\\\/portal\\\/2023\\\/03\\\/12\\\/onu-alerta-que-grupo-wagner-recluta-presos-de-carceles-rusas\\\/#primaryimage\"},\"thumbnailUrl\":\"\",\"datePublished\":\"2023-03-12T10:06:19+00:00\",\"breadcrumb\":{\"@id\":\"https:\\\/\\\/www.eldiario.net\\\/portal\\\/2023\\\/03\\\/12\\\/onu-alerta-que-grupo-wagner-recluta-presos-de-carceles-rusas\\\/#breadcrumb\"},\"inLanguage\":\"es\",\"potentialAction\":[{\"@type\":\"ReadAction\",\"target\":[\"https:\\\/\\\/www.eldiario.net\\\/portal\\\/2023\\\/03\\\/12\\\/onu-alerta-que-grupo-wagner-recluta-presos-de-carceles-rusas\\\/\"]}]},{\"@type\":\"ImageObject\",\"inLanguage\":\"es\",\"@id\":\"https:\\\/\\\/www.eldiario.net\\\/portal\\\/2023\\\/03\\\/12\\\/onu-alerta-que-grupo-wagner-recluta-presos-de-carceles-rusas\\\/#primaryimage\",\"url\":\"\",\"contentUrl\":\"\"},{\"@type\":\"BreadcrumbList\",\"@id\":\"https:\\\/\\\/www.eldiario.net\\\/portal\\\/2023\\\/03\\\/12\\\/onu-alerta-que-grupo-wagner-recluta-presos-de-carceles-rusas\\\/#breadcrumb\",\"itemListElement\":[{\"@type\":\"ListItem\",\"position\":1,\"name\":\"Portada\",\"item\":\"https:\\\/\\\/www.eldiario.net\\\/portal\\\/\"},{\"@type\":\"ListItem\",\"position\":2,\"name\":\"ONU alerta que Grupo Wagner recluta presos de c\u00e1rceles rusas\"}]},{\"@type\":\"WebSite\",\"@id\":\"https:\\\/\\\/www.eldiario.net\\\/portal\\\/#website\",\"url\":\"https:\\\/\\\/www.eldiario.net\\\/portal\\\/\",\"name\":\"El Diario - Decano de la prensa nacional\",\"description\":\"El Diario - Decano de la prensa nacional\",\"publisher\":{\"@id\":\"https:\\\/\\\/www.eldiario.net\\\/portal\\\/#organization\"},\"potentialAction\":[{\"@type\":\"SearchAction\",\"target\":{\"@type\":\"EntryPoint\",\"urlTemplate\":\"https:\\\/\\\/www.eldiario.net\\\/portal\\\/?s={search_term_string}\"},\"query-input\":{\"@type\":\"PropertyValueSpecification\",\"valueRequired\":true,\"valueName\":\"search_term_string\"}}],\"inLanguage\":\"es\"},{\"@type\":\"Organization\",\"@id\":\"https:\\\/\\\/www.eldiario.net\\\/portal\\\/#organization\",\"name\":\"El Diario - Decano de la prensa nacional\",\"url\":\"https:\\\/\\\/www.eldiario.net\\\/portal\\\/\",\"logo\":{\"@type\":\"ImageObject\",\"inLanguage\":\"es\",\"@id\":\"https:\\\/\\\/www.eldiario.net\\\/portal\\\/#\\\/schema\\\/logo\\\/image\\\/\",\"url\":\"https:\\\/\\\/www.eldiario.net\\\/portal\\\/wp-content\\\/uploads\\\/2023\\\/07\\\/logo_ED.jpg\",\"contentUrl\":\"https:\\\/\\\/www.eldiario.net\\\/portal\\\/wp-content\\\/uploads\\\/2023\\\/07\\\/logo_ED.jpg\",\"width\":272,\"height\":52,\"caption\":\"El Diario - Decano de la prensa nacional\"},\"image\":{\"@id\":\"https:\\\/\\\/www.eldiario.net\\\/portal\\\/#\\\/schema\\\/logo\\\/image\\\/\"},\"sameAs\":[\"https:\\\/\\\/www.facebook.com\\\/eldiario.bolivia\\\/\",\"https:\\\/\\\/x.com\\\/eldiario_net\"]},{\"@type\":\"Person\",\"@id\":\"https:\\\/\\\/www.eldiario.net\\\/portal\\\/#\\\/schema\\\/person\\\/f46445640444750d7d753ccd04ae01b7\",\"name\":\"Jeanette\",\"image\":{\"@type\":\"ImageObject\",\"inLanguage\":\"es\",\"@id\":\"https:\\\/\\\/secure.gravatar.com\\\/avatar\\\/3ea2118a5f7dad2b7138b1187a6b7ee55f160b9968b66013c3a3ef39dd7e5798?s=96&d=mm&r=g\",\"url\":\"https:\\\/\\\/secure.gravatar.com\\\/avatar\\\/3ea2118a5f7dad2b7138b1187a6b7ee55f160b9968b66013c3a3ef39dd7e5798?s=96&d=mm&r=g\",\"contentUrl\":\"https:\\\/\\\/secure.gravatar.com\\\/avatar\\\/3ea2118a5f7dad2b7138b1187a6b7ee55f160b9968b66013c3a3ef39dd7e5798?s=96&d=mm&r=g\",\"caption\":\"Jeanette\"},\"sameAs\":[\"https:\\\/\\\/www.eldiario.net\\\/portal\"],\"url\":\"https:\\\/\\\/www.eldiario.net\\\/portal\\\/author\\\/jeanette\\\/\"}]}<\/script>\n<!-- \/ Yoast SEO plugin. -->","yoast_head_json":{"title":"ONU alerta que Grupo Wagner recluta presos de c\u00e1rceles rusas - El Diario - Bolivia","robots":{"index":"index","follow":"follow","max-snippet":"max-snippet:-1","max-image-preview":"max-image-preview:large","max-video-preview":"max-video-preview:-1"},"canonical":"https:\/\/www.eldiario.net\/portal\/2023\/03\/12\/onu-alerta-que-grupo-wagner-recluta-presos-de-carceles-rusas\/","og_locale":"es_ES","og_type":"article","og_title":"ONU alerta que Grupo Wagner recluta presos de c\u00e1rceles rusas - El Diario - Bolivia","og_description":"Expertos de la ONU alertaron del alarmante reclutamiento de prisioneros en c\u00e1rceles rusas por parte del Grupo Wagner, una organizaci\u00f3n de mercenarios afines al Kremlin, mediante t\u00e1cticas que violan los Derechos Humanos y ponen en peligro sus libertades individuales. \u201cEstamos profundamente preocupados por las informaciones de las visitas de miembros del llamado Grupo Wagner a [&hellip;]","og_url":"https:\/\/www.eldiario.net\/portal\/2023\/03\/12\/onu-alerta-que-grupo-wagner-recluta-presos-de-carceles-rusas\/","og_site_name":"El Diario - Bolivia","article_publisher":"https:\/\/www.facebook.com\/eldiario.bolivia\/","article_published_time":"2023-03-12T10:06:19+00:00","author":"Jeanette","twitter_card":"summary_large_image","twitter_creator":"@eldiario_net","twitter_site":"@eldiario_net","twitter_misc":{"Escrito por":"Jeanette","Tiempo de lectura":"2 minutos"},"schema":{"@context":"https:\/\/schema.org","@graph":[{"@type":"Article","@id":"https:\/\/www.eldiario.net\/portal\/2023\/03\/12\/onu-alerta-que-grupo-wagner-recluta-presos-de-carceles-rusas\/#article","isPartOf":{"@id":"https:\/\/www.eldiario.net\/portal\/2023\/03\/12\/onu-alerta-que-grupo-wagner-recluta-presos-de-carceles-rusas\/"},"author":{"name":"Jeanette","@id":"https:\/\/www.eldiario.net\/portal\/#\/schema\/person\/f46445640444750d7d753ccd04ae01b7"},"headline":"ONU alerta que Grupo Wagner recluta presos de c\u00e1rceles rusas","datePublished":"2023-03-12T10:06:19+00:00","mainEntityOfPage":{"@id":"https:\/\/www.eldiario.net\/portal\/2023\/03\/12\/onu-alerta-que-grupo-wagner-recluta-presos-de-carceles-rusas\/"},"wordCount":361,"publisher":{"@id":"https:\/\/www.eldiario.net\/portal\/#organization"},"image":{"@id":"https:\/\/www.eldiario.net\/portal\/2023\/03\/12\/onu-alerta-que-grupo-wagner-recluta-presos-de-carceles-rusas\/#primaryimage"},"thumbnailUrl":"","articleSection":["Internacional"],"inLanguage":"es"},{"@type":"WebPage","@id":"https:\/\/www.eldiario.net\/portal\/2023\/03\/12\/onu-alerta-que-grupo-wagner-recluta-presos-de-carceles-rusas\/","url":"https:\/\/www.eldiario.net\/portal\/2023\/03\/12\/onu-alerta-que-grupo-wagner-recluta-presos-de-carceles-rusas\/","name":"ONU alerta que Grupo Wagner recluta presos de c\u00e1rceles rusas - El Diario - Bolivia","isPartOf":{"@id":"https:\/\/www.eldiario.net\/portal\/#website"},"primaryImageOfPage":{"@id":"https:\/\/www.eldiario.net\/portal\/2023\/03\/12\/onu-alerta-que-grupo-wagner-recluta-presos-de-carceles-rusas\/#primaryimage"},"image":{"@id":"https:\/\/www.eldiario.net\/portal\/2023\/03\/12\/onu-alerta-que-grupo-wagner-recluta-presos-de-carceles-rusas\/#primaryimage"},"thumbnailUrl":"","datePublished":"2023-03-12T10:06:19+00:00","breadcrumb":{"@id":"https:\/\/www.eldiario.net\/portal\/2023\/03\/12\/onu-alerta-que-grupo-wagner-recluta-presos-de-carceles-rusas\/#breadcrumb"},"inLanguage":"es","potentialAction":[{"@type":"ReadAction","target":["https:\/\/www.eldiario.net\/portal\/2023\/03\/12\/onu-alerta-que-grupo-wagner-recluta-presos-de-carceles-rusas\/"]}]},{"@type":"ImageObject","inLanguage":"es","@id":"https:\/\/www.eldiario.net\/portal\/2023\/03\/12\/onu-alerta-que-grupo-wagner-recluta-presos-de-carceles-rusas\/#primaryimage","url":"","contentUrl":""},{"@type":"BreadcrumbList","@id":"https:\/\/www.eldiario.net\/portal\/2023\/03\/12\/onu-alerta-que-grupo-wagner-recluta-presos-de-carceles-rusas\/#breadcrumb","itemListElement":[{"@type":"ListItem","position":1,"name":"Portada","item":"https:\/\/www.eldiario.net\/portal\/"},{"@type":"ListItem","position":2,"name":"ONU alerta que Grupo Wagner recluta presos de c\u00e1rceles rusas"}]},{"@type":"WebSite","@id":"https:\/\/www.eldiario.net\/portal\/#website","url":"https:\/\/www.eldiario.net\/portal\/","name":"El Diario - Decano de la prensa nacional","description":"El Diario - Decano de la prensa nacional","publisher":{"@id":"https:\/\/www.eldiario.net\/portal\/#organization"},"potentialAction":[{"@type":"SearchAction","target":{"@type":"EntryPoint","urlTemplate":"https:\/\/www.eldiario.net\/portal\/?s={search_term_string}"},"query-input":{"@type":"PropertyValueSpecification","valueRequired":true,"valueName":"search_term_string"}}],"inLanguage":"es"},{"@type":"Organization","@id":"https:\/\/www.eldiario.net\/portal\/#organization","name":"El Diario - Decano de la prensa nacional","url":"https:\/\/www.eldiario.net\/portal\/","logo":{"@type":"ImageObject","inLanguage":"es","@id":"https:\/\/www.eldiario.net\/portal\/#\/schema\/logo\/image\/","url":"https:\/\/www.eldiario.net\/portal\/wp-content\/uploads\/2023\/07\/logo_ED.jpg","contentUrl":"https:\/\/www.eldiario.net\/portal\/wp-content\/uploads\/2023\/07\/logo_ED.jpg","width":272,"height":52,"caption":"El Diario - Decano de la prensa nacional"},"image":{"@id":"https:\/\/www.eldiario.net\/portal\/#\/schema\/logo\/image\/"},"sameAs":["https:\/\/www.facebook.com\/eldiario.bolivia\/","https:\/\/x.com\/eldiario_net"]},{"@type":"Person","@id":"https:\/\/www.eldiario.net\/portal\/#\/schema\/person\/f46445640444750d7d753ccd04ae01b7","name":"Jeanette","image":{"@type":"ImageObject","inLanguage":"es","@id":"https:\/\/secure.gravatar.com\/avatar\/3ea2118a5f7dad2b7138b1187a6b7ee55f160b9968b66013c3a3ef39dd7e5798?s=96&d=mm&r=g","url":"https:\/\/secure.gravatar.com\/avatar\/3ea2118a5f7dad2b7138b1187a6b7ee55f160b9968b66013c3a3ef39dd7e5798?s=96&d=mm&r=g","contentUrl":"https:\/\/secure.gravatar.com\/avatar\/3ea2118a5f7dad2b7138b1187a6b7ee55f160b9968b66013c3a3ef39dd7e5798?s=96&d=mm&r=g","caption":"Jeanette"},"sameAs":["https:\/\/www.eldiario.net\/portal"],"url":"https:\/\/www.eldiario.net\/portal\/author\/jeanette\/"}]}},"_links":{"self":[{"href":"https:\/\/www.eldiario.net\/portal\/wp-json\/wp\/v2\/posts\/142675","targetHints":{"allow":["GET"]}}],"collection":[{"href":"https:\/\/www.eldiario.net\/portal\/wp-json\/wp\/v2\/posts"}],"about":[{"href":"https:\/\/www.eldiario.net\/portal\/wp-json\/wp\/v2\/types\/post"}],"author":[{"embeddable":true,"href":"https:\/\/www.eldiario.net\/portal\/wp-json\/wp\/v2\/users\/1"}],"replies":[{"embeddable":true,"href":"https:\/\/www.eldiario.net\/portal\/wp-json\/wp\/v2\/comments?post=142675"}],"version-history":[{"count":0,"href":"https:\/\/www.eldiario.net\/portal\/wp-json\/wp\/v2\/posts\/142675\/revisions"}],"wp:attachment":[{"href":"https:\/\/www.eldiario.net\/portal\/wp-json\/wp\/v2\/media?parent=142675"}],"wp:term":[{"taxonomy":"category","embeddable":true,"href":"https:\/\/www.eldiario.net\/portal\/wp-json\/wp\/v2\/categories?post=142675"},{"taxonomy":"post_tag","embeddable":true,"href":"https:\/\/www.eldiario.net\/portal\/wp-json\/wp\/v2\/tags?post=142675"}],"curies":[{"name":"wp","href":"https:\/\/api.w.org\/{rel}","templated":true}]}}