{"id":142672,"date":"2023-03-12T06:05:35","date_gmt":"2023-03-12T10:05:35","guid":{"rendered":"https:\/\/www.eldiario.net\/portal\/?p=142672"},"modified":"2023-03-12T06:05:35","modified_gmt":"2023-03-12T10:05:35","slug":"advierten-sobre-expansion-de-china-en-sudamerica","status":"publish","type":"post","link":"https:\/\/www.eldiario.net\/portal\/2023\/03\/12\/advierten-sobre-expansion-de-china-en-sudamerica\/","title":{"rendered":"Advierten sobre expansi\u00f3n  de China en Sudam\u00e9rica"},"content":{"rendered":"<p>La general Laura Richardson, jefa del Comando Sur de Estados Unidos, se\u00f1al\u00f3 que China expande su influencia en Sudam\u00e9rica y el Caribe, adem\u00e1s de manipular a sus gobiernos mediante pr\u00e1cticas de inversi\u00f3n depredadoras.<br \/>\nSeg\u00fan profundiz\u00f3 en su exposici\u00f3n, Richardson sostuvo que el gobierno del gigante asi\u00e1tico \u00abcontin\u00faa expandiendo su influencia econ\u00f3mica, diplom\u00e1tica, tecnol\u00f3gica, informativa y militar en Am\u00e9rica Latina y el Caribe\u00bb.<br \/>\nChina \u00abtiene la capacidad y la intenci\u00f3n\u00bb de \u00abpromover su tipo de autoritarismo y amasar poder e influencia a expensas de estas democracias\u00bb, precis\u00f3 la jefa del Comando Sur de Estados Unidos ante el comit\u00e9 de servicios armados en una audiencia sobre los desaf\u00edos de seguridad en las Am\u00e9ricas.<br \/>\nRichardson, indic\u00f3 tambi\u00e9n que China, ampli\u00f3 su capacidad para extraer recursos, establecer puertos, manipular a los gobiernos a trav\u00e9s de pr\u00e1cticas de inversi\u00f3n depredadoras y construir posibles instalaciones espaciales de doble uso.<br \/>\nLa general tambi\u00e9n se refiri\u00f3 al escenario sobre el cual opera el gigante asi\u00e1tico en la regi\u00f3n y le dijo a los congresistas que los dirigentes latinoamericanos, est\u00e1n desesperados por sus econom\u00edas, tras haber sufrido de lleno el embate de la pandemia y como suelen permanecer en el poder un solo mandato, tienen prisa.<br \/>\n\u201cCuando no existe nada m\u00e1s disponible, no hay inversi\u00f3n occidental o internacional ni postores en las licitaciones que salen, cuando hay grandes proyectos para infraestructuras cr\u00edticas y solo hay postores chinos, no tienen opci\u00f3n\u00bb, afirm\u00f3 Richardson ante el Congreso.<br \/>\n\u201cRusia, una amenaza aguda refuerza los reg\u00edmenes autoritarios de Cuba, Nicaragua y Venezuela y prosigue su amplia campa\u00f1a de desinformaci\u00f3n\u00bb, agreg\u00f3 la general y se\u00f1al\u00f3 al respecto: Estas actividades socavan las democracias y desaf\u00edan nuestra credibilidad.<br \/>\nRichardson critic\u00f3 los efectos de la Iniciativa de la Franja y la Ruta, tambi\u00e9n conocida como la Nueva Ruta de la Seda, una estrategia de desarrollo de infraestructura global lanzada por Pek\u00edn. En un momento en el que los pa\u00edses latinoamericanos intentan salir del hoyo aparece China con miles de millones de d\u00f3lares disponibles para grandes proyectos que \u00abparecen inversiones pero todo es en infraestructura cr\u00edtica\u00bb, se\u00f1al\u00f3.<br \/>\n\u00abSorprendentemente en el espacio, las telecomunicaciones y los puertos de aguas profundas. Hay que preguntarse por qu\u00e9\u00bb, ironiz\u00f3 la general.<br \/>\nSeg\u00fan se\u00f1al\u00f3, tanto Rusia como China explotan la presencia de organizaciones criminales transnacionales y amplifican su impacto desestabilizador en los gobiernos democr\u00e1ticos. (Infobae).<\/p>\n","protected":false},"excerpt":{"rendered":"<p>La general Laura Richardson, jefa del Comando Sur de Estados Unidos, se\u00f1al\u00f3 que China expande su influencia en Sudam\u00e9rica y el Caribe, adem\u00e1s de manipular a sus gobiernos mediante pr\u00e1cticas de inversi\u00f3n depredadoras. Seg\u00fan profundiz\u00f3 en su exposici\u00f3n, Richardson sostuvo que el gobierno del gigante asi\u00e1tico \u00abcontin\u00faa expandiendo su influencia econ\u00f3mica, diplom\u00e1tica, tecnol\u00f3gica, informativa y [&hellip;]<\/p>\n","protected":false},"author":1,"featured_media":142673,"comment_status":"closed","ping_status":"closed","sticky":false,"template":"","format":"standard","meta":{"_acf_changed":false,"footnotes":""},"categories":[3],"tags":[],"class_list":["post-142672","post","type-post","status-publish","format-standard","has-post-thumbnail","category-internacional"],"acf":{"antetitulo":""},"yoast_head":"<!-- This site is optimized with the Yoast SEO plugin v28.4 - https:\/\/yoast.com\/product\/yoast-seo-wordpress\/ -->\n<title>Advierten sobre expansi\u00f3n de China en Sudam\u00e9rica - El Diario - Bolivia<\/title>\n<meta name=\"robots\" content=\"index, follow, max-snippet:-1, max-image-preview:large, max-video-preview:-1\" \/>\n<link rel=\"canonical\" href=\"https:\/\/www.eldiario.net\/portal\/2023\/03\/12\/advierten-sobre-expansion-de-china-en-sudamerica\/\" \/>\n<meta property=\"og:locale\" content=\"es_ES\" \/>\n<meta property=\"og:type\" content=\"article\" \/>\n<meta property=\"og:title\" content=\"Advierten sobre expansi\u00f3n de China en Sudam\u00e9rica - El Diario - Bolivia\" \/>\n<meta property=\"og:description\" content=\"La general Laura Richardson, jefa del Comando Sur de Estados Unidos, se\u00f1al\u00f3 que China expande su influencia en Sudam\u00e9rica y el Caribe, adem\u00e1s de manipular a sus gobiernos mediante pr\u00e1cticas de inversi\u00f3n depredadoras. Seg\u00fan profundiz\u00f3 en su exposici\u00f3n, Richardson sostuvo que el gobierno del gigante asi\u00e1tico \u00abcontin\u00faa expandiendo su influencia econ\u00f3mica, diplom\u00e1tica, tecnol\u00f3gica, informativa y [&hellip;]\" \/>\n<meta property=\"og:url\" content=\"https:\/\/www.eldiario.net\/portal\/2023\/03\/12\/advierten-sobre-expansion-de-china-en-sudamerica\/\" \/>\n<meta property=\"og:site_name\" content=\"El Diario - Bolivia\" \/>\n<meta property=\"article:publisher\" content=\"https:\/\/www.facebook.com\/eldiario.bolivia\/\" \/>\n<meta property=\"article:published_time\" content=\"2023-03-12T10:05:35+00:00\" \/>\n<meta name=\"author\" content=\"Jeanette\" \/>\n<meta name=\"twitter:card\" content=\"summary_large_image\" \/>\n<meta name=\"twitter:creator\" content=\"@eldiario_net\" \/>\n<meta name=\"twitter:site\" content=\"@eldiario_net\" \/>\n<meta name=\"twitter:label1\" content=\"Escrito por\" \/>\n\t<meta name=\"twitter:data1\" content=\"Jeanette\" \/>\n\t<meta name=\"twitter:label2\" content=\"Tiempo de lectura\" \/>\n\t<meta name=\"twitter:data2\" content=\"2 minutos\" \/>\n<script type=\"application\/ld+json\" class=\"yoast-schema-graph\">{\"@context\":\"https:\\\/\\\/schema.org\",\"@graph\":[{\"@type\":\"Article\",\"@id\":\"https:\\\/\\\/www.eldiario.net\\\/portal\\\/2023\\\/03\\\/12\\\/advierten-sobre-expansion-de-china-en-sudamerica\\\/#article\",\"isPartOf\":{\"@id\":\"https:\\\/\\\/www.eldiario.net\\\/portal\\\/2023\\\/03\\\/12\\\/advierten-sobre-expansion-de-china-en-sudamerica\\\/\"},\"author\":{\"name\":\"Jeanette\",\"@id\":\"https:\\\/\\\/www.eldiario.net\\\/portal\\\/#\\\/schema\\\/person\\\/f46445640444750d7d753ccd04ae01b7\"},\"headline\":\"Advierten sobre expansi\u00f3n de China en Sudam\u00e9rica\",\"datePublished\":\"2023-03-12T10:05:35+00:00\",\"mainEntityOfPage\":{\"@id\":\"https:\\\/\\\/www.eldiario.net\\\/portal\\\/2023\\\/03\\\/12\\\/advierten-sobre-expansion-de-china-en-sudamerica\\\/\"},\"wordCount\":434,\"publisher\":{\"@id\":\"https:\\\/\\\/www.eldiario.net\\\/portal\\\/#organization\"},\"image\":{\"@id\":\"https:\\\/\\\/www.eldiario.net\\\/portal\\\/2023\\\/03\\\/12\\\/advierten-sobre-expansion-de-china-en-sudamerica\\\/#primaryimage\"},\"thumbnailUrl\":\"\",\"articleSection\":[\"Internacional\"],\"inLanguage\":\"es\"},{\"@type\":\"WebPage\",\"@id\":\"https:\\\/\\\/www.eldiario.net\\\/portal\\\/2023\\\/03\\\/12\\\/advierten-sobre-expansion-de-china-en-sudamerica\\\/\",\"url\":\"https:\\\/\\\/www.eldiario.net\\\/portal\\\/2023\\\/03\\\/12\\\/advierten-sobre-expansion-de-china-en-sudamerica\\\/\",\"name\":\"Advierten sobre expansi\u00f3n de China en Sudam\u00e9rica - El Diario - Bolivia\",\"isPartOf\":{\"@id\":\"https:\\\/\\\/www.eldiario.net\\\/portal\\\/#website\"},\"primaryImageOfPage\":{\"@id\":\"https:\\\/\\\/www.eldiario.net\\\/portal\\\/2023\\\/03\\\/12\\\/advierten-sobre-expansion-de-china-en-sudamerica\\\/#primaryimage\"},\"image\":{\"@id\":\"https:\\\/\\\/www.eldiario.net\\\/portal\\\/2023\\\/03\\\/12\\\/advierten-sobre-expansion-de-china-en-sudamerica\\\/#primaryimage\"},\"thumbnailUrl\":\"\",\"datePublished\":\"2023-03-12T10:05:35+00:00\",\"breadcrumb\":{\"@id\":\"https:\\\/\\\/www.eldiario.net\\\/portal\\\/2023\\\/03\\\/12\\\/advierten-sobre-expansion-de-china-en-sudamerica\\\/#breadcrumb\"},\"inLanguage\":\"es\",\"potentialAction\":[{\"@type\":\"ReadAction\",\"target\":[\"https:\\\/\\\/www.eldiario.net\\\/portal\\\/2023\\\/03\\\/12\\\/advierten-sobre-expansion-de-china-en-sudamerica\\\/\"]}]},{\"@type\":\"ImageObject\",\"inLanguage\":\"es\",\"@id\":\"https:\\\/\\\/www.eldiario.net\\\/portal\\\/2023\\\/03\\\/12\\\/advierten-sobre-expansion-de-china-en-sudamerica\\\/#primaryimage\",\"url\":\"\",\"contentUrl\":\"\"},{\"@type\":\"BreadcrumbList\",\"@id\":\"https:\\\/\\\/www.eldiario.net\\\/portal\\\/2023\\\/03\\\/12\\\/advierten-sobre-expansion-de-china-en-sudamerica\\\/#breadcrumb\",\"itemListElement\":[{\"@type\":\"ListItem\",\"position\":1,\"name\":\"Portada\",\"item\":\"https:\\\/\\\/www.eldiario.net\\\/portal\\\/\"},{\"@type\":\"ListItem\",\"position\":2,\"name\":\"Advierten sobre expansi\u00f3n de China en Sudam\u00e9rica\"}]},{\"@type\":\"WebSite\",\"@id\":\"https:\\\/\\\/www.eldiario.net\\\/portal\\\/#website\",\"url\":\"https:\\\/\\\/www.eldiario.net\\\/portal\\\/\",\"name\":\"El Diario - Decano de la prensa nacional\",\"description\":\"El Diario - Decano de la prensa nacional\",\"publisher\":{\"@id\":\"https:\\\/\\\/www.eldiario.net\\\/portal\\\/#organization\"},\"potentialAction\":[{\"@type\":\"SearchAction\",\"target\":{\"@type\":\"EntryPoint\",\"urlTemplate\":\"https:\\\/\\\/www.eldiario.net\\\/portal\\\/?s={search_term_string}\"},\"query-input\":{\"@type\":\"PropertyValueSpecification\",\"valueRequired\":true,\"valueName\":\"search_term_string\"}}],\"inLanguage\":\"es\"},{\"@type\":\"Organization\",\"@id\":\"https:\\\/\\\/www.eldiario.net\\\/portal\\\/#organization\",\"name\":\"El Diario - Decano de la prensa nacional\",\"url\":\"https:\\\/\\\/www.eldiario.net\\\/portal\\\/\",\"logo\":{\"@type\":\"ImageObject\",\"inLanguage\":\"es\",\"@id\":\"https:\\\/\\\/www.eldiario.net\\\/portal\\\/#\\\/schema\\\/logo\\\/image\\\/\",\"url\":\"https:\\\/\\\/www.eldiario.net\\\/portal\\\/wp-content\\\/uploads\\\/2023\\\/07\\\/logo_ED.jpg\",\"contentUrl\":\"https:\\\/\\\/www.eldiario.net\\\/portal\\\/wp-content\\\/uploads\\\/2023\\\/07\\\/logo_ED.jpg\",\"width\":272,\"height\":52,\"caption\":\"El Diario - Decano de la prensa nacional\"},\"image\":{\"@id\":\"https:\\\/\\\/www.eldiario.net\\\/portal\\\/#\\\/schema\\\/logo\\\/image\\\/\"},\"sameAs\":[\"https:\\\/\\\/www.facebook.com\\\/eldiario.bolivia\\\/\",\"https:\\\/\\\/x.com\\\/eldiario_net\"]},{\"@type\":\"Person\",\"@id\":\"https:\\\/\\\/www.eldiario.net\\\/portal\\\/#\\\/schema\\\/person\\\/f46445640444750d7d753ccd04ae01b7\",\"name\":\"Jeanette\",\"image\":{\"@type\":\"ImageObject\",\"inLanguage\":\"es\",\"@id\":\"https:\\\/\\\/secure.gravatar.com\\\/avatar\\\/3ea2118a5f7dad2b7138b1187a6b7ee55f160b9968b66013c3a3ef39dd7e5798?s=96&d=mm&r=g\",\"url\":\"https:\\\/\\\/secure.gravatar.com\\\/avatar\\\/3ea2118a5f7dad2b7138b1187a6b7ee55f160b9968b66013c3a3ef39dd7e5798?s=96&d=mm&r=g\",\"contentUrl\":\"https:\\\/\\\/secure.gravatar.com\\\/avatar\\\/3ea2118a5f7dad2b7138b1187a6b7ee55f160b9968b66013c3a3ef39dd7e5798?s=96&d=mm&r=g\",\"caption\":\"Jeanette\"},\"sameAs\":[\"https:\\\/\\\/www.eldiario.net\\\/portal\"],\"url\":\"https:\\\/\\\/www.eldiario.net\\\/portal\\\/author\\\/jeanette\\\/\"}]}<\/script>\n<!-- \/ Yoast SEO plugin. -->","yoast_head_json":{"title":"Advierten sobre expansi\u00f3n de China en Sudam\u00e9rica - El Diario - Bolivia","robots":{"index":"index","follow":"follow","max-snippet":"max-snippet:-1","max-image-preview":"max-image-preview:large","max-video-preview":"max-video-preview:-1"},"canonical":"https:\/\/www.eldiario.net\/portal\/2023\/03\/12\/advierten-sobre-expansion-de-china-en-sudamerica\/","og_locale":"es_ES","og_type":"article","og_title":"Advierten sobre expansi\u00f3n de China en Sudam\u00e9rica - El Diario - Bolivia","og_description":"La general Laura Richardson, jefa del Comando Sur de Estados Unidos, se\u00f1al\u00f3 que China expande su influencia en Sudam\u00e9rica y el Caribe, adem\u00e1s de manipular a sus gobiernos mediante pr\u00e1cticas de inversi\u00f3n depredadoras. Seg\u00fan profundiz\u00f3 en su exposici\u00f3n, Richardson sostuvo que el gobierno del gigante asi\u00e1tico \u00abcontin\u00faa expandiendo su influencia econ\u00f3mica, diplom\u00e1tica, tecnol\u00f3gica, informativa y [&hellip;]","og_url":"https:\/\/www.eldiario.net\/portal\/2023\/03\/12\/advierten-sobre-expansion-de-china-en-sudamerica\/","og_site_name":"El Diario - Bolivia","article_publisher":"https:\/\/www.facebook.com\/eldiario.bolivia\/","article_published_time":"2023-03-12T10:05:35+00:00","author":"Jeanette","twitter_card":"summary_large_image","twitter_creator":"@eldiario_net","twitter_site":"@eldiario_net","twitter_misc":{"Escrito por":"Jeanette","Tiempo de lectura":"2 minutos"},"schema":{"@context":"https:\/\/schema.org","@graph":[{"@type":"Article","@id":"https:\/\/www.eldiario.net\/portal\/2023\/03\/12\/advierten-sobre-expansion-de-china-en-sudamerica\/#article","isPartOf":{"@id":"https:\/\/www.eldiario.net\/portal\/2023\/03\/12\/advierten-sobre-expansion-de-china-en-sudamerica\/"},"author":{"name":"Jeanette","@id":"https:\/\/www.eldiario.net\/portal\/#\/schema\/person\/f46445640444750d7d753ccd04ae01b7"},"headline":"Advierten sobre expansi\u00f3n de China en Sudam\u00e9rica","datePublished":"2023-03-12T10:05:35+00:00","mainEntityOfPage":{"@id":"https:\/\/www.eldiario.net\/portal\/2023\/03\/12\/advierten-sobre-expansion-de-china-en-sudamerica\/"},"wordCount":434,"publisher":{"@id":"https:\/\/www.eldiario.net\/portal\/#organization"},"image":{"@id":"https:\/\/www.eldiario.net\/portal\/2023\/03\/12\/advierten-sobre-expansion-de-china-en-sudamerica\/#primaryimage"},"thumbnailUrl":"","articleSection":["Internacional"],"inLanguage":"es"},{"@type":"WebPage","@id":"https:\/\/www.eldiario.net\/portal\/2023\/03\/12\/advierten-sobre-expansion-de-china-en-sudamerica\/","url":"https:\/\/www.eldiario.net\/portal\/2023\/03\/12\/advierten-sobre-expansion-de-china-en-sudamerica\/","name":"Advierten sobre expansi\u00f3n de China en Sudam\u00e9rica - El Diario - Bolivia","isPartOf":{"@id":"https:\/\/www.eldiario.net\/portal\/#website"},"primaryImageOfPage":{"@id":"https:\/\/www.eldiario.net\/portal\/2023\/03\/12\/advierten-sobre-expansion-de-china-en-sudamerica\/#primaryimage"},"image":{"@id":"https:\/\/www.eldiario.net\/portal\/2023\/03\/12\/advierten-sobre-expansion-de-china-en-sudamerica\/#primaryimage"},"thumbnailUrl":"","datePublished":"2023-03-12T10:05:35+00:00","breadcrumb":{"@id":"https:\/\/www.eldiario.net\/portal\/2023\/03\/12\/advierten-sobre-expansion-de-china-en-sudamerica\/#breadcrumb"},"inLanguage":"es","potentialAction":[{"@type":"ReadAction","target":["https:\/\/www.eldiario.net\/portal\/2023\/03\/12\/advierten-sobre-expansion-de-china-en-sudamerica\/"]}]},{"@type":"ImageObject","inLanguage":"es","@id":"https:\/\/www.eldiario.net\/portal\/2023\/03\/12\/advierten-sobre-expansion-de-china-en-sudamerica\/#primaryimage","url":"","contentUrl":""},{"@type":"BreadcrumbList","@id":"https:\/\/www.eldiario.net\/portal\/2023\/03\/12\/advierten-sobre-expansion-de-china-en-sudamerica\/#breadcrumb","itemListElement":[{"@type":"ListItem","position":1,"name":"Portada","item":"https:\/\/www.eldiario.net\/portal\/"},{"@type":"ListItem","position":2,"name":"Advierten sobre expansi\u00f3n de China en Sudam\u00e9rica"}]},{"@type":"WebSite","@id":"https:\/\/www.eldiario.net\/portal\/#website","url":"https:\/\/www.eldiario.net\/portal\/","name":"El Diario - Decano de la prensa nacional","description":"El Diario - Decano de la prensa nacional","publisher":{"@id":"https:\/\/www.eldiario.net\/portal\/#organization"},"potentialAction":[{"@type":"SearchAction","target":{"@type":"EntryPoint","urlTemplate":"https:\/\/www.eldiario.net\/portal\/?s={search_term_string}"},"query-input":{"@type":"PropertyValueSpecification","valueRequired":true,"valueName":"search_term_string"}}],"inLanguage":"es"},{"@type":"Organization","@id":"https:\/\/www.eldiario.net\/portal\/#organization","name":"El Diario - Decano de la prensa nacional","url":"https:\/\/www.eldiario.net\/portal\/","logo":{"@type":"ImageObject","inLanguage":"es","@id":"https:\/\/www.eldiario.net\/portal\/#\/schema\/logo\/image\/","url":"https:\/\/www.eldiario.net\/portal\/wp-content\/uploads\/2023\/07\/logo_ED.jpg","contentUrl":"https:\/\/www.eldiario.net\/portal\/wp-content\/uploads\/2023\/07\/logo_ED.jpg","width":272,"height":52,"caption":"El Diario - Decano de la prensa nacional"},"image":{"@id":"https:\/\/www.eldiario.net\/portal\/#\/schema\/logo\/image\/"},"sameAs":["https:\/\/www.facebook.com\/eldiario.bolivia\/","https:\/\/x.com\/eldiario_net"]},{"@type":"Person","@id":"https:\/\/www.eldiario.net\/portal\/#\/schema\/person\/f46445640444750d7d753ccd04ae01b7","name":"Jeanette","image":{"@type":"ImageObject","inLanguage":"es","@id":"https:\/\/secure.gravatar.com\/avatar\/3ea2118a5f7dad2b7138b1187a6b7ee55f160b9968b66013c3a3ef39dd7e5798?s=96&d=mm&r=g","url":"https:\/\/secure.gravatar.com\/avatar\/3ea2118a5f7dad2b7138b1187a6b7ee55f160b9968b66013c3a3ef39dd7e5798?s=96&d=mm&r=g","contentUrl":"https:\/\/secure.gravatar.com\/avatar\/3ea2118a5f7dad2b7138b1187a6b7ee55f160b9968b66013c3a3ef39dd7e5798?s=96&d=mm&r=g","caption":"Jeanette"},"sameAs":["https:\/\/www.eldiario.net\/portal"],"url":"https:\/\/www.eldiario.net\/portal\/author\/jeanette\/"}]}},"_links":{"self":[{"href":"https:\/\/www.eldiario.net\/portal\/wp-json\/wp\/v2\/posts\/142672","targetHints":{"allow":["GET"]}}],"collection":[{"href":"https:\/\/www.eldiario.net\/portal\/wp-json\/wp\/v2\/posts"}],"about":[{"href":"https:\/\/www.eldiario.net\/portal\/wp-json\/wp\/v2\/types\/post"}],"author":[{"embeddable":true,"href":"https:\/\/www.eldiario.net\/portal\/wp-json\/wp\/v2\/users\/1"}],"replies":[{"embeddable":true,"href":"https:\/\/www.eldiario.net\/portal\/wp-json\/wp\/v2\/comments?post=142672"}],"version-history":[{"count":0,"href":"https:\/\/www.eldiario.net\/portal\/wp-json\/wp\/v2\/posts\/142672\/revisions"}],"wp:attachment":[{"href":"https:\/\/www.eldiario.net\/portal\/wp-json\/wp\/v2\/media?parent=142672"}],"wp:term":[{"taxonomy":"category","embeddable":true,"href":"https:\/\/www.eldiario.net\/portal\/wp-json\/wp\/v2\/categories?post=142672"},{"taxonomy":"post_tag","embeddable":true,"href":"https:\/\/www.eldiario.net\/portal\/wp-json\/wp\/v2\/tags?post=142672"}],"curies":[{"name":"wp","href":"https:\/\/api.w.org\/{rel}","templated":true}]}}