{"id":142665,"date":"2023-03-12T06:02:37","date_gmt":"2023-03-12T10:02:37","guid":{"rendered":"https:\/\/www.eldiario.net\/portal\/?p=142665"},"modified":"2023-03-12T06:02:37","modified_gmt":"2023-03-12T10:02:37","slug":"es-urgente-reforzar-la-educacion-de-menores","status":"publish","type":"post","link":"https:\/\/www.eldiario.net\/portal\/2023\/03\/12\/es-urgente-reforzar-la-educacion-de-menores\/","title":{"rendered":"Es urgente reforzar la educaci\u00f3n de menores"},"content":{"rendered":"<p><em><span class=\"dropcap \" style=\"background-color: #ffffff; color: #000000; border-color: #ffffff;\">C<\/span>orresponde recordar que en varias reuniones de maestros se ha sostenido la necesidad de que los programas de estudios de ni\u00f1os sean reforzados de manera peri\u00f3dica, tomando en cuenta que todo cambia y aparecen constantemente nuevos conocimientos en diferentes \u00e1reas, as\u00ed como novedosos m\u00e9todos de ense\u00f1anza.<\/em><br \/>\n<em>Hace pocos d\u00edas, al revisar programas de estudio en escuelas de Estados Unidos se convino en la urgencia de \u201cdar fuerza y consistencia a lo que hasta ahora hubiesen avanzado\u201d, idea que cay\u00f3 muy bien porque se considera que \u201ctodo es variante y requiere cambios y reforzamientos\u201d. Por otra parte, escuelas de Europa, especialmente en Suecia y Noruega, han hecho anuncios sobre reforzamientos y cambios que fortalezcan los estudios en escuelas y colegios, a pesar de que, en los \u00faltimos diez a\u00f1os han recibido mucho apoyo, hasta en sus presupuestos financieros y curriculares.<\/em><br \/>\n<em>En nuestro pa\u00eds, es general la convicci\u00f3n sobre las falencias que son encontradas en escuelas y colegios, en relaci\u00f3n con los programas de ense\u00f1anza, atribuibles a la insuficiente formaci\u00f3n profesional de los maestros, a los escasos sueldos que reciben, a las malas condiciones de infraestructura que se tiene en locales educacionales. Y, en muchos casos, a que no existen las especializaciones necesarias, diferenciando a ni\u00f1os y a otros factores que, seg\u00fan entendidos, deben ser objeto de \u201cmodificaciones importantes\u201d. Inclusive se requiere la contrataci\u00f3n de docentes especializados, considerando, por ejemplo, las diferencias que hay entre ni\u00f1os de entre 4 y 8 a\u00f1os de edad. Esto, pues, es lo que se debe hacer, sin esperar nuevas gestiones o cambio de autoridades en el sector de educaci\u00f3n.<\/em><br \/>\n<em>En Europa y Estados Unidos se consigna cada cierto tiempo variantes en sus programas de estudio, de tal modo que haya diferencias notables entre uno y otro a\u00f1o, en cuanto a asimilaci\u00f3n de conocimientos, para favorecer a ni\u00f1os y j\u00f3venes y orientarlos hacia carreras profesionales. Por todo ello es necesario que haya revisiones peri\u00f3dicas por parte de supervisores especializados en ense\u00f1anza, de manera que sepamos en qu\u00e9 nivel de aprendizaje est\u00e1n nuestros estudiantes, en comparaci\u00f3n con el avance en educaci\u00f3n que se observa en pa\u00edses vecinos.<\/em><br \/>\n<em>En Bolivia, actualmente estudiantes y padres de familia se encuentran en medio de conflictos entre el magisterio y las autoridades del rubro, por la pretensi\u00f3n gubernamental de actualizar la curr\u00edcula escolar. A pesar de ser una necesidad peri\u00f3dica, no se ha logrado amplio consenso entre todos los involucrados en el tema, por lo que han surgido demandas de los maestros que dejan ver que dicha medida es cuestionable e incompleta.<\/em><\/p>\n","protected":false},"excerpt":{"rendered":"<p>Corresponde recordar que en varias reuniones de maestros se ha sostenido la necesidad de que los programas de estudios de ni\u00f1os sean reforzados de manera peri\u00f3dica, tomando en cuenta que todo cambia y aparecen constantemente nuevos conocimientos en diferentes \u00e1reas, as\u00ed como novedosos m\u00e9todos de ense\u00f1anza. Hace pocos d\u00edas, al revisar programas de estudio en [&hellip;]<\/p>\n","protected":false},"author":1,"featured_media":0,"comment_status":"closed","ping_status":"closed","sticky":false,"template":"","format":"standard","meta":{"_acf_changed":false,"footnotes":""},"categories":[4],"tags":[],"class_list":["post-142665","post","type-post","status-publish","format-standard","category-editorial"],"acf":{"antetitulo":""},"yoast_head":"<!-- This site is optimized with the Yoast SEO plugin v28.4 - https:\/\/yoast.com\/product\/yoast-seo-wordpress\/ -->\n<title>Es urgente reforzar la educaci\u00f3n de menores - El Diario - Bolivia<\/title>\n<meta name=\"robots\" content=\"index, follow, max-snippet:-1, max-image-preview:large, max-video-preview:-1\" \/>\n<link rel=\"canonical\" href=\"https:\/\/www.eldiario.net\/portal\/2023\/03\/12\/es-urgente-reforzar-la-educacion-de-menores\/\" \/>\n<meta property=\"og:locale\" content=\"es_ES\" \/>\n<meta property=\"og:type\" content=\"article\" \/>\n<meta property=\"og:title\" content=\"Es urgente reforzar la educaci\u00f3n de menores - El Diario - Bolivia\" \/>\n<meta property=\"og:description\" content=\"Corresponde recordar que en varias reuniones de maestros se ha sostenido la necesidad de que los programas de estudios de ni\u00f1os sean reforzados de manera peri\u00f3dica, tomando en cuenta que todo cambia y aparecen constantemente nuevos conocimientos en diferentes \u00e1reas, as\u00ed como novedosos m\u00e9todos de ense\u00f1anza. Hace pocos d\u00edas, al revisar programas de estudio en [&hellip;]\" \/>\n<meta property=\"og:url\" content=\"https:\/\/www.eldiario.net\/portal\/2023\/03\/12\/es-urgente-reforzar-la-educacion-de-menores\/\" \/>\n<meta property=\"og:site_name\" content=\"El Diario - Bolivia\" \/>\n<meta property=\"article:publisher\" content=\"https:\/\/www.facebook.com\/eldiario.bolivia\/\" \/>\n<meta property=\"article:published_time\" content=\"2023-03-12T10:02:37+00:00\" \/>\n<meta name=\"author\" content=\"Jeanette\" \/>\n<meta name=\"twitter:card\" content=\"summary_large_image\" \/>\n<meta name=\"twitter:creator\" content=\"@eldiario_net\" \/>\n<meta name=\"twitter:site\" content=\"@eldiario_net\" \/>\n<meta name=\"twitter:label1\" content=\"Escrito por\" \/>\n\t<meta name=\"twitter:data1\" content=\"Jeanette\" \/>\n\t<meta name=\"twitter:label2\" content=\"Tiempo de lectura\" \/>\n\t<meta name=\"twitter:data2\" content=\"2 minutos\" \/>\n<script type=\"application\/ld+json\" class=\"yoast-schema-graph\">{\"@context\":\"https:\\\/\\\/schema.org\",\"@graph\":[{\"@type\":\"Article\",\"@id\":\"https:\\\/\\\/www.eldiario.net\\\/portal\\\/2023\\\/03\\\/12\\\/es-urgente-reforzar-la-educacion-de-menores\\\/#article\",\"isPartOf\":{\"@id\":\"https:\\\/\\\/www.eldiario.net\\\/portal\\\/2023\\\/03\\\/12\\\/es-urgente-reforzar-la-educacion-de-menores\\\/\"},\"author\":{\"name\":\"Jeanette\",\"@id\":\"https:\\\/\\\/www.eldiario.net\\\/portal\\\/#\\\/schema\\\/person\\\/f46445640444750d7d753ccd04ae01b7\"},\"headline\":\"Es urgente reforzar la educaci\u00f3n de menores\",\"datePublished\":\"2023-03-12T10:02:37+00:00\",\"mainEntityOfPage\":{\"@id\":\"https:\\\/\\\/www.eldiario.net\\\/portal\\\/2023\\\/03\\\/12\\\/es-urgente-reforzar-la-educacion-de-menores\\\/\"},\"wordCount\":455,\"publisher\":{\"@id\":\"https:\\\/\\\/www.eldiario.net\\\/portal\\\/#organization\"},\"articleSection\":[\"Editorial\"],\"inLanguage\":\"es\"},{\"@type\":\"WebPage\",\"@id\":\"https:\\\/\\\/www.eldiario.net\\\/portal\\\/2023\\\/03\\\/12\\\/es-urgente-reforzar-la-educacion-de-menores\\\/\",\"url\":\"https:\\\/\\\/www.eldiario.net\\\/portal\\\/2023\\\/03\\\/12\\\/es-urgente-reforzar-la-educacion-de-menores\\\/\",\"name\":\"Es urgente reforzar la educaci\u00f3n de menores - El Diario - Bolivia\",\"isPartOf\":{\"@id\":\"https:\\\/\\\/www.eldiario.net\\\/portal\\\/#website\"},\"datePublished\":\"2023-03-12T10:02:37+00:00\",\"breadcrumb\":{\"@id\":\"https:\\\/\\\/www.eldiario.net\\\/portal\\\/2023\\\/03\\\/12\\\/es-urgente-reforzar-la-educacion-de-menores\\\/#breadcrumb\"},\"inLanguage\":\"es\",\"potentialAction\":[{\"@type\":\"ReadAction\",\"target\":[\"https:\\\/\\\/www.eldiario.net\\\/portal\\\/2023\\\/03\\\/12\\\/es-urgente-reforzar-la-educacion-de-menores\\\/\"]}]},{\"@type\":\"BreadcrumbList\",\"@id\":\"https:\\\/\\\/www.eldiario.net\\\/portal\\\/2023\\\/03\\\/12\\\/es-urgente-reforzar-la-educacion-de-menores\\\/#breadcrumb\",\"itemListElement\":[{\"@type\":\"ListItem\",\"position\":1,\"name\":\"Portada\",\"item\":\"https:\\\/\\\/www.eldiario.net\\\/portal\\\/\"},{\"@type\":\"ListItem\",\"position\":2,\"name\":\"Es urgente reforzar la educaci\u00f3n de menores\"}]},{\"@type\":\"WebSite\",\"@id\":\"https:\\\/\\\/www.eldiario.net\\\/portal\\\/#website\",\"url\":\"https:\\\/\\\/www.eldiario.net\\\/portal\\\/\",\"name\":\"El Diario - Decano de la prensa nacional\",\"description\":\"El Diario - Decano de la prensa nacional\",\"publisher\":{\"@id\":\"https:\\\/\\\/www.eldiario.net\\\/portal\\\/#organization\"},\"potentialAction\":[{\"@type\":\"SearchAction\",\"target\":{\"@type\":\"EntryPoint\",\"urlTemplate\":\"https:\\\/\\\/www.eldiario.net\\\/portal\\\/?s={search_term_string}\"},\"query-input\":{\"@type\":\"PropertyValueSpecification\",\"valueRequired\":true,\"valueName\":\"search_term_string\"}}],\"inLanguage\":\"es\"},{\"@type\":\"Organization\",\"@id\":\"https:\\\/\\\/www.eldiario.net\\\/portal\\\/#organization\",\"name\":\"El Diario - Decano de la prensa nacional\",\"url\":\"https:\\\/\\\/www.eldiario.net\\\/portal\\\/\",\"logo\":{\"@type\":\"ImageObject\",\"inLanguage\":\"es\",\"@id\":\"https:\\\/\\\/www.eldiario.net\\\/portal\\\/#\\\/schema\\\/logo\\\/image\\\/\",\"url\":\"https:\\\/\\\/www.eldiario.net\\\/portal\\\/wp-content\\\/uploads\\\/2023\\\/07\\\/logo_ED.jpg\",\"contentUrl\":\"https:\\\/\\\/www.eldiario.net\\\/portal\\\/wp-content\\\/uploads\\\/2023\\\/07\\\/logo_ED.jpg\",\"width\":272,\"height\":52,\"caption\":\"El Diario - Decano de la prensa nacional\"},\"image\":{\"@id\":\"https:\\\/\\\/www.eldiario.net\\\/portal\\\/#\\\/schema\\\/logo\\\/image\\\/\"},\"sameAs\":[\"https:\\\/\\\/www.facebook.com\\\/eldiario.bolivia\\\/\",\"https:\\\/\\\/x.com\\\/eldiario_net\"]},{\"@type\":\"Person\",\"@id\":\"https:\\\/\\\/www.eldiario.net\\\/portal\\\/#\\\/schema\\\/person\\\/f46445640444750d7d753ccd04ae01b7\",\"name\":\"Jeanette\",\"image\":{\"@type\":\"ImageObject\",\"inLanguage\":\"es\",\"@id\":\"https:\\\/\\\/secure.gravatar.com\\\/avatar\\\/3ea2118a5f7dad2b7138b1187a6b7ee55f160b9968b66013c3a3ef39dd7e5798?s=96&d=mm&r=g\",\"url\":\"https:\\\/\\\/secure.gravatar.com\\\/avatar\\\/3ea2118a5f7dad2b7138b1187a6b7ee55f160b9968b66013c3a3ef39dd7e5798?s=96&d=mm&r=g\",\"contentUrl\":\"https:\\\/\\\/secure.gravatar.com\\\/avatar\\\/3ea2118a5f7dad2b7138b1187a6b7ee55f160b9968b66013c3a3ef39dd7e5798?s=96&d=mm&r=g\",\"caption\":\"Jeanette\"},\"sameAs\":[\"https:\\\/\\\/www.eldiario.net\\\/portal\"],\"url\":\"https:\\\/\\\/www.eldiario.net\\\/portal\\\/author\\\/jeanette\\\/\"}]}<\/script>\n<!-- \/ Yoast SEO plugin. -->","yoast_head_json":{"title":"Es urgente reforzar la educaci\u00f3n de menores - El Diario - Bolivia","robots":{"index":"index","follow":"follow","max-snippet":"max-snippet:-1","max-image-preview":"max-image-preview:large","max-video-preview":"max-video-preview:-1"},"canonical":"https:\/\/www.eldiario.net\/portal\/2023\/03\/12\/es-urgente-reforzar-la-educacion-de-menores\/","og_locale":"es_ES","og_type":"article","og_title":"Es urgente reforzar la educaci\u00f3n de menores - El Diario - Bolivia","og_description":"Corresponde recordar que en varias reuniones de maestros se ha sostenido la necesidad de que los programas de estudios de ni\u00f1os sean reforzados de manera peri\u00f3dica, tomando en cuenta que todo cambia y aparecen constantemente nuevos conocimientos en diferentes \u00e1reas, as\u00ed como novedosos m\u00e9todos de ense\u00f1anza. Hace pocos d\u00edas, al revisar programas de estudio en [&hellip;]","og_url":"https:\/\/www.eldiario.net\/portal\/2023\/03\/12\/es-urgente-reforzar-la-educacion-de-menores\/","og_site_name":"El Diario - Bolivia","article_publisher":"https:\/\/www.facebook.com\/eldiario.bolivia\/","article_published_time":"2023-03-12T10:02:37+00:00","author":"Jeanette","twitter_card":"summary_large_image","twitter_creator":"@eldiario_net","twitter_site":"@eldiario_net","twitter_misc":{"Escrito por":"Jeanette","Tiempo de lectura":"2 minutos"},"schema":{"@context":"https:\/\/schema.org","@graph":[{"@type":"Article","@id":"https:\/\/www.eldiario.net\/portal\/2023\/03\/12\/es-urgente-reforzar-la-educacion-de-menores\/#article","isPartOf":{"@id":"https:\/\/www.eldiario.net\/portal\/2023\/03\/12\/es-urgente-reforzar-la-educacion-de-menores\/"},"author":{"name":"Jeanette","@id":"https:\/\/www.eldiario.net\/portal\/#\/schema\/person\/f46445640444750d7d753ccd04ae01b7"},"headline":"Es urgente reforzar la educaci\u00f3n de menores","datePublished":"2023-03-12T10:02:37+00:00","mainEntityOfPage":{"@id":"https:\/\/www.eldiario.net\/portal\/2023\/03\/12\/es-urgente-reforzar-la-educacion-de-menores\/"},"wordCount":455,"publisher":{"@id":"https:\/\/www.eldiario.net\/portal\/#organization"},"articleSection":["Editorial"],"inLanguage":"es"},{"@type":"WebPage","@id":"https:\/\/www.eldiario.net\/portal\/2023\/03\/12\/es-urgente-reforzar-la-educacion-de-menores\/","url":"https:\/\/www.eldiario.net\/portal\/2023\/03\/12\/es-urgente-reforzar-la-educacion-de-menores\/","name":"Es urgente reforzar la educaci\u00f3n de menores - El Diario - Bolivia","isPartOf":{"@id":"https:\/\/www.eldiario.net\/portal\/#website"},"datePublished":"2023-03-12T10:02:37+00:00","breadcrumb":{"@id":"https:\/\/www.eldiario.net\/portal\/2023\/03\/12\/es-urgente-reforzar-la-educacion-de-menores\/#breadcrumb"},"inLanguage":"es","potentialAction":[{"@type":"ReadAction","target":["https:\/\/www.eldiario.net\/portal\/2023\/03\/12\/es-urgente-reforzar-la-educacion-de-menores\/"]}]},{"@type":"BreadcrumbList","@id":"https:\/\/www.eldiario.net\/portal\/2023\/03\/12\/es-urgente-reforzar-la-educacion-de-menores\/#breadcrumb","itemListElement":[{"@type":"ListItem","position":1,"name":"Portada","item":"https:\/\/www.eldiario.net\/portal\/"},{"@type":"ListItem","position":2,"name":"Es urgente reforzar la educaci\u00f3n de menores"}]},{"@type":"WebSite","@id":"https:\/\/www.eldiario.net\/portal\/#website","url":"https:\/\/www.eldiario.net\/portal\/","name":"El Diario - Decano de la prensa nacional","description":"El Diario - Decano de la prensa nacional","publisher":{"@id":"https:\/\/www.eldiario.net\/portal\/#organization"},"potentialAction":[{"@type":"SearchAction","target":{"@type":"EntryPoint","urlTemplate":"https:\/\/www.eldiario.net\/portal\/?s={search_term_string}"},"query-input":{"@type":"PropertyValueSpecification","valueRequired":true,"valueName":"search_term_string"}}],"inLanguage":"es"},{"@type":"Organization","@id":"https:\/\/www.eldiario.net\/portal\/#organization","name":"El Diario - Decano de la prensa nacional","url":"https:\/\/www.eldiario.net\/portal\/","logo":{"@type":"ImageObject","inLanguage":"es","@id":"https:\/\/www.eldiario.net\/portal\/#\/schema\/logo\/image\/","url":"https:\/\/www.eldiario.net\/portal\/wp-content\/uploads\/2023\/07\/logo_ED.jpg","contentUrl":"https:\/\/www.eldiario.net\/portal\/wp-content\/uploads\/2023\/07\/logo_ED.jpg","width":272,"height":52,"caption":"El Diario - Decano de la prensa nacional"},"image":{"@id":"https:\/\/www.eldiario.net\/portal\/#\/schema\/logo\/image\/"},"sameAs":["https:\/\/www.facebook.com\/eldiario.bolivia\/","https:\/\/x.com\/eldiario_net"]},{"@type":"Person","@id":"https:\/\/www.eldiario.net\/portal\/#\/schema\/person\/f46445640444750d7d753ccd04ae01b7","name":"Jeanette","image":{"@type":"ImageObject","inLanguage":"es","@id":"https:\/\/secure.gravatar.com\/avatar\/3ea2118a5f7dad2b7138b1187a6b7ee55f160b9968b66013c3a3ef39dd7e5798?s=96&d=mm&r=g","url":"https:\/\/secure.gravatar.com\/avatar\/3ea2118a5f7dad2b7138b1187a6b7ee55f160b9968b66013c3a3ef39dd7e5798?s=96&d=mm&r=g","contentUrl":"https:\/\/secure.gravatar.com\/avatar\/3ea2118a5f7dad2b7138b1187a6b7ee55f160b9968b66013c3a3ef39dd7e5798?s=96&d=mm&r=g","caption":"Jeanette"},"sameAs":["https:\/\/www.eldiario.net\/portal"],"url":"https:\/\/www.eldiario.net\/portal\/author\/jeanette\/"}]}},"_links":{"self":[{"href":"https:\/\/www.eldiario.net\/portal\/wp-json\/wp\/v2\/posts\/142665","targetHints":{"allow":["GET"]}}],"collection":[{"href":"https:\/\/www.eldiario.net\/portal\/wp-json\/wp\/v2\/posts"}],"about":[{"href":"https:\/\/www.eldiario.net\/portal\/wp-json\/wp\/v2\/types\/post"}],"author":[{"embeddable":true,"href":"https:\/\/www.eldiario.net\/portal\/wp-json\/wp\/v2\/users\/1"}],"replies":[{"embeddable":true,"href":"https:\/\/www.eldiario.net\/portal\/wp-json\/wp\/v2\/comments?post=142665"}],"version-history":[{"count":0,"href":"https:\/\/www.eldiario.net\/portal\/wp-json\/wp\/v2\/posts\/142665\/revisions"}],"wp:attachment":[{"href":"https:\/\/www.eldiario.net\/portal\/wp-json\/wp\/v2\/media?parent=142665"}],"wp:term":[{"taxonomy":"category","embeddable":true,"href":"https:\/\/www.eldiario.net\/portal\/wp-json\/wp\/v2\/categories?post=142665"},{"taxonomy":"post_tag","embeddable":true,"href":"https:\/\/www.eldiario.net\/portal\/wp-json\/wp\/v2\/tags?post=142665"}],"curies":[{"name":"wp","href":"https:\/\/api.w.org\/{rel}","templated":true}]}}