{"id":142663,"date":"2023-03-12T06:02:12","date_gmt":"2023-03-12T10:02:12","guid":{"rendered":"https:\/\/www.eldiario.net\/portal\/?p=142663"},"modified":"2023-03-12T06:02:12","modified_gmt":"2023-03-12T10:02:12","slug":"necesitamos-instrumentar-la-economia-circular","status":"publish","type":"post","link":"https:\/\/www.eldiario.net\/portal\/2023\/03\/12\/necesitamos-instrumentar-la-economia-circular\/","title":{"rendered":"Necesitamos instrumentar la Econom\u00eda Circular"},"content":{"rendered":"<p>Seg\u00fan \u201cWhat a Waste 2.0\u201d, reporte del Banco Mundial, en el mundo se generan 2.010 millones de toneladas de residuos s\u00f3lidos municipales al a\u00f1o, que est\u00e1n ahogando los mares, lagos y r\u00edos, causando enfermedades y provocando inundaciones. Y los pron\u00f3sticos no son alentadores, pues se estima que para el a\u00f1o 2050 la cifra se elevar\u00eda a 3.400 millones de toneladas de residuos s\u00f3lidos.<br \/>\nPara encarar el problema de la basura no solo en la ciudad de La Paz, sino tambi\u00e9n en El Alto y el resto de los centros urbanos del pa\u00eds, no solo necesitamos industrializar los desechos s\u00f3lidos, sino tambi\u00e9n educar a la poblaci\u00f3n para, todos juntos, poner en pr\u00e1ctica la conocida Regla de las 3R, sugerida por entidades ambientalistas.<br \/>\nLa Regla de las 3R es: Reciclar, Reutilizar y Reducir, las tres palabras que buscan cambiar los h\u00e1bitos de la poblaci\u00f3n hacia pr\u00e1cticas m\u00e1s amigables con el medio ambiente, que se traduzcan en reducir la cantidad de basura que se genera cada d\u00eda en el mundo entero. Si la Regla de las 3R se aplica a conciencia, se pueden registrar grandes cambios.<br \/>\nLas cifras de la basura en Bolivia tambi\u00e9n est\u00e1n aumentando. Seg\u00fan el Ministerio de Medio Ambiente y Agua, en 2016 Bolivia generaba unos 2 millones de toneladas de residuos s\u00f3lidos al a\u00f1o, lo que significa 5.400 toneladas al d\u00eda. Y, seg\u00fan el INE (2017), m\u00e1s del 70% proven\u00edan exclusivamente de las 9 ciudades capitales y El Alto.<br \/>\nEl informe de \u201cThe global e-waste monitor 2017\u201d sostiene que Bolivia genera 3,3 kg de Residuos de Aparatos El\u00e9ctricos y Electr\u00f3nicos (RAEE) por habitante, que al a\u00f1o se transforman en 36.400 toneladas de RAEE.<br \/>\nA mediados de enero de 2019, France 24 informaba que \u201cLa Paz nada entre basuras\u201d mientras se buscaba soluciones para la crisis ambiental generada por el derrame de residuos en el botadero de Alpacoma. Los residentes de este municipio imped\u00edan el ingreso de los camiones con basura a este botadero, evitando que se deposite m\u00e1s basura en el lugar. Problemas como \u00e9ste, en el que vecinos u organizaciones sindicales, con una amplia variedad de motivos, cierran el paso al ingreso de los camiones con basura a los botaderos habilitados en los centros urbanos, generan riesgos de salud y otros problemas a los habitantes de las ciudades.<br \/>\nUn editorial de EL DIARIO, de fines del a\u00f1o pasado, dec\u00eda \u201cpueblos peque\u00f1os y grandes ciudades confrontan el grave problema de ver monta\u00f1as de desperdicios que esperan ser enterrados en lugares conseguidos con mucha dificultad. Municipios y especialmente crematorios para escoger, convertir en abonos y quemar basura no dan abasto porque la cantidad de restos excede su capacidad\u201d.<br \/>\nA mediados del mes pasado, el alcalde Iv\u00e1n Arias anunci\u00f3 que este 2023 ser\u00e1 el a\u00f1o del \u201cs\u00faper proyecto\u201d de la industrializaci\u00f3n de residuos s\u00f3lidos en La Paz, a trav\u00e9s de una licitaci\u00f3n internacional que permitir\u00e1 adjudicar la implementaci\u00f3n de una planta de reciclaje v\u00eda concesi\u00f3n.<br \/>\n\u201cEste es el a\u00f1o del \u2018s\u00faper proyecto\u2019 de reciclaje de basura, vamos a lanzar una convocatoria p\u00fablica nacional e internacional, donde buscamos pasar del botadero al relleno y del relleno a la industrializaci\u00f3n. Es un proyecto de m\u00e1s de 20 millones de d\u00f3lares, que va ser un concurso internacional\u201d, explic\u00f3 Arias.<br \/>\nEl 16 de julio del a\u00f1o pasado, la Alcald\u00eda pace\u00f1a lanz\u00f3 la licitaci\u00f3n para la industrializaci\u00f3n de la basura, pero qued\u00f3 desierta. Las empresas no consideraron atractiva la propuesta municipal y ahora la comuna prepara una nueva convocatoria. El burgomaestre tiene tres a\u00f1os para arrancar con este proyecto antes de que el relleno sanitario de Sak\u2019a Churu llegue al 100% de su capacidad. El Alcalde espera que el sector privado compita, crea e invierta en La Paz<br \/>\nAlberto Cottoulenc, miembro del Partido Verde Ecologista de M\u00e9xico, dice con claridad que \u201cla privatizaci\u00f3n de la basura es ya una tendencia mundial, lo mismo se puede ver en Brasil, Nicaragua, Estados Unidos, Espa\u00f1a y la India\u201d, y por eso la industrializaci\u00f3n de la recolecci\u00f3n de la basura por parte de la iniciativa privada, es una alternativa ecol\u00f3gica que tiene el Distrito Federal frente al inminente cierre del Bordo Poniente, el tiradero m\u00e1s grande de Am\u00e9rica Latina.<br \/>\nEsperamos que el municipio pace\u00f1o haga las modificaciones necesarias a su licitaci\u00f3n, para hacer m\u00e1s atractiva la participaci\u00f3n privada en este proyecto que demandar\u00e1 una inversi\u00f3n de unos 25 millones de d\u00f3lares.<\/p>\n<p>El autor es Economista, doctorado Ph.D. en Relaciones Internacionales, Acad\u00e9mico de N\u00famero de la ABCE y presidente del Directorio de la UREAL.<\/p>\n","protected":false},"excerpt":{"rendered":"<p>Seg\u00fan \u201cWhat a Waste 2.0\u201d, reporte del Banco Mundial, en el mundo se generan 2.010 millones de toneladas de residuos s\u00f3lidos municipales al a\u00f1o, que est\u00e1n ahogando los mares, lagos y r\u00edos, causando enfermedades y provocando inundaciones. Y los pron\u00f3sticos no son alentadores, pues se estima que para el a\u00f1o 2050 la cifra se elevar\u00eda [&hellip;]<\/p>\n","protected":false},"author":1,"featured_media":134142,"comment_status":"closed","ping_status":"closed","sticky":false,"template":"","format":"standard","meta":{"_acf_changed":false,"footnotes":""},"categories":[9],"tags":[],"class_list":["post-142663","post","type-post","status-publish","format-standard","has-post-thumbnail","category-opinion"],"acf":{"antetitulo":""},"yoast_head":"<!-- This site is optimized with the Yoast SEO plugin v28.4 - https:\/\/yoast.com\/product\/yoast-seo-wordpress\/ -->\n<title>Necesitamos instrumentar la Econom\u00eda Circular - El Diario - Bolivia<\/title>\n<meta name=\"robots\" content=\"index, follow, max-snippet:-1, max-image-preview:large, max-video-preview:-1\" \/>\n<link rel=\"canonical\" href=\"https:\/\/www.eldiario.net\/portal\/2023\/03\/12\/necesitamos-instrumentar-la-economia-circular\/\" \/>\n<meta property=\"og:locale\" content=\"es_ES\" \/>\n<meta property=\"og:type\" content=\"article\" \/>\n<meta property=\"og:title\" content=\"Necesitamos instrumentar la Econom\u00eda Circular - El Diario - Bolivia\" \/>\n<meta property=\"og:description\" content=\"Seg\u00fan \u201cWhat a Waste 2.0\u201d, reporte del Banco Mundial, en el mundo se generan 2.010 millones de toneladas de residuos s\u00f3lidos municipales al a\u00f1o, que est\u00e1n ahogando los mares, lagos y r\u00edos, causando enfermedades y provocando inundaciones. Y los pron\u00f3sticos no son alentadores, pues se estima que para el a\u00f1o 2050 la cifra se elevar\u00eda [&hellip;]\" \/>\n<meta property=\"og:url\" content=\"https:\/\/www.eldiario.net\/portal\/2023\/03\/12\/necesitamos-instrumentar-la-economia-circular\/\" \/>\n<meta property=\"og:site_name\" content=\"El Diario - Bolivia\" \/>\n<meta property=\"article:publisher\" content=\"https:\/\/www.facebook.com\/eldiario.bolivia\/\" \/>\n<meta property=\"article:published_time\" content=\"2023-03-12T10:02:12+00:00\" \/>\n<meta name=\"author\" content=\"Jeanette\" \/>\n<meta name=\"twitter:card\" content=\"summary_large_image\" \/>\n<meta name=\"twitter:creator\" content=\"@eldiario_net\" \/>\n<meta name=\"twitter:site\" content=\"@eldiario_net\" \/>\n<meta name=\"twitter:label1\" content=\"Escrito por\" \/>\n\t<meta name=\"twitter:data1\" content=\"Jeanette\" \/>\n\t<meta name=\"twitter:label2\" content=\"Tiempo de lectura\" \/>\n\t<meta name=\"twitter:data2\" content=\"4 minutos\" \/>\n<script type=\"application\/ld+json\" class=\"yoast-schema-graph\">{\"@context\":\"https:\\\/\\\/schema.org\",\"@graph\":[{\"@type\":\"Article\",\"@id\":\"https:\\\/\\\/www.eldiario.net\\\/portal\\\/2023\\\/03\\\/12\\\/necesitamos-instrumentar-la-economia-circular\\\/#article\",\"isPartOf\":{\"@id\":\"https:\\\/\\\/www.eldiario.net\\\/portal\\\/2023\\\/03\\\/12\\\/necesitamos-instrumentar-la-economia-circular\\\/\"},\"author\":{\"name\":\"Jeanette\",\"@id\":\"https:\\\/\\\/www.eldiario.net\\\/portal\\\/#\\\/schema\\\/person\\\/f46445640444750d7d753ccd04ae01b7\"},\"headline\":\"Necesitamos instrumentar la Econom\u00eda Circular\",\"datePublished\":\"2023-03-12T10:02:12+00:00\",\"mainEntityOfPage\":{\"@id\":\"https:\\\/\\\/www.eldiario.net\\\/portal\\\/2023\\\/03\\\/12\\\/necesitamos-instrumentar-la-economia-circular\\\/\"},\"wordCount\":807,\"publisher\":{\"@id\":\"https:\\\/\\\/www.eldiario.net\\\/portal\\\/#organization\"},\"image\":{\"@id\":\"https:\\\/\\\/www.eldiario.net\\\/portal\\\/2023\\\/03\\\/12\\\/necesitamos-instrumentar-la-economia-circular\\\/#primaryimage\"},\"thumbnailUrl\":\"\",\"articleSection\":[\"Opini\u00f3n\"],\"inLanguage\":\"es\"},{\"@type\":\"WebPage\",\"@id\":\"https:\\\/\\\/www.eldiario.net\\\/portal\\\/2023\\\/03\\\/12\\\/necesitamos-instrumentar-la-economia-circular\\\/\",\"url\":\"https:\\\/\\\/www.eldiario.net\\\/portal\\\/2023\\\/03\\\/12\\\/necesitamos-instrumentar-la-economia-circular\\\/\",\"name\":\"Necesitamos instrumentar la Econom\u00eda Circular - El Diario - Bolivia\",\"isPartOf\":{\"@id\":\"https:\\\/\\\/www.eldiario.net\\\/portal\\\/#website\"},\"primaryImageOfPage\":{\"@id\":\"https:\\\/\\\/www.eldiario.net\\\/portal\\\/2023\\\/03\\\/12\\\/necesitamos-instrumentar-la-economia-circular\\\/#primaryimage\"},\"image\":{\"@id\":\"https:\\\/\\\/www.eldiario.net\\\/portal\\\/2023\\\/03\\\/12\\\/necesitamos-instrumentar-la-economia-circular\\\/#primaryimage\"},\"thumbnailUrl\":\"\",\"datePublished\":\"2023-03-12T10:02:12+00:00\",\"breadcrumb\":{\"@id\":\"https:\\\/\\\/www.eldiario.net\\\/portal\\\/2023\\\/03\\\/12\\\/necesitamos-instrumentar-la-economia-circular\\\/#breadcrumb\"},\"inLanguage\":\"es\",\"potentialAction\":[{\"@type\":\"ReadAction\",\"target\":[\"https:\\\/\\\/www.eldiario.net\\\/portal\\\/2023\\\/03\\\/12\\\/necesitamos-instrumentar-la-economia-circular\\\/\"]}]},{\"@type\":\"ImageObject\",\"inLanguage\":\"es\",\"@id\":\"https:\\\/\\\/www.eldiario.net\\\/portal\\\/2023\\\/03\\\/12\\\/necesitamos-instrumentar-la-economia-circular\\\/#primaryimage\",\"url\":\"\",\"contentUrl\":\"\"},{\"@type\":\"BreadcrumbList\",\"@id\":\"https:\\\/\\\/www.eldiario.net\\\/portal\\\/2023\\\/03\\\/12\\\/necesitamos-instrumentar-la-economia-circular\\\/#breadcrumb\",\"itemListElement\":[{\"@type\":\"ListItem\",\"position\":1,\"name\":\"Portada\",\"item\":\"https:\\\/\\\/www.eldiario.net\\\/portal\\\/\"},{\"@type\":\"ListItem\",\"position\":2,\"name\":\"Necesitamos instrumentar la Econom\u00eda Circular\"}]},{\"@type\":\"WebSite\",\"@id\":\"https:\\\/\\\/www.eldiario.net\\\/portal\\\/#website\",\"url\":\"https:\\\/\\\/www.eldiario.net\\\/portal\\\/\",\"name\":\"El Diario - Decano de la prensa nacional\",\"description\":\"El Diario - Decano de la prensa nacional\",\"publisher\":{\"@id\":\"https:\\\/\\\/www.eldiario.net\\\/portal\\\/#organization\"},\"potentialAction\":[{\"@type\":\"SearchAction\",\"target\":{\"@type\":\"EntryPoint\",\"urlTemplate\":\"https:\\\/\\\/www.eldiario.net\\\/portal\\\/?s={search_term_string}\"},\"query-input\":{\"@type\":\"PropertyValueSpecification\",\"valueRequired\":true,\"valueName\":\"search_term_string\"}}],\"inLanguage\":\"es\"},{\"@type\":\"Organization\",\"@id\":\"https:\\\/\\\/www.eldiario.net\\\/portal\\\/#organization\",\"name\":\"El Diario - Decano de la prensa nacional\",\"url\":\"https:\\\/\\\/www.eldiario.net\\\/portal\\\/\",\"logo\":{\"@type\":\"ImageObject\",\"inLanguage\":\"es\",\"@id\":\"https:\\\/\\\/www.eldiario.net\\\/portal\\\/#\\\/schema\\\/logo\\\/image\\\/\",\"url\":\"https:\\\/\\\/www.eldiario.net\\\/portal\\\/wp-content\\\/uploads\\\/2023\\\/07\\\/logo_ED.jpg\",\"contentUrl\":\"https:\\\/\\\/www.eldiario.net\\\/portal\\\/wp-content\\\/uploads\\\/2023\\\/07\\\/logo_ED.jpg\",\"width\":272,\"height\":52,\"caption\":\"El Diario - Decano de la prensa nacional\"},\"image\":{\"@id\":\"https:\\\/\\\/www.eldiario.net\\\/portal\\\/#\\\/schema\\\/logo\\\/image\\\/\"},\"sameAs\":[\"https:\\\/\\\/www.facebook.com\\\/eldiario.bolivia\\\/\",\"https:\\\/\\\/x.com\\\/eldiario_net\"]},{\"@type\":\"Person\",\"@id\":\"https:\\\/\\\/www.eldiario.net\\\/portal\\\/#\\\/schema\\\/person\\\/f46445640444750d7d753ccd04ae01b7\",\"name\":\"Jeanette\",\"image\":{\"@type\":\"ImageObject\",\"inLanguage\":\"es\",\"@id\":\"https:\\\/\\\/secure.gravatar.com\\\/avatar\\\/3ea2118a5f7dad2b7138b1187a6b7ee55f160b9968b66013c3a3ef39dd7e5798?s=96&d=mm&r=g\",\"url\":\"https:\\\/\\\/secure.gravatar.com\\\/avatar\\\/3ea2118a5f7dad2b7138b1187a6b7ee55f160b9968b66013c3a3ef39dd7e5798?s=96&d=mm&r=g\",\"contentUrl\":\"https:\\\/\\\/secure.gravatar.com\\\/avatar\\\/3ea2118a5f7dad2b7138b1187a6b7ee55f160b9968b66013c3a3ef39dd7e5798?s=96&d=mm&r=g\",\"caption\":\"Jeanette\"},\"sameAs\":[\"https:\\\/\\\/www.eldiario.net\\\/portal\"],\"url\":\"https:\\\/\\\/www.eldiario.net\\\/portal\\\/author\\\/jeanette\\\/\"}]}<\/script>\n<!-- \/ Yoast SEO plugin. -->","yoast_head_json":{"title":"Necesitamos instrumentar la Econom\u00eda Circular - El Diario - Bolivia","robots":{"index":"index","follow":"follow","max-snippet":"max-snippet:-1","max-image-preview":"max-image-preview:large","max-video-preview":"max-video-preview:-1"},"canonical":"https:\/\/www.eldiario.net\/portal\/2023\/03\/12\/necesitamos-instrumentar-la-economia-circular\/","og_locale":"es_ES","og_type":"article","og_title":"Necesitamos instrumentar la Econom\u00eda Circular - El Diario - Bolivia","og_description":"Seg\u00fan \u201cWhat a Waste 2.0\u201d, reporte del Banco Mundial, en el mundo se generan 2.010 millones de toneladas de residuos s\u00f3lidos municipales al a\u00f1o, que est\u00e1n ahogando los mares, lagos y r\u00edos, causando enfermedades y provocando inundaciones. Y los pron\u00f3sticos no son alentadores, pues se estima que para el a\u00f1o 2050 la cifra se elevar\u00eda [&hellip;]","og_url":"https:\/\/www.eldiario.net\/portal\/2023\/03\/12\/necesitamos-instrumentar-la-economia-circular\/","og_site_name":"El Diario - Bolivia","article_publisher":"https:\/\/www.facebook.com\/eldiario.bolivia\/","article_published_time":"2023-03-12T10:02:12+00:00","author":"Jeanette","twitter_card":"summary_large_image","twitter_creator":"@eldiario_net","twitter_site":"@eldiario_net","twitter_misc":{"Escrito por":"Jeanette","Tiempo de lectura":"4 minutos"},"schema":{"@context":"https:\/\/schema.org","@graph":[{"@type":"Article","@id":"https:\/\/www.eldiario.net\/portal\/2023\/03\/12\/necesitamos-instrumentar-la-economia-circular\/#article","isPartOf":{"@id":"https:\/\/www.eldiario.net\/portal\/2023\/03\/12\/necesitamos-instrumentar-la-economia-circular\/"},"author":{"name":"Jeanette","@id":"https:\/\/www.eldiario.net\/portal\/#\/schema\/person\/f46445640444750d7d753ccd04ae01b7"},"headline":"Necesitamos instrumentar la Econom\u00eda Circular","datePublished":"2023-03-12T10:02:12+00:00","mainEntityOfPage":{"@id":"https:\/\/www.eldiario.net\/portal\/2023\/03\/12\/necesitamos-instrumentar-la-economia-circular\/"},"wordCount":807,"publisher":{"@id":"https:\/\/www.eldiario.net\/portal\/#organization"},"image":{"@id":"https:\/\/www.eldiario.net\/portal\/2023\/03\/12\/necesitamos-instrumentar-la-economia-circular\/#primaryimage"},"thumbnailUrl":"","articleSection":["Opini\u00f3n"],"inLanguage":"es"},{"@type":"WebPage","@id":"https:\/\/www.eldiario.net\/portal\/2023\/03\/12\/necesitamos-instrumentar-la-economia-circular\/","url":"https:\/\/www.eldiario.net\/portal\/2023\/03\/12\/necesitamos-instrumentar-la-economia-circular\/","name":"Necesitamos instrumentar la Econom\u00eda Circular - El Diario - Bolivia","isPartOf":{"@id":"https:\/\/www.eldiario.net\/portal\/#website"},"primaryImageOfPage":{"@id":"https:\/\/www.eldiario.net\/portal\/2023\/03\/12\/necesitamos-instrumentar-la-economia-circular\/#primaryimage"},"image":{"@id":"https:\/\/www.eldiario.net\/portal\/2023\/03\/12\/necesitamos-instrumentar-la-economia-circular\/#primaryimage"},"thumbnailUrl":"","datePublished":"2023-03-12T10:02:12+00:00","breadcrumb":{"@id":"https:\/\/www.eldiario.net\/portal\/2023\/03\/12\/necesitamos-instrumentar-la-economia-circular\/#breadcrumb"},"inLanguage":"es","potentialAction":[{"@type":"ReadAction","target":["https:\/\/www.eldiario.net\/portal\/2023\/03\/12\/necesitamos-instrumentar-la-economia-circular\/"]}]},{"@type":"ImageObject","inLanguage":"es","@id":"https:\/\/www.eldiario.net\/portal\/2023\/03\/12\/necesitamos-instrumentar-la-economia-circular\/#primaryimage","url":"","contentUrl":""},{"@type":"BreadcrumbList","@id":"https:\/\/www.eldiario.net\/portal\/2023\/03\/12\/necesitamos-instrumentar-la-economia-circular\/#breadcrumb","itemListElement":[{"@type":"ListItem","position":1,"name":"Portada","item":"https:\/\/www.eldiario.net\/portal\/"},{"@type":"ListItem","position":2,"name":"Necesitamos instrumentar la Econom\u00eda Circular"}]},{"@type":"WebSite","@id":"https:\/\/www.eldiario.net\/portal\/#website","url":"https:\/\/www.eldiario.net\/portal\/","name":"El Diario - Decano de la prensa nacional","description":"El Diario - Decano de la prensa nacional","publisher":{"@id":"https:\/\/www.eldiario.net\/portal\/#organization"},"potentialAction":[{"@type":"SearchAction","target":{"@type":"EntryPoint","urlTemplate":"https:\/\/www.eldiario.net\/portal\/?s={search_term_string}"},"query-input":{"@type":"PropertyValueSpecification","valueRequired":true,"valueName":"search_term_string"}}],"inLanguage":"es"},{"@type":"Organization","@id":"https:\/\/www.eldiario.net\/portal\/#organization","name":"El Diario - Decano de la prensa nacional","url":"https:\/\/www.eldiario.net\/portal\/","logo":{"@type":"ImageObject","inLanguage":"es","@id":"https:\/\/www.eldiario.net\/portal\/#\/schema\/logo\/image\/","url":"https:\/\/www.eldiario.net\/portal\/wp-content\/uploads\/2023\/07\/logo_ED.jpg","contentUrl":"https:\/\/www.eldiario.net\/portal\/wp-content\/uploads\/2023\/07\/logo_ED.jpg","width":272,"height":52,"caption":"El Diario - Decano de la prensa nacional"},"image":{"@id":"https:\/\/www.eldiario.net\/portal\/#\/schema\/logo\/image\/"},"sameAs":["https:\/\/www.facebook.com\/eldiario.bolivia\/","https:\/\/x.com\/eldiario_net"]},{"@type":"Person","@id":"https:\/\/www.eldiario.net\/portal\/#\/schema\/person\/f46445640444750d7d753ccd04ae01b7","name":"Jeanette","image":{"@type":"ImageObject","inLanguage":"es","@id":"https:\/\/secure.gravatar.com\/avatar\/3ea2118a5f7dad2b7138b1187a6b7ee55f160b9968b66013c3a3ef39dd7e5798?s=96&d=mm&r=g","url":"https:\/\/secure.gravatar.com\/avatar\/3ea2118a5f7dad2b7138b1187a6b7ee55f160b9968b66013c3a3ef39dd7e5798?s=96&d=mm&r=g","contentUrl":"https:\/\/secure.gravatar.com\/avatar\/3ea2118a5f7dad2b7138b1187a6b7ee55f160b9968b66013c3a3ef39dd7e5798?s=96&d=mm&r=g","caption":"Jeanette"},"sameAs":["https:\/\/www.eldiario.net\/portal"],"url":"https:\/\/www.eldiario.net\/portal\/author\/jeanette\/"}]}},"_links":{"self":[{"href":"https:\/\/www.eldiario.net\/portal\/wp-json\/wp\/v2\/posts\/142663","targetHints":{"allow":["GET"]}}],"collection":[{"href":"https:\/\/www.eldiario.net\/portal\/wp-json\/wp\/v2\/posts"}],"about":[{"href":"https:\/\/www.eldiario.net\/portal\/wp-json\/wp\/v2\/types\/post"}],"author":[{"embeddable":true,"href":"https:\/\/www.eldiario.net\/portal\/wp-json\/wp\/v2\/users\/1"}],"replies":[{"embeddable":true,"href":"https:\/\/www.eldiario.net\/portal\/wp-json\/wp\/v2\/comments?post=142663"}],"version-history":[{"count":0,"href":"https:\/\/www.eldiario.net\/portal\/wp-json\/wp\/v2\/posts\/142663\/revisions"}],"wp:attachment":[{"href":"https:\/\/www.eldiario.net\/portal\/wp-json\/wp\/v2\/media?parent=142663"}],"wp:term":[{"taxonomy":"category","embeddable":true,"href":"https:\/\/www.eldiario.net\/portal\/wp-json\/wp\/v2\/categories?post=142663"},{"taxonomy":"post_tag","embeddable":true,"href":"https:\/\/www.eldiario.net\/portal\/wp-json\/wp\/v2\/tags?post=142663"}],"curies":[{"name":"wp","href":"https:\/\/api.w.org\/{rel}","templated":true}]}}