{"id":142661,"date":"2023-03-12T06:01:33","date_gmt":"2023-03-12T10:01:33","guid":{"rendered":"https:\/\/www.eldiario.net\/portal\/?p=142661"},"modified":"2023-03-12T06:01:33","modified_gmt":"2023-03-12T10:01:33","slug":"el-litio-en-el-salar-de-uyuni","status":"publish","type":"post","link":"https:\/\/www.eldiario.net\/portal\/2023\/03\/12\/el-litio-en-el-salar-de-uyuni\/","title":{"rendered":"El litio en el Salar de Uyuni"},"content":{"rendered":"<p>Parte I<\/p>\n<p>El Salar de Uyuni est\u00e1 en la parte suroccidental de Bolivia, propiamente en el Altiplano sur y pertenece a la provincia Campos del departamento de Potos\u00ed.<br \/>\nCabe mencionar que en nuestro pa\u00eds se presentan sales de litio y otros, en el Salar de Uyuni, con una gran concentraci\u00f3n en el delta del r\u00edo Grande, formado por lixiviaci\u00f3n de las ignimbritas (rocas volc\u00e1nicas).<br \/>\nEl Salar de Uyuni tiene aproximadamente 9.000 kil\u00f3metros cuadrados y se halla a 3.660 m.s.n.m., con una belleza incomparable y es gran atractivo tur\u00edstico. Inclusive los astronautas lo observaron desde el espacio, como una superficie blanca y brillante. Uno de ellos por su curiosidad lleg\u00f3 a visitar el Salar de Uyuni, que tiene principalmente un gran contenido de NaCl (sal com\u00fan), sales de magnesio, litio, borateras (ulexita) y otras sales.<br \/>\nSeg\u00fan el convenio de 1978, ejecutado por UMSA-Orstom, encabezado por el Ing. boliviano Oscar Ballivi\u00e1n Ch\u00e1vez y el franc\u00e9s Francois Risacher, respectivamente, mencionan que el salar est\u00e1 formado por una alternancia de costras de sal y salmueras, con 11 estratos de sal de espesores diferentes desde 2 hasta 20 metros, intercal\u00e1ndose con salmueras. Se calcul\u00f3 que hay de 5,4 a 9 millones de toneladas de litio, adem\u00e1s varios millones de toneladas de sales de potasio, magnesio, boro y otros. Se necesita una evaluaci\u00f3n m\u00e1s exacta.<br \/>\nPor todo lo expuesto, el Salar de Uyuni contiene compuestos muy importantes para la qu\u00edmica b\u00e1sica e industrial.<br \/>\nEn Bolivia, en un pasado geol\u00f3gico hubo lagos extensos m\u00e1s vastos que los actuales, conocidos con los nombres de Ballivi\u00e1n, Minch\u00edn y Tauca. El primero ha sido un predecesor del Lago Titicaca; el segundo abarcaba desde Uyuni hacia el norte; el lago Tauca por evaporaci\u00f3n dio origen al Salar de Uyuni.<br \/>\nLos servicios geol\u00f3gicos de Bolivia (ex Geobol) y de Estados Unidos (U.S. Geological Survey), en un principio descubrieron la presencia del litio en el Salar de Uyuni, mediante im\u00e1genes satelitales, las cuales presentaban anomal\u00edas tonales que luego fueron corroboradas en el terreno por la presencia de compuestos de litio y otros.<br \/>\nEn el a\u00f1o 2000 la Universidad Duke de EEUU hizo una perforaci\u00f3n en el medio del salar hasta una profundidad de 220 metros al norte de la isla Incahuasi, cuyos resultados no son conocidos. Hasta 2023, Bolivia tiene una entidad encargada para la explotaci\u00f3n de los recursos evapor\u00edticos del Salar de Uyuni, dependiente del Ministerio de Energ\u00eda, la cual construy\u00f3 dos plantas piloto, una para la obtenci\u00f3n de concentrados de carbonato de litio y la otra para el cloruro de potasio, con una tecnolog\u00eda propia, que cost\u00f3 mucho tiempo e inversi\u00f3n. En Chile, en el Salar de Atacama, la explotaci\u00f3n del litio se realiza mediante bombeo de las salmueras a piscinas con una posterior evaporaci\u00f3n para su concentraci\u00f3n y obtenci\u00f3n respectiva.<br \/>\nHoy se estima que Bolivia tiene 50 % de las reservas mundiales de litio, que en la actualidad se constituye en un elemento estrat\u00e9gico, teniendo numerosas aplicaciones, como bater\u00edas de c\u00e1todos de ion litio, para celulares (tel\u00e9fonos m\u00f3viles), ordenadores port\u00e1tiles (laptops), c\u00e1maras, veh\u00edculos h\u00edbridos y el\u00e9ctricos.<\/p>\n","protected":false},"excerpt":{"rendered":"<p>Parte I El Salar de Uyuni est\u00e1 en la parte suroccidental de Bolivia, propiamente en el Altiplano sur y pertenece a la provincia Campos del departamento de Potos\u00ed. Cabe mencionar que en nuestro pa\u00eds se presentan sales de litio y otros, en el Salar de Uyuni, con una gran concentraci\u00f3n en el delta del r\u00edo [&hellip;]<\/p>\n","protected":false},"author":1,"featured_media":50360,"comment_status":"closed","ping_status":"closed","sticky":false,"template":"","format":"standard","meta":{"_acf_changed":false,"footnotes":""},"categories":[9],"tags":[],"class_list":["post-142661","post","type-post","status-publish","format-standard","has-post-thumbnail","category-opinion"],"acf":{"antetitulo":""},"yoast_head":"<!-- This site is optimized with the Yoast SEO plugin v28.4 - https:\/\/yoast.com\/product\/yoast-seo-wordpress\/ -->\n<title>El litio en el Salar de Uyuni - El Diario - Bolivia<\/title>\n<meta name=\"robots\" content=\"index, follow, max-snippet:-1, max-image-preview:large, max-video-preview:-1\" \/>\n<link rel=\"canonical\" href=\"https:\/\/www.eldiario.net\/portal\/2023\/03\/12\/el-litio-en-el-salar-de-uyuni\/\" \/>\n<meta property=\"og:locale\" content=\"es_ES\" \/>\n<meta property=\"og:type\" content=\"article\" \/>\n<meta property=\"og:title\" content=\"El litio en el Salar de Uyuni - El Diario - Bolivia\" \/>\n<meta property=\"og:description\" content=\"Parte I El Salar de Uyuni est\u00e1 en la parte suroccidental de Bolivia, propiamente en el Altiplano sur y pertenece a la provincia Campos del departamento de Potos\u00ed. Cabe mencionar que en nuestro pa\u00eds se presentan sales de litio y otros, en el Salar de Uyuni, con una gran concentraci\u00f3n en el delta del r\u00edo [&hellip;]\" \/>\n<meta property=\"og:url\" content=\"https:\/\/www.eldiario.net\/portal\/2023\/03\/12\/el-litio-en-el-salar-de-uyuni\/\" \/>\n<meta property=\"og:site_name\" content=\"El Diario - Bolivia\" \/>\n<meta property=\"article:publisher\" content=\"https:\/\/www.facebook.com\/eldiario.bolivia\/\" \/>\n<meta property=\"article:published_time\" content=\"2023-03-12T10:01:33+00:00\" \/>\n<meta name=\"author\" content=\"Jeanette\" \/>\n<meta name=\"twitter:card\" content=\"summary_large_image\" \/>\n<meta name=\"twitter:creator\" content=\"@eldiario_net\" \/>\n<meta name=\"twitter:site\" content=\"@eldiario_net\" \/>\n<meta name=\"twitter:label1\" content=\"Escrito por\" \/>\n\t<meta name=\"twitter:data1\" content=\"Jeanette\" \/>\n\t<meta name=\"twitter:label2\" content=\"Tiempo de lectura\" \/>\n\t<meta name=\"twitter:data2\" content=\"3 minutos\" \/>\n<script type=\"application\/ld+json\" class=\"yoast-schema-graph\">{\"@context\":\"https:\\\/\\\/schema.org\",\"@graph\":[{\"@type\":\"Article\",\"@id\":\"https:\\\/\\\/www.eldiario.net\\\/portal\\\/2023\\\/03\\\/12\\\/el-litio-en-el-salar-de-uyuni\\\/#article\",\"isPartOf\":{\"@id\":\"https:\\\/\\\/www.eldiario.net\\\/portal\\\/2023\\\/03\\\/12\\\/el-litio-en-el-salar-de-uyuni\\\/\"},\"author\":{\"name\":\"Jeanette\",\"@id\":\"https:\\\/\\\/www.eldiario.net\\\/portal\\\/#\\\/schema\\\/person\\\/f46445640444750d7d753ccd04ae01b7\"},\"headline\":\"El litio en el Salar de Uyuni\",\"datePublished\":\"2023-03-12T10:01:33+00:00\",\"mainEntityOfPage\":{\"@id\":\"https:\\\/\\\/www.eldiario.net\\\/portal\\\/2023\\\/03\\\/12\\\/el-litio-en-el-salar-de-uyuni\\\/\"},\"wordCount\":552,\"publisher\":{\"@id\":\"https:\\\/\\\/www.eldiario.net\\\/portal\\\/#organization\"},\"image\":{\"@id\":\"https:\\\/\\\/www.eldiario.net\\\/portal\\\/2023\\\/03\\\/12\\\/el-litio-en-el-salar-de-uyuni\\\/#primaryimage\"},\"thumbnailUrl\":\"\",\"articleSection\":[\"Opini\u00f3n\"],\"inLanguage\":\"es\"},{\"@type\":\"WebPage\",\"@id\":\"https:\\\/\\\/www.eldiario.net\\\/portal\\\/2023\\\/03\\\/12\\\/el-litio-en-el-salar-de-uyuni\\\/\",\"url\":\"https:\\\/\\\/www.eldiario.net\\\/portal\\\/2023\\\/03\\\/12\\\/el-litio-en-el-salar-de-uyuni\\\/\",\"name\":\"El litio en el Salar de Uyuni - El Diario - Bolivia\",\"isPartOf\":{\"@id\":\"https:\\\/\\\/www.eldiario.net\\\/portal\\\/#website\"},\"primaryImageOfPage\":{\"@id\":\"https:\\\/\\\/www.eldiario.net\\\/portal\\\/2023\\\/03\\\/12\\\/el-litio-en-el-salar-de-uyuni\\\/#primaryimage\"},\"image\":{\"@id\":\"https:\\\/\\\/www.eldiario.net\\\/portal\\\/2023\\\/03\\\/12\\\/el-litio-en-el-salar-de-uyuni\\\/#primaryimage\"},\"thumbnailUrl\":\"\",\"datePublished\":\"2023-03-12T10:01:33+00:00\",\"breadcrumb\":{\"@id\":\"https:\\\/\\\/www.eldiario.net\\\/portal\\\/2023\\\/03\\\/12\\\/el-litio-en-el-salar-de-uyuni\\\/#breadcrumb\"},\"inLanguage\":\"es\",\"potentialAction\":[{\"@type\":\"ReadAction\",\"target\":[\"https:\\\/\\\/www.eldiario.net\\\/portal\\\/2023\\\/03\\\/12\\\/el-litio-en-el-salar-de-uyuni\\\/\"]}]},{\"@type\":\"ImageObject\",\"inLanguage\":\"es\",\"@id\":\"https:\\\/\\\/www.eldiario.net\\\/portal\\\/2023\\\/03\\\/12\\\/el-litio-en-el-salar-de-uyuni\\\/#primaryimage\",\"url\":\"\",\"contentUrl\":\"\"},{\"@type\":\"BreadcrumbList\",\"@id\":\"https:\\\/\\\/www.eldiario.net\\\/portal\\\/2023\\\/03\\\/12\\\/el-litio-en-el-salar-de-uyuni\\\/#breadcrumb\",\"itemListElement\":[{\"@type\":\"ListItem\",\"position\":1,\"name\":\"Portada\",\"item\":\"https:\\\/\\\/www.eldiario.net\\\/portal\\\/\"},{\"@type\":\"ListItem\",\"position\":2,\"name\":\"El litio en el Salar de Uyuni\"}]},{\"@type\":\"WebSite\",\"@id\":\"https:\\\/\\\/www.eldiario.net\\\/portal\\\/#website\",\"url\":\"https:\\\/\\\/www.eldiario.net\\\/portal\\\/\",\"name\":\"El Diario - Decano de la prensa nacional\",\"description\":\"El Diario - Decano de la prensa nacional\",\"publisher\":{\"@id\":\"https:\\\/\\\/www.eldiario.net\\\/portal\\\/#organization\"},\"potentialAction\":[{\"@type\":\"SearchAction\",\"target\":{\"@type\":\"EntryPoint\",\"urlTemplate\":\"https:\\\/\\\/www.eldiario.net\\\/portal\\\/?s={search_term_string}\"},\"query-input\":{\"@type\":\"PropertyValueSpecification\",\"valueRequired\":true,\"valueName\":\"search_term_string\"}}],\"inLanguage\":\"es\"},{\"@type\":\"Organization\",\"@id\":\"https:\\\/\\\/www.eldiario.net\\\/portal\\\/#organization\",\"name\":\"El Diario - Decano de la prensa nacional\",\"url\":\"https:\\\/\\\/www.eldiario.net\\\/portal\\\/\",\"logo\":{\"@type\":\"ImageObject\",\"inLanguage\":\"es\",\"@id\":\"https:\\\/\\\/www.eldiario.net\\\/portal\\\/#\\\/schema\\\/logo\\\/image\\\/\",\"url\":\"https:\\\/\\\/www.eldiario.net\\\/portal\\\/wp-content\\\/uploads\\\/2023\\\/07\\\/logo_ED.jpg\",\"contentUrl\":\"https:\\\/\\\/www.eldiario.net\\\/portal\\\/wp-content\\\/uploads\\\/2023\\\/07\\\/logo_ED.jpg\",\"width\":272,\"height\":52,\"caption\":\"El Diario - Decano de la prensa nacional\"},\"image\":{\"@id\":\"https:\\\/\\\/www.eldiario.net\\\/portal\\\/#\\\/schema\\\/logo\\\/image\\\/\"},\"sameAs\":[\"https:\\\/\\\/www.facebook.com\\\/eldiario.bolivia\\\/\",\"https:\\\/\\\/x.com\\\/eldiario_net\"]},{\"@type\":\"Person\",\"@id\":\"https:\\\/\\\/www.eldiario.net\\\/portal\\\/#\\\/schema\\\/person\\\/f46445640444750d7d753ccd04ae01b7\",\"name\":\"Jeanette\",\"image\":{\"@type\":\"ImageObject\",\"inLanguage\":\"es\",\"@id\":\"https:\\\/\\\/secure.gravatar.com\\\/avatar\\\/3ea2118a5f7dad2b7138b1187a6b7ee55f160b9968b66013c3a3ef39dd7e5798?s=96&d=mm&r=g\",\"url\":\"https:\\\/\\\/secure.gravatar.com\\\/avatar\\\/3ea2118a5f7dad2b7138b1187a6b7ee55f160b9968b66013c3a3ef39dd7e5798?s=96&d=mm&r=g\",\"contentUrl\":\"https:\\\/\\\/secure.gravatar.com\\\/avatar\\\/3ea2118a5f7dad2b7138b1187a6b7ee55f160b9968b66013c3a3ef39dd7e5798?s=96&d=mm&r=g\",\"caption\":\"Jeanette\"},\"sameAs\":[\"https:\\\/\\\/www.eldiario.net\\\/portal\"],\"url\":\"https:\\\/\\\/www.eldiario.net\\\/portal\\\/author\\\/jeanette\\\/\"}]}<\/script>\n<!-- \/ Yoast SEO plugin. -->","yoast_head_json":{"title":"El litio en el Salar de Uyuni - El Diario - Bolivia","robots":{"index":"index","follow":"follow","max-snippet":"max-snippet:-1","max-image-preview":"max-image-preview:large","max-video-preview":"max-video-preview:-1"},"canonical":"https:\/\/www.eldiario.net\/portal\/2023\/03\/12\/el-litio-en-el-salar-de-uyuni\/","og_locale":"es_ES","og_type":"article","og_title":"El litio en el Salar de Uyuni - El Diario - Bolivia","og_description":"Parte I El Salar de Uyuni est\u00e1 en la parte suroccidental de Bolivia, propiamente en el Altiplano sur y pertenece a la provincia Campos del departamento de Potos\u00ed. Cabe mencionar que en nuestro pa\u00eds se presentan sales de litio y otros, en el Salar de Uyuni, con una gran concentraci\u00f3n en el delta del r\u00edo [&hellip;]","og_url":"https:\/\/www.eldiario.net\/portal\/2023\/03\/12\/el-litio-en-el-salar-de-uyuni\/","og_site_name":"El Diario - Bolivia","article_publisher":"https:\/\/www.facebook.com\/eldiario.bolivia\/","article_published_time":"2023-03-12T10:01:33+00:00","author":"Jeanette","twitter_card":"summary_large_image","twitter_creator":"@eldiario_net","twitter_site":"@eldiario_net","twitter_misc":{"Escrito por":"Jeanette","Tiempo de lectura":"3 minutos"},"schema":{"@context":"https:\/\/schema.org","@graph":[{"@type":"Article","@id":"https:\/\/www.eldiario.net\/portal\/2023\/03\/12\/el-litio-en-el-salar-de-uyuni\/#article","isPartOf":{"@id":"https:\/\/www.eldiario.net\/portal\/2023\/03\/12\/el-litio-en-el-salar-de-uyuni\/"},"author":{"name":"Jeanette","@id":"https:\/\/www.eldiario.net\/portal\/#\/schema\/person\/f46445640444750d7d753ccd04ae01b7"},"headline":"El litio en el Salar de Uyuni","datePublished":"2023-03-12T10:01:33+00:00","mainEntityOfPage":{"@id":"https:\/\/www.eldiario.net\/portal\/2023\/03\/12\/el-litio-en-el-salar-de-uyuni\/"},"wordCount":552,"publisher":{"@id":"https:\/\/www.eldiario.net\/portal\/#organization"},"image":{"@id":"https:\/\/www.eldiario.net\/portal\/2023\/03\/12\/el-litio-en-el-salar-de-uyuni\/#primaryimage"},"thumbnailUrl":"","articleSection":["Opini\u00f3n"],"inLanguage":"es"},{"@type":"WebPage","@id":"https:\/\/www.eldiario.net\/portal\/2023\/03\/12\/el-litio-en-el-salar-de-uyuni\/","url":"https:\/\/www.eldiario.net\/portal\/2023\/03\/12\/el-litio-en-el-salar-de-uyuni\/","name":"El litio en el Salar de Uyuni - El Diario - Bolivia","isPartOf":{"@id":"https:\/\/www.eldiario.net\/portal\/#website"},"primaryImageOfPage":{"@id":"https:\/\/www.eldiario.net\/portal\/2023\/03\/12\/el-litio-en-el-salar-de-uyuni\/#primaryimage"},"image":{"@id":"https:\/\/www.eldiario.net\/portal\/2023\/03\/12\/el-litio-en-el-salar-de-uyuni\/#primaryimage"},"thumbnailUrl":"","datePublished":"2023-03-12T10:01:33+00:00","breadcrumb":{"@id":"https:\/\/www.eldiario.net\/portal\/2023\/03\/12\/el-litio-en-el-salar-de-uyuni\/#breadcrumb"},"inLanguage":"es","potentialAction":[{"@type":"ReadAction","target":["https:\/\/www.eldiario.net\/portal\/2023\/03\/12\/el-litio-en-el-salar-de-uyuni\/"]}]},{"@type":"ImageObject","inLanguage":"es","@id":"https:\/\/www.eldiario.net\/portal\/2023\/03\/12\/el-litio-en-el-salar-de-uyuni\/#primaryimage","url":"","contentUrl":""},{"@type":"BreadcrumbList","@id":"https:\/\/www.eldiario.net\/portal\/2023\/03\/12\/el-litio-en-el-salar-de-uyuni\/#breadcrumb","itemListElement":[{"@type":"ListItem","position":1,"name":"Portada","item":"https:\/\/www.eldiario.net\/portal\/"},{"@type":"ListItem","position":2,"name":"El litio en el Salar de Uyuni"}]},{"@type":"WebSite","@id":"https:\/\/www.eldiario.net\/portal\/#website","url":"https:\/\/www.eldiario.net\/portal\/","name":"El Diario - Decano de la prensa nacional","description":"El Diario - Decano de la prensa nacional","publisher":{"@id":"https:\/\/www.eldiario.net\/portal\/#organization"},"potentialAction":[{"@type":"SearchAction","target":{"@type":"EntryPoint","urlTemplate":"https:\/\/www.eldiario.net\/portal\/?s={search_term_string}"},"query-input":{"@type":"PropertyValueSpecification","valueRequired":true,"valueName":"search_term_string"}}],"inLanguage":"es"},{"@type":"Organization","@id":"https:\/\/www.eldiario.net\/portal\/#organization","name":"El Diario - Decano de la prensa nacional","url":"https:\/\/www.eldiario.net\/portal\/","logo":{"@type":"ImageObject","inLanguage":"es","@id":"https:\/\/www.eldiario.net\/portal\/#\/schema\/logo\/image\/","url":"https:\/\/www.eldiario.net\/portal\/wp-content\/uploads\/2023\/07\/logo_ED.jpg","contentUrl":"https:\/\/www.eldiario.net\/portal\/wp-content\/uploads\/2023\/07\/logo_ED.jpg","width":272,"height":52,"caption":"El Diario - Decano de la prensa nacional"},"image":{"@id":"https:\/\/www.eldiario.net\/portal\/#\/schema\/logo\/image\/"},"sameAs":["https:\/\/www.facebook.com\/eldiario.bolivia\/","https:\/\/x.com\/eldiario_net"]},{"@type":"Person","@id":"https:\/\/www.eldiario.net\/portal\/#\/schema\/person\/f46445640444750d7d753ccd04ae01b7","name":"Jeanette","image":{"@type":"ImageObject","inLanguage":"es","@id":"https:\/\/secure.gravatar.com\/avatar\/3ea2118a5f7dad2b7138b1187a6b7ee55f160b9968b66013c3a3ef39dd7e5798?s=96&d=mm&r=g","url":"https:\/\/secure.gravatar.com\/avatar\/3ea2118a5f7dad2b7138b1187a6b7ee55f160b9968b66013c3a3ef39dd7e5798?s=96&d=mm&r=g","contentUrl":"https:\/\/secure.gravatar.com\/avatar\/3ea2118a5f7dad2b7138b1187a6b7ee55f160b9968b66013c3a3ef39dd7e5798?s=96&d=mm&r=g","caption":"Jeanette"},"sameAs":["https:\/\/www.eldiario.net\/portal"],"url":"https:\/\/www.eldiario.net\/portal\/author\/jeanette\/"}]}},"_links":{"self":[{"href":"https:\/\/www.eldiario.net\/portal\/wp-json\/wp\/v2\/posts\/142661","targetHints":{"allow":["GET"]}}],"collection":[{"href":"https:\/\/www.eldiario.net\/portal\/wp-json\/wp\/v2\/posts"}],"about":[{"href":"https:\/\/www.eldiario.net\/portal\/wp-json\/wp\/v2\/types\/post"}],"author":[{"embeddable":true,"href":"https:\/\/www.eldiario.net\/portal\/wp-json\/wp\/v2\/users\/1"}],"replies":[{"embeddable":true,"href":"https:\/\/www.eldiario.net\/portal\/wp-json\/wp\/v2\/comments?post=142661"}],"version-history":[{"count":0,"href":"https:\/\/www.eldiario.net\/portal\/wp-json\/wp\/v2\/posts\/142661\/revisions"}],"wp:attachment":[{"href":"https:\/\/www.eldiario.net\/portal\/wp-json\/wp\/v2\/media?parent=142661"}],"wp:term":[{"taxonomy":"category","embeddable":true,"href":"https:\/\/www.eldiario.net\/portal\/wp-json\/wp\/v2\/categories?post=142661"},{"taxonomy":"post_tag","embeddable":true,"href":"https:\/\/www.eldiario.net\/portal\/wp-json\/wp\/v2\/tags?post=142661"}],"curies":[{"name":"wp","href":"https:\/\/api.w.org\/{rel}","templated":true}]}}