{"id":142659,"date":"2023-03-12T06:00:44","date_gmt":"2023-03-12T10:00:44","guid":{"rendered":"https:\/\/www.eldiario.net\/portal\/?p=142659"},"modified":"2023-03-12T06:00:44","modified_gmt":"2023-03-12T10:00:44","slug":"importar-jueces","status":"publish","type":"post","link":"https:\/\/www.eldiario.net\/portal\/2023\/03\/12\/importar-jueces\/","title":{"rendered":"Importar jueces"},"content":{"rendered":"<p>A ra\u00edz de la huelga de los maestros que no aceptan la intromisi\u00f3n de la ideolog\u00eda masista en la ense\u00f1anza, un diputado dijo que, entonces, habr\u00eda que traer maestros cubanos para reemplazar a los bolivianos.<br \/>\nDice este personaje que, si hemos tra\u00eddo m\u00e9dicos cubanos para reemplazar a los nuestros, \u00bfpor qu\u00e9 no aplicar la misma receta para resolver el caso de los maestros?<br \/>\nFalencias internas que se cubren con extranjeros, ser\u00eda la f\u00f3rmula que se aplicar\u00eda en varios sectores.<br \/>\nLo que abre las compuertas para encontrar otras falencias que pudieran ser resueltas trayendo extranjeros al pa\u00eds.<br \/>\nY de todas las falencias que existen en Bolivia, la m\u00e1s grave, la m\u00e1s vergonzosa, la m\u00e1s lacerante, es la falta de jueces probos, como se dice, o por lo menos jueces que no muestren obediencia perruna a los poderes pol\u00edticos.<br \/>\nLos actuales jueces y fiscales ahora dan la enga\u00f1osa sensaci\u00f3n de que algo funciona bien en el pa\u00eds, cuando todo lo dem\u00e1s se ha desmoronado como resultado de la corrupci\u00f3n masista.<br \/>\nLa econom\u00eda en manos de deficientes mentales, la salud afectada por la falta de recursos (ocho hospitales de Santa Cruz est\u00e1n cerrados por falta de presupuesto, mientras los \u201cguerreros digitales\u201d han recibido 8 millones de d\u00f3lares desde 2016), la educaci\u00f3n sometida a criterios absurdos de adoctrinamiento, incluida la libertad de g\u00e9nero desde los doce a\u00f1os\u2026<br \/>\nTodo es un desastre, pero en medio de ese panorama, los jueces siguen cumpliendo al pie de la letra (algunos de ellos las reconocen) las instrucciones que les llegan por la obsesi\u00f3n vengativa del cocalero.<br \/>\nTodo boliviano que no idolatre al cocalero, y peor si hubiera festejado su huida en 2019, debe ir a la c\u00e1rcel, ya sea general en ejercicio de las FFAA o de la polic\u00eda, senadoras y todo lo dem\u00e1s.<br \/>\nEso s\u00ed, el o la boliviana que hubiere cometido el sacrilegio de reemplazar al cocalero cuando \u00e9ste huy\u00f3 como rata y orden\u00f3 que renuncien quienes pod\u00edan reemplazarlo, debe ir a las mazmorras de por vida.<br \/>\nEl problema ser\u00e1 elegir el pa\u00eds del que queremos que lleguen los jueces que habr\u00edan de reemplazar a los jumentos que tenemos aqu\u00ed.<br \/>\n\u00bfDe Roma, Atenas, Oslo, Estocolmo, Madrid, Montevideo? Porque, entend\u00e1monos, de los pa\u00edses amigos del masismo, como Rusia, China, Siria, Cuba, Nicaragua, Caracas, ni hablar. Ser\u00eda un retroceso, inconcebible, pero retroceso.<br \/>\nEl problema ser\u00eda el modo de remuneraci\u00f3n.<br \/>\n\u00bfSe les pagar\u00eda como a los m\u00e9dicos cubanos? \u00bfQuedar\u00edan los jueces en calidad de secuestrados, como ocurre con los m\u00e9dicos cubanos? \u00bfTendr\u00edan que dejar a sus familias en condici\u00f3n de rehenes en sus pa\u00edses?<br \/>\n\u00bfLos pagos ser\u00edan completamente para ellos, o una parte ir\u00eda a los gobiernos de sus pa\u00edses?<br \/>\nSon detalles que deber\u00e1n ser aclarados. Pero que necesitamos importar jueces, ninguna duda.<\/p>\n<p>Siglo21bolivia.com<\/p>\n","protected":false},"excerpt":{"rendered":"<p>A ra\u00edz de la huelga de los maestros que no aceptan la intromisi\u00f3n de la ideolog\u00eda masista en la ense\u00f1anza, un diputado dijo que, entonces, habr\u00eda que traer maestros cubanos para reemplazar a los bolivianos. Dice este personaje que, si hemos tra\u00eddo m\u00e9dicos cubanos para reemplazar a los nuestros, \u00bfpor qu\u00e9 no aplicar la misma [&hellip;]<\/p>\n","protected":false},"author":1,"featured_media":43059,"comment_status":"closed","ping_status":"closed","sticky":false,"template":"","format":"standard","meta":{"_acf_changed":false,"footnotes":""},"categories":[9],"tags":[],"class_list":["post-142659","post","type-post","status-publish","format-standard","has-post-thumbnail","category-opinion"],"acf":{"antetitulo":""},"yoast_head":"<!-- This site is optimized with the Yoast SEO plugin v28.4 - https:\/\/yoast.com\/product\/yoast-seo-wordpress\/ -->\n<title>Importar jueces - El Diario - Bolivia<\/title>\n<meta name=\"robots\" content=\"index, follow, max-snippet:-1, max-image-preview:large, max-video-preview:-1\" \/>\n<link rel=\"canonical\" href=\"https:\/\/www.eldiario.net\/portal\/2023\/03\/12\/importar-jueces\/\" \/>\n<meta property=\"og:locale\" content=\"es_ES\" \/>\n<meta property=\"og:type\" content=\"article\" \/>\n<meta property=\"og:title\" content=\"Importar jueces - El Diario - Bolivia\" \/>\n<meta property=\"og:description\" content=\"A ra\u00edz de la huelga de los maestros que no aceptan la intromisi\u00f3n de la ideolog\u00eda masista en la ense\u00f1anza, un diputado dijo que, entonces, habr\u00eda que traer maestros cubanos para reemplazar a los bolivianos. Dice este personaje que, si hemos tra\u00eddo m\u00e9dicos cubanos para reemplazar a los nuestros, \u00bfpor qu\u00e9 no aplicar la misma [&hellip;]\" \/>\n<meta property=\"og:url\" content=\"https:\/\/www.eldiario.net\/portal\/2023\/03\/12\/importar-jueces\/\" \/>\n<meta property=\"og:site_name\" content=\"El Diario - Bolivia\" \/>\n<meta property=\"article:publisher\" content=\"https:\/\/www.facebook.com\/eldiario.bolivia\/\" \/>\n<meta property=\"article:published_time\" content=\"2023-03-12T10:00:44+00:00\" \/>\n<meta name=\"author\" content=\"Jeanette\" \/>\n<meta name=\"twitter:card\" content=\"summary_large_image\" \/>\n<meta name=\"twitter:creator\" content=\"@eldiario_net\" \/>\n<meta name=\"twitter:site\" content=\"@eldiario_net\" \/>\n<meta name=\"twitter:label1\" content=\"Escrito por\" \/>\n\t<meta name=\"twitter:data1\" content=\"Jeanette\" \/>\n\t<meta name=\"twitter:label2\" content=\"Tiempo de lectura\" \/>\n\t<meta name=\"twitter:data2\" content=\"3 minutos\" \/>\n<script type=\"application\/ld+json\" class=\"yoast-schema-graph\">{\"@context\":\"https:\\\/\\\/schema.org\",\"@graph\":[{\"@type\":\"Article\",\"@id\":\"https:\\\/\\\/www.eldiario.net\\\/portal\\\/2023\\\/03\\\/12\\\/importar-jueces\\\/#article\",\"isPartOf\":{\"@id\":\"https:\\\/\\\/www.eldiario.net\\\/portal\\\/2023\\\/03\\\/12\\\/importar-jueces\\\/\"},\"author\":{\"name\":\"Jeanette\",\"@id\":\"https:\\\/\\\/www.eldiario.net\\\/portal\\\/#\\\/schema\\\/person\\\/f46445640444750d7d753ccd04ae01b7\"},\"headline\":\"Importar jueces\",\"datePublished\":\"2023-03-12T10:00:44+00:00\",\"mainEntityOfPage\":{\"@id\":\"https:\\\/\\\/www.eldiario.net\\\/portal\\\/2023\\\/03\\\/12\\\/importar-jueces\\\/\"},\"wordCount\":505,\"publisher\":{\"@id\":\"https:\\\/\\\/www.eldiario.net\\\/portal\\\/#organization\"},\"image\":{\"@id\":\"https:\\\/\\\/www.eldiario.net\\\/portal\\\/2023\\\/03\\\/12\\\/importar-jueces\\\/#primaryimage\"},\"thumbnailUrl\":\"\",\"articleSection\":[\"Opini\u00f3n\"],\"inLanguage\":\"es\"},{\"@type\":\"WebPage\",\"@id\":\"https:\\\/\\\/www.eldiario.net\\\/portal\\\/2023\\\/03\\\/12\\\/importar-jueces\\\/\",\"url\":\"https:\\\/\\\/www.eldiario.net\\\/portal\\\/2023\\\/03\\\/12\\\/importar-jueces\\\/\",\"name\":\"Importar jueces - El Diario - Bolivia\",\"isPartOf\":{\"@id\":\"https:\\\/\\\/www.eldiario.net\\\/portal\\\/#website\"},\"primaryImageOfPage\":{\"@id\":\"https:\\\/\\\/www.eldiario.net\\\/portal\\\/2023\\\/03\\\/12\\\/importar-jueces\\\/#primaryimage\"},\"image\":{\"@id\":\"https:\\\/\\\/www.eldiario.net\\\/portal\\\/2023\\\/03\\\/12\\\/importar-jueces\\\/#primaryimage\"},\"thumbnailUrl\":\"\",\"datePublished\":\"2023-03-12T10:00:44+00:00\",\"breadcrumb\":{\"@id\":\"https:\\\/\\\/www.eldiario.net\\\/portal\\\/2023\\\/03\\\/12\\\/importar-jueces\\\/#breadcrumb\"},\"inLanguage\":\"es\",\"potentialAction\":[{\"@type\":\"ReadAction\",\"target\":[\"https:\\\/\\\/www.eldiario.net\\\/portal\\\/2023\\\/03\\\/12\\\/importar-jueces\\\/\"]}]},{\"@type\":\"ImageObject\",\"inLanguage\":\"es\",\"@id\":\"https:\\\/\\\/www.eldiario.net\\\/portal\\\/2023\\\/03\\\/12\\\/importar-jueces\\\/#primaryimage\",\"url\":\"\",\"contentUrl\":\"\"},{\"@type\":\"BreadcrumbList\",\"@id\":\"https:\\\/\\\/www.eldiario.net\\\/portal\\\/2023\\\/03\\\/12\\\/importar-jueces\\\/#breadcrumb\",\"itemListElement\":[{\"@type\":\"ListItem\",\"position\":1,\"name\":\"Portada\",\"item\":\"https:\\\/\\\/www.eldiario.net\\\/portal\\\/\"},{\"@type\":\"ListItem\",\"position\":2,\"name\":\"Importar jueces\"}]},{\"@type\":\"WebSite\",\"@id\":\"https:\\\/\\\/www.eldiario.net\\\/portal\\\/#website\",\"url\":\"https:\\\/\\\/www.eldiario.net\\\/portal\\\/\",\"name\":\"El Diario - Decano de la prensa nacional\",\"description\":\"El Diario - Decano de la prensa nacional\",\"publisher\":{\"@id\":\"https:\\\/\\\/www.eldiario.net\\\/portal\\\/#organization\"},\"potentialAction\":[{\"@type\":\"SearchAction\",\"target\":{\"@type\":\"EntryPoint\",\"urlTemplate\":\"https:\\\/\\\/www.eldiario.net\\\/portal\\\/?s={search_term_string}\"},\"query-input\":{\"@type\":\"PropertyValueSpecification\",\"valueRequired\":true,\"valueName\":\"search_term_string\"}}],\"inLanguage\":\"es\"},{\"@type\":\"Organization\",\"@id\":\"https:\\\/\\\/www.eldiario.net\\\/portal\\\/#organization\",\"name\":\"El Diario - Decano de la prensa nacional\",\"url\":\"https:\\\/\\\/www.eldiario.net\\\/portal\\\/\",\"logo\":{\"@type\":\"ImageObject\",\"inLanguage\":\"es\",\"@id\":\"https:\\\/\\\/www.eldiario.net\\\/portal\\\/#\\\/schema\\\/logo\\\/image\\\/\",\"url\":\"https:\\\/\\\/www.eldiario.net\\\/portal\\\/wp-content\\\/uploads\\\/2023\\\/07\\\/logo_ED.jpg\",\"contentUrl\":\"https:\\\/\\\/www.eldiario.net\\\/portal\\\/wp-content\\\/uploads\\\/2023\\\/07\\\/logo_ED.jpg\",\"width\":272,\"height\":52,\"caption\":\"El Diario - Decano de la prensa nacional\"},\"image\":{\"@id\":\"https:\\\/\\\/www.eldiario.net\\\/portal\\\/#\\\/schema\\\/logo\\\/image\\\/\"},\"sameAs\":[\"https:\\\/\\\/www.facebook.com\\\/eldiario.bolivia\\\/\",\"https:\\\/\\\/x.com\\\/eldiario_net\"]},{\"@type\":\"Person\",\"@id\":\"https:\\\/\\\/www.eldiario.net\\\/portal\\\/#\\\/schema\\\/person\\\/f46445640444750d7d753ccd04ae01b7\",\"name\":\"Jeanette\",\"image\":{\"@type\":\"ImageObject\",\"inLanguage\":\"es\",\"@id\":\"https:\\\/\\\/secure.gravatar.com\\\/avatar\\\/3ea2118a5f7dad2b7138b1187a6b7ee55f160b9968b66013c3a3ef39dd7e5798?s=96&d=mm&r=g\",\"url\":\"https:\\\/\\\/secure.gravatar.com\\\/avatar\\\/3ea2118a5f7dad2b7138b1187a6b7ee55f160b9968b66013c3a3ef39dd7e5798?s=96&d=mm&r=g\",\"contentUrl\":\"https:\\\/\\\/secure.gravatar.com\\\/avatar\\\/3ea2118a5f7dad2b7138b1187a6b7ee55f160b9968b66013c3a3ef39dd7e5798?s=96&d=mm&r=g\",\"caption\":\"Jeanette\"},\"sameAs\":[\"https:\\\/\\\/www.eldiario.net\\\/portal\"],\"url\":\"https:\\\/\\\/www.eldiario.net\\\/portal\\\/author\\\/jeanette\\\/\"}]}<\/script>\n<!-- \/ Yoast SEO plugin. -->","yoast_head_json":{"title":"Importar jueces - El Diario - Bolivia","robots":{"index":"index","follow":"follow","max-snippet":"max-snippet:-1","max-image-preview":"max-image-preview:large","max-video-preview":"max-video-preview:-1"},"canonical":"https:\/\/www.eldiario.net\/portal\/2023\/03\/12\/importar-jueces\/","og_locale":"es_ES","og_type":"article","og_title":"Importar jueces - El Diario - Bolivia","og_description":"A ra\u00edz de la huelga de los maestros que no aceptan la intromisi\u00f3n de la ideolog\u00eda masista en la ense\u00f1anza, un diputado dijo que, entonces, habr\u00eda que traer maestros cubanos para reemplazar a los bolivianos. Dice este personaje que, si hemos tra\u00eddo m\u00e9dicos cubanos para reemplazar a los nuestros, \u00bfpor qu\u00e9 no aplicar la misma [&hellip;]","og_url":"https:\/\/www.eldiario.net\/portal\/2023\/03\/12\/importar-jueces\/","og_site_name":"El Diario - Bolivia","article_publisher":"https:\/\/www.facebook.com\/eldiario.bolivia\/","article_published_time":"2023-03-12T10:00:44+00:00","author":"Jeanette","twitter_card":"summary_large_image","twitter_creator":"@eldiario_net","twitter_site":"@eldiario_net","twitter_misc":{"Escrito por":"Jeanette","Tiempo de lectura":"3 minutos"},"schema":{"@context":"https:\/\/schema.org","@graph":[{"@type":"Article","@id":"https:\/\/www.eldiario.net\/portal\/2023\/03\/12\/importar-jueces\/#article","isPartOf":{"@id":"https:\/\/www.eldiario.net\/portal\/2023\/03\/12\/importar-jueces\/"},"author":{"name":"Jeanette","@id":"https:\/\/www.eldiario.net\/portal\/#\/schema\/person\/f46445640444750d7d753ccd04ae01b7"},"headline":"Importar jueces","datePublished":"2023-03-12T10:00:44+00:00","mainEntityOfPage":{"@id":"https:\/\/www.eldiario.net\/portal\/2023\/03\/12\/importar-jueces\/"},"wordCount":505,"publisher":{"@id":"https:\/\/www.eldiario.net\/portal\/#organization"},"image":{"@id":"https:\/\/www.eldiario.net\/portal\/2023\/03\/12\/importar-jueces\/#primaryimage"},"thumbnailUrl":"","articleSection":["Opini\u00f3n"],"inLanguage":"es"},{"@type":"WebPage","@id":"https:\/\/www.eldiario.net\/portal\/2023\/03\/12\/importar-jueces\/","url":"https:\/\/www.eldiario.net\/portal\/2023\/03\/12\/importar-jueces\/","name":"Importar jueces - El Diario - Bolivia","isPartOf":{"@id":"https:\/\/www.eldiario.net\/portal\/#website"},"primaryImageOfPage":{"@id":"https:\/\/www.eldiario.net\/portal\/2023\/03\/12\/importar-jueces\/#primaryimage"},"image":{"@id":"https:\/\/www.eldiario.net\/portal\/2023\/03\/12\/importar-jueces\/#primaryimage"},"thumbnailUrl":"","datePublished":"2023-03-12T10:00:44+00:00","breadcrumb":{"@id":"https:\/\/www.eldiario.net\/portal\/2023\/03\/12\/importar-jueces\/#breadcrumb"},"inLanguage":"es","potentialAction":[{"@type":"ReadAction","target":["https:\/\/www.eldiario.net\/portal\/2023\/03\/12\/importar-jueces\/"]}]},{"@type":"ImageObject","inLanguage":"es","@id":"https:\/\/www.eldiario.net\/portal\/2023\/03\/12\/importar-jueces\/#primaryimage","url":"","contentUrl":""},{"@type":"BreadcrumbList","@id":"https:\/\/www.eldiario.net\/portal\/2023\/03\/12\/importar-jueces\/#breadcrumb","itemListElement":[{"@type":"ListItem","position":1,"name":"Portada","item":"https:\/\/www.eldiario.net\/portal\/"},{"@type":"ListItem","position":2,"name":"Importar jueces"}]},{"@type":"WebSite","@id":"https:\/\/www.eldiario.net\/portal\/#website","url":"https:\/\/www.eldiario.net\/portal\/","name":"El Diario - Decano de la prensa nacional","description":"El Diario - Decano de la prensa nacional","publisher":{"@id":"https:\/\/www.eldiario.net\/portal\/#organization"},"potentialAction":[{"@type":"SearchAction","target":{"@type":"EntryPoint","urlTemplate":"https:\/\/www.eldiario.net\/portal\/?s={search_term_string}"},"query-input":{"@type":"PropertyValueSpecification","valueRequired":true,"valueName":"search_term_string"}}],"inLanguage":"es"},{"@type":"Organization","@id":"https:\/\/www.eldiario.net\/portal\/#organization","name":"El Diario - Decano de la prensa nacional","url":"https:\/\/www.eldiario.net\/portal\/","logo":{"@type":"ImageObject","inLanguage":"es","@id":"https:\/\/www.eldiario.net\/portal\/#\/schema\/logo\/image\/","url":"https:\/\/www.eldiario.net\/portal\/wp-content\/uploads\/2023\/07\/logo_ED.jpg","contentUrl":"https:\/\/www.eldiario.net\/portal\/wp-content\/uploads\/2023\/07\/logo_ED.jpg","width":272,"height":52,"caption":"El Diario - Decano de la prensa nacional"},"image":{"@id":"https:\/\/www.eldiario.net\/portal\/#\/schema\/logo\/image\/"},"sameAs":["https:\/\/www.facebook.com\/eldiario.bolivia\/","https:\/\/x.com\/eldiario_net"]},{"@type":"Person","@id":"https:\/\/www.eldiario.net\/portal\/#\/schema\/person\/f46445640444750d7d753ccd04ae01b7","name":"Jeanette","image":{"@type":"ImageObject","inLanguage":"es","@id":"https:\/\/secure.gravatar.com\/avatar\/3ea2118a5f7dad2b7138b1187a6b7ee55f160b9968b66013c3a3ef39dd7e5798?s=96&d=mm&r=g","url":"https:\/\/secure.gravatar.com\/avatar\/3ea2118a5f7dad2b7138b1187a6b7ee55f160b9968b66013c3a3ef39dd7e5798?s=96&d=mm&r=g","contentUrl":"https:\/\/secure.gravatar.com\/avatar\/3ea2118a5f7dad2b7138b1187a6b7ee55f160b9968b66013c3a3ef39dd7e5798?s=96&d=mm&r=g","caption":"Jeanette"},"sameAs":["https:\/\/www.eldiario.net\/portal"],"url":"https:\/\/www.eldiario.net\/portal\/author\/jeanette\/"}]}},"_links":{"self":[{"href":"https:\/\/www.eldiario.net\/portal\/wp-json\/wp\/v2\/posts\/142659","targetHints":{"allow":["GET"]}}],"collection":[{"href":"https:\/\/www.eldiario.net\/portal\/wp-json\/wp\/v2\/posts"}],"about":[{"href":"https:\/\/www.eldiario.net\/portal\/wp-json\/wp\/v2\/types\/post"}],"author":[{"embeddable":true,"href":"https:\/\/www.eldiario.net\/portal\/wp-json\/wp\/v2\/users\/1"}],"replies":[{"embeddable":true,"href":"https:\/\/www.eldiario.net\/portal\/wp-json\/wp\/v2\/comments?post=142659"}],"version-history":[{"count":0,"href":"https:\/\/www.eldiario.net\/portal\/wp-json\/wp\/v2\/posts\/142659\/revisions"}],"wp:attachment":[{"href":"https:\/\/www.eldiario.net\/portal\/wp-json\/wp\/v2\/media?parent=142659"}],"wp:term":[{"taxonomy":"category","embeddable":true,"href":"https:\/\/www.eldiario.net\/portal\/wp-json\/wp\/v2\/categories?post=142659"},{"taxonomy":"post_tag","embeddable":true,"href":"https:\/\/www.eldiario.net\/portal\/wp-json\/wp\/v2\/tags?post=142659"}],"curies":[{"name":"wp","href":"https:\/\/api.w.org\/{rel}","templated":true}]}}