{"id":142657,"date":"2023-03-12T05:59:46","date_gmt":"2023-03-12T09:59:46","guid":{"rendered":"https:\/\/www.eldiario.net\/portal\/?p=142657"},"modified":"2023-03-12T05:59:46","modified_gmt":"2023-03-12T09:59:46","slug":"politica-economica-que-arriesga-la-estabilidad-del-tipo-de-cambio","status":"publish","type":"post","link":"https:\/\/www.eldiario.net\/portal\/2023\/03\/12\/politica-economica-que-arriesga-la-estabilidad-del-tipo-de-cambio\/","title":{"rendered":"Pol\u00edtica econ\u00f3mica que arriesga la estabilidad del tipo de cambio"},"content":{"rendered":"<p>La oferta de divisas de la econom\u00eda nacional proviene de las exportaciones, desembolsos de deuda externa, remesas de emigrantes y captaciones de los bancos privados; por su parte, la demanda de divisas se deriva de las necesidades de importaciones, pago del servicio de la deuda externa y requerimientos de los bancos privados para hacer frente a sus operaciones. Desde 2015 el flujo de oferta de divisas es menor que el flujo de demanda (exceso de demanda): en el An\u00e1lisis econ\u00f3mico a esta situaci\u00f3n se denomina escasez. En 2015 la escasez de divisas registraba US$ -1.869 millones y en 2021 US$ -738 millones; asimismo, seg\u00fan el \u00faltimo bolet\u00edn mensual del BCB, entre enero y septiembre de 2022, la brecha negativa de divisas se calcula en US$ -642 millones. En consonancia con estos flujos netos negativos, el stock de reservas internacionales en divisas del Banco Central ha descendido continuamente: de US$ 13.586 millones en noviembre de 2014 a US$ 372 millones en febrero de 2023.<br \/>\nLa escasa capacidad de la oferta de moneda extranjera para hacer frente a su demanda, es una alarma que advierte que los agentes econ\u00f3micos puedan formar sus expectativas en tres \u00e1mbitos; por un lado, en su decisi\u00f3n sobre el desprendimiento de moneda nacional a cambio de moneda extranjera; por otro, sobre la posible p\u00e9rdida de valor del boliviano en relaci\u00f3n con el d\u00f3lar; y, en su caso, sobre la crisis del r\u00e9gimen de tipo de cambio fijo que opera en Bolivia.<br \/>\nEl Gobierno, ante la permanente escasez de divisas de la econom\u00eda, deb\u00eda evitar que las familias, empresas y bancos generaran expectativas negativas sobre la fortaleza del boliviano y vigencia del sistema cambiario. Sin embargo, el BCB y el Ministerio de Econom\u00eda en las \u00faltimas semanas han tomado medidas en sentido contrario: el tipo de cambio preferencial para exportadores, el proyecto de \u201cley del oro\u201d, la autorizaci\u00f3n del Banco Central a los bancos privados para la utilizaci\u00f3n de sus reservas como inyector de liquidez, provocaron que la poblaci\u00f3n vea se\u00f1ales de escasez de d\u00f3lares, debilitamiento de la moneda nacional y riesgo de devaluaci\u00f3n del boliviano.<br \/>\nEl tipo de cambio preferencial para exportadores, que permite al Banco Central aumentar el precio de compra de d\u00f3lares de 6,86 a 6,95 Bs por d\u00f3lar, ha hecho que el p\u00fablico entienda que este incremento es permanente y no transitorio, lo que est\u00e1 generando expectativas de depreciaci\u00f3n de la moneda nacional. El proyecto de \u201cley del oro\u201d, que busca convertir los lingotes de oro en divisas, se est\u00e1 viendo como un signo de escasez de divisas, que lleva a los agentes econ\u00f3micos a conservar d\u00f3lares, presionando as\u00ed a la depreciaci\u00f3n del boliviano. Asimismo, la disposici\u00f3n del BCB que deja a los bancos utilizar las reservas de encaje legal (US$ 240 millones) para hacer frente al exceso de demanda de d\u00f3lares, es un signo inequ\u00edvoco de que efectivamente hay escasez de esa divisa en el pa\u00eds.<br \/>\nLa escasez de d\u00f3lares, el debilitamiento del boliviano, y la disminuci\u00f3n continua de las reservas internacionales en divisas, ponen en una situaci\u00f3n fr\u00e1gil y de desconfianza al actual sistema de tipo de cambio fijo que opera en el pa\u00eds.<br \/>\nPara evitar que crezca la desconfianza de la poblaci\u00f3n sobre el r\u00e9gimen cambiario, el Gobierno deber\u00eda dar se\u00f1ales de que no har\u00e1 falta devaluar el boliviano, garantizando que el Banco Central ha de contar con las reservas internacionales suficientes para respaldar el tipo de cambio; para ello, por un lado, se deber\u00eda moderar los ambiciosos programas de gasto e inversi\u00f3n p\u00fablica, y endeudamiento externo y, por otro, procurar que los bancos no disminuyan sus reservas de encaje legal, ya que el freno de la creciente demanda de d\u00f3lares del Gobierno y sistema bancario (actualmente m\u00e1s del 80% de la demanda total) liberar\u00edan divisas a favor de la acumulaci\u00f3n de las reservas internacionales.<br \/>\nPara finalizar, cabe hacer esta pregunta: \u00bfcu\u00e1les son las razones que hay detr\u00e1s de las medidas del BCB y Ministerio de Econom\u00eda, que han puesto en riesgo la estabilidad del tipo de cambio?<\/p>\n<p>El autor es Dr. en Econom\u00eda y profesor de Econom\u00eda aplicada.<\/p>\n","protected":false},"excerpt":{"rendered":"<p>La oferta de divisas de la econom\u00eda nacional proviene de las exportaciones, desembolsos de deuda externa, remesas de emigrantes y captaciones de los bancos privados; por su parte, la demanda de divisas se deriva de las necesidades de importaciones, pago del servicio de la deuda externa y requerimientos de los bancos privados para hacer frente [&hellip;]<\/p>\n","protected":false},"author":1,"featured_media":141720,"comment_status":"closed","ping_status":"closed","sticky":false,"template":"","format":"standard","meta":{"_acf_changed":false,"footnotes":""},"categories":[9],"tags":[],"class_list":["post-142657","post","type-post","status-publish","format-standard","has-post-thumbnail","category-opinion"],"acf":{"antetitulo":""},"yoast_head":"<!-- This site is optimized with the Yoast SEO plugin v28.4 - https:\/\/yoast.com\/product\/yoast-seo-wordpress\/ -->\n<title>Pol\u00edtica econ\u00f3mica que arriesga la estabilidad del tipo de cambio - El Diario - Bolivia<\/title>\n<meta name=\"robots\" content=\"index, follow, max-snippet:-1, max-image-preview:large, max-video-preview:-1\" \/>\n<link rel=\"canonical\" href=\"https:\/\/www.eldiario.net\/portal\/2023\/03\/12\/politica-economica-que-arriesga-la-estabilidad-del-tipo-de-cambio\/\" \/>\n<meta property=\"og:locale\" content=\"es_ES\" \/>\n<meta property=\"og:type\" content=\"article\" \/>\n<meta property=\"og:title\" content=\"Pol\u00edtica econ\u00f3mica que arriesga la estabilidad del tipo de cambio - El Diario - Bolivia\" \/>\n<meta property=\"og:description\" content=\"La oferta de divisas de la econom\u00eda nacional proviene de las exportaciones, desembolsos de deuda externa, remesas de emigrantes y captaciones de los bancos privados; por su parte, la demanda de divisas se deriva de las necesidades de importaciones, pago del servicio de la deuda externa y requerimientos de los bancos privados para hacer frente [&hellip;]\" \/>\n<meta property=\"og:url\" content=\"https:\/\/www.eldiario.net\/portal\/2023\/03\/12\/politica-economica-que-arriesga-la-estabilidad-del-tipo-de-cambio\/\" \/>\n<meta property=\"og:site_name\" content=\"El Diario - Bolivia\" \/>\n<meta property=\"article:publisher\" content=\"https:\/\/www.facebook.com\/eldiario.bolivia\/\" \/>\n<meta property=\"article:published_time\" content=\"2023-03-12T09:59:46+00:00\" \/>\n<meta property=\"og:image\" content=\"https:\/\/www.eldiario.net\/portal\/wp-content\/uploads\/2023\/03\/Fernando-E.-Torrejon-Flores.jpg\" \/>\n\t<meta property=\"og:image:width\" content=\"1\" \/>\n\t<meta property=\"og:image:height\" content=\"1\" \/>\n\t<meta property=\"og:image:type\" content=\"image\/jpeg\" \/>\n<meta name=\"author\" content=\"Jeanette\" \/>\n<meta name=\"twitter:card\" content=\"summary_large_image\" \/>\n<meta name=\"twitter:creator\" content=\"@eldiario_net\" \/>\n<meta name=\"twitter:site\" content=\"@eldiario_net\" \/>\n<meta name=\"twitter:label1\" content=\"Escrito por\" \/>\n\t<meta name=\"twitter:data1\" content=\"Jeanette\" \/>\n\t<meta name=\"twitter:label2\" content=\"Tiempo de lectura\" \/>\n\t<meta name=\"twitter:data2\" content=\"4 minutos\" \/>\n<script type=\"application\/ld+json\" class=\"yoast-schema-graph\">{\"@context\":\"https:\\\/\\\/schema.org\",\"@graph\":[{\"@type\":\"Article\",\"@id\":\"https:\\\/\\\/www.eldiario.net\\\/portal\\\/2023\\\/03\\\/12\\\/politica-economica-que-arriesga-la-estabilidad-del-tipo-de-cambio\\\/#article\",\"isPartOf\":{\"@id\":\"https:\\\/\\\/www.eldiario.net\\\/portal\\\/2023\\\/03\\\/12\\\/politica-economica-que-arriesga-la-estabilidad-del-tipo-de-cambio\\\/\"},\"author\":{\"name\":\"Jeanette\",\"@id\":\"https:\\\/\\\/www.eldiario.net\\\/portal\\\/#\\\/schema\\\/person\\\/f46445640444750d7d753ccd04ae01b7\"},\"headline\":\"Pol\u00edtica econ\u00f3mica que arriesga la estabilidad del tipo de cambio\",\"datePublished\":\"2023-03-12T09:59:46+00:00\",\"mainEntityOfPage\":{\"@id\":\"https:\\\/\\\/www.eldiario.net\\\/portal\\\/2023\\\/03\\\/12\\\/politica-economica-que-arriesga-la-estabilidad-del-tipo-de-cambio\\\/\"},\"wordCount\":731,\"publisher\":{\"@id\":\"https:\\\/\\\/www.eldiario.net\\\/portal\\\/#organization\"},\"image\":{\"@id\":\"https:\\\/\\\/www.eldiario.net\\\/portal\\\/2023\\\/03\\\/12\\\/politica-economica-que-arriesga-la-estabilidad-del-tipo-de-cambio\\\/#primaryimage\"},\"thumbnailUrl\":\"https:\\\/\\\/www.eldiario.net\\\/portal\\\/wp-content\\\/uploads\\\/2023\\\/03\\\/Fernando-E.-Torrejon-Flores.jpg\",\"articleSection\":[\"Opini\u00f3n\"],\"inLanguage\":\"es\"},{\"@type\":\"WebPage\",\"@id\":\"https:\\\/\\\/www.eldiario.net\\\/portal\\\/2023\\\/03\\\/12\\\/politica-economica-que-arriesga-la-estabilidad-del-tipo-de-cambio\\\/\",\"url\":\"https:\\\/\\\/www.eldiario.net\\\/portal\\\/2023\\\/03\\\/12\\\/politica-economica-que-arriesga-la-estabilidad-del-tipo-de-cambio\\\/\",\"name\":\"Pol\u00edtica econ\u00f3mica que arriesga la estabilidad del tipo de cambio - El Diario - Bolivia\",\"isPartOf\":{\"@id\":\"https:\\\/\\\/www.eldiario.net\\\/portal\\\/#website\"},\"primaryImageOfPage\":{\"@id\":\"https:\\\/\\\/www.eldiario.net\\\/portal\\\/2023\\\/03\\\/12\\\/politica-economica-que-arriesga-la-estabilidad-del-tipo-de-cambio\\\/#primaryimage\"},\"image\":{\"@id\":\"https:\\\/\\\/www.eldiario.net\\\/portal\\\/2023\\\/03\\\/12\\\/politica-economica-que-arriesga-la-estabilidad-del-tipo-de-cambio\\\/#primaryimage\"},\"thumbnailUrl\":\"https:\\\/\\\/www.eldiario.net\\\/portal\\\/wp-content\\\/uploads\\\/2023\\\/03\\\/Fernando-E.-Torrejon-Flores.jpg\",\"datePublished\":\"2023-03-12T09:59:46+00:00\",\"breadcrumb\":{\"@id\":\"https:\\\/\\\/www.eldiario.net\\\/portal\\\/2023\\\/03\\\/12\\\/politica-economica-que-arriesga-la-estabilidad-del-tipo-de-cambio\\\/#breadcrumb\"},\"inLanguage\":\"es\",\"potentialAction\":[{\"@type\":\"ReadAction\",\"target\":[\"https:\\\/\\\/www.eldiario.net\\\/portal\\\/2023\\\/03\\\/12\\\/politica-economica-que-arriesga-la-estabilidad-del-tipo-de-cambio\\\/\"]}]},{\"@type\":\"ImageObject\",\"inLanguage\":\"es\",\"@id\":\"https:\\\/\\\/www.eldiario.net\\\/portal\\\/2023\\\/03\\\/12\\\/politica-economica-que-arriesga-la-estabilidad-del-tipo-de-cambio\\\/#primaryimage\",\"url\":\"https:\\\/\\\/www.eldiario.net\\\/portal\\\/wp-content\\\/uploads\\\/2023\\\/03\\\/Fernando-E.-Torrejon-Flores.jpg\",\"contentUrl\":\"https:\\\/\\\/www.eldiario.net\\\/portal\\\/wp-content\\\/uploads\\\/2023\\\/03\\\/Fernando-E.-Torrejon-Flores.jpg\"},{\"@type\":\"BreadcrumbList\",\"@id\":\"https:\\\/\\\/www.eldiario.net\\\/portal\\\/2023\\\/03\\\/12\\\/politica-economica-que-arriesga-la-estabilidad-del-tipo-de-cambio\\\/#breadcrumb\",\"itemListElement\":[{\"@type\":\"ListItem\",\"position\":1,\"name\":\"Portada\",\"item\":\"https:\\\/\\\/www.eldiario.net\\\/portal\\\/\"},{\"@type\":\"ListItem\",\"position\":2,\"name\":\"Pol\u00edtica econ\u00f3mica que arriesga la estabilidad del tipo de cambio\"}]},{\"@type\":\"WebSite\",\"@id\":\"https:\\\/\\\/www.eldiario.net\\\/portal\\\/#website\",\"url\":\"https:\\\/\\\/www.eldiario.net\\\/portal\\\/\",\"name\":\"El Diario - Decano de la prensa nacional\",\"description\":\"El Diario - Decano de la prensa nacional\",\"publisher\":{\"@id\":\"https:\\\/\\\/www.eldiario.net\\\/portal\\\/#organization\"},\"potentialAction\":[{\"@type\":\"SearchAction\",\"target\":{\"@type\":\"EntryPoint\",\"urlTemplate\":\"https:\\\/\\\/www.eldiario.net\\\/portal\\\/?s={search_term_string}\"},\"query-input\":{\"@type\":\"PropertyValueSpecification\",\"valueRequired\":true,\"valueName\":\"search_term_string\"}}],\"inLanguage\":\"es\"},{\"@type\":\"Organization\",\"@id\":\"https:\\\/\\\/www.eldiario.net\\\/portal\\\/#organization\",\"name\":\"El Diario - Decano de la prensa nacional\",\"url\":\"https:\\\/\\\/www.eldiario.net\\\/portal\\\/\",\"logo\":{\"@type\":\"ImageObject\",\"inLanguage\":\"es\",\"@id\":\"https:\\\/\\\/www.eldiario.net\\\/portal\\\/#\\\/schema\\\/logo\\\/image\\\/\",\"url\":\"https:\\\/\\\/www.eldiario.net\\\/portal\\\/wp-content\\\/uploads\\\/2023\\\/07\\\/logo_ED.jpg\",\"contentUrl\":\"https:\\\/\\\/www.eldiario.net\\\/portal\\\/wp-content\\\/uploads\\\/2023\\\/07\\\/logo_ED.jpg\",\"width\":272,\"height\":52,\"caption\":\"El Diario - Decano de la prensa nacional\"},\"image\":{\"@id\":\"https:\\\/\\\/www.eldiario.net\\\/portal\\\/#\\\/schema\\\/logo\\\/image\\\/\"},\"sameAs\":[\"https:\\\/\\\/www.facebook.com\\\/eldiario.bolivia\\\/\",\"https:\\\/\\\/x.com\\\/eldiario_net\"]},{\"@type\":\"Person\",\"@id\":\"https:\\\/\\\/www.eldiario.net\\\/portal\\\/#\\\/schema\\\/person\\\/f46445640444750d7d753ccd04ae01b7\",\"name\":\"Jeanette\",\"image\":{\"@type\":\"ImageObject\",\"inLanguage\":\"es\",\"@id\":\"https:\\\/\\\/secure.gravatar.com\\\/avatar\\\/3ea2118a5f7dad2b7138b1187a6b7ee55f160b9968b66013c3a3ef39dd7e5798?s=96&d=mm&r=g\",\"url\":\"https:\\\/\\\/secure.gravatar.com\\\/avatar\\\/3ea2118a5f7dad2b7138b1187a6b7ee55f160b9968b66013c3a3ef39dd7e5798?s=96&d=mm&r=g\",\"contentUrl\":\"https:\\\/\\\/secure.gravatar.com\\\/avatar\\\/3ea2118a5f7dad2b7138b1187a6b7ee55f160b9968b66013c3a3ef39dd7e5798?s=96&d=mm&r=g\",\"caption\":\"Jeanette\"},\"sameAs\":[\"https:\\\/\\\/www.eldiario.net\\\/portal\"],\"url\":\"https:\\\/\\\/www.eldiario.net\\\/portal\\\/author\\\/jeanette\\\/\"}]}<\/script>\n<!-- \/ Yoast SEO plugin. -->","yoast_head_json":{"title":"Pol\u00edtica econ\u00f3mica que arriesga la estabilidad del tipo de cambio - El Diario - Bolivia","robots":{"index":"index","follow":"follow","max-snippet":"max-snippet:-1","max-image-preview":"max-image-preview:large","max-video-preview":"max-video-preview:-1"},"canonical":"https:\/\/www.eldiario.net\/portal\/2023\/03\/12\/politica-economica-que-arriesga-la-estabilidad-del-tipo-de-cambio\/","og_locale":"es_ES","og_type":"article","og_title":"Pol\u00edtica econ\u00f3mica que arriesga la estabilidad del tipo de cambio - El Diario - Bolivia","og_description":"La oferta de divisas de la econom\u00eda nacional proviene de las exportaciones, desembolsos de deuda externa, remesas de emigrantes y captaciones de los bancos privados; por su parte, la demanda de divisas se deriva de las necesidades de importaciones, pago del servicio de la deuda externa y requerimientos de los bancos privados para hacer frente [&hellip;]","og_url":"https:\/\/www.eldiario.net\/portal\/2023\/03\/12\/politica-economica-que-arriesga-la-estabilidad-del-tipo-de-cambio\/","og_site_name":"El Diario - Bolivia","article_publisher":"https:\/\/www.facebook.com\/eldiario.bolivia\/","article_published_time":"2023-03-12T09:59:46+00:00","og_image":[{"url":"https:\/\/www.eldiario.net\/portal\/wp-content\/uploads\/2023\/03\/Fernando-E.-Torrejon-Flores.jpg","width":1,"height":1,"type":"image\/jpeg"}],"author":"Jeanette","twitter_card":"summary_large_image","twitter_creator":"@eldiario_net","twitter_site":"@eldiario_net","twitter_misc":{"Escrito por":"Jeanette","Tiempo de lectura":"4 minutos"},"schema":{"@context":"https:\/\/schema.org","@graph":[{"@type":"Article","@id":"https:\/\/www.eldiario.net\/portal\/2023\/03\/12\/politica-economica-que-arriesga-la-estabilidad-del-tipo-de-cambio\/#article","isPartOf":{"@id":"https:\/\/www.eldiario.net\/portal\/2023\/03\/12\/politica-economica-que-arriesga-la-estabilidad-del-tipo-de-cambio\/"},"author":{"name":"Jeanette","@id":"https:\/\/www.eldiario.net\/portal\/#\/schema\/person\/f46445640444750d7d753ccd04ae01b7"},"headline":"Pol\u00edtica econ\u00f3mica que arriesga la estabilidad del tipo de cambio","datePublished":"2023-03-12T09:59:46+00:00","mainEntityOfPage":{"@id":"https:\/\/www.eldiario.net\/portal\/2023\/03\/12\/politica-economica-que-arriesga-la-estabilidad-del-tipo-de-cambio\/"},"wordCount":731,"publisher":{"@id":"https:\/\/www.eldiario.net\/portal\/#organization"},"image":{"@id":"https:\/\/www.eldiario.net\/portal\/2023\/03\/12\/politica-economica-que-arriesga-la-estabilidad-del-tipo-de-cambio\/#primaryimage"},"thumbnailUrl":"https:\/\/www.eldiario.net\/portal\/wp-content\/uploads\/2023\/03\/Fernando-E.-Torrejon-Flores.jpg","articleSection":["Opini\u00f3n"],"inLanguage":"es"},{"@type":"WebPage","@id":"https:\/\/www.eldiario.net\/portal\/2023\/03\/12\/politica-economica-que-arriesga-la-estabilidad-del-tipo-de-cambio\/","url":"https:\/\/www.eldiario.net\/portal\/2023\/03\/12\/politica-economica-que-arriesga-la-estabilidad-del-tipo-de-cambio\/","name":"Pol\u00edtica econ\u00f3mica que arriesga la estabilidad del tipo de cambio - El Diario - Bolivia","isPartOf":{"@id":"https:\/\/www.eldiario.net\/portal\/#website"},"primaryImageOfPage":{"@id":"https:\/\/www.eldiario.net\/portal\/2023\/03\/12\/politica-economica-que-arriesga-la-estabilidad-del-tipo-de-cambio\/#primaryimage"},"image":{"@id":"https:\/\/www.eldiario.net\/portal\/2023\/03\/12\/politica-economica-que-arriesga-la-estabilidad-del-tipo-de-cambio\/#primaryimage"},"thumbnailUrl":"https:\/\/www.eldiario.net\/portal\/wp-content\/uploads\/2023\/03\/Fernando-E.-Torrejon-Flores.jpg","datePublished":"2023-03-12T09:59:46+00:00","breadcrumb":{"@id":"https:\/\/www.eldiario.net\/portal\/2023\/03\/12\/politica-economica-que-arriesga-la-estabilidad-del-tipo-de-cambio\/#breadcrumb"},"inLanguage":"es","potentialAction":[{"@type":"ReadAction","target":["https:\/\/www.eldiario.net\/portal\/2023\/03\/12\/politica-economica-que-arriesga-la-estabilidad-del-tipo-de-cambio\/"]}]},{"@type":"ImageObject","inLanguage":"es","@id":"https:\/\/www.eldiario.net\/portal\/2023\/03\/12\/politica-economica-que-arriesga-la-estabilidad-del-tipo-de-cambio\/#primaryimage","url":"https:\/\/www.eldiario.net\/portal\/wp-content\/uploads\/2023\/03\/Fernando-E.-Torrejon-Flores.jpg","contentUrl":"https:\/\/www.eldiario.net\/portal\/wp-content\/uploads\/2023\/03\/Fernando-E.-Torrejon-Flores.jpg"},{"@type":"BreadcrumbList","@id":"https:\/\/www.eldiario.net\/portal\/2023\/03\/12\/politica-economica-que-arriesga-la-estabilidad-del-tipo-de-cambio\/#breadcrumb","itemListElement":[{"@type":"ListItem","position":1,"name":"Portada","item":"https:\/\/www.eldiario.net\/portal\/"},{"@type":"ListItem","position":2,"name":"Pol\u00edtica econ\u00f3mica que arriesga la estabilidad del tipo de cambio"}]},{"@type":"WebSite","@id":"https:\/\/www.eldiario.net\/portal\/#website","url":"https:\/\/www.eldiario.net\/portal\/","name":"El Diario - Decano de la prensa nacional","description":"El Diario - Decano de la prensa nacional","publisher":{"@id":"https:\/\/www.eldiario.net\/portal\/#organization"},"potentialAction":[{"@type":"SearchAction","target":{"@type":"EntryPoint","urlTemplate":"https:\/\/www.eldiario.net\/portal\/?s={search_term_string}"},"query-input":{"@type":"PropertyValueSpecification","valueRequired":true,"valueName":"search_term_string"}}],"inLanguage":"es"},{"@type":"Organization","@id":"https:\/\/www.eldiario.net\/portal\/#organization","name":"El Diario - Decano de la prensa nacional","url":"https:\/\/www.eldiario.net\/portal\/","logo":{"@type":"ImageObject","inLanguage":"es","@id":"https:\/\/www.eldiario.net\/portal\/#\/schema\/logo\/image\/","url":"https:\/\/www.eldiario.net\/portal\/wp-content\/uploads\/2023\/07\/logo_ED.jpg","contentUrl":"https:\/\/www.eldiario.net\/portal\/wp-content\/uploads\/2023\/07\/logo_ED.jpg","width":272,"height":52,"caption":"El Diario - Decano de la prensa nacional"},"image":{"@id":"https:\/\/www.eldiario.net\/portal\/#\/schema\/logo\/image\/"},"sameAs":["https:\/\/www.facebook.com\/eldiario.bolivia\/","https:\/\/x.com\/eldiario_net"]},{"@type":"Person","@id":"https:\/\/www.eldiario.net\/portal\/#\/schema\/person\/f46445640444750d7d753ccd04ae01b7","name":"Jeanette","image":{"@type":"ImageObject","inLanguage":"es","@id":"https:\/\/secure.gravatar.com\/avatar\/3ea2118a5f7dad2b7138b1187a6b7ee55f160b9968b66013c3a3ef39dd7e5798?s=96&d=mm&r=g","url":"https:\/\/secure.gravatar.com\/avatar\/3ea2118a5f7dad2b7138b1187a6b7ee55f160b9968b66013c3a3ef39dd7e5798?s=96&d=mm&r=g","contentUrl":"https:\/\/secure.gravatar.com\/avatar\/3ea2118a5f7dad2b7138b1187a6b7ee55f160b9968b66013c3a3ef39dd7e5798?s=96&d=mm&r=g","caption":"Jeanette"},"sameAs":["https:\/\/www.eldiario.net\/portal"],"url":"https:\/\/www.eldiario.net\/portal\/author\/jeanette\/"}]}},"_links":{"self":[{"href":"https:\/\/www.eldiario.net\/portal\/wp-json\/wp\/v2\/posts\/142657","targetHints":{"allow":["GET"]}}],"collection":[{"href":"https:\/\/www.eldiario.net\/portal\/wp-json\/wp\/v2\/posts"}],"about":[{"href":"https:\/\/www.eldiario.net\/portal\/wp-json\/wp\/v2\/types\/post"}],"author":[{"embeddable":true,"href":"https:\/\/www.eldiario.net\/portal\/wp-json\/wp\/v2\/users\/1"}],"replies":[{"embeddable":true,"href":"https:\/\/www.eldiario.net\/portal\/wp-json\/wp\/v2\/comments?post=142657"}],"version-history":[{"count":0,"href":"https:\/\/www.eldiario.net\/portal\/wp-json\/wp\/v2\/posts\/142657\/revisions"}],"wp:featuredmedia":[{"embeddable":true,"href":"https:\/\/www.eldiario.net\/portal\/wp-json\/wp\/v2\/media\/141720"}],"wp:attachment":[{"href":"https:\/\/www.eldiario.net\/portal\/wp-json\/wp\/v2\/media?parent=142657"}],"wp:term":[{"taxonomy":"category","embeddable":true,"href":"https:\/\/www.eldiario.net\/portal\/wp-json\/wp\/v2\/categories?post=142657"},{"taxonomy":"post_tag","embeddable":true,"href":"https:\/\/www.eldiario.net\/portal\/wp-json\/wp\/v2\/tags?post=142657"}],"curies":[{"name":"wp","href":"https:\/\/api.w.org\/{rel}","templated":true}]}}